{"id":14892,"date":"2025-11-22T14:37:20","date_gmt":"2025-11-22T13:37:20","guid":{"rendered":"https:\/\/lavoixdelanation.tg\/?p=14892"},"modified":"2025-12-01T14:41:03","modified_gmt":"2025-12-01T13:41:03","slug":"le-titre-de-docteur-honoris-causa-decerne-a-faure-gnassingbe-par-leismv","status":"publish","type":"post","link":"https:\/\/lavoixdelanation.tg\/index.php\/2025\/11\/22\/le-titre-de-docteur-honoris-causa-decerne-a-faure-gnassingbe-par-leismv\/","title":{"rendered":"Le titre de \u00ab\u00a0Docteur Honoris Causa\u00a0\u00bb d\u00e9cern\u00e9 \u00e0 Faure Gnassingb\u00e9 par l\u2019EISMV"},"content":{"rendered":"\n<p><strong>Le conseil d\u2019administration de l\u2019\u00c9cole Inter-\u00c9tats des Sciences et M\u00e9decine V\u00e9t\u00e9rinaire (EISMV) a d\u00e9cern\u00e9 ce vendredi 21 novembre 2025 \u00e0 Lom\u00e9, le titre de Docteur Honoris Causa au Pr\u00e9sident du Conseil Faure Gnassingb\u00e9.<\/strong><\/p>\n\n\n\n<p>C\u2019est le Pr\u00e9sident de l\u2019Assembl\u00e9e nationale Komi Selom Klassou qui a au nom du Pr\u00e9sident du Conseil r\u00e9ception cette distinction au cours d\u2019une audience accord\u00e9e \u00e0 une d\u00e9l\u00e9gation du conseil d\u2019administration de l\u2019EISMV en mission \u00e0 Lom\u00e9 en marge de la 54\u1d49 session minist\u00e9rielle de son Conseil d\u2019administration.<\/p>\n\n\n\n<p>C\u2019est la premi\u00e8re fois dans l\u2019histoire de cette \u00e9cole cr\u00e9\u00e9e il y a 57 ans, que cette distinction est d\u00e9cern\u00e9e \u00e0 un Chef d\u2019Etat, de Gouvernement ou Pr\u00e9sident du Conseil.<\/p>\n\n\n\n<p>La remise du titre de docteur honoris causa est une distinction universitaire honorifique accord\u00e9e \u00e0 Faure Gnassingb\u00e9 pour sa contribution au d\u00e9veloppement du syst\u00e8me \u00e9ducatif, la promotion de la science ouverte et le renforcement de l\u2019agriculture durable en Afrique et pour son soutien constant \u00e0 l\u2019EISMV.<\/p>\n\n\n\n<p>En r\u00e9ceptionnant la distinction au nom du Pr\u00e9sident du Conseil, le Pr\u00e9sident de l\u2019Assembl\u00e9e nationale a exprim\u00e9 la reconnaissance des plus hautes autorit\u00e9s.<\/p>\n\n\n\n<p>\u00ab C\u2019est le Togo qui est honor\u00e9. Cette reconnaissance salue une vision et un engagement constant en faveur de l\u2019excellence scientifique, de l\u2019int\u00e9gration r\u00e9gionale et du d\u00e9veloppement durable en Afrique&nbsp;\u00bb, a indiqu\u00e9 Komi S\u00e9lom Klassou.<\/p>\n\n\n\n<p>La d\u00e9l\u00e9gation, repr\u00e9sentant 13 pays sur les 14 que compte l&rsquo;EISMV a exprim\u00e9 sa gratitude aux plus hautes autorit\u00e9s du Togo pour l\u2019accueil chaleureux r\u00e9serv\u00e9 \u00e0 chaque membre ainsi que les facilit\u00e9s accord\u00e9es pour la bonne tenue des assises de Lom\u00e9 qui visent \u00e0 renforcer la coop\u00e9ration acad\u00e9mique et scientifique entre les pays membres de l&rsquo;EISMV dont le Togo.<\/p>\n\n\n\n<p>Le Ministre de l\u2019Enseignement sup\u00e9rieur, de la recherche et de l&rsquo;innovation du S\u00e9n\u00e9gal, et Vice-Pr\u00e9sident du Conseil d&rsquo;Administration de l\u2019EISMV, a \u00e9galement r\u00e9it\u00e9r\u00e9 les remerciements de l\u2019ensemble des d\u00e9l\u00e9gations au peuple togolais pour l\u2019hospitalit\u00e9 et a salu\u00e9 la parfaite organisation de cette 54\u1d49 session. Il a rappel\u00e9 que l&rsquo;EISMV, forte de ses 57 ann\u00e9es d\u2019existence, demeure un pilier dans la formation des \u00e9lites scientifiques du continent.<\/p>\n\n\n\n<p>Pour rappel, les travaux de cette session de Lom\u00e9 ont port\u00e9 sur le th\u00e8me : \u00ab&nbsp; Le renouveau comp\u00e9titif de l&rsquo;EISMV: renforcer l&rsquo;excellence professionnelle et l&rsquo;innovation face aux d\u00e9fis de la construction d&rsquo;une capacit\u00e9 v\u00e9t\u00e9rinaire pour la s\u00e9curit\u00e9 sanitaire, la souverainet\u00e9 alimentaire et le d\u00e9veloppement durable en Afrique \u00bb.<\/p>\n","protected":false},"excerpt":{"rendered":"<p>Le conseil d\u2019administration de l\u2019\u00c9cole Inter-\u00c9tats des Sciences et M\u00e9decine V\u00e9t\u00e9rinaire (EISMV) a d\u00e9cern\u00e9 ce vendredi 21 novembre 2025 \u00e0 Lom\u00e9, le titre de Docteur Honoris Causa au Pr\u00e9sident du&hellip; <\/p>\n","protected":false},"author":1,"featured_media":14893,"comment_status":"open","ping_status":"closed","sticky":false,"template":"","format":"standard","meta":{"footnotes":""},"categories":[10],"tags":[1124,1125,45],"class_list":["post-14892","post","type-post","status-publish","format-standard","has-post-thumbnail","hentry","category-education","tag-docteur-honoris-causa","tag-eismv","tag-faure-gnassingbe"],"yoast_head":"<!-- This site is optimized with the Yoast SEO plugin v26.4 - https:\/\/yoast.com\/wordpress\/plugins\/seo\/ -->\n<title>Le titre de \u00ab\u00a0Docteur Honoris Causa\u00a0\u00bb d\u00e9cern\u00e9 \u00e0 Faure Gnassingb\u00e9 par l\u2019EISMV - La Voix de la Nation<\/title>\n<meta name=\"robots\" content=\"index, follow, max-snippet:-1, max-image-preview:large, max-video-preview:-1\" \/>\n<link rel=\"canonical\" href=\"https:\/\/lavoixdelanation.tg\/index.php\/2025\/11\/22\/le-titre-de-docteur-honoris-causa-decerne-a-faure-gnassingbe-par-leismv\/\" \/>\n<meta property=\"og:locale\" content=\"fr_FR\" \/>\n<meta property=\"og:type\" content=\"article\" \/>\n<meta property=\"og:title\" content=\"Le titre de \u00ab\u00a0Docteur Honoris Causa\u00a0\u00bb d\u00e9cern\u00e9 \u00e0 Faure Gnassingb\u00e9 par l\u2019EISMV - La Voix de la Nation\" \/>\n<meta property=\"og:description\" content=\"Le conseil d\u2019administration de l\u2019\u00c9cole Inter-\u00c9tats des Sciences et M\u00e9decine V\u00e9t\u00e9rinaire (EISMV) a d\u00e9cern\u00e9 ce vendredi 21 novembre 2025 \u00e0 Lom\u00e9, le titre de Docteur Honoris Causa au Pr\u00e9sident du&hellip;\" \/>\n<meta property=\"og:url\" content=\"https:\/\/lavoixdelanation.tg\/index.php\/2025\/11\/22\/le-titre-de-docteur-honoris-causa-decerne-a-faure-gnassingbe-par-leismv\/\" \/>\n<meta property=\"og:site_name\" content=\"La Voix de la Nation\" \/>\n<meta property=\"article:publisher\" content=\"https:\/\/www.facebook.com\/lavoixdelanation\" \/>\n<meta property=\"article:published_time\" content=\"2025-11-22T13:37:20+00:00\" \/>\n<meta property=\"article:modified_time\" content=\"2025-12-01T13:41:03+00:00\" \/>\n<meta property=\"og:image\" content=\"https:\/\/lavoixdelanation.tg\/wp-content\/uploads\/2025\/12\/Le-titre-de-Docteur-Honoris-Causa-decerne-a-Faure-Gnassingbe-par-lEISMV.jpg\" \/>\n\t<meta property=\"og:image:width\" content=\"768\" \/>\n\t<meta property=\"og:image:height\" content=\"566\" \/>\n\t<meta property=\"og:image:type\" content=\"image\/jpeg\" \/>\n<meta name=\"author\" content=\"La voix de la nation\" \/>\n<meta name=\"twitter:card\" content=\"summary_large_image\" \/>\n<meta name=\"twitter:label1\" content=\"\u00c9crit par\" \/>\n\t<meta name=\"twitter:data1\" content=\"La voix de la nation\" \/>\n\t<meta name=\"twitter:label2\" content=\"Dur\u00e9e de lecture estim\u00e9e\" \/>\n\t<meta name=\"twitter:data2\" content=\"3 minutes\" \/>\n<script type=\"application\/ld+json\" class=\"yoast-schema-graph\">{\"@context\":\"https:\/\/schema.org\",\"@graph\":[{\"@type\":\"Article\",\"@id\":\"https:\/\/lavoixdelanation.tg\/index.php\/2025\/11\/22\/le-titre-de-docteur-honoris-causa-decerne-a-faure-gnassingbe-par-leismv\/#article\",\"isPartOf\":{\"@id\":\"https:\/\/lavoixdelanation.tg\/index.php\/2025\/11\/22\/le-titre-de-docteur-honoris-causa-decerne-a-faure-gnassingbe-par-leismv\/\"},\"author\":{\"name\":\"La voix de la nation\",\"@id\":\"https:\/\/lavoixdelanation.tg\/#\/schema\/person\/6c489293aa38053673a9e554acb6e224\"},\"headline\":\"Le titre de \u00ab\u00a0Docteur Honoris Causa\u00a0\u00bb d\u00e9cern\u00e9 \u00e0 Faure Gnassingb\u00e9 par l\u2019EISMV\",\"datePublished\":\"2025-11-22T13:37:20+00:00\",\"dateModified\":\"2025-12-01T13:41:03+00:00\",\"mainEntityOfPage\":{\"@id\":\"https:\/\/lavoixdelanation.tg\/index.php\/2025\/11\/22\/le-titre-de-docteur-honoris-causa-decerne-a-faure-gnassingbe-par-leismv\/\"},\"wordCount\":472,\"commentCount\":0,\"publisher\":{\"@id\":\"https:\/\/lavoixdelanation.tg\/#organization\"},\"image\":{\"@id\":\"https:\/\/lavoixdelanation.tg\/index.php\/2025\/11\/22\/le-titre-de-docteur-honoris-causa-decerne-a-faure-gnassingbe-par-leismv\/#primaryimage\"},\"thumbnailUrl\":\"https:\/\/lavoixdelanation.tg\/wp-content\/uploads\/2025\/12\/Le-titre-de-Docteur-Honoris-Causa-decerne-a-Faure-Gnassingbe-par-lEISMV.jpg\",\"keywords\":[\"Docteur Honoris Causa\",\"EISMV\",\"Faure Gnassingb\u00e9\"],\"articleSection\":[\"Education\"],\"inLanguage\":\"fr-FR\",\"potentialAction\":[{\"@type\":\"CommentAction\",\"name\":\"Comment\",\"target\":[\"https:\/\/lavoixdelanation.tg\/index.php\/2025\/11\/22\/le-titre-de-docteur-honoris-causa-decerne-a-faure-gnassingbe-par-leismv\/#respond\"]}]},{\"@type\":\"WebPage\",\"@id\":\"https:\/\/lavoixdelanation.tg\/index.php\/2025\/11\/22\/le-titre-de-docteur-honoris-causa-decerne-a-faure-gnassingbe-par-leismv\/\",\"url\":\"https:\/\/lavoixdelanation.tg\/index.php\/2025\/11\/22\/le-titre-de-docteur-honoris-causa-decerne-a-faure-gnassingbe-par-leismv\/\",\"name\":\"Le titre de \u00ab\u00a0Docteur Honoris Causa\u00a0\u00bb d\u00e9cern\u00e9 \u00e0 Faure Gnassingb\u00e9 par l\u2019EISMV - La Voix de la Nation\",\"isPartOf\":{\"@id\":\"https:\/\/lavoixdelanation.tg\/#website\"},\"primaryImageOfPage\":{\"@id\":\"https:\/\/lavoixdelanation.tg\/index.php\/2025\/11\/22\/le-titre-de-docteur-honoris-causa-decerne-a-faure-gnassingbe-par-leismv\/#primaryimage\"},\"image\":{\"@id\":\"https:\/\/lavoixdelanation.tg\/index.php\/2025\/11\/22\/le-titre-de-docteur-honoris-causa-decerne-a-faure-gnassingbe-par-leismv\/#primaryimage\"},\"thumbnailUrl\":\"https:\/\/lavoixdelanation.tg\/wp-content\/uploads\/2025\/12\/Le-titre-de-Docteur-Honoris-Causa-decerne-a-Faure-Gnassingbe-par-lEISMV.jpg\",\"datePublished\":\"2025-11-22T13:37:20+00:00\",\"dateModified\":\"2025-12-01T13:41:03+00:00\",\"breadcrumb\":{\"@id\":\"https:\/\/lavoixdelanation.tg\/index.php\/2025\/11\/22\/le-titre-de-docteur-honoris-causa-decerne-a-faure-gnassingbe-par-leismv\/#breadcrumb\"},\"inLanguage\":\"fr-FR\",\"potentialAction\":[{\"@type\":\"ReadAction\",\"target\":[\"https:\/\/lavoixdelanation.tg\/index.php\/2025\/11\/22\/le-titre-de-docteur-honoris-causa-decerne-a-faure-gnassingbe-par-leismv\/\"]}]},{\"@type\":\"ImageObject\",\"inLanguage\":\"fr-FR\",\"@id\":\"https:\/\/lavoixdelanation.tg\/index.php\/2025\/11\/22\/le-titre-de-docteur-honoris-causa-decerne-a-faure-gnassingbe-par-leismv\/#primaryimage\",\"url\":\"https:\/\/lavoixdelanation.tg\/wp-content\/uploads\/2025\/12\/Le-titre-de-Docteur-Honoris-Causa-decerne-a-Faure-Gnassingbe-par-lEISMV.jpg\",\"contentUrl\":\"https:\/\/lavoixdelanation.tg\/wp-content\/uploads\/2025\/12\/Le-titre-de-Docteur-Honoris-Causa-decerne-a-Faure-Gnassingbe-par-lEISMV.jpg\",\"width\":768,\"height\":566},{\"@type\":\"BreadcrumbList\",\"@id\":\"https:\/\/lavoixdelanation.tg\/index.php\/2025\/11\/22\/le-titre-de-docteur-honoris-causa-decerne-a-faure-gnassingbe-par-leismv\/#breadcrumb\",\"itemListElement\":[{\"@type\":\"ListItem\",\"position\":1,\"name\":\"Accueil\",\"item\":\"https:\/\/lavoixdelanation.tg\/\"},{\"@type\":\"ListItem\",\"position\":2,\"name\":\"Le titre de \u00ab\u00a0Docteur Honoris Causa\u00a0\u00bb d\u00e9cern\u00e9 \u00e0 Faure Gnassingb\u00e9 par l\u2019EISMV\"}]},{\"@type\":\"WebSite\",\"@id\":\"https:\/\/lavoixdelanation.tg\/#website\",\"url\":\"https:\/\/lavoixdelanation.tg\/\",\"name\":\"La Voix de la Nation\",\"description\":\"R\u00e9c\u00e9piss\u00e9 n\u00b00108\/HAAC\/01-2024\/pl\/P\",\"publisher\":{\"@id\":\"https:\/\/lavoixdelanation.tg\/#organization\"},\"alternateName\":\"VON\",\"potentialAction\":[{\"@type\":\"SearchAction\",\"target\":{\"@type\":\"EntryPoint\",\"urlTemplate\":\"https:\/\/lavoixdelanation.tg\/?s={search_term_string}\"},\"query-input\":{\"@type\":\"PropertyValueSpecification\",\"valueRequired\":true,\"valueName\":\"search_term_string\"}}],\"inLanguage\":\"fr-FR\"},{\"@type\":\"Organization\",\"@id\":\"https:\/\/lavoixdelanation.tg\/#organization\",\"name\":\"La Voix de la Nation\",\"url\":\"https:\/\/lavoixdelanation.tg\/\",\"logo\":{\"@type\":\"ImageObject\",\"inLanguage\":\"fr-FR\",\"@id\":\"https:\/\/lavoixdelanation.tg\/#\/schema\/logo\/image\/\",\"url\":\"https:\/\/lavoixdelanation.tg\/wp-content\/uploads\/2024\/12\/lavn-1.png\",\"contentUrl\":\"https:\/\/lavoixdelanation.tg\/wp-content\/uploads\/2024\/12\/lavn-1.png\",\"width\":1024,\"height\":464,\"caption\":\"La Voix de la Nation\"},\"image\":{\"@id\":\"https:\/\/lavoixdelanation.tg\/#\/schema\/logo\/image\/\"},\"sameAs\":[\"https:\/\/www.facebook.com\/lavoixdelanation\"]},{\"@type\":\"Person\",\"@id\":\"https:\/\/lavoixdelanation.tg\/#\/schema\/person\/6c489293aa38053673a9e554acb6e224\",\"name\":\"La voix de la nation\",\"image\":{\"@type\":\"ImageObject\",\"inLanguage\":\"fr-FR\",\"@id\":\"https:\/\/lavoixdelanation.tg\/#\/schema\/person\/image\/\",\"url\":\"https:\/\/secure.gravatar.com\/avatar\/8aa135d4bbc794494cecaa8d483f6d6cc1023624868deaff686baed5e727a5a1?s=96&d=mm&r=g\",\"contentUrl\":\"https:\/\/secure.gravatar.com\/avatar\/8aa135d4bbc794494cecaa8d483f6d6cc1023624868deaff686baed5e727a5a1?s=96&d=mm&r=g\",\"caption\":\"La voix de la nation\"},\"sameAs\":[\"https:\/\/lavoixdelanation.tg\"],\"url\":\"https:\/\/lavoixdelanation.tg\/index.php\/author\/lavn\/\"}]}<\/script>\n<!-- \/ Yoast SEO plugin. -->","yoast_head_json":{"title":"Le titre de \u00ab\u00a0Docteur Honoris Causa\u00a0\u00bb d\u00e9cern\u00e9 \u00e0 Faure Gnassingb\u00e9 par l\u2019EISMV - La Voix de la Nation","robots":{"index":"index","follow":"follow","max-snippet":"max-snippet:-1","max-image-preview":"max-image-preview:large","max-video-preview":"max-video-preview:-1"},"canonical":"https:\/\/lavoixdelanation.tg\/index.php\/2025\/11\/22\/le-titre-de-docteur-honoris-causa-decerne-a-faure-gnassingbe-par-leismv\/","og_locale":"fr_FR","og_type":"article","og_title":"Le titre de \u00ab\u00a0Docteur Honoris Causa\u00a0\u00bb d\u00e9cern\u00e9 \u00e0 Faure Gnassingb\u00e9 par l\u2019EISMV - La Voix de la Nation","og_description":"Le conseil d\u2019administration de l\u2019\u00c9cole Inter-\u00c9tats des Sciences et M\u00e9decine V\u00e9t\u00e9rinaire (EISMV) a d\u00e9cern\u00e9 ce vendredi 21 novembre 2025 \u00e0 Lom\u00e9, le titre de Docteur Honoris Causa au Pr\u00e9sident du&hellip;","og_url":"https:\/\/lavoixdelanation.tg\/index.php\/2025\/11\/22\/le-titre-de-docteur-honoris-causa-decerne-a-faure-gnassingbe-par-leismv\/","og_site_name":"La Voix de la Nation","article_publisher":"https:\/\/www.facebook.com\/lavoixdelanation","article_published_time":"2025-11-22T13:37:20+00:00","article_modified_time":"2025-12-01T13:41:03+00:00","og_image":[{"width":768,"height":566,"url":"https:\/\/lavoixdelanation.tg\/wp-content\/uploads\/2025\/12\/Le-titre-de-Docteur-Honoris-Causa-decerne-a-Faure-Gnassingbe-par-lEISMV.jpg","type":"image\/jpeg"}],"author":"La voix de la nation","twitter_card":"summary_large_image","twitter_misc":{"\u00c9crit par":"La voix de la nation","Dur\u00e9e de lecture estim\u00e9e":"3 minutes"},"schema":{"@context":"https:\/\/schema.org","@graph":[{"@type":"Article","@id":"https:\/\/lavoixdelanation.tg\/index.php\/2025\/11\/22\/le-titre-de-docteur-honoris-causa-decerne-a-faure-gnassingbe-par-leismv\/#article","isPartOf":{"@id":"https:\/\/lavoixdelanation.tg\/index.php\/2025\/11\/22\/le-titre-de-docteur-honoris-causa-decerne-a-faure-gnassingbe-par-leismv\/"},"author":{"name":"La voix de la nation","@id":"https:\/\/lavoixdelanation.tg\/#\/schema\/person\/6c489293aa38053673a9e554acb6e224"},"headline":"Le titre de \u00ab\u00a0Docteur Honoris Causa\u00a0\u00bb d\u00e9cern\u00e9 \u00e0 Faure Gnassingb\u00e9 par l\u2019EISMV","datePublished":"2025-11-22T13:37:20+00:00","dateModified":"2025-12-01T13:41:03+00:00","mainEntityOfPage":{"@id":"https:\/\/lavoixdelanation.tg\/index.php\/2025\/11\/22\/le-titre-de-docteur-honoris-causa-decerne-a-faure-gnassingbe-par-leismv\/"},"wordCount":472,"commentCount":0,"publisher":{"@id":"https:\/\/lavoixdelanation.tg\/#organization"},"image":{"@id":"https:\/\/lavoixdelanation.tg\/index.php\/2025\/11\/22\/le-titre-de-docteur-honoris-causa-decerne-a-faure-gnassingbe-par-leismv\/#primaryimage"},"thumbnailUrl":"https:\/\/lavoixdelanation.tg\/wp-content\/uploads\/2025\/12\/Le-titre-de-Docteur-Honoris-Causa-decerne-a-Faure-Gnassingbe-par-lEISMV.jpg","keywords":["Docteur Honoris Causa","EISMV","Faure Gnassingb\u00e9"],"articleSection":["Education"],"inLanguage":"fr-FR","potentialAction":[{"@type":"CommentAction","name":"Comment","target":["https:\/\/lavoixdelanation.tg\/index.php\/2025\/11\/22\/le-titre-de-docteur-honoris-causa-decerne-a-faure-gnassingbe-par-leismv\/#respond"]}]},{"@type":"WebPage","@id":"https:\/\/lavoixdelanation.tg\/index.php\/2025\/11\/22\/le-titre-de-docteur-honoris-causa-decerne-a-faure-gnassingbe-par-leismv\/","url":"https:\/\/lavoixdelanation.tg\/index.php\/2025\/11\/22\/le-titre-de-docteur-honoris-causa-decerne-a-faure-gnassingbe-par-leismv\/","name":"Le titre de \u00ab\u00a0Docteur Honoris Causa\u00a0\u00bb d\u00e9cern\u00e9 \u00e0 Faure Gnassingb\u00e9 par l\u2019EISMV - La Voix de la Nation","isPartOf":{"@id":"https:\/\/lavoixdelanation.tg\/#website"},"primaryImageOfPage":{"@id":"https:\/\/lavoixdelanation.tg\/index.php\/2025\/11\/22\/le-titre-de-docteur-honoris-causa-decerne-a-faure-gnassingbe-par-leismv\/#primaryimage"},"image":{"@id":"https:\/\/lavoixdelanation.tg\/index.php\/2025\/11\/22\/le-titre-de-docteur-honoris-causa-decerne-a-faure-gnassingbe-par-leismv\/#primaryimage"},"thumbnailUrl":"https:\/\/lavoixdelanation.tg\/wp-content\/uploads\/2025\/12\/Le-titre-de-Docteur-Honoris-Causa-decerne-a-Faure-Gnassingbe-par-lEISMV.jpg","datePublished":"2025-11-22T13:37:20+00:00","dateModified":"2025-12-01T13:41:03+00:00","breadcrumb":{"@id":"https:\/\/lavoixdelanation.tg\/index.php\/2025\/11\/22\/le-titre-de-docteur-honoris-causa-decerne-a-faure-gnassingbe-par-leismv\/#breadcrumb"},"inLanguage":"fr-FR","potentialAction":[{"@type":"ReadAction","target":["https:\/\/lavoixdelanation.tg\/index.php\/2025\/11\/22\/le-titre-de-docteur-honoris-causa-decerne-a-faure-gnassingbe-par-leismv\/"]}]},{"@type":"ImageObject","inLanguage":"fr-FR","@id":"https:\/\/lavoixdelanation.tg\/index.php\/2025\/11\/22\/le-titre-de-docteur-honoris-causa-decerne-a-faure-gnassingbe-par-leismv\/#primaryimage","url":"https:\/\/lavoixdelanation.tg\/wp-content\/uploads\/2025\/12\/Le-titre-de-Docteur-Honoris-Causa-decerne-a-Faure-Gnassingbe-par-lEISMV.jpg","contentUrl":"https:\/\/lavoixdelanation.tg\/wp-content\/uploads\/2025\/12\/Le-titre-de-Docteur-Honoris-Causa-decerne-a-Faure-Gnassingbe-par-lEISMV.jpg","width":768,"height":566},{"@type":"BreadcrumbList","@id":"https:\/\/lavoixdelanation.tg\/index.php\/2025\/11\/22\/le-titre-de-docteur-honoris-causa-decerne-a-faure-gnassingbe-par-leismv\/#breadcrumb","itemListElement":[{"@type":"ListItem","position":1,"name":"Accueil","item":"https:\/\/lavoixdelanation.tg\/"},{"@type":"ListItem","position":2,"name":"Le titre de \u00ab\u00a0Docteur Honoris Causa\u00a0\u00bb d\u00e9cern\u00e9 \u00e0 Faure Gnassingb\u00e9 par l\u2019EISMV"}]},{"@type":"WebSite","@id":"https:\/\/lavoixdelanation.tg\/#website","url":"https:\/\/lavoixdelanation.tg\/","name":"La Voix de la Nation","description":"R\u00e9c\u00e9piss\u00e9 n\u00b00108\/HAAC\/01-2024\/pl\/P","publisher":{"@id":"https:\/\/lavoixdelanation.tg\/#organization"},"alternateName":"VON","potentialAction":[{"@type":"SearchAction","target":{"@type":"EntryPoint","urlTemplate":"https:\/\/lavoixdelanation.tg\/?s={search_term_string}"},"query-input":{"@type":"PropertyValueSpecification","valueRequired":true,"valueName":"search_term_string"}}],"inLanguage":"fr-FR"},{"@type":"Organization","@id":"https:\/\/lavoixdelanation.tg\/#organization","name":"La Voix de la Nation","url":"https:\/\/lavoixdelanation.tg\/","logo":{"@type":"ImageObject","inLanguage":"fr-FR","@id":"https:\/\/lavoixdelanation.tg\/#\/schema\/logo\/image\/","url":"https:\/\/lavoixdelanation.tg\/wp-content\/uploads\/2024\/12\/lavn-1.png","contentUrl":"https:\/\/lavoixdelanation.tg\/wp-content\/uploads\/2024\/12\/lavn-1.png","width":1024,"height":464,"caption":"La Voix de la Nation"},"image":{"@id":"https:\/\/lavoixdelanation.tg\/#\/schema\/logo\/image\/"},"sameAs":["https:\/\/www.facebook.com\/lavoixdelanation"]},{"@type":"Person","@id":"https:\/\/lavoixdelanation.tg\/#\/schema\/person\/6c489293aa38053673a9e554acb6e224","name":"La voix de la nation","image":{"@type":"ImageObject","inLanguage":"fr-FR","@id":"https:\/\/lavoixdelanation.tg\/#\/schema\/person\/image\/","url":"https:\/\/secure.gravatar.com\/avatar\/8aa135d4bbc794494cecaa8d483f6d6cc1023624868deaff686baed5e727a5a1?s=96&d=mm&r=g","contentUrl":"https:\/\/secure.gravatar.com\/avatar\/8aa135d4bbc794494cecaa8d483f6d6cc1023624868deaff686baed5e727a5a1?s=96&d=mm&r=g","caption":"La voix de la nation"},"sameAs":["https:\/\/lavoixdelanation.tg"],"url":"https:\/\/lavoixdelanation.tg\/index.php\/author\/lavn\/"}]}},"_links":{"self":[{"href":"https:\/\/lavoixdelanation.tg\/index.php\/wp-json\/wp\/v2\/posts\/14892","targetHints":{"allow":["GET"]}}],"collection":[{"href":"https:\/\/lavoixdelanation.tg\/index.php\/wp-json\/wp\/v2\/posts"}],"about":[{"href":"https:\/\/lavoixdelanation.tg\/index.php\/wp-json\/wp\/v2\/types\/post"}],"author":[{"embeddable":true,"href":"https:\/\/lavoixdelanation.tg\/index.php\/wp-json\/wp\/v2\/users\/1"}],"replies":[{"embeddable":true,"href":"https:\/\/lavoixdelanation.tg\/index.php\/wp-json\/wp\/v2\/comments?post=14892"}],"version-history":[{"count":1,"href":"https:\/\/lavoixdelanation.tg\/index.php\/wp-json\/wp\/v2\/posts\/14892\/revisions"}],"predecessor-version":[{"id":14894,"href":"https:\/\/lavoixdelanation.tg\/index.php\/wp-json\/wp\/v2\/posts\/14892\/revisions\/14894"}],"wp:featuredmedia":[{"embeddable":true,"href":"https:\/\/lavoixdelanation.tg\/index.php\/wp-json\/wp\/v2\/media\/14893"}],"wp:attachment":[{"href":"https:\/\/lavoixdelanation.tg\/index.php\/wp-json\/wp\/v2\/media?parent=14892"}],"wp:term":[{"taxonomy":"category","embeddable":true,"href":"https:\/\/lavoixdelanation.tg\/index.php\/wp-json\/wp\/v2\/categories?post=14892"},{"taxonomy":"post_tag","embeddable":true,"href":"https:\/\/lavoixdelanation.tg\/index.php\/wp-json\/wp\/v2\/tags?post=14892"}],"curies":[{"name":"wp","href":"https:\/\/api.w.org\/{rel}","templated":true}]}}