{"id":14870,"date":"2025-11-26T15:35:58","date_gmt":"2025-11-26T14:35:58","guid":{"rendered":"https:\/\/lavoixdelanation.tg\/?p=14870"},"modified":"2025-11-26T15:35:59","modified_gmt":"2025-11-26T14:35:59","slug":"togo-ratification-des-commissions-permanentes-du-senat","status":"publish","type":"post","link":"https:\/\/lavoixdelanation.tg\/index.php\/2025\/11\/26\/togo-ratification-des-commissions-permanentes-du-senat\/","title":{"rendered":"Togo\u00a0: Ratification des commissions permanentes du S\u00e9nat"},"content":{"rendered":"\n<p><strong>Le S\u00e9nat a proc\u00e9d\u00e9 ce mardi 25 novembre 2025, \u00e0 la ratification de ses sept (07) commissions permanentes, conform\u00e9ment au r\u00e8glement int\u00e9rieur de l\u2019institution.<\/strong><\/p>\n\n\n\n<p>C\u2019est \u00e0 l\u2019occasion d\u2019une s\u00e9ance pl\u00e9ni\u00e8re pr\u00e9sid\u00e9e par le Pr\u00e9sident de cette seconde chambre du parlement, Barry Moussa Barqu\u00e9, en pr\u00e9sence des membres du Bureau, des s\u00e9nateurs ainsi que des membres du Gouvernement notamment, Gilbert Bawara (Ministre des relations avec le parlement et les Institutions) et&nbsp; Mme Yawa Kouigan, ministre de la communication.<\/p>\n\n\n\n<p>Les 07 commissions permanentes sont d\u00e9sormais pleinement habilit\u00e9es \u00e0 engager leurs activit\u00e9s.<\/p>\n\n\n\n<p>Il s\u2019agit de la commission des lois constitutionnelles de la l\u00e9gislation et de l\u2019administration g\u00e9n\u00e9rale ; de la commission des&nbsp; droits de l\u2019homme, de la sant\u00e9, de la population et de l\u2019action sociale ; de la commission des finances et du d\u00e9veloppement \u00e9conomique; de la commission agro-pastorale, de l\u2019am\u00e9nagement du territoire, de l\u2019environnement, des changements climatiques et du d\u00e9veloppement local ; de la commission des relations ext\u00e9rieures et de la coop\u00e9ration et de la commission de la d\u00e9fense et de la s\u00e9curit\u00e9.<\/p>\n\n\n\n<figure class=\"wp-block-image size-full\"><img loading=\"lazy\" decoding=\"async\" width=\"800\" height=\"477\" src=\"https:\/\/lavoixdelanation.tg\/wp-content\/uploads\/2025\/11\/Ratification-des-commissions-permanentes-du-Senat-au-Togo.jpg\" alt=\"\" class=\"wp-image-14872\" srcset=\"https:\/\/lavoixdelanation.tg\/wp-content\/uploads\/2025\/11\/Ratification-des-commissions-permanentes-du-Senat-au-Togo.jpg 800w, https:\/\/lavoixdelanation.tg\/wp-content\/uploads\/2025\/11\/Ratification-des-commissions-permanentes-du-Senat-au-Togo-300x179.jpg 300w, https:\/\/lavoixdelanation.tg\/wp-content\/uploads\/2025\/11\/Ratification-des-commissions-permanentes-du-Senat-au-Togo-768x458.jpg 768w\" sizes=\"auto, (max-width: 800px) 100vw, 800px\" \/><\/figure>\n\n\n\n<p>Selon le Pr\u00e9sident du S\u00e9nat Barry Moussa Barqu\u00e9, la mise en place des commissions permanentes constitue une \u00e9tape essentielle pour l\u2019efficacit\u00e9 du travail l\u00e9gislatif et le rayonnement institutionnel de la deuxi\u00e8me chambre du parlement.<\/p>\n\n\n\n<p>Il a f\u00e9licit\u00e9 les membres des bureaux \u00e9lus et les a encourag\u00e9s \u00e0 \u0153uvrer avec professionnalisme et rigueur pour la prochaine \u00e9tude en commission du projet de loi des finances, exercice 2026.<\/p>\n\n\n\n<p>Le Gouvernement a salu\u00e9 cette avanc\u00e9e importante dans l\u2019organisation du S\u00e9nat et la d\u00e9termination avec laquelle les s\u00e9nateurs ont travaill\u00e9 \u00e0 la mise en place des diff\u00e9rents bureaux des commissions.<\/p>\n\n\n\n<p>Cette deuxi\u00e8me s\u00e9ance pl\u00e9ni\u00e8re de la deuxi\u00e8me session ordinaire de l\u2019ann\u00e9e 2025, s\u2019inscrit dans la poursuite de la mise en place des diff\u00e9rents organes de travail du S\u00e9nat, appel\u00e9s \u00e0 jouer un r\u00f4le d\u00e9terminant dans l\u2019analyse, l\u2019\u00e9tude et l\u2019am\u00e9lioration des projets et propositions de lois qui leur seront soumis au cours de la l\u00e9gislature.<\/p>\n\n\n\n<p><strong>La R\u00e9daction<\/strong><\/p>\n","protected":false},"excerpt":{"rendered":"<p>Le S\u00e9nat a proc\u00e9d\u00e9 ce mardi 25 novembre 2025, \u00e0 la ratification de ses sept (07) commissions permanentes, conform\u00e9ment au r\u00e8glement int\u00e9rieur de l\u2019institution. C\u2019est \u00e0 l\u2019occasion d\u2019une s\u00e9ance pl\u00e9ni\u00e8re&hellip; <\/p>\n","protected":false},"author":1,"featured_media":14871,"comment_status":"open","ping_status":"closed","sticky":false,"template":"","format":"standard","meta":{"footnotes":""},"categories":[21],"tags":[1070,1117,56,39],"class_list":["post-14870","post","type-post","status-publish","format-standard","has-post-thumbnail","hentry","category-politique","tag-barry-moussa-barque-2","tag-commissions-permanentes","tag-senat","tag-togo"],"yoast_head":"<!-- This site is optimized with the Yoast SEO plugin v26.4 - https:\/\/yoast.com\/wordpress\/plugins\/seo\/ -->\n<title>Togo\u00a0: Ratification des commissions permanentes du S\u00e9nat - La Voix de la Nation<\/title>\n<meta name=\"robots\" content=\"index, follow, max-snippet:-1, max-image-preview:large, max-video-preview:-1\" \/>\n<link rel=\"canonical\" href=\"https:\/\/lavoixdelanation.tg\/index.php\/2025\/11\/26\/togo-ratification-des-commissions-permanentes-du-senat\/\" \/>\n<meta property=\"og:locale\" content=\"fr_FR\" \/>\n<meta property=\"og:type\" content=\"article\" \/>\n<meta property=\"og:title\" content=\"Togo\u00a0: Ratification des commissions permanentes du S\u00e9nat - La Voix de la Nation\" \/>\n<meta property=\"og:description\" content=\"Le S\u00e9nat a proc\u00e9d\u00e9 ce mardi 25 novembre 2025, \u00e0 la ratification de ses sept (07) commissions permanentes, conform\u00e9ment au r\u00e8glement int\u00e9rieur de l\u2019institution. C\u2019est \u00e0 l\u2019occasion d\u2019une s\u00e9ance pl\u00e9ni\u00e8re&hellip;\" \/>\n<meta property=\"og:url\" content=\"https:\/\/lavoixdelanation.tg\/index.php\/2025\/11\/26\/togo-ratification-des-commissions-permanentes-du-senat\/\" \/>\n<meta property=\"og:site_name\" content=\"La Voix de la Nation\" \/>\n<meta property=\"article:publisher\" content=\"https:\/\/www.facebook.com\/lavoixdelanation\" \/>\n<meta property=\"article:published_time\" content=\"2025-11-26T14:35:58+00:00\" \/>\n<meta property=\"article:modified_time\" content=\"2025-11-26T14:35:59+00:00\" \/>\n<meta property=\"og:image\" content=\"https:\/\/lavoixdelanation.tg\/wp-content\/uploads\/2025\/11\/Barry-Moussa-Barque-President-du-Senat.jpg\" \/>\n\t<meta property=\"og:image:width\" content=\"700\" \/>\n\t<meta property=\"og:image:height\" content=\"459\" \/>\n\t<meta property=\"og:image:type\" content=\"image\/jpeg\" \/>\n<meta name=\"author\" content=\"La voix de la nation\" \/>\n<meta name=\"twitter:card\" content=\"summary_large_image\" \/>\n<meta name=\"twitter:label1\" content=\"\u00c9crit par\" \/>\n\t<meta name=\"twitter:data1\" content=\"La voix de la nation\" \/>\n\t<meta name=\"twitter:label2\" content=\"Dur\u00e9e de lecture estim\u00e9e\" \/>\n\t<meta name=\"twitter:data2\" content=\"3 minutes\" \/>\n<script type=\"application\/ld+json\" class=\"yoast-schema-graph\">{\"@context\":\"https:\/\/schema.org\",\"@graph\":[{\"@type\":\"Article\",\"@id\":\"https:\/\/lavoixdelanation.tg\/index.php\/2025\/11\/26\/togo-ratification-des-commissions-permanentes-du-senat\/#article\",\"isPartOf\":{\"@id\":\"https:\/\/lavoixdelanation.tg\/index.php\/2025\/11\/26\/togo-ratification-des-commissions-permanentes-du-senat\/\"},\"author\":{\"name\":\"La voix de la nation\",\"@id\":\"https:\/\/lavoixdelanation.tg\/#\/schema\/person\/6c489293aa38053673a9e554acb6e224\"},\"headline\":\"Togo\u00a0: Ratification des commissions permanentes du S\u00e9nat\",\"datePublished\":\"2025-11-26T14:35:58+00:00\",\"dateModified\":\"2025-11-26T14:35:59+00:00\",\"mainEntityOfPage\":{\"@id\":\"https:\/\/lavoixdelanation.tg\/index.php\/2025\/11\/26\/togo-ratification-des-commissions-permanentes-du-senat\/\"},\"wordCount\":386,\"commentCount\":0,\"publisher\":{\"@id\":\"https:\/\/lavoixdelanation.tg\/#organization\"},\"image\":{\"@id\":\"https:\/\/lavoixdelanation.tg\/index.php\/2025\/11\/26\/togo-ratification-des-commissions-permanentes-du-senat\/#primaryimage\"},\"thumbnailUrl\":\"https:\/\/lavoixdelanation.tg\/wp-content\/uploads\/2025\/11\/Barry-Moussa-Barque-President-du-Senat.jpg\",\"keywords\":[\"Barry Moussa BARQU\u00c9\",\"commissions permanentes\",\"Senat\",\"Togo\"],\"articleSection\":[\"Politique\"],\"inLanguage\":\"fr-FR\",\"potentialAction\":[{\"@type\":\"CommentAction\",\"name\":\"Comment\",\"target\":[\"https:\/\/lavoixdelanation.tg\/index.php\/2025\/11\/26\/togo-ratification-des-commissions-permanentes-du-senat\/#respond\"]}]},{\"@type\":\"WebPage\",\"@id\":\"https:\/\/lavoixdelanation.tg\/index.php\/2025\/11\/26\/togo-ratification-des-commissions-permanentes-du-senat\/\",\"url\":\"https:\/\/lavoixdelanation.tg\/index.php\/2025\/11\/26\/togo-ratification-des-commissions-permanentes-du-senat\/\",\"name\":\"Togo\u00a0: Ratification des commissions permanentes du S\u00e9nat - La Voix de la Nation\",\"isPartOf\":{\"@id\":\"https:\/\/lavoixdelanation.tg\/#website\"},\"primaryImageOfPage\":{\"@id\":\"https:\/\/lavoixdelanation.tg\/index.php\/2025\/11\/26\/togo-ratification-des-commissions-permanentes-du-senat\/#primaryimage\"},\"image\":{\"@id\":\"https:\/\/lavoixdelanation.tg\/index.php\/2025\/11\/26\/togo-ratification-des-commissions-permanentes-du-senat\/#primaryimage\"},\"thumbnailUrl\":\"https:\/\/lavoixdelanation.tg\/wp-content\/uploads\/2025\/11\/Barry-Moussa-Barque-President-du-Senat.jpg\",\"datePublished\":\"2025-11-26T14:35:58+00:00\",\"dateModified\":\"2025-11-26T14:35:59+00:00\",\"breadcrumb\":{\"@id\":\"https:\/\/lavoixdelanation.tg\/index.php\/2025\/11\/26\/togo-ratification-des-commissions-permanentes-du-senat\/#breadcrumb\"},\"inLanguage\":\"fr-FR\",\"potentialAction\":[{\"@type\":\"ReadAction\",\"target\":[\"https:\/\/lavoixdelanation.tg\/index.php\/2025\/11\/26\/togo-ratification-des-commissions-permanentes-du-senat\/\"]}]},{\"@type\":\"ImageObject\",\"inLanguage\":\"fr-FR\",\"@id\":\"https:\/\/lavoixdelanation.tg\/index.php\/2025\/11\/26\/togo-ratification-des-commissions-permanentes-du-senat\/#primaryimage\",\"url\":\"https:\/\/lavoixdelanation.tg\/wp-content\/uploads\/2025\/11\/Barry-Moussa-Barque-President-du-Senat.jpg\",\"contentUrl\":\"https:\/\/lavoixdelanation.tg\/wp-content\/uploads\/2025\/11\/Barry-Moussa-Barque-President-du-Senat.jpg\",\"width\":700,\"height\":459,\"caption\":\"Barry Moussa Barqu\u00e9, Pr\u00e9sident du S\u00e9nat\"},{\"@type\":\"BreadcrumbList\",\"@id\":\"https:\/\/lavoixdelanation.tg\/index.php\/2025\/11\/26\/togo-ratification-des-commissions-permanentes-du-senat\/#breadcrumb\",\"itemListElement\":[{\"@type\":\"ListItem\",\"position\":1,\"name\":\"Accueil\",\"item\":\"https:\/\/lavoixdelanation.tg\/\"},{\"@type\":\"ListItem\",\"position\":2,\"name\":\"Togo\u00a0: Ratification des commissions permanentes du S\u00e9nat\"}]},{\"@type\":\"WebSite\",\"@id\":\"https:\/\/lavoixdelanation.tg\/#website\",\"url\":\"https:\/\/lavoixdelanation.tg\/\",\"name\":\"La Voix de la Nation\",\"description\":\"R\u00e9c\u00e9piss\u00e9 n\u00b00108\/HAAC\/01-2024\/pl\/P\",\"publisher\":{\"@id\":\"https:\/\/lavoixdelanation.tg\/#organization\"},\"alternateName\":\"VON\",\"potentialAction\":[{\"@type\":\"SearchAction\",\"target\":{\"@type\":\"EntryPoint\",\"urlTemplate\":\"https:\/\/lavoixdelanation.tg\/?s={search_term_string}\"},\"query-input\":{\"@type\":\"PropertyValueSpecification\",\"valueRequired\":true,\"valueName\":\"search_term_string\"}}],\"inLanguage\":\"fr-FR\"},{\"@type\":\"Organization\",\"@id\":\"https:\/\/lavoixdelanation.tg\/#organization\",\"name\":\"La Voix de la Nation\",\"url\":\"https:\/\/lavoixdelanation.tg\/\",\"logo\":{\"@type\":\"ImageObject\",\"inLanguage\":\"fr-FR\",\"@id\":\"https:\/\/lavoixdelanation.tg\/#\/schema\/logo\/image\/\",\"url\":\"https:\/\/lavoixdelanation.tg\/wp-content\/uploads\/2024\/12\/lavn-1.png\",\"contentUrl\":\"https:\/\/lavoixdelanation.tg\/wp-content\/uploads\/2024\/12\/lavn-1.png\",\"width\":1024,\"height\":464,\"caption\":\"La Voix de la Nation\"},\"image\":{\"@id\":\"https:\/\/lavoixdelanation.tg\/#\/schema\/logo\/image\/\"},\"sameAs\":[\"https:\/\/www.facebook.com\/lavoixdelanation\"]},{\"@type\":\"Person\",\"@id\":\"https:\/\/lavoixdelanation.tg\/#\/schema\/person\/6c489293aa38053673a9e554acb6e224\",\"name\":\"La voix de la nation\",\"image\":{\"@type\":\"ImageObject\",\"inLanguage\":\"fr-FR\",\"@id\":\"https:\/\/lavoixdelanation.tg\/#\/schema\/person\/image\/\",\"url\":\"https:\/\/secure.gravatar.com\/avatar\/8aa135d4bbc794494cecaa8d483f6d6cc1023624868deaff686baed5e727a5a1?s=96&d=mm&r=g\",\"contentUrl\":\"https:\/\/secure.gravatar.com\/avatar\/8aa135d4bbc794494cecaa8d483f6d6cc1023624868deaff686baed5e727a5a1?s=96&d=mm&r=g\",\"caption\":\"La voix de la nation\"},\"sameAs\":[\"https:\/\/lavoixdelanation.tg\"],\"url\":\"https:\/\/lavoixdelanation.tg\/index.php\/author\/lavn\/\"}]}<\/script>\n<!-- \/ Yoast SEO plugin. -->","yoast_head_json":{"title":"Togo\u00a0: Ratification des commissions permanentes du S\u00e9nat - La Voix de la Nation","robots":{"index":"index","follow":"follow","max-snippet":"max-snippet:-1","max-image-preview":"max-image-preview:large","max-video-preview":"max-video-preview:-1"},"canonical":"https:\/\/lavoixdelanation.tg\/index.php\/2025\/11\/26\/togo-ratification-des-commissions-permanentes-du-senat\/","og_locale":"fr_FR","og_type":"article","og_title":"Togo\u00a0: Ratification des commissions permanentes du S\u00e9nat - La Voix de la Nation","og_description":"Le S\u00e9nat a proc\u00e9d\u00e9 ce mardi 25 novembre 2025, \u00e0 la ratification de ses sept (07) commissions permanentes, conform\u00e9ment au r\u00e8glement int\u00e9rieur de l\u2019institution. C\u2019est \u00e0 l\u2019occasion d\u2019une s\u00e9ance pl\u00e9ni\u00e8re&hellip;","og_url":"https:\/\/lavoixdelanation.tg\/index.php\/2025\/11\/26\/togo-ratification-des-commissions-permanentes-du-senat\/","og_site_name":"La Voix de la Nation","article_publisher":"https:\/\/www.facebook.com\/lavoixdelanation","article_published_time":"2025-11-26T14:35:58+00:00","article_modified_time":"2025-11-26T14:35:59+00:00","og_image":[{"width":700,"height":459,"url":"https:\/\/lavoixdelanation.tg\/wp-content\/uploads\/2025\/11\/Barry-Moussa-Barque-President-du-Senat.jpg","type":"image\/jpeg"}],"author":"La voix de la nation","twitter_card":"summary_large_image","twitter_misc":{"\u00c9crit par":"La voix de la nation","Dur\u00e9e de lecture estim\u00e9e":"3 minutes"},"schema":{"@context":"https:\/\/schema.org","@graph":[{"@type":"Article","@id":"https:\/\/lavoixdelanation.tg\/index.php\/2025\/11\/26\/togo-ratification-des-commissions-permanentes-du-senat\/#article","isPartOf":{"@id":"https:\/\/lavoixdelanation.tg\/index.php\/2025\/11\/26\/togo-ratification-des-commissions-permanentes-du-senat\/"},"author":{"name":"La voix de la nation","@id":"https:\/\/lavoixdelanation.tg\/#\/schema\/person\/6c489293aa38053673a9e554acb6e224"},"headline":"Togo\u00a0: Ratification des commissions permanentes du S\u00e9nat","datePublished":"2025-11-26T14:35:58+00:00","dateModified":"2025-11-26T14:35:59+00:00","mainEntityOfPage":{"@id":"https:\/\/lavoixdelanation.tg\/index.php\/2025\/11\/26\/togo-ratification-des-commissions-permanentes-du-senat\/"},"wordCount":386,"commentCount":0,"publisher":{"@id":"https:\/\/lavoixdelanation.tg\/#organization"},"image":{"@id":"https:\/\/lavoixdelanation.tg\/index.php\/2025\/11\/26\/togo-ratification-des-commissions-permanentes-du-senat\/#primaryimage"},"thumbnailUrl":"https:\/\/lavoixdelanation.tg\/wp-content\/uploads\/2025\/11\/Barry-Moussa-Barque-President-du-Senat.jpg","keywords":["Barry Moussa BARQU\u00c9","commissions permanentes","Senat","Togo"],"articleSection":["Politique"],"inLanguage":"fr-FR","potentialAction":[{"@type":"CommentAction","name":"Comment","target":["https:\/\/lavoixdelanation.tg\/index.php\/2025\/11\/26\/togo-ratification-des-commissions-permanentes-du-senat\/#respond"]}]},{"@type":"WebPage","@id":"https:\/\/lavoixdelanation.tg\/index.php\/2025\/11\/26\/togo-ratification-des-commissions-permanentes-du-senat\/","url":"https:\/\/lavoixdelanation.tg\/index.php\/2025\/11\/26\/togo-ratification-des-commissions-permanentes-du-senat\/","name":"Togo\u00a0: Ratification des commissions permanentes du S\u00e9nat - La Voix de la Nation","isPartOf":{"@id":"https:\/\/lavoixdelanation.tg\/#website"},"primaryImageOfPage":{"@id":"https:\/\/lavoixdelanation.tg\/index.php\/2025\/11\/26\/togo-ratification-des-commissions-permanentes-du-senat\/#primaryimage"},"image":{"@id":"https:\/\/lavoixdelanation.tg\/index.php\/2025\/11\/26\/togo-ratification-des-commissions-permanentes-du-senat\/#primaryimage"},"thumbnailUrl":"https:\/\/lavoixdelanation.tg\/wp-content\/uploads\/2025\/11\/Barry-Moussa-Barque-President-du-Senat.jpg","datePublished":"2025-11-26T14:35:58+00:00","dateModified":"2025-11-26T14:35:59+00:00","breadcrumb":{"@id":"https:\/\/lavoixdelanation.tg\/index.php\/2025\/11\/26\/togo-ratification-des-commissions-permanentes-du-senat\/#breadcrumb"},"inLanguage":"fr-FR","potentialAction":[{"@type":"ReadAction","target":["https:\/\/lavoixdelanation.tg\/index.php\/2025\/11\/26\/togo-ratification-des-commissions-permanentes-du-senat\/"]}]},{"@type":"ImageObject","inLanguage":"fr-FR","@id":"https:\/\/lavoixdelanation.tg\/index.php\/2025\/11\/26\/togo-ratification-des-commissions-permanentes-du-senat\/#primaryimage","url":"https:\/\/lavoixdelanation.tg\/wp-content\/uploads\/2025\/11\/Barry-Moussa-Barque-President-du-Senat.jpg","contentUrl":"https:\/\/lavoixdelanation.tg\/wp-content\/uploads\/2025\/11\/Barry-Moussa-Barque-President-du-Senat.jpg","width":700,"height":459,"caption":"Barry Moussa Barqu\u00e9, Pr\u00e9sident du S\u00e9nat"},{"@type":"BreadcrumbList","@id":"https:\/\/lavoixdelanation.tg\/index.php\/2025\/11\/26\/togo-ratification-des-commissions-permanentes-du-senat\/#breadcrumb","itemListElement":[{"@type":"ListItem","position":1,"name":"Accueil","item":"https:\/\/lavoixdelanation.tg\/"},{"@type":"ListItem","position":2,"name":"Togo\u00a0: Ratification des commissions permanentes du S\u00e9nat"}]},{"@type":"WebSite","@id":"https:\/\/lavoixdelanation.tg\/#website","url":"https:\/\/lavoixdelanation.tg\/","name":"La Voix de la Nation","description":"R\u00e9c\u00e9piss\u00e9 n\u00b00108\/HAAC\/01-2024\/pl\/P","publisher":{"@id":"https:\/\/lavoixdelanation.tg\/#organization"},"alternateName":"VON","potentialAction":[{"@type":"SearchAction","target":{"@type":"EntryPoint","urlTemplate":"https:\/\/lavoixdelanation.tg\/?s={search_term_string}"},"query-input":{"@type":"PropertyValueSpecification","valueRequired":true,"valueName":"search_term_string"}}],"inLanguage":"fr-FR"},{"@type":"Organization","@id":"https:\/\/lavoixdelanation.tg\/#organization","name":"La Voix de la Nation","url":"https:\/\/lavoixdelanation.tg\/","logo":{"@type":"ImageObject","inLanguage":"fr-FR","@id":"https:\/\/lavoixdelanation.tg\/#\/schema\/logo\/image\/","url":"https:\/\/lavoixdelanation.tg\/wp-content\/uploads\/2024\/12\/lavn-1.png","contentUrl":"https:\/\/lavoixdelanation.tg\/wp-content\/uploads\/2024\/12\/lavn-1.png","width":1024,"height":464,"caption":"La Voix de la Nation"},"image":{"@id":"https:\/\/lavoixdelanation.tg\/#\/schema\/logo\/image\/"},"sameAs":["https:\/\/www.facebook.com\/lavoixdelanation"]},{"@type":"Person","@id":"https:\/\/lavoixdelanation.tg\/#\/schema\/person\/6c489293aa38053673a9e554acb6e224","name":"La voix de la nation","image":{"@type":"ImageObject","inLanguage":"fr-FR","@id":"https:\/\/lavoixdelanation.tg\/#\/schema\/person\/image\/","url":"https:\/\/secure.gravatar.com\/avatar\/8aa135d4bbc794494cecaa8d483f6d6cc1023624868deaff686baed5e727a5a1?s=96&d=mm&r=g","contentUrl":"https:\/\/secure.gravatar.com\/avatar\/8aa135d4bbc794494cecaa8d483f6d6cc1023624868deaff686baed5e727a5a1?s=96&d=mm&r=g","caption":"La voix de la nation"},"sameAs":["https:\/\/lavoixdelanation.tg"],"url":"https:\/\/lavoixdelanation.tg\/index.php\/author\/lavn\/"}]}},"_links":{"self":[{"href":"https:\/\/lavoixdelanation.tg\/index.php\/wp-json\/wp\/v2\/posts\/14870","targetHints":{"allow":["GET"]}}],"collection":[{"href":"https:\/\/lavoixdelanation.tg\/index.php\/wp-json\/wp\/v2\/posts"}],"about":[{"href":"https:\/\/lavoixdelanation.tg\/index.php\/wp-json\/wp\/v2\/types\/post"}],"author":[{"embeddable":true,"href":"https:\/\/lavoixdelanation.tg\/index.php\/wp-json\/wp\/v2\/users\/1"}],"replies":[{"embeddable":true,"href":"https:\/\/lavoixdelanation.tg\/index.php\/wp-json\/wp\/v2\/comments?post=14870"}],"version-history":[{"count":1,"href":"https:\/\/lavoixdelanation.tg\/index.php\/wp-json\/wp\/v2\/posts\/14870\/revisions"}],"predecessor-version":[{"id":14873,"href":"https:\/\/lavoixdelanation.tg\/index.php\/wp-json\/wp\/v2\/posts\/14870\/revisions\/14873"}],"wp:featuredmedia":[{"embeddable":true,"href":"https:\/\/lavoixdelanation.tg\/index.php\/wp-json\/wp\/v2\/media\/14871"}],"wp:attachment":[{"href":"https:\/\/lavoixdelanation.tg\/index.php\/wp-json\/wp\/v2\/media?parent=14870"}],"wp:term":[{"taxonomy":"category","embeddable":true,"href":"https:\/\/lavoixdelanation.tg\/index.php\/wp-json\/wp\/v2\/categories?post=14870"},{"taxonomy":"post_tag","embeddable":true,"href":"https:\/\/lavoixdelanation.tg\/index.php\/wp-json\/wp\/v2\/tags?post=14870"}],"curies":[{"name":"wp","href":"https:\/\/api.w.org\/{rel}","templated":true}]}}