{"id":14867,"date":"2025-11-26T15:17:07","date_gmt":"2025-11-26T14:17:07","guid":{"rendered":"https:\/\/lavoixdelanation.tg\/?p=14867"},"modified":"2025-11-26T15:17:07","modified_gmt":"2025-11-26T14:17:07","slug":"faure-gnassingbe-lafrique-et-leurope-doivent-construire-ensemble-une-architecture-de-paix-complete-et-commune","status":"publish","type":"post","link":"https:\/\/lavoixdelanation.tg\/index.php\/2025\/11\/26\/faure-gnassingbe-lafrique-et-leurope-doivent-construire-ensemble-une-architecture-de-paix-complete-et-commune\/","title":{"rendered":"Faure Gnassingb\u00e9\u00a0: \u00ab L\u2019Afrique et l\u2019Europe doivent construire ensemble une architecture de paix compl\u00e8te et commune\u00a0\u00bb"},"content":{"rendered":"\n<p><strong>Le Pr\u00e9sident du Conseil du Togo Faure Gnassingb\u00e9 r\u00e9affirme la n\u00e9cessit\u00e9 d\u2019une coop\u00e9ration ax\u00e9e sur une paix et une stabilit\u00e9 durable entre l\u2019Union europ\u00e9enne et l\u2019Union africaine. C\u2019est \u00e0 l\u2019occasion du 7\u00e8 Sommet Afrique-Europe tenu les 24 et 25 novembre 2025 \u00e0 Luanda dans la capitale angolaise sur le th\u00e8me\u00a0: \u00ab Promouvoir la paix et la prosp\u00e9rit\u00e9 gr\u00e2ce \u00e0 un multilat\u00e9ralisme effectif \u00bb.<\/strong><\/p>\n\n\n\n<p>Au cours de ce sommet qui se tient \u00e0 un moment o\u00f9 le monde est en qu\u00eate de strat\u00e9gies pour relever les d\u00e9fis s\u00e9curitaires et \u00e9conomiques majeurs, Faure Gnassingb\u00e9 a rappel\u00e9 les enjeux d\u2019une collaboration plus \u00e9troite entre l\u2019Afrique et l\u2019Europe afin de co-construire une paix durable sur le continent et dans le monde.&nbsp;<\/p>\n\n\n\n<p>\u00ab Dans un monde marqu\u00e9 par la d\u00e9fiance et la fragmentation, la paix est redevenue un enjeu global, elle n\u2019est plus un acquis mais un combat quotidien et ce combat, l\u2019Afrique et l\u2019Europe doivent le mener ensemble. La s\u00e9curit\u00e9 africaine et la s\u00e9curit\u00e9 europ\u00e9enne sont indissociables \u00bb, a estim\u00e9 le Pr\u00e9sident du Conseil.<\/p>\n\n\n\n<p>Pour orienter de mani\u00e8re coh\u00e9rente ce nouveau paradigme de partenariat UE-UA, le Pr\u00e9sident du Conseil a structur\u00e9 son intervention autour de trois axes principaux.<\/p>\n\n\n\n<p>Il a d\u2019abord insist\u00e9 sur la paix et la s\u00e9curit\u00e9 en tant que bien public mondial, dont l\u2019Afrique assume la responsabilit\u00e9 premi\u00e8re. Il a ensuite appel\u00e9 \u00e0 la r\u00e9novation du multilat\u00e9ralisme, afin de b\u00e2tir un ordre mondial plus juste et repr\u00e9sentatif. Enfin, il a soulign\u00e9 l\u2019importance de construire une architecture de paix commune entre l\u2019Union europ\u00e9enne et l\u2019Union africaine, fond\u00e9e sur la coop\u00e9ration, la confiance mutuelle et la r\u00e9silience des populations.<\/p>\n\n\n\n<p>Faure Gnassingb\u00e9 a pour conclure, invit\u00e9 les dirigeants africains et europ\u00e9ens \u00e0 affirmer une ambition simple : celle d\u2019une Afrique et d\u2019une Europe solidaires, qui privil\u00e9gient la coop\u00e9ration plut\u00f4t que la comp\u00e9tition, la confiance plut\u00f4t que la peur.<\/p>\n\n\n\n<p>\u00ab Une Afrique souveraine et stable r\u00e9duit les vuln\u00e9rabilit\u00e9s europ\u00e9ennes. Une Europe lucide et engag\u00e9e renforce la s\u00e9curit\u00e9 et la souverainet\u00e9 africaines \u00bb, a-t-il expliqu\u00e9, rappelant que les int\u00e9r\u00eats des deux continents sont profond\u00e9ment convergents.<\/p>\n\n\n\n<p>Les travaux ont \u00e9t\u00e9 sanctionn\u00e9s par une D\u00e9claration conjointe de l&rsquo;Union europ\u00e9enne et de l&rsquo;Union africaine, destin\u00e9e \u00e0 tracer les prochaines \u00e9tapes d&rsquo;un partenariat renouvel\u00e9, plus \u00e9quilibr\u00e9 et plus efficace au service de la paix, de la s\u00e9curit\u00e9 et de la prosp\u00e9rit\u00e9 partag\u00e9e.<\/p>\n\n\n\n<p><strong>DKS<\/strong><\/p>\n","protected":false},"excerpt":{"rendered":"<p>Le Pr\u00e9sident du Conseil du Togo Faure Gnassingb\u00e9 r\u00e9affirme la n\u00e9cessit\u00e9 d\u2019une coop\u00e9ration ax\u00e9e sur une paix et une stabilit\u00e9 durable entre l\u2019Union europ\u00e9enne et l\u2019Union africaine. C\u2019est \u00e0 l\u2019occasion&hellip; <\/p>\n","protected":false},"author":1,"featured_media":14868,"comment_status":"open","ping_status":"closed","sticky":false,"template":"","format":"standard","meta":{"footnotes":""},"categories":[12],"tags":[527,45,1113,1116],"class_list":["post-14867","post","type-post","status-publish","format-standard","has-post-thumbnail","hentry","category-diplomatie","tag-angola","tag-faure-gnassingbe","tag-luanda","tag-sommet-afrique-europe"],"yoast_head":"<!-- This site is optimized with the Yoast SEO plugin v26.4 - https:\/\/yoast.com\/wordpress\/plugins\/seo\/ -->\n<title>Faure Gnassingb\u00e9\u00a0: \u00ab L\u2019Afrique et l\u2019Europe doivent construire ensemble une architecture de paix compl\u00e8te et commune\u00a0\u00bb - La Voix de la Nation<\/title>\n<meta name=\"robots\" content=\"index, follow, max-snippet:-1, max-image-preview:large, max-video-preview:-1\" \/>\n<link rel=\"canonical\" href=\"https:\/\/lavoixdelanation.tg\/index.php\/2025\/11\/26\/faure-gnassingbe-lafrique-et-leurope-doivent-construire-ensemble-une-architecture-de-paix-complete-et-commune\/\" \/>\n<meta property=\"og:locale\" content=\"fr_FR\" \/>\n<meta property=\"og:type\" content=\"article\" \/>\n<meta property=\"og:title\" content=\"Faure Gnassingb\u00e9\u00a0: \u00ab L\u2019Afrique et l\u2019Europe doivent construire ensemble une architecture de paix compl\u00e8te et commune\u00a0\u00bb - La Voix de la Nation\" \/>\n<meta property=\"og:description\" content=\"Le Pr\u00e9sident du Conseil du Togo Faure Gnassingb\u00e9 r\u00e9affirme la n\u00e9cessit\u00e9 d\u2019une coop\u00e9ration ax\u00e9e sur une paix et une stabilit\u00e9 durable entre l\u2019Union europ\u00e9enne et l\u2019Union africaine. C\u2019est \u00e0 l\u2019occasion&hellip;\" \/>\n<meta property=\"og:url\" content=\"https:\/\/lavoixdelanation.tg\/index.php\/2025\/11\/26\/faure-gnassingbe-lafrique-et-leurope-doivent-construire-ensemble-une-architecture-de-paix-complete-et-commune\/\" \/>\n<meta property=\"og:site_name\" content=\"La Voix de la Nation\" \/>\n<meta property=\"article:publisher\" content=\"https:\/\/www.facebook.com\/lavoixdelanation\" \/>\n<meta property=\"article:published_time\" content=\"2025-11-26T14:17:07+00:00\" \/>\n<meta property=\"og:image\" content=\"https:\/\/lavoixdelanation.tg\/wp-content\/uploads\/2025\/11\/Faure-Gnassingbe-au-7e-Sommet-Afrique-Europe-a-Luanda-en-Angola.jpeg\" \/>\n\t<meta property=\"og:image:width\" content=\"1280\" \/>\n\t<meta property=\"og:image:height\" content=\"1056\" \/>\n\t<meta property=\"og:image:type\" content=\"image\/jpeg\" \/>\n<meta name=\"author\" content=\"La voix de la nation\" \/>\n<meta name=\"twitter:card\" content=\"summary_large_image\" \/>\n<meta name=\"twitter:label1\" content=\"\u00c9crit par\" \/>\n\t<meta name=\"twitter:data1\" content=\"La voix de la nation\" \/>\n\t<meta name=\"twitter:label2\" content=\"Dur\u00e9e de lecture estim\u00e9e\" \/>\n\t<meta name=\"twitter:data2\" content=\"2 minutes\" \/>\n<script type=\"application\/ld+json\" class=\"yoast-schema-graph\">{\"@context\":\"https:\/\/schema.org\",\"@graph\":[{\"@type\":\"Article\",\"@id\":\"https:\/\/lavoixdelanation.tg\/index.php\/2025\/11\/26\/faure-gnassingbe-lafrique-et-leurope-doivent-construire-ensemble-une-architecture-de-paix-complete-et-commune\/#article\",\"isPartOf\":{\"@id\":\"https:\/\/lavoixdelanation.tg\/index.php\/2025\/11\/26\/faure-gnassingbe-lafrique-et-leurope-doivent-construire-ensemble-une-architecture-de-paix-complete-et-commune\/\"},\"author\":{\"name\":\"La voix de la nation\",\"@id\":\"https:\/\/lavoixdelanation.tg\/#\/schema\/person\/6c489293aa38053673a9e554acb6e224\"},\"headline\":\"Faure Gnassingb\u00e9\u00a0: \u00ab L\u2019Afrique et l\u2019Europe doivent construire ensemble une architecture de paix compl\u00e8te et commune\u00a0\u00bb\",\"datePublished\":\"2025-11-26T14:17:07+00:00\",\"mainEntityOfPage\":{\"@id\":\"https:\/\/lavoixdelanation.tg\/index.php\/2025\/11\/26\/faure-gnassingbe-lafrique-et-leurope-doivent-construire-ensemble-une-architecture-de-paix-complete-et-commune\/\"},\"wordCount\":458,\"commentCount\":0,\"publisher\":{\"@id\":\"https:\/\/lavoixdelanation.tg\/#organization\"},\"image\":{\"@id\":\"https:\/\/lavoixdelanation.tg\/index.php\/2025\/11\/26\/faure-gnassingbe-lafrique-et-leurope-doivent-construire-ensemble-une-architecture-de-paix-complete-et-commune\/#primaryimage\"},\"thumbnailUrl\":\"https:\/\/lavoixdelanation.tg\/wp-content\/uploads\/2025\/11\/Faure-Gnassingbe-au-7e-Sommet-Afrique-Europe-a-Luanda-en-Angola.jpeg\",\"keywords\":[\"Angola\",\"Faure Gnassingb\u00e9\",\"Luanda\",\"Sommet Afrique-Europe\"],\"articleSection\":[\"Diplomatie\"],\"inLanguage\":\"fr-FR\",\"potentialAction\":[{\"@type\":\"CommentAction\",\"name\":\"Comment\",\"target\":[\"https:\/\/lavoixdelanation.tg\/index.php\/2025\/11\/26\/faure-gnassingbe-lafrique-et-leurope-doivent-construire-ensemble-une-architecture-de-paix-complete-et-commune\/#respond\"]}]},{\"@type\":\"WebPage\",\"@id\":\"https:\/\/lavoixdelanation.tg\/index.php\/2025\/11\/26\/faure-gnassingbe-lafrique-et-leurope-doivent-construire-ensemble-une-architecture-de-paix-complete-et-commune\/\",\"url\":\"https:\/\/lavoixdelanation.tg\/index.php\/2025\/11\/26\/faure-gnassingbe-lafrique-et-leurope-doivent-construire-ensemble-une-architecture-de-paix-complete-et-commune\/\",\"name\":\"Faure Gnassingb\u00e9\u00a0: \u00ab L\u2019Afrique et l\u2019Europe doivent construire ensemble une architecture de paix compl\u00e8te et commune\u00a0\u00bb - La Voix de la Nation\",\"isPartOf\":{\"@id\":\"https:\/\/lavoixdelanation.tg\/#website\"},\"primaryImageOfPage\":{\"@id\":\"https:\/\/lavoixdelanation.tg\/index.php\/2025\/11\/26\/faure-gnassingbe-lafrique-et-leurope-doivent-construire-ensemble-une-architecture-de-paix-complete-et-commune\/#primaryimage\"},\"image\":{\"@id\":\"https:\/\/lavoixdelanation.tg\/index.php\/2025\/11\/26\/faure-gnassingbe-lafrique-et-leurope-doivent-construire-ensemble-une-architecture-de-paix-complete-et-commune\/#primaryimage\"},\"thumbnailUrl\":\"https:\/\/lavoixdelanation.tg\/wp-content\/uploads\/2025\/11\/Faure-Gnassingbe-au-7e-Sommet-Afrique-Europe-a-Luanda-en-Angola.jpeg\",\"datePublished\":\"2025-11-26T14:17:07+00:00\",\"breadcrumb\":{\"@id\":\"https:\/\/lavoixdelanation.tg\/index.php\/2025\/11\/26\/faure-gnassingbe-lafrique-et-leurope-doivent-construire-ensemble-une-architecture-de-paix-complete-et-commune\/#breadcrumb\"},\"inLanguage\":\"fr-FR\",\"potentialAction\":[{\"@type\":\"ReadAction\",\"target\":[\"https:\/\/lavoixdelanation.tg\/index.php\/2025\/11\/26\/faure-gnassingbe-lafrique-et-leurope-doivent-construire-ensemble-une-architecture-de-paix-complete-et-commune\/\"]}]},{\"@type\":\"ImageObject\",\"inLanguage\":\"fr-FR\",\"@id\":\"https:\/\/lavoixdelanation.tg\/index.php\/2025\/11\/26\/faure-gnassingbe-lafrique-et-leurope-doivent-construire-ensemble-une-architecture-de-paix-complete-et-commune\/#primaryimage\",\"url\":\"https:\/\/lavoixdelanation.tg\/wp-content\/uploads\/2025\/11\/Faure-Gnassingbe-au-7e-Sommet-Afrique-Europe-a-Luanda-en-Angola.jpeg\",\"contentUrl\":\"https:\/\/lavoixdelanation.tg\/wp-content\/uploads\/2025\/11\/Faure-Gnassingbe-au-7e-Sommet-Afrique-Europe-a-Luanda-en-Angola.jpeg\",\"width\":1280,\"height\":1056,\"caption\":\"Faure Gnassingb\u00e9 au 7\u00e8 Sommet Afrique-Europe \u00e0 Luanda en Angola\"},{\"@type\":\"BreadcrumbList\",\"@id\":\"https:\/\/lavoixdelanation.tg\/index.php\/2025\/11\/26\/faure-gnassingbe-lafrique-et-leurope-doivent-construire-ensemble-une-architecture-de-paix-complete-et-commune\/#breadcrumb\",\"itemListElement\":[{\"@type\":\"ListItem\",\"position\":1,\"name\":\"Accueil\",\"item\":\"https:\/\/lavoixdelanation.tg\/\"},{\"@type\":\"ListItem\",\"position\":2,\"name\":\"Faure Gnassingb\u00e9\u00a0: \u00ab L\u2019Afrique et l\u2019Europe doivent construire ensemble une architecture de paix compl\u00e8te et commune\u00a0\u00bb\"}]},{\"@type\":\"WebSite\",\"@id\":\"https:\/\/lavoixdelanation.tg\/#website\",\"url\":\"https:\/\/lavoixdelanation.tg\/\",\"name\":\"La Voix de la Nation\",\"description\":\"R\u00e9c\u00e9piss\u00e9 n\u00b00108\/HAAC\/01-2024\/pl\/P\",\"publisher\":{\"@id\":\"https:\/\/lavoixdelanation.tg\/#organization\"},\"alternateName\":\"VON\",\"potentialAction\":[{\"@type\":\"SearchAction\",\"target\":{\"@type\":\"EntryPoint\",\"urlTemplate\":\"https:\/\/lavoixdelanation.tg\/?s={search_term_string}\"},\"query-input\":{\"@type\":\"PropertyValueSpecification\",\"valueRequired\":true,\"valueName\":\"search_term_string\"}}],\"inLanguage\":\"fr-FR\"},{\"@type\":\"Organization\",\"@id\":\"https:\/\/lavoixdelanation.tg\/#organization\",\"name\":\"La Voix de la Nation\",\"url\":\"https:\/\/lavoixdelanation.tg\/\",\"logo\":{\"@type\":\"ImageObject\",\"inLanguage\":\"fr-FR\",\"@id\":\"https:\/\/lavoixdelanation.tg\/#\/schema\/logo\/image\/\",\"url\":\"https:\/\/lavoixdelanation.tg\/wp-content\/uploads\/2024\/12\/lavn-1.png\",\"contentUrl\":\"https:\/\/lavoixdelanation.tg\/wp-content\/uploads\/2024\/12\/lavn-1.png\",\"width\":1024,\"height\":464,\"caption\":\"La Voix de la Nation\"},\"image\":{\"@id\":\"https:\/\/lavoixdelanation.tg\/#\/schema\/logo\/image\/\"},\"sameAs\":[\"https:\/\/www.facebook.com\/lavoixdelanation\"]},{\"@type\":\"Person\",\"@id\":\"https:\/\/lavoixdelanation.tg\/#\/schema\/person\/6c489293aa38053673a9e554acb6e224\",\"name\":\"La voix de la nation\",\"image\":{\"@type\":\"ImageObject\",\"inLanguage\":\"fr-FR\",\"@id\":\"https:\/\/lavoixdelanation.tg\/#\/schema\/person\/image\/\",\"url\":\"https:\/\/secure.gravatar.com\/avatar\/8aa135d4bbc794494cecaa8d483f6d6cc1023624868deaff686baed5e727a5a1?s=96&d=mm&r=g\",\"contentUrl\":\"https:\/\/secure.gravatar.com\/avatar\/8aa135d4bbc794494cecaa8d483f6d6cc1023624868deaff686baed5e727a5a1?s=96&d=mm&r=g\",\"caption\":\"La voix de la nation\"},\"sameAs\":[\"https:\/\/lavoixdelanation.tg\"],\"url\":\"https:\/\/lavoixdelanation.tg\/index.php\/author\/lavn\/\"}]}<\/script>\n<!-- \/ Yoast SEO plugin. -->","yoast_head_json":{"title":"Faure Gnassingb\u00e9\u00a0: \u00ab L\u2019Afrique et l\u2019Europe doivent construire ensemble une architecture de paix compl\u00e8te et commune\u00a0\u00bb - La Voix de la Nation","robots":{"index":"index","follow":"follow","max-snippet":"max-snippet:-1","max-image-preview":"max-image-preview:large","max-video-preview":"max-video-preview:-1"},"canonical":"https:\/\/lavoixdelanation.tg\/index.php\/2025\/11\/26\/faure-gnassingbe-lafrique-et-leurope-doivent-construire-ensemble-une-architecture-de-paix-complete-et-commune\/","og_locale":"fr_FR","og_type":"article","og_title":"Faure Gnassingb\u00e9\u00a0: \u00ab L\u2019Afrique et l\u2019Europe doivent construire ensemble une architecture de paix compl\u00e8te et commune\u00a0\u00bb - La Voix de la Nation","og_description":"Le Pr\u00e9sident du Conseil du Togo Faure Gnassingb\u00e9 r\u00e9affirme la n\u00e9cessit\u00e9 d\u2019une coop\u00e9ration ax\u00e9e sur une paix et une stabilit\u00e9 durable entre l\u2019Union europ\u00e9enne et l\u2019Union africaine. C\u2019est \u00e0 l\u2019occasion&hellip;","og_url":"https:\/\/lavoixdelanation.tg\/index.php\/2025\/11\/26\/faure-gnassingbe-lafrique-et-leurope-doivent-construire-ensemble-une-architecture-de-paix-complete-et-commune\/","og_site_name":"La Voix de la Nation","article_publisher":"https:\/\/www.facebook.com\/lavoixdelanation","article_published_time":"2025-11-26T14:17:07+00:00","og_image":[{"width":1280,"height":1056,"url":"https:\/\/lavoixdelanation.tg\/wp-content\/uploads\/2025\/11\/Faure-Gnassingbe-au-7e-Sommet-Afrique-Europe-a-Luanda-en-Angola.jpeg","type":"image\/jpeg"}],"author":"La voix de la nation","twitter_card":"summary_large_image","twitter_misc":{"\u00c9crit par":"La voix de la nation","Dur\u00e9e de lecture estim\u00e9e":"2 minutes"},"schema":{"@context":"https:\/\/schema.org","@graph":[{"@type":"Article","@id":"https:\/\/lavoixdelanation.tg\/index.php\/2025\/11\/26\/faure-gnassingbe-lafrique-et-leurope-doivent-construire-ensemble-une-architecture-de-paix-complete-et-commune\/#article","isPartOf":{"@id":"https:\/\/lavoixdelanation.tg\/index.php\/2025\/11\/26\/faure-gnassingbe-lafrique-et-leurope-doivent-construire-ensemble-une-architecture-de-paix-complete-et-commune\/"},"author":{"name":"La voix de la nation","@id":"https:\/\/lavoixdelanation.tg\/#\/schema\/person\/6c489293aa38053673a9e554acb6e224"},"headline":"Faure Gnassingb\u00e9\u00a0: \u00ab L\u2019Afrique et l\u2019Europe doivent construire ensemble une architecture de paix compl\u00e8te et commune\u00a0\u00bb","datePublished":"2025-11-26T14:17:07+00:00","mainEntityOfPage":{"@id":"https:\/\/lavoixdelanation.tg\/index.php\/2025\/11\/26\/faure-gnassingbe-lafrique-et-leurope-doivent-construire-ensemble-une-architecture-de-paix-complete-et-commune\/"},"wordCount":458,"commentCount":0,"publisher":{"@id":"https:\/\/lavoixdelanation.tg\/#organization"},"image":{"@id":"https:\/\/lavoixdelanation.tg\/index.php\/2025\/11\/26\/faure-gnassingbe-lafrique-et-leurope-doivent-construire-ensemble-une-architecture-de-paix-complete-et-commune\/#primaryimage"},"thumbnailUrl":"https:\/\/lavoixdelanation.tg\/wp-content\/uploads\/2025\/11\/Faure-Gnassingbe-au-7e-Sommet-Afrique-Europe-a-Luanda-en-Angola.jpeg","keywords":["Angola","Faure Gnassingb\u00e9","Luanda","Sommet Afrique-Europe"],"articleSection":["Diplomatie"],"inLanguage":"fr-FR","potentialAction":[{"@type":"CommentAction","name":"Comment","target":["https:\/\/lavoixdelanation.tg\/index.php\/2025\/11\/26\/faure-gnassingbe-lafrique-et-leurope-doivent-construire-ensemble-une-architecture-de-paix-complete-et-commune\/#respond"]}]},{"@type":"WebPage","@id":"https:\/\/lavoixdelanation.tg\/index.php\/2025\/11\/26\/faure-gnassingbe-lafrique-et-leurope-doivent-construire-ensemble-une-architecture-de-paix-complete-et-commune\/","url":"https:\/\/lavoixdelanation.tg\/index.php\/2025\/11\/26\/faure-gnassingbe-lafrique-et-leurope-doivent-construire-ensemble-une-architecture-de-paix-complete-et-commune\/","name":"Faure Gnassingb\u00e9\u00a0: \u00ab L\u2019Afrique et l\u2019Europe doivent construire ensemble une architecture de paix compl\u00e8te et commune\u00a0\u00bb - La Voix de la Nation","isPartOf":{"@id":"https:\/\/lavoixdelanation.tg\/#website"},"primaryImageOfPage":{"@id":"https:\/\/lavoixdelanation.tg\/index.php\/2025\/11\/26\/faure-gnassingbe-lafrique-et-leurope-doivent-construire-ensemble-une-architecture-de-paix-complete-et-commune\/#primaryimage"},"image":{"@id":"https:\/\/lavoixdelanation.tg\/index.php\/2025\/11\/26\/faure-gnassingbe-lafrique-et-leurope-doivent-construire-ensemble-une-architecture-de-paix-complete-et-commune\/#primaryimage"},"thumbnailUrl":"https:\/\/lavoixdelanation.tg\/wp-content\/uploads\/2025\/11\/Faure-Gnassingbe-au-7e-Sommet-Afrique-Europe-a-Luanda-en-Angola.jpeg","datePublished":"2025-11-26T14:17:07+00:00","breadcrumb":{"@id":"https:\/\/lavoixdelanation.tg\/index.php\/2025\/11\/26\/faure-gnassingbe-lafrique-et-leurope-doivent-construire-ensemble-une-architecture-de-paix-complete-et-commune\/#breadcrumb"},"inLanguage":"fr-FR","potentialAction":[{"@type":"ReadAction","target":["https:\/\/lavoixdelanation.tg\/index.php\/2025\/11\/26\/faure-gnassingbe-lafrique-et-leurope-doivent-construire-ensemble-une-architecture-de-paix-complete-et-commune\/"]}]},{"@type":"ImageObject","inLanguage":"fr-FR","@id":"https:\/\/lavoixdelanation.tg\/index.php\/2025\/11\/26\/faure-gnassingbe-lafrique-et-leurope-doivent-construire-ensemble-une-architecture-de-paix-complete-et-commune\/#primaryimage","url":"https:\/\/lavoixdelanation.tg\/wp-content\/uploads\/2025\/11\/Faure-Gnassingbe-au-7e-Sommet-Afrique-Europe-a-Luanda-en-Angola.jpeg","contentUrl":"https:\/\/lavoixdelanation.tg\/wp-content\/uploads\/2025\/11\/Faure-Gnassingbe-au-7e-Sommet-Afrique-Europe-a-Luanda-en-Angola.jpeg","width":1280,"height":1056,"caption":"Faure Gnassingb\u00e9 au 7\u00e8 Sommet Afrique-Europe \u00e0 Luanda en Angola"},{"@type":"BreadcrumbList","@id":"https:\/\/lavoixdelanation.tg\/index.php\/2025\/11\/26\/faure-gnassingbe-lafrique-et-leurope-doivent-construire-ensemble-une-architecture-de-paix-complete-et-commune\/#breadcrumb","itemListElement":[{"@type":"ListItem","position":1,"name":"Accueil","item":"https:\/\/lavoixdelanation.tg\/"},{"@type":"ListItem","position":2,"name":"Faure Gnassingb\u00e9\u00a0: \u00ab L\u2019Afrique et l\u2019Europe doivent construire ensemble une architecture de paix compl\u00e8te et commune\u00a0\u00bb"}]},{"@type":"WebSite","@id":"https:\/\/lavoixdelanation.tg\/#website","url":"https:\/\/lavoixdelanation.tg\/","name":"La Voix de la Nation","description":"R\u00e9c\u00e9piss\u00e9 n\u00b00108\/HAAC\/01-2024\/pl\/P","publisher":{"@id":"https:\/\/lavoixdelanation.tg\/#organization"},"alternateName":"VON","potentialAction":[{"@type":"SearchAction","target":{"@type":"EntryPoint","urlTemplate":"https:\/\/lavoixdelanation.tg\/?s={search_term_string}"},"query-input":{"@type":"PropertyValueSpecification","valueRequired":true,"valueName":"search_term_string"}}],"inLanguage":"fr-FR"},{"@type":"Organization","@id":"https:\/\/lavoixdelanation.tg\/#organization","name":"La Voix de la Nation","url":"https:\/\/lavoixdelanation.tg\/","logo":{"@type":"ImageObject","inLanguage":"fr-FR","@id":"https:\/\/lavoixdelanation.tg\/#\/schema\/logo\/image\/","url":"https:\/\/lavoixdelanation.tg\/wp-content\/uploads\/2024\/12\/lavn-1.png","contentUrl":"https:\/\/lavoixdelanation.tg\/wp-content\/uploads\/2024\/12\/lavn-1.png","width":1024,"height":464,"caption":"La Voix de la Nation"},"image":{"@id":"https:\/\/lavoixdelanation.tg\/#\/schema\/logo\/image\/"},"sameAs":["https:\/\/www.facebook.com\/lavoixdelanation"]},{"@type":"Person","@id":"https:\/\/lavoixdelanation.tg\/#\/schema\/person\/6c489293aa38053673a9e554acb6e224","name":"La voix de la nation","image":{"@type":"ImageObject","inLanguage":"fr-FR","@id":"https:\/\/lavoixdelanation.tg\/#\/schema\/person\/image\/","url":"https:\/\/secure.gravatar.com\/avatar\/8aa135d4bbc794494cecaa8d483f6d6cc1023624868deaff686baed5e727a5a1?s=96&d=mm&r=g","contentUrl":"https:\/\/secure.gravatar.com\/avatar\/8aa135d4bbc794494cecaa8d483f6d6cc1023624868deaff686baed5e727a5a1?s=96&d=mm&r=g","caption":"La voix de la nation"},"sameAs":["https:\/\/lavoixdelanation.tg"],"url":"https:\/\/lavoixdelanation.tg\/index.php\/author\/lavn\/"}]}},"_links":{"self":[{"href":"https:\/\/lavoixdelanation.tg\/index.php\/wp-json\/wp\/v2\/posts\/14867","targetHints":{"allow":["GET"]}}],"collection":[{"href":"https:\/\/lavoixdelanation.tg\/index.php\/wp-json\/wp\/v2\/posts"}],"about":[{"href":"https:\/\/lavoixdelanation.tg\/index.php\/wp-json\/wp\/v2\/types\/post"}],"author":[{"embeddable":true,"href":"https:\/\/lavoixdelanation.tg\/index.php\/wp-json\/wp\/v2\/users\/1"}],"replies":[{"embeddable":true,"href":"https:\/\/lavoixdelanation.tg\/index.php\/wp-json\/wp\/v2\/comments?post=14867"}],"version-history":[{"count":1,"href":"https:\/\/lavoixdelanation.tg\/index.php\/wp-json\/wp\/v2\/posts\/14867\/revisions"}],"predecessor-version":[{"id":14869,"href":"https:\/\/lavoixdelanation.tg\/index.php\/wp-json\/wp\/v2\/posts\/14867\/revisions\/14869"}],"wp:featuredmedia":[{"embeddable":true,"href":"https:\/\/lavoixdelanation.tg\/index.php\/wp-json\/wp\/v2\/media\/14868"}],"wp:attachment":[{"href":"https:\/\/lavoixdelanation.tg\/index.php\/wp-json\/wp\/v2\/media?parent=14867"}],"wp:term":[{"taxonomy":"category","embeddable":true,"href":"https:\/\/lavoixdelanation.tg\/index.php\/wp-json\/wp\/v2\/categories?post=14867"},{"taxonomy":"post_tag","embeddable":true,"href":"https:\/\/lavoixdelanation.tg\/index.php\/wp-json\/wp\/v2\/tags?post=14867"}],"curies":[{"name":"wp","href":"https:\/\/api.w.org\/{rel}","templated":true}]}}