{"id":14854,"date":"2025-11-25T10:24:02","date_gmt":"2025-11-25T09:24:02","guid":{"rendered":"https:\/\/lavoixdelanation.tg\/?p=14854"},"modified":"2025-11-25T10:24:03","modified_gmt":"2025-11-25T09:24:03","slug":"assemblee-nationale-demarrage-de-letude-en-commission-du-projet-de-loi-de-finances-2026","status":"publish","type":"post","link":"https:\/\/lavoixdelanation.tg\/index.php\/2025\/11\/25\/assemblee-nationale-demarrage-de-letude-en-commission-du-projet-de-loi-de-finances-2026\/","title":{"rendered":"Assembl\u00e9e nationale\u00a0: D\u00e9marrage de l\u2019\u00e9tude en commission, du projet de loi de finances 2026"},"content":{"rendered":"\n<p>Les travaux d\u2019\u00e9tude en commission, du projet de loi de finances, exercice 2026 ont d\u00e9marr\u00e9 ce lundi 24 novembre 2025 \u00e0 l\u2019Assembl\u00e9e nationale.<\/p>\n\n\n\n<p>La s\u00e9ance a \u00e9t\u00e9 pr\u00e9sid\u00e9e par le Pr\u00e9sident de l\u2019Assembl\u00e9e Komi Selom Klassou, en pr\u00e9sence de Georges Barcola, ministre des Finances et du Budget, de Badanam Patoki, ministre de l\u2019\u00c9conomie et de la Veille strat\u00e9gique, ainsi que d\u2019autres membres du gouvernement.<\/p>\n\n\n\n<p>Pour la premi\u00e8re fois dans l\u2019histoire constitutionnelle du Togo, l\u2019Assembl\u00e9e nationale va \u00e9tudier le projet de loi de finances de concert avec la deuxi\u00e8me chambre du Parlement qui est le S\u00e9nat.<\/p>\n\n\n\n<figure class=\"wp-block-image size-full\"><img loading=\"lazy\" decoding=\"async\" width=\"768\" height=\"491\" src=\"https:\/\/lavoixdelanation.tg\/wp-content\/uploads\/2025\/11\/Demarrage-de-letude-en-commission-du-projet-de-loi-de-finances-2026-au-Togo.jpg\" alt=\"\" class=\"wp-image-14856\" srcset=\"https:\/\/lavoixdelanation.tg\/wp-content\/uploads\/2025\/11\/Demarrage-de-letude-en-commission-du-projet-de-loi-de-finances-2026-au-Togo.jpg 768w, https:\/\/lavoixdelanation.tg\/wp-content\/uploads\/2025\/11\/Demarrage-de-letude-en-commission-du-projet-de-loi-de-finances-2026-au-Togo-300x192.jpg 300w\" sizes=\"auto, (max-width: 768px) 100vw, 768px\" \/><\/figure>\n\n\n\n<p>\u00ab&nbsp; Cette nouvelle configuration conf\u00e8re \u00e0 l\u2019Assembl\u00e9e nationale, premi\u00e8re chambre saisie, une responsabilit\u00e9 particuli\u00e8re qui exige une attention rigoureuse et un examen approfondi du texte avant sa transmission au S\u00e9nat pour \u00e9tude dans les m\u00eames conditions, avant son adoption d\u00e9finitive par l\u2019Assembl\u00e9e nationale&nbsp;\u00bb, a d\u00e9clar\u00e9 le Pr\u00e9sident de l\u2019Assembl\u00e9e nationale.<\/p>\n\n\n\n<p>\u00ab&nbsp;Dans ce nouveau contexte, l\u2019objectif de la double \u00e9tude du projet de loi de finances est d\u2019assurer une analyse approfondie, \u00e9quilibr\u00e9e et repr\u00e9sentative des enjeux budg\u00e9taires et des priorit\u00e9s nationales. Cette proc\u00e9dure vise \u00e0 garantir que le budget propos\u00e9 pour l\u2019ann\u00e9e \u00e0 venir par le gouvernement, sous la haute impulsion de Son Excellence Monsieur Faure Essozimna Gnassingb\u00e9, Pr\u00e9sident du Conseil, refl\u00e8te les aspirations des citoyens et soutient efficacement les objectifs de d\u00e9veloppement \u00e9conomique, social et s\u00e9curitaire du pays&nbsp;\u00bb, a-t- ajout\u00e9.<\/p>\n\n\n\n<p>Le budget, exercice 2026, est \u00e9quilibr\u00e9 en ressources et en d\u00e9penses \u00e0 2 740,5 milliards de F CFA, soit une hausse de 14,4 % par rapport au budget 2025.<\/p>\n\n\n\n<p>Komi S\u00e9lom Klassou a invit\u00e9 les d\u00e9put\u00e9s \u00e0 aborder les travaux avec disponibilit\u00e9, assiduit\u00e9 et sens du devoir, en privil\u00e9giant l\u2019int\u00e9r\u00eat g\u00e9n\u00e9ral au-del\u00e0 des clivages. Il a \u00e9galement exprim\u00e9 le souhait que les d\u00e9bats se d\u00e9roulent dans un esprit d\u2019\u00e9coute attentive, de rigueur, de pragmatisme et de responsabilit\u00e9.<\/p>\n\n\n\n<p><strong>La R\u00e9daction<\/strong><\/p>\n","protected":false},"excerpt":{"rendered":"<p>Les travaux d\u2019\u00e9tude en commission, du projet de loi de finances, exercice 2026 ont d\u00e9marr\u00e9 ce lundi 24 novembre 2025 \u00e0 l\u2019Assembl\u00e9e nationale. La s\u00e9ance a \u00e9t\u00e9 pr\u00e9sid\u00e9e par le&hellip; <\/p>\n","protected":false},"author":1,"featured_media":14855,"comment_status":"open","ping_status":"closed","sticky":false,"template":"","format":"standard","meta":{"footnotes":""},"categories":[8],"tags":[1106,39],"class_list":["post-14854","post","type-post","status-publish","format-standard","has-post-thumbnail","hentry","category-economie","tag-budget-2026","tag-togo"],"yoast_head":"<!-- This site is optimized with the Yoast SEO plugin v26.4 - https:\/\/yoast.com\/wordpress\/plugins\/seo\/ -->\n<title>Assembl\u00e9e nationale\u00a0: D\u00e9marrage de l\u2019\u00e9tude en commission, du projet de loi de finances 2026 - La Voix de la Nation<\/title>\n<meta name=\"robots\" content=\"index, follow, max-snippet:-1, max-image-preview:large, max-video-preview:-1\" \/>\n<link rel=\"canonical\" href=\"https:\/\/lavoixdelanation.tg\/index.php\/2025\/11\/25\/assemblee-nationale-demarrage-de-letude-en-commission-du-projet-de-loi-de-finances-2026\/\" \/>\n<meta property=\"og:locale\" content=\"fr_FR\" \/>\n<meta property=\"og:type\" content=\"article\" \/>\n<meta property=\"og:title\" content=\"Assembl\u00e9e nationale\u00a0: D\u00e9marrage de l\u2019\u00e9tude en commission, du projet de loi de finances 2026 - La Voix de la Nation\" \/>\n<meta property=\"og:description\" content=\"Les travaux d\u2019\u00e9tude en commission, du projet de loi de finances, exercice 2026 ont d\u00e9marr\u00e9 ce lundi 24 novembre 2025 \u00e0 l\u2019Assembl\u00e9e nationale. La s\u00e9ance a \u00e9t\u00e9 pr\u00e9sid\u00e9e par le&hellip;\" \/>\n<meta property=\"og:url\" content=\"https:\/\/lavoixdelanation.tg\/index.php\/2025\/11\/25\/assemblee-nationale-demarrage-de-letude-en-commission-du-projet-de-loi-de-finances-2026\/\" \/>\n<meta property=\"og:site_name\" content=\"La Voix de la Nation\" \/>\n<meta property=\"article:publisher\" content=\"https:\/\/www.facebook.com\/lavoixdelanation\" \/>\n<meta property=\"article:published_time\" content=\"2025-11-25T09:24:02+00:00\" \/>\n<meta property=\"article:modified_time\" content=\"2025-11-25T09:24:03+00:00\" \/>\n<meta property=\"og:image\" content=\"https:\/\/lavoixdelanation.tg\/wp-content\/uploads\/2025\/11\/Demarrage-de-letude-en-commission-du-projet-de-loi-de-finances-2026.jpg\" \/>\n\t<meta property=\"og:image:width\" content=\"768\" \/>\n\t<meta property=\"og:image:height\" content=\"494\" \/>\n\t<meta property=\"og:image:type\" content=\"image\/jpeg\" \/>\n<meta name=\"author\" content=\"La voix de la nation\" \/>\n<meta name=\"twitter:card\" content=\"summary_large_image\" \/>\n<meta name=\"twitter:label1\" content=\"\u00c9crit par\" \/>\n\t<meta name=\"twitter:data1\" content=\"La voix de la nation\" \/>\n\t<meta name=\"twitter:label2\" content=\"Dur\u00e9e de lecture estim\u00e9e\" \/>\n\t<meta name=\"twitter:data2\" content=\"2 minutes\" \/>\n<script type=\"application\/ld+json\" class=\"yoast-schema-graph\">{\"@context\":\"https:\/\/schema.org\",\"@graph\":[{\"@type\":\"Article\",\"@id\":\"https:\/\/lavoixdelanation.tg\/index.php\/2025\/11\/25\/assemblee-nationale-demarrage-de-letude-en-commission-du-projet-de-loi-de-finances-2026\/#article\",\"isPartOf\":{\"@id\":\"https:\/\/lavoixdelanation.tg\/index.php\/2025\/11\/25\/assemblee-nationale-demarrage-de-letude-en-commission-du-projet-de-loi-de-finances-2026\/\"},\"author\":{\"name\":\"La voix de la nation\",\"@id\":\"https:\/\/lavoixdelanation.tg\/#\/schema\/person\/6c489293aa38053673a9e554acb6e224\"},\"headline\":\"Assembl\u00e9e nationale\u00a0: D\u00e9marrage de l\u2019\u00e9tude en commission, du projet de loi de finances 2026\",\"datePublished\":\"2025-11-25T09:24:02+00:00\",\"dateModified\":\"2025-11-25T09:24:03+00:00\",\"mainEntityOfPage\":{\"@id\":\"https:\/\/lavoixdelanation.tg\/index.php\/2025\/11\/25\/assemblee-nationale-demarrage-de-letude-en-commission-du-projet-de-loi-de-finances-2026\/\"},\"wordCount\":369,\"commentCount\":0,\"publisher\":{\"@id\":\"https:\/\/lavoixdelanation.tg\/#organization\"},\"image\":{\"@id\":\"https:\/\/lavoixdelanation.tg\/index.php\/2025\/11\/25\/assemblee-nationale-demarrage-de-letude-en-commission-du-projet-de-loi-de-finances-2026\/#primaryimage\"},\"thumbnailUrl\":\"https:\/\/lavoixdelanation.tg\/wp-content\/uploads\/2025\/11\/Demarrage-de-letude-en-commission-du-projet-de-loi-de-finances-2026.jpg\",\"keywords\":[\"Budget 2026\",\"Togo\"],\"articleSection\":[\"Economie\"],\"inLanguage\":\"fr-FR\",\"potentialAction\":[{\"@type\":\"CommentAction\",\"name\":\"Comment\",\"target\":[\"https:\/\/lavoixdelanation.tg\/index.php\/2025\/11\/25\/assemblee-nationale-demarrage-de-letude-en-commission-du-projet-de-loi-de-finances-2026\/#respond\"]}]},{\"@type\":\"WebPage\",\"@id\":\"https:\/\/lavoixdelanation.tg\/index.php\/2025\/11\/25\/assemblee-nationale-demarrage-de-letude-en-commission-du-projet-de-loi-de-finances-2026\/\",\"url\":\"https:\/\/lavoixdelanation.tg\/index.php\/2025\/11\/25\/assemblee-nationale-demarrage-de-letude-en-commission-du-projet-de-loi-de-finances-2026\/\",\"name\":\"Assembl\u00e9e nationale\u00a0: D\u00e9marrage de l\u2019\u00e9tude en commission, du projet de loi de finances 2026 - La Voix de la Nation\",\"isPartOf\":{\"@id\":\"https:\/\/lavoixdelanation.tg\/#website\"},\"primaryImageOfPage\":{\"@id\":\"https:\/\/lavoixdelanation.tg\/index.php\/2025\/11\/25\/assemblee-nationale-demarrage-de-letude-en-commission-du-projet-de-loi-de-finances-2026\/#primaryimage\"},\"image\":{\"@id\":\"https:\/\/lavoixdelanation.tg\/index.php\/2025\/11\/25\/assemblee-nationale-demarrage-de-letude-en-commission-du-projet-de-loi-de-finances-2026\/#primaryimage\"},\"thumbnailUrl\":\"https:\/\/lavoixdelanation.tg\/wp-content\/uploads\/2025\/11\/Demarrage-de-letude-en-commission-du-projet-de-loi-de-finances-2026.jpg\",\"datePublished\":\"2025-11-25T09:24:02+00:00\",\"dateModified\":\"2025-11-25T09:24:03+00:00\",\"breadcrumb\":{\"@id\":\"https:\/\/lavoixdelanation.tg\/index.php\/2025\/11\/25\/assemblee-nationale-demarrage-de-letude-en-commission-du-projet-de-loi-de-finances-2026\/#breadcrumb\"},\"inLanguage\":\"fr-FR\",\"potentialAction\":[{\"@type\":\"ReadAction\",\"target\":[\"https:\/\/lavoixdelanation.tg\/index.php\/2025\/11\/25\/assemblee-nationale-demarrage-de-letude-en-commission-du-projet-de-loi-de-finances-2026\/\"]}]},{\"@type\":\"ImageObject\",\"inLanguage\":\"fr-FR\",\"@id\":\"https:\/\/lavoixdelanation.tg\/index.php\/2025\/11\/25\/assemblee-nationale-demarrage-de-letude-en-commission-du-projet-de-loi-de-finances-2026\/#primaryimage\",\"url\":\"https:\/\/lavoixdelanation.tg\/wp-content\/uploads\/2025\/11\/Demarrage-de-letude-en-commission-du-projet-de-loi-de-finances-2026.jpg\",\"contentUrl\":\"https:\/\/lavoixdelanation.tg\/wp-content\/uploads\/2025\/11\/Demarrage-de-letude-en-commission-du-projet-de-loi-de-finances-2026.jpg\",\"width\":768,\"height\":494},{\"@type\":\"BreadcrumbList\",\"@id\":\"https:\/\/lavoixdelanation.tg\/index.php\/2025\/11\/25\/assemblee-nationale-demarrage-de-letude-en-commission-du-projet-de-loi-de-finances-2026\/#breadcrumb\",\"itemListElement\":[{\"@type\":\"ListItem\",\"position\":1,\"name\":\"Accueil\",\"item\":\"https:\/\/lavoixdelanation.tg\/\"},{\"@type\":\"ListItem\",\"position\":2,\"name\":\"Assembl\u00e9e nationale\u00a0: D\u00e9marrage de l\u2019\u00e9tude en commission, du projet de loi de finances 2026\"}]},{\"@type\":\"WebSite\",\"@id\":\"https:\/\/lavoixdelanation.tg\/#website\",\"url\":\"https:\/\/lavoixdelanation.tg\/\",\"name\":\"La Voix de la Nation\",\"description\":\"R\u00e9c\u00e9piss\u00e9 n\u00b00108\/HAAC\/01-2024\/pl\/P\",\"publisher\":{\"@id\":\"https:\/\/lavoixdelanation.tg\/#organization\"},\"alternateName\":\"VON\",\"potentialAction\":[{\"@type\":\"SearchAction\",\"target\":{\"@type\":\"EntryPoint\",\"urlTemplate\":\"https:\/\/lavoixdelanation.tg\/?s={search_term_string}\"},\"query-input\":{\"@type\":\"PropertyValueSpecification\",\"valueRequired\":true,\"valueName\":\"search_term_string\"}}],\"inLanguage\":\"fr-FR\"},{\"@type\":\"Organization\",\"@id\":\"https:\/\/lavoixdelanation.tg\/#organization\",\"name\":\"La Voix de la Nation\",\"url\":\"https:\/\/lavoixdelanation.tg\/\",\"logo\":{\"@type\":\"ImageObject\",\"inLanguage\":\"fr-FR\",\"@id\":\"https:\/\/lavoixdelanation.tg\/#\/schema\/logo\/image\/\",\"url\":\"https:\/\/lavoixdelanation.tg\/wp-content\/uploads\/2024\/12\/lavn-1.png\",\"contentUrl\":\"https:\/\/lavoixdelanation.tg\/wp-content\/uploads\/2024\/12\/lavn-1.png\",\"width\":1024,\"height\":464,\"caption\":\"La Voix de la Nation\"},\"image\":{\"@id\":\"https:\/\/lavoixdelanation.tg\/#\/schema\/logo\/image\/\"},\"sameAs\":[\"https:\/\/www.facebook.com\/lavoixdelanation\"]},{\"@type\":\"Person\",\"@id\":\"https:\/\/lavoixdelanation.tg\/#\/schema\/person\/6c489293aa38053673a9e554acb6e224\",\"name\":\"La voix de la nation\",\"image\":{\"@type\":\"ImageObject\",\"inLanguage\":\"fr-FR\",\"@id\":\"https:\/\/lavoixdelanation.tg\/#\/schema\/person\/image\/\",\"url\":\"https:\/\/secure.gravatar.com\/avatar\/8aa135d4bbc794494cecaa8d483f6d6cc1023624868deaff686baed5e727a5a1?s=96&d=mm&r=g\",\"contentUrl\":\"https:\/\/secure.gravatar.com\/avatar\/8aa135d4bbc794494cecaa8d483f6d6cc1023624868deaff686baed5e727a5a1?s=96&d=mm&r=g\",\"caption\":\"La voix de la nation\"},\"sameAs\":[\"https:\/\/lavoixdelanation.tg\"],\"url\":\"https:\/\/lavoixdelanation.tg\/index.php\/author\/lavn\/\"}]}<\/script>\n<!-- \/ Yoast SEO plugin. -->","yoast_head_json":{"title":"Assembl\u00e9e nationale\u00a0: D\u00e9marrage de l\u2019\u00e9tude en commission, du projet de loi de finances 2026 - La Voix de la Nation","robots":{"index":"index","follow":"follow","max-snippet":"max-snippet:-1","max-image-preview":"max-image-preview:large","max-video-preview":"max-video-preview:-1"},"canonical":"https:\/\/lavoixdelanation.tg\/index.php\/2025\/11\/25\/assemblee-nationale-demarrage-de-letude-en-commission-du-projet-de-loi-de-finances-2026\/","og_locale":"fr_FR","og_type":"article","og_title":"Assembl\u00e9e nationale\u00a0: D\u00e9marrage de l\u2019\u00e9tude en commission, du projet de loi de finances 2026 - La Voix de la Nation","og_description":"Les travaux d\u2019\u00e9tude en commission, du projet de loi de finances, exercice 2026 ont d\u00e9marr\u00e9 ce lundi 24 novembre 2025 \u00e0 l\u2019Assembl\u00e9e nationale. La s\u00e9ance a \u00e9t\u00e9 pr\u00e9sid\u00e9e par le&hellip;","og_url":"https:\/\/lavoixdelanation.tg\/index.php\/2025\/11\/25\/assemblee-nationale-demarrage-de-letude-en-commission-du-projet-de-loi-de-finances-2026\/","og_site_name":"La Voix de la Nation","article_publisher":"https:\/\/www.facebook.com\/lavoixdelanation","article_published_time":"2025-11-25T09:24:02+00:00","article_modified_time":"2025-11-25T09:24:03+00:00","og_image":[{"width":768,"height":494,"url":"https:\/\/lavoixdelanation.tg\/wp-content\/uploads\/2025\/11\/Demarrage-de-letude-en-commission-du-projet-de-loi-de-finances-2026.jpg","type":"image\/jpeg"}],"author":"La voix de la nation","twitter_card":"summary_large_image","twitter_misc":{"\u00c9crit par":"La voix de la nation","Dur\u00e9e de lecture estim\u00e9e":"2 minutes"},"schema":{"@context":"https:\/\/schema.org","@graph":[{"@type":"Article","@id":"https:\/\/lavoixdelanation.tg\/index.php\/2025\/11\/25\/assemblee-nationale-demarrage-de-letude-en-commission-du-projet-de-loi-de-finances-2026\/#article","isPartOf":{"@id":"https:\/\/lavoixdelanation.tg\/index.php\/2025\/11\/25\/assemblee-nationale-demarrage-de-letude-en-commission-du-projet-de-loi-de-finances-2026\/"},"author":{"name":"La voix de la nation","@id":"https:\/\/lavoixdelanation.tg\/#\/schema\/person\/6c489293aa38053673a9e554acb6e224"},"headline":"Assembl\u00e9e nationale\u00a0: D\u00e9marrage de l\u2019\u00e9tude en commission, du projet de loi de finances 2026","datePublished":"2025-11-25T09:24:02+00:00","dateModified":"2025-11-25T09:24:03+00:00","mainEntityOfPage":{"@id":"https:\/\/lavoixdelanation.tg\/index.php\/2025\/11\/25\/assemblee-nationale-demarrage-de-letude-en-commission-du-projet-de-loi-de-finances-2026\/"},"wordCount":369,"commentCount":0,"publisher":{"@id":"https:\/\/lavoixdelanation.tg\/#organization"},"image":{"@id":"https:\/\/lavoixdelanation.tg\/index.php\/2025\/11\/25\/assemblee-nationale-demarrage-de-letude-en-commission-du-projet-de-loi-de-finances-2026\/#primaryimage"},"thumbnailUrl":"https:\/\/lavoixdelanation.tg\/wp-content\/uploads\/2025\/11\/Demarrage-de-letude-en-commission-du-projet-de-loi-de-finances-2026.jpg","keywords":["Budget 2026","Togo"],"articleSection":["Economie"],"inLanguage":"fr-FR","potentialAction":[{"@type":"CommentAction","name":"Comment","target":["https:\/\/lavoixdelanation.tg\/index.php\/2025\/11\/25\/assemblee-nationale-demarrage-de-letude-en-commission-du-projet-de-loi-de-finances-2026\/#respond"]}]},{"@type":"WebPage","@id":"https:\/\/lavoixdelanation.tg\/index.php\/2025\/11\/25\/assemblee-nationale-demarrage-de-letude-en-commission-du-projet-de-loi-de-finances-2026\/","url":"https:\/\/lavoixdelanation.tg\/index.php\/2025\/11\/25\/assemblee-nationale-demarrage-de-letude-en-commission-du-projet-de-loi-de-finances-2026\/","name":"Assembl\u00e9e nationale\u00a0: D\u00e9marrage de l\u2019\u00e9tude en commission, du projet de loi de finances 2026 - La Voix de la Nation","isPartOf":{"@id":"https:\/\/lavoixdelanation.tg\/#website"},"primaryImageOfPage":{"@id":"https:\/\/lavoixdelanation.tg\/index.php\/2025\/11\/25\/assemblee-nationale-demarrage-de-letude-en-commission-du-projet-de-loi-de-finances-2026\/#primaryimage"},"image":{"@id":"https:\/\/lavoixdelanation.tg\/index.php\/2025\/11\/25\/assemblee-nationale-demarrage-de-letude-en-commission-du-projet-de-loi-de-finances-2026\/#primaryimage"},"thumbnailUrl":"https:\/\/lavoixdelanation.tg\/wp-content\/uploads\/2025\/11\/Demarrage-de-letude-en-commission-du-projet-de-loi-de-finances-2026.jpg","datePublished":"2025-11-25T09:24:02+00:00","dateModified":"2025-11-25T09:24:03+00:00","breadcrumb":{"@id":"https:\/\/lavoixdelanation.tg\/index.php\/2025\/11\/25\/assemblee-nationale-demarrage-de-letude-en-commission-du-projet-de-loi-de-finances-2026\/#breadcrumb"},"inLanguage":"fr-FR","potentialAction":[{"@type":"ReadAction","target":["https:\/\/lavoixdelanation.tg\/index.php\/2025\/11\/25\/assemblee-nationale-demarrage-de-letude-en-commission-du-projet-de-loi-de-finances-2026\/"]}]},{"@type":"ImageObject","inLanguage":"fr-FR","@id":"https:\/\/lavoixdelanation.tg\/index.php\/2025\/11\/25\/assemblee-nationale-demarrage-de-letude-en-commission-du-projet-de-loi-de-finances-2026\/#primaryimage","url":"https:\/\/lavoixdelanation.tg\/wp-content\/uploads\/2025\/11\/Demarrage-de-letude-en-commission-du-projet-de-loi-de-finances-2026.jpg","contentUrl":"https:\/\/lavoixdelanation.tg\/wp-content\/uploads\/2025\/11\/Demarrage-de-letude-en-commission-du-projet-de-loi-de-finances-2026.jpg","width":768,"height":494},{"@type":"BreadcrumbList","@id":"https:\/\/lavoixdelanation.tg\/index.php\/2025\/11\/25\/assemblee-nationale-demarrage-de-letude-en-commission-du-projet-de-loi-de-finances-2026\/#breadcrumb","itemListElement":[{"@type":"ListItem","position":1,"name":"Accueil","item":"https:\/\/lavoixdelanation.tg\/"},{"@type":"ListItem","position":2,"name":"Assembl\u00e9e nationale\u00a0: D\u00e9marrage de l\u2019\u00e9tude en commission, du projet de loi de finances 2026"}]},{"@type":"WebSite","@id":"https:\/\/lavoixdelanation.tg\/#website","url":"https:\/\/lavoixdelanation.tg\/","name":"La Voix de la Nation","description":"R\u00e9c\u00e9piss\u00e9 n\u00b00108\/HAAC\/01-2024\/pl\/P","publisher":{"@id":"https:\/\/lavoixdelanation.tg\/#organization"},"alternateName":"VON","potentialAction":[{"@type":"SearchAction","target":{"@type":"EntryPoint","urlTemplate":"https:\/\/lavoixdelanation.tg\/?s={search_term_string}"},"query-input":{"@type":"PropertyValueSpecification","valueRequired":true,"valueName":"search_term_string"}}],"inLanguage":"fr-FR"},{"@type":"Organization","@id":"https:\/\/lavoixdelanation.tg\/#organization","name":"La Voix de la Nation","url":"https:\/\/lavoixdelanation.tg\/","logo":{"@type":"ImageObject","inLanguage":"fr-FR","@id":"https:\/\/lavoixdelanation.tg\/#\/schema\/logo\/image\/","url":"https:\/\/lavoixdelanation.tg\/wp-content\/uploads\/2024\/12\/lavn-1.png","contentUrl":"https:\/\/lavoixdelanation.tg\/wp-content\/uploads\/2024\/12\/lavn-1.png","width":1024,"height":464,"caption":"La Voix de la Nation"},"image":{"@id":"https:\/\/lavoixdelanation.tg\/#\/schema\/logo\/image\/"},"sameAs":["https:\/\/www.facebook.com\/lavoixdelanation"]},{"@type":"Person","@id":"https:\/\/lavoixdelanation.tg\/#\/schema\/person\/6c489293aa38053673a9e554acb6e224","name":"La voix de la nation","image":{"@type":"ImageObject","inLanguage":"fr-FR","@id":"https:\/\/lavoixdelanation.tg\/#\/schema\/person\/image\/","url":"https:\/\/secure.gravatar.com\/avatar\/8aa135d4bbc794494cecaa8d483f6d6cc1023624868deaff686baed5e727a5a1?s=96&d=mm&r=g","contentUrl":"https:\/\/secure.gravatar.com\/avatar\/8aa135d4bbc794494cecaa8d483f6d6cc1023624868deaff686baed5e727a5a1?s=96&d=mm&r=g","caption":"La voix de la nation"},"sameAs":["https:\/\/lavoixdelanation.tg"],"url":"https:\/\/lavoixdelanation.tg\/index.php\/author\/lavn\/"}]}},"_links":{"self":[{"href":"https:\/\/lavoixdelanation.tg\/index.php\/wp-json\/wp\/v2\/posts\/14854","targetHints":{"allow":["GET"]}}],"collection":[{"href":"https:\/\/lavoixdelanation.tg\/index.php\/wp-json\/wp\/v2\/posts"}],"about":[{"href":"https:\/\/lavoixdelanation.tg\/index.php\/wp-json\/wp\/v2\/types\/post"}],"author":[{"embeddable":true,"href":"https:\/\/lavoixdelanation.tg\/index.php\/wp-json\/wp\/v2\/users\/1"}],"replies":[{"embeddable":true,"href":"https:\/\/lavoixdelanation.tg\/index.php\/wp-json\/wp\/v2\/comments?post=14854"}],"version-history":[{"count":1,"href":"https:\/\/lavoixdelanation.tg\/index.php\/wp-json\/wp\/v2\/posts\/14854\/revisions"}],"predecessor-version":[{"id":14857,"href":"https:\/\/lavoixdelanation.tg\/index.php\/wp-json\/wp\/v2\/posts\/14854\/revisions\/14857"}],"wp:featuredmedia":[{"embeddable":true,"href":"https:\/\/lavoixdelanation.tg\/index.php\/wp-json\/wp\/v2\/media\/14855"}],"wp:attachment":[{"href":"https:\/\/lavoixdelanation.tg\/index.php\/wp-json\/wp\/v2\/media?parent=14854"}],"wp:term":[{"taxonomy":"category","embeddable":true,"href":"https:\/\/lavoixdelanation.tg\/index.php\/wp-json\/wp\/v2\/categories?post=14854"},{"taxonomy":"post_tag","embeddable":true,"href":"https:\/\/lavoixdelanation.tg\/index.php\/wp-json\/wp\/v2\/tags?post=14854"}],"curies":[{"name":"wp","href":"https:\/\/api.w.org\/{rel}","templated":true}]}}