{"id":14849,"date":"2025-11-24T10:07:24","date_gmt":"2025-11-24T09:07:24","guid":{"rendered":"https:\/\/lavoixdelanation.tg\/?p=14849"},"modified":"2025-11-25T10:13:03","modified_gmt":"2025-11-25T09:13:03","slug":"faure-gnassingbe-a-luanda-en-angola-pour-le-7e-sommet-ue-ua","status":"publish","type":"post","link":"https:\/\/lavoixdelanation.tg\/index.php\/2025\/11\/24\/faure-gnassingbe-a-luanda-en-angola-pour-le-7e-sommet-ue-ua\/","title":{"rendered":"Faure Gnassingb\u00e9 \u00e0 Luanda en Angola pour le 7\u00e8 Sommet UE-UA"},"content":{"rendered":"\n<p>Le Pr\u00e9sident du Conseil Faure Gnassingb\u00e9 est depuis ce lundi 24 novembre 2025 \u00e0 Luanda en Angola, pour prendre part au septi\u00e8me sommet Union europ\u00e9enne (UE) &#8211; Union africaine (UA) plac\u00e9 sous le th\u00e8me&nbsp;: \u00ab Promouvoir la paix et la prosp\u00e9rit\u00e9 gr\u00e2ce \u00e0 un multilat\u00e9ralisme effectif \u00bb.<\/p>\n\n\n\n<p>Il s\u2019agit d\u2019une rencontre de haut niveau qui r\u00e9unit les chefs d&rsquo;\u00c9tat et de gouvernement africains et europ\u00e9ens autour des priorit\u00e9s de l&rsquo;Agenda 2063 de l&rsquo;Union africaine et de la vision conjointe UE-UA 2030, vise \u00e0 acc\u00e9l\u00e9rer les convergences strat\u00e9giques entre les deux continents.<\/p>\n\n\n\n<p>Les travaux porteront sur les m\u00e9canismes innovants pour consolider les synergies existantes et ouvrir de nouvelles perspectives communes visant \u00e0 promouvoir un d\u00e9veloppement mutuellement b\u00e9n\u00e9fique, notamment dans les domaines de la paix, de la s\u00e9curit\u00e9, de la gouvernance, du multilat\u00e9ralisme, de la citoyennet\u00e9, des migrations et de la mobilit\u00e9.<\/p>\n\n\n\n<p>Selon une note de la Pr\u00e9sidence du Conseil, Faure Gnassingb\u00e9, r\u00e9affirmera au cours des travaux, la d\u00e9termination diplomatique du Togo \u00e0 contribuer activement \u00e0 la construction d&rsquo;un multilat\u00e9ralisme plus juste, plus r\u00e9actif et plus inclusif, ainsi qu&rsquo;au renforcement du partenariat UE-UA pour relever les d\u00e9fis s\u00e9curitaires, lutter contre le terrorisme et promouvoir le d\u00e9veloppement sur tout le continent africain.<\/p>\n\n\n\n<p>Les travaux seront sanctionn\u00e9s par une D\u00e9claration conjointe de l&rsquo;Union europ\u00e9enne et de l&rsquo;Union africaine, destin\u00e9e \u00e0 tracer les prochaines \u00e9tapes d&rsquo;un partenariat renouvel\u00e9, plus \u00e9quilibr\u00e9 et plus efficace au service de la paix, de la s\u00e9curit\u00e9 et de la prosp\u00e9rit\u00e9 partag\u00e9e.<\/p>\n","protected":false},"excerpt":{"rendered":"<p>Le Pr\u00e9sident du Conseil Faure Gnassingb\u00e9 est depuis ce lundi 24 novembre 2025 \u00e0 Luanda en Angola, pour prendre part au septi\u00e8me sommet Union europ\u00e9enne (UE) &#8211; Union africaine (UA)&hellip; <\/p>\n","protected":false},"author":1,"featured_media":14851,"comment_status":"open","ping_status":"closed","sticky":false,"template":"","format":"standard","meta":{"footnotes":""},"categories":[12],"tags":[527,45,1055,1113,1112],"class_list":["post-14849","post","type-post","status-publish","format-standard","has-post-thumbnail","hentry","category-diplomatie","tag-angola","tag-faure-gnassingbe","tag-faure-gnassingbe-en-angola","tag-luanda","tag-sommet-ue-ua"],"yoast_head":"<!-- This site is optimized with the Yoast SEO plugin v26.4 - https:\/\/yoast.com\/wordpress\/plugins\/seo\/ -->\n<title>Faure Gnassingb\u00e9 \u00e0 Luanda en Angola pour le 7\u00e8 Sommet UE-UA - La Voix de la Nation<\/title>\n<meta name=\"robots\" content=\"index, follow, max-snippet:-1, max-image-preview:large, max-video-preview:-1\" \/>\n<link rel=\"canonical\" href=\"https:\/\/lavoixdelanation.tg\/index.php\/2025\/11\/24\/faure-gnassingbe-a-luanda-en-angola-pour-le-7e-sommet-ue-ua\/\" \/>\n<meta property=\"og:locale\" content=\"fr_FR\" \/>\n<meta property=\"og:type\" content=\"article\" \/>\n<meta property=\"og:title\" content=\"Faure Gnassingb\u00e9 \u00e0 Luanda en Angola pour le 7\u00e8 Sommet UE-UA - La Voix de la Nation\" \/>\n<meta property=\"og:description\" content=\"Le Pr\u00e9sident du Conseil Faure Gnassingb\u00e9 est depuis ce lundi 24 novembre 2025 \u00e0 Luanda en Angola, pour prendre part au septi\u00e8me sommet Union europ\u00e9enne (UE) &#8211; Union africaine (UA)&hellip;\" \/>\n<meta property=\"og:url\" content=\"https:\/\/lavoixdelanation.tg\/index.php\/2025\/11\/24\/faure-gnassingbe-a-luanda-en-angola-pour-le-7e-sommet-ue-ua\/\" \/>\n<meta property=\"og:site_name\" content=\"La Voix de la Nation\" \/>\n<meta property=\"article:publisher\" content=\"https:\/\/www.facebook.com\/lavoixdelanation\" \/>\n<meta property=\"article:published_time\" content=\"2025-11-24T09:07:24+00:00\" \/>\n<meta property=\"article:modified_time\" content=\"2025-11-25T09:13:03+00:00\" \/>\n<meta property=\"og:image\" content=\"https:\/\/lavoixdelanation.tg\/wp-content\/uploads\/2025\/11\/Faure-Gnassingbe-a-Luanda-en-Angola-pour-le-7e-Sommet-UE-UA.jpg\" \/>\n\t<meta property=\"og:image:width\" content=\"1561\" \/>\n\t<meta property=\"og:image:height\" content=\"1502\" \/>\n\t<meta property=\"og:image:type\" content=\"image\/jpeg\" \/>\n<meta name=\"author\" content=\"La voix de la nation\" \/>\n<meta name=\"twitter:card\" content=\"summary_large_image\" \/>\n<meta name=\"twitter:label1\" content=\"\u00c9crit par\" \/>\n\t<meta name=\"twitter:data1\" content=\"La voix de la nation\" \/>\n\t<meta name=\"twitter:label2\" content=\"Dur\u00e9e de lecture estim\u00e9e\" \/>\n\t<meta name=\"twitter:data2\" content=\"2 minutes\" \/>\n<script type=\"application\/ld+json\" class=\"yoast-schema-graph\">{\"@context\":\"https:\/\/schema.org\",\"@graph\":[{\"@type\":\"Article\",\"@id\":\"https:\/\/lavoixdelanation.tg\/index.php\/2025\/11\/24\/faure-gnassingbe-a-luanda-en-angola-pour-le-7e-sommet-ue-ua\/#article\",\"isPartOf\":{\"@id\":\"https:\/\/lavoixdelanation.tg\/index.php\/2025\/11\/24\/faure-gnassingbe-a-luanda-en-angola-pour-le-7e-sommet-ue-ua\/\"},\"author\":{\"name\":\"La voix de la nation\",\"@id\":\"https:\/\/lavoixdelanation.tg\/#\/schema\/person\/6c489293aa38053673a9e554acb6e224\"},\"headline\":\"Faure Gnassingb\u00e9 \u00e0 Luanda en Angola pour le 7\u00e8 Sommet UE-UA\",\"datePublished\":\"2025-11-24T09:07:24+00:00\",\"dateModified\":\"2025-11-25T09:13:03+00:00\",\"mainEntityOfPage\":{\"@id\":\"https:\/\/lavoixdelanation.tg\/index.php\/2025\/11\/24\/faure-gnassingbe-a-luanda-en-angola-pour-le-7e-sommet-ue-ua\/\"},\"wordCount\":282,\"commentCount\":0,\"publisher\":{\"@id\":\"https:\/\/lavoixdelanation.tg\/#organization\"},\"image\":{\"@id\":\"https:\/\/lavoixdelanation.tg\/index.php\/2025\/11\/24\/faure-gnassingbe-a-luanda-en-angola-pour-le-7e-sommet-ue-ua\/#primaryimage\"},\"thumbnailUrl\":\"https:\/\/lavoixdelanation.tg\/wp-content\/uploads\/2025\/11\/Faure-Gnassingbe-a-Luanda-en-Angola-pour-le-7e-Sommet-UE-UA.jpg\",\"keywords\":[\"Angola\",\"Faure Gnassingb\u00e9\",\"Faure Gnassingb\u00e9 en Angola\",\"Luanda\",\"Sommet UE-UA\"],\"articleSection\":[\"Diplomatie\"],\"inLanguage\":\"fr-FR\",\"potentialAction\":[{\"@type\":\"CommentAction\",\"name\":\"Comment\",\"target\":[\"https:\/\/lavoixdelanation.tg\/index.php\/2025\/11\/24\/faure-gnassingbe-a-luanda-en-angola-pour-le-7e-sommet-ue-ua\/#respond\"]}]},{\"@type\":\"WebPage\",\"@id\":\"https:\/\/lavoixdelanation.tg\/index.php\/2025\/11\/24\/faure-gnassingbe-a-luanda-en-angola-pour-le-7e-sommet-ue-ua\/\",\"url\":\"https:\/\/lavoixdelanation.tg\/index.php\/2025\/11\/24\/faure-gnassingbe-a-luanda-en-angola-pour-le-7e-sommet-ue-ua\/\",\"name\":\"Faure Gnassingb\u00e9 \u00e0 Luanda en Angola pour le 7\u00e8 Sommet UE-UA - La Voix de la Nation\",\"isPartOf\":{\"@id\":\"https:\/\/lavoixdelanation.tg\/#website\"},\"primaryImageOfPage\":{\"@id\":\"https:\/\/lavoixdelanation.tg\/index.php\/2025\/11\/24\/faure-gnassingbe-a-luanda-en-angola-pour-le-7e-sommet-ue-ua\/#primaryimage\"},\"image\":{\"@id\":\"https:\/\/lavoixdelanation.tg\/index.php\/2025\/11\/24\/faure-gnassingbe-a-luanda-en-angola-pour-le-7e-sommet-ue-ua\/#primaryimage\"},\"thumbnailUrl\":\"https:\/\/lavoixdelanation.tg\/wp-content\/uploads\/2025\/11\/Faure-Gnassingbe-a-Luanda-en-Angola-pour-le-7e-Sommet-UE-UA.jpg\",\"datePublished\":\"2025-11-24T09:07:24+00:00\",\"dateModified\":\"2025-11-25T09:13:03+00:00\",\"breadcrumb\":{\"@id\":\"https:\/\/lavoixdelanation.tg\/index.php\/2025\/11\/24\/faure-gnassingbe-a-luanda-en-angola-pour-le-7e-sommet-ue-ua\/#breadcrumb\"},\"inLanguage\":\"fr-FR\",\"potentialAction\":[{\"@type\":\"ReadAction\",\"target\":[\"https:\/\/lavoixdelanation.tg\/index.php\/2025\/11\/24\/faure-gnassingbe-a-luanda-en-angola-pour-le-7e-sommet-ue-ua\/\"]}]},{\"@type\":\"ImageObject\",\"inLanguage\":\"fr-FR\",\"@id\":\"https:\/\/lavoixdelanation.tg\/index.php\/2025\/11\/24\/faure-gnassingbe-a-luanda-en-angola-pour-le-7e-sommet-ue-ua\/#primaryimage\",\"url\":\"https:\/\/lavoixdelanation.tg\/wp-content\/uploads\/2025\/11\/Faure-Gnassingbe-a-Luanda-en-Angola-pour-le-7e-Sommet-UE-UA.jpg\",\"contentUrl\":\"https:\/\/lavoixdelanation.tg\/wp-content\/uploads\/2025\/11\/Faure-Gnassingbe-a-Luanda-en-Angola-pour-le-7e-Sommet-UE-UA.jpg\",\"width\":1561,\"height\":1502},{\"@type\":\"BreadcrumbList\",\"@id\":\"https:\/\/lavoixdelanation.tg\/index.php\/2025\/11\/24\/faure-gnassingbe-a-luanda-en-angola-pour-le-7e-sommet-ue-ua\/#breadcrumb\",\"itemListElement\":[{\"@type\":\"ListItem\",\"position\":1,\"name\":\"Accueil\",\"item\":\"https:\/\/lavoixdelanation.tg\/\"},{\"@type\":\"ListItem\",\"position\":2,\"name\":\"Faure Gnassingb\u00e9 \u00e0 Luanda en Angola pour le 7\u00e8 Sommet UE-UA\"}]},{\"@type\":\"WebSite\",\"@id\":\"https:\/\/lavoixdelanation.tg\/#website\",\"url\":\"https:\/\/lavoixdelanation.tg\/\",\"name\":\"La Voix de la Nation\",\"description\":\"R\u00e9c\u00e9piss\u00e9 n\u00b00108\/HAAC\/01-2024\/pl\/P\",\"publisher\":{\"@id\":\"https:\/\/lavoixdelanation.tg\/#organization\"},\"alternateName\":\"VON\",\"potentialAction\":[{\"@type\":\"SearchAction\",\"target\":{\"@type\":\"EntryPoint\",\"urlTemplate\":\"https:\/\/lavoixdelanation.tg\/?s={search_term_string}\"},\"query-input\":{\"@type\":\"PropertyValueSpecification\",\"valueRequired\":true,\"valueName\":\"search_term_string\"}}],\"inLanguage\":\"fr-FR\"},{\"@type\":\"Organization\",\"@id\":\"https:\/\/lavoixdelanation.tg\/#organization\",\"name\":\"La Voix de la Nation\",\"url\":\"https:\/\/lavoixdelanation.tg\/\",\"logo\":{\"@type\":\"ImageObject\",\"inLanguage\":\"fr-FR\",\"@id\":\"https:\/\/lavoixdelanation.tg\/#\/schema\/logo\/image\/\",\"url\":\"https:\/\/lavoixdelanation.tg\/wp-content\/uploads\/2024\/12\/lavn-1.png\",\"contentUrl\":\"https:\/\/lavoixdelanation.tg\/wp-content\/uploads\/2024\/12\/lavn-1.png\",\"width\":1024,\"height\":464,\"caption\":\"La Voix de la Nation\"},\"image\":{\"@id\":\"https:\/\/lavoixdelanation.tg\/#\/schema\/logo\/image\/\"},\"sameAs\":[\"https:\/\/www.facebook.com\/lavoixdelanation\"]},{\"@type\":\"Person\",\"@id\":\"https:\/\/lavoixdelanation.tg\/#\/schema\/person\/6c489293aa38053673a9e554acb6e224\",\"name\":\"La voix de la nation\",\"image\":{\"@type\":\"ImageObject\",\"inLanguage\":\"fr-FR\",\"@id\":\"https:\/\/lavoixdelanation.tg\/#\/schema\/person\/image\/\",\"url\":\"https:\/\/secure.gravatar.com\/avatar\/8aa135d4bbc794494cecaa8d483f6d6cc1023624868deaff686baed5e727a5a1?s=96&d=mm&r=g\",\"contentUrl\":\"https:\/\/secure.gravatar.com\/avatar\/8aa135d4bbc794494cecaa8d483f6d6cc1023624868deaff686baed5e727a5a1?s=96&d=mm&r=g\",\"caption\":\"La voix de la nation\"},\"sameAs\":[\"https:\/\/lavoixdelanation.tg\"],\"url\":\"https:\/\/lavoixdelanation.tg\/index.php\/author\/lavn\/\"}]}<\/script>\n<!-- \/ Yoast SEO plugin. -->","yoast_head_json":{"title":"Faure Gnassingb\u00e9 \u00e0 Luanda en Angola pour le 7\u00e8 Sommet UE-UA - La Voix de la Nation","robots":{"index":"index","follow":"follow","max-snippet":"max-snippet:-1","max-image-preview":"max-image-preview:large","max-video-preview":"max-video-preview:-1"},"canonical":"https:\/\/lavoixdelanation.tg\/index.php\/2025\/11\/24\/faure-gnassingbe-a-luanda-en-angola-pour-le-7e-sommet-ue-ua\/","og_locale":"fr_FR","og_type":"article","og_title":"Faure Gnassingb\u00e9 \u00e0 Luanda en Angola pour le 7\u00e8 Sommet UE-UA - La Voix de la Nation","og_description":"Le Pr\u00e9sident du Conseil Faure Gnassingb\u00e9 est depuis ce lundi 24 novembre 2025 \u00e0 Luanda en Angola, pour prendre part au septi\u00e8me sommet Union europ\u00e9enne (UE) &#8211; Union africaine (UA)&hellip;","og_url":"https:\/\/lavoixdelanation.tg\/index.php\/2025\/11\/24\/faure-gnassingbe-a-luanda-en-angola-pour-le-7e-sommet-ue-ua\/","og_site_name":"La Voix de la Nation","article_publisher":"https:\/\/www.facebook.com\/lavoixdelanation","article_published_time":"2025-11-24T09:07:24+00:00","article_modified_time":"2025-11-25T09:13:03+00:00","og_image":[{"width":1561,"height":1502,"url":"https:\/\/lavoixdelanation.tg\/wp-content\/uploads\/2025\/11\/Faure-Gnassingbe-a-Luanda-en-Angola-pour-le-7e-Sommet-UE-UA.jpg","type":"image\/jpeg"}],"author":"La voix de la nation","twitter_card":"summary_large_image","twitter_misc":{"\u00c9crit par":"La voix de la nation","Dur\u00e9e de lecture estim\u00e9e":"2 minutes"},"schema":{"@context":"https:\/\/schema.org","@graph":[{"@type":"Article","@id":"https:\/\/lavoixdelanation.tg\/index.php\/2025\/11\/24\/faure-gnassingbe-a-luanda-en-angola-pour-le-7e-sommet-ue-ua\/#article","isPartOf":{"@id":"https:\/\/lavoixdelanation.tg\/index.php\/2025\/11\/24\/faure-gnassingbe-a-luanda-en-angola-pour-le-7e-sommet-ue-ua\/"},"author":{"name":"La voix de la nation","@id":"https:\/\/lavoixdelanation.tg\/#\/schema\/person\/6c489293aa38053673a9e554acb6e224"},"headline":"Faure Gnassingb\u00e9 \u00e0 Luanda en Angola pour le 7\u00e8 Sommet UE-UA","datePublished":"2025-11-24T09:07:24+00:00","dateModified":"2025-11-25T09:13:03+00:00","mainEntityOfPage":{"@id":"https:\/\/lavoixdelanation.tg\/index.php\/2025\/11\/24\/faure-gnassingbe-a-luanda-en-angola-pour-le-7e-sommet-ue-ua\/"},"wordCount":282,"commentCount":0,"publisher":{"@id":"https:\/\/lavoixdelanation.tg\/#organization"},"image":{"@id":"https:\/\/lavoixdelanation.tg\/index.php\/2025\/11\/24\/faure-gnassingbe-a-luanda-en-angola-pour-le-7e-sommet-ue-ua\/#primaryimage"},"thumbnailUrl":"https:\/\/lavoixdelanation.tg\/wp-content\/uploads\/2025\/11\/Faure-Gnassingbe-a-Luanda-en-Angola-pour-le-7e-Sommet-UE-UA.jpg","keywords":["Angola","Faure Gnassingb\u00e9","Faure Gnassingb\u00e9 en Angola","Luanda","Sommet UE-UA"],"articleSection":["Diplomatie"],"inLanguage":"fr-FR","potentialAction":[{"@type":"CommentAction","name":"Comment","target":["https:\/\/lavoixdelanation.tg\/index.php\/2025\/11\/24\/faure-gnassingbe-a-luanda-en-angola-pour-le-7e-sommet-ue-ua\/#respond"]}]},{"@type":"WebPage","@id":"https:\/\/lavoixdelanation.tg\/index.php\/2025\/11\/24\/faure-gnassingbe-a-luanda-en-angola-pour-le-7e-sommet-ue-ua\/","url":"https:\/\/lavoixdelanation.tg\/index.php\/2025\/11\/24\/faure-gnassingbe-a-luanda-en-angola-pour-le-7e-sommet-ue-ua\/","name":"Faure Gnassingb\u00e9 \u00e0 Luanda en Angola pour le 7\u00e8 Sommet UE-UA - La Voix de la Nation","isPartOf":{"@id":"https:\/\/lavoixdelanation.tg\/#website"},"primaryImageOfPage":{"@id":"https:\/\/lavoixdelanation.tg\/index.php\/2025\/11\/24\/faure-gnassingbe-a-luanda-en-angola-pour-le-7e-sommet-ue-ua\/#primaryimage"},"image":{"@id":"https:\/\/lavoixdelanation.tg\/index.php\/2025\/11\/24\/faure-gnassingbe-a-luanda-en-angola-pour-le-7e-sommet-ue-ua\/#primaryimage"},"thumbnailUrl":"https:\/\/lavoixdelanation.tg\/wp-content\/uploads\/2025\/11\/Faure-Gnassingbe-a-Luanda-en-Angola-pour-le-7e-Sommet-UE-UA.jpg","datePublished":"2025-11-24T09:07:24+00:00","dateModified":"2025-11-25T09:13:03+00:00","breadcrumb":{"@id":"https:\/\/lavoixdelanation.tg\/index.php\/2025\/11\/24\/faure-gnassingbe-a-luanda-en-angola-pour-le-7e-sommet-ue-ua\/#breadcrumb"},"inLanguage":"fr-FR","potentialAction":[{"@type":"ReadAction","target":["https:\/\/lavoixdelanation.tg\/index.php\/2025\/11\/24\/faure-gnassingbe-a-luanda-en-angola-pour-le-7e-sommet-ue-ua\/"]}]},{"@type":"ImageObject","inLanguage":"fr-FR","@id":"https:\/\/lavoixdelanation.tg\/index.php\/2025\/11\/24\/faure-gnassingbe-a-luanda-en-angola-pour-le-7e-sommet-ue-ua\/#primaryimage","url":"https:\/\/lavoixdelanation.tg\/wp-content\/uploads\/2025\/11\/Faure-Gnassingbe-a-Luanda-en-Angola-pour-le-7e-Sommet-UE-UA.jpg","contentUrl":"https:\/\/lavoixdelanation.tg\/wp-content\/uploads\/2025\/11\/Faure-Gnassingbe-a-Luanda-en-Angola-pour-le-7e-Sommet-UE-UA.jpg","width":1561,"height":1502},{"@type":"BreadcrumbList","@id":"https:\/\/lavoixdelanation.tg\/index.php\/2025\/11\/24\/faure-gnassingbe-a-luanda-en-angola-pour-le-7e-sommet-ue-ua\/#breadcrumb","itemListElement":[{"@type":"ListItem","position":1,"name":"Accueil","item":"https:\/\/lavoixdelanation.tg\/"},{"@type":"ListItem","position":2,"name":"Faure Gnassingb\u00e9 \u00e0 Luanda en Angola pour le 7\u00e8 Sommet UE-UA"}]},{"@type":"WebSite","@id":"https:\/\/lavoixdelanation.tg\/#website","url":"https:\/\/lavoixdelanation.tg\/","name":"La Voix de la Nation","description":"R\u00e9c\u00e9piss\u00e9 n\u00b00108\/HAAC\/01-2024\/pl\/P","publisher":{"@id":"https:\/\/lavoixdelanation.tg\/#organization"},"alternateName":"VON","potentialAction":[{"@type":"SearchAction","target":{"@type":"EntryPoint","urlTemplate":"https:\/\/lavoixdelanation.tg\/?s={search_term_string}"},"query-input":{"@type":"PropertyValueSpecification","valueRequired":true,"valueName":"search_term_string"}}],"inLanguage":"fr-FR"},{"@type":"Organization","@id":"https:\/\/lavoixdelanation.tg\/#organization","name":"La Voix de la Nation","url":"https:\/\/lavoixdelanation.tg\/","logo":{"@type":"ImageObject","inLanguage":"fr-FR","@id":"https:\/\/lavoixdelanation.tg\/#\/schema\/logo\/image\/","url":"https:\/\/lavoixdelanation.tg\/wp-content\/uploads\/2024\/12\/lavn-1.png","contentUrl":"https:\/\/lavoixdelanation.tg\/wp-content\/uploads\/2024\/12\/lavn-1.png","width":1024,"height":464,"caption":"La Voix de la Nation"},"image":{"@id":"https:\/\/lavoixdelanation.tg\/#\/schema\/logo\/image\/"},"sameAs":["https:\/\/www.facebook.com\/lavoixdelanation"]},{"@type":"Person","@id":"https:\/\/lavoixdelanation.tg\/#\/schema\/person\/6c489293aa38053673a9e554acb6e224","name":"La voix de la nation","image":{"@type":"ImageObject","inLanguage":"fr-FR","@id":"https:\/\/lavoixdelanation.tg\/#\/schema\/person\/image\/","url":"https:\/\/secure.gravatar.com\/avatar\/8aa135d4bbc794494cecaa8d483f6d6cc1023624868deaff686baed5e727a5a1?s=96&d=mm&r=g","contentUrl":"https:\/\/secure.gravatar.com\/avatar\/8aa135d4bbc794494cecaa8d483f6d6cc1023624868deaff686baed5e727a5a1?s=96&d=mm&r=g","caption":"La voix de la nation"},"sameAs":["https:\/\/lavoixdelanation.tg"],"url":"https:\/\/lavoixdelanation.tg\/index.php\/author\/lavn\/"}]}},"_links":{"self":[{"href":"https:\/\/lavoixdelanation.tg\/index.php\/wp-json\/wp\/v2\/posts\/14849","targetHints":{"allow":["GET"]}}],"collection":[{"href":"https:\/\/lavoixdelanation.tg\/index.php\/wp-json\/wp\/v2\/posts"}],"about":[{"href":"https:\/\/lavoixdelanation.tg\/index.php\/wp-json\/wp\/v2\/types\/post"}],"author":[{"embeddable":true,"href":"https:\/\/lavoixdelanation.tg\/index.php\/wp-json\/wp\/v2\/users\/1"}],"replies":[{"embeddable":true,"href":"https:\/\/lavoixdelanation.tg\/index.php\/wp-json\/wp\/v2\/comments?post=14849"}],"version-history":[{"count":1,"href":"https:\/\/lavoixdelanation.tg\/index.php\/wp-json\/wp\/v2\/posts\/14849\/revisions"}],"predecessor-version":[{"id":14852,"href":"https:\/\/lavoixdelanation.tg\/index.php\/wp-json\/wp\/v2\/posts\/14849\/revisions\/14852"}],"wp:featuredmedia":[{"embeddable":true,"href":"https:\/\/lavoixdelanation.tg\/index.php\/wp-json\/wp\/v2\/media\/14851"}],"wp:attachment":[{"href":"https:\/\/lavoixdelanation.tg\/index.php\/wp-json\/wp\/v2\/media?parent=14849"}],"wp:term":[{"taxonomy":"category","embeddable":true,"href":"https:\/\/lavoixdelanation.tg\/index.php\/wp-json\/wp\/v2\/categories?post=14849"},{"taxonomy":"post_tag","embeddable":true,"href":"https:\/\/lavoixdelanation.tg\/index.php\/wp-json\/wp\/v2\/tags?post=14849"}],"curies":[{"name":"wp","href":"https:\/\/api.w.org\/{rel}","templated":true}]}}