{"id":14843,"date":"2025-11-24T09:58:39","date_gmt":"2025-11-24T08:58:39","guid":{"rendered":"https:\/\/lavoixdelanation.tg\/?p=14843"},"modified":"2025-11-25T14:55:02","modified_gmt":"2025-11-25T13:55:02","slug":"togo-le-cfel-livre-les-strategies-et-outils-pour-batir-une-organisation-performante-et-durable","status":"publish","type":"post","link":"https:\/\/lavoixdelanation.tg\/index.php\/2025\/11\/24\/togo-le-cfel-livre-les-strategies-et-outils-pour-batir-une-organisation-performante-et-durable\/","title":{"rendered":"Togo\u00a0: Le CFEL livre les strat\u00e9gies et outils pour b\u00e2tir une organisation performante et durable"},"content":{"rendered":"\n<p><strong>\u00ab\u00a0Strat\u00e9gies et outils pour b\u00e2tir une organisation performante et durable\u00a0\u00bb\u00a0: c\u2019est le th\u00e8me au centre d\u2019un s\u00e9minaire de formation organis\u00e9 ce 22 novembre 2025 \u00e0 l&rsquo;h\u00f4tel du 2 F\u00e9vrier \u00e0 Lom\u00e9, par le Centre de Formation \u00ab\u00a0Etincelle Light\u00a0\u00bb (CFEL).<\/strong><\/p>\n\n\n\n<p>Ils sont des promoteurs d\u2019entreprises publiques ou priv\u00e9es, des membres de conseils d\u2019administration, des chefs de service, et des responsables d\u2019Organisations non gouvernementales \u00e0 prendre part \u00e0 cette session de formation conduite dans une approche participative avec une bonne dose de pratique.<\/p>\n\n\n\n<p>Les strat\u00e9gies et outils manag\u00e9riaux pour assurer la performance et la durabilit\u00e9 des entreprises et organisations togolaises et africaines ont fait \u00e0 cet effet, l\u2019objet de partage et d\u2019\u00e9change avec les participants.<\/p>\n\n\n\n<p>La session a \u00e9t\u00e9 anim\u00e9e par trois (03) personnes ressources d\u2019une grande exp\u00e9rience : Comlan Edmond Amoussou (Expert en Organisation et Management des Ressources Humaines, ancien DG de l\u2019ANPE, Pr\u00e9sident du Cabinet Conseils R\u00e9unis, avec plus de 40 ans d\u2019exp\u00e9rience), Koku Vignon Aboki, (Expert financier, Pr\u00e9sident du Groupement Togolais des PME, acteur majeur du secteur priv\u00e9) et Gilles Lazare Akomagni (Expert en gouvernance et mod\u00e9rateur du s\u00e9minaire, avec une solide exp\u00e9rience internationale).<\/p>\n\n\n\n<figure class=\"wp-block-image size-full\"><img loading=\"lazy\" decoding=\"async\" width=\"838\" height=\"779\" src=\"https:\/\/lavoixdelanation.tg\/wp-content\/uploads\/2025\/11\/Le-CFEL-livre-les-strategies-et-outils-pour-batir-une-organisation-performante-et-durable-au-Togo.jpeg\" alt=\"\" class=\"wp-image-14847\" srcset=\"https:\/\/lavoixdelanation.tg\/wp-content\/uploads\/2025\/11\/Le-CFEL-livre-les-strategies-et-outils-pour-batir-une-organisation-performante-et-durable-au-Togo.jpeg 838w, https:\/\/lavoixdelanation.tg\/wp-content\/uploads\/2025\/11\/Le-CFEL-livre-les-strategies-et-outils-pour-batir-une-organisation-performante-et-durable-au-Togo-300x279.jpeg 300w, https:\/\/lavoixdelanation.tg\/wp-content\/uploads\/2025\/11\/Le-CFEL-livre-les-strategies-et-outils-pour-batir-une-organisation-performante-et-durable-au-Togo-768x714.jpeg 768w\" sizes=\"auto, (max-width: 838px) 100vw, 838px\" \/><\/figure>\n\n\n\n<p>\u00ab&nbsp;Nous sommes convaincus que la performance et la durabilit\u00e9 ne sont pas le fruit du hasard, mais le r\u00e9sultat de strat\u00e9gies claires, d\u2019une culture organisationnelle forte, et de m\u00e9canismes bien structur\u00e9s&nbsp;\u00bb, a indiqu\u00e9 le Directeur du CFEL, Ako\u00e9t\u00e9 Adj\u00e9wonu.<\/p>\n\n\n\n<p>\u00ab&nbsp;C\u2019est pourquoi le CFEL a initi\u00e9 ce s\u00e9minaire pour, analyser les r\u00e9alit\u00e9s actuelles des organisations togolaises, identifier les causes de fragilit\u00e9, pr\u00e9senter les mod\u00e8les qui r\u00e9ussissent, partager les outils et strat\u00e9gies adapt\u00e9s \u00e0 notre contexte et encourager l\u2019impl\u00e9mentation des facteurs de succ\u00e8s dans les organisations pr\u00e9sentes&nbsp;\u00bb, a-t-il pr\u00e9cis\u00e9.<\/p>\n\n\n\n<p>Au demeurant, cette formation aura permis aux participants de repartir avec des solutions concr\u00e8tes, et avec l\u2019engagement de faire un pas d\u00e9cisif vers la performance durable de leurs entreprises et organisations.<\/p>\n\n\n\n<p><strong>David S.<\/strong><\/p>\n","protected":false},"excerpt":{"rendered":"<p>\u00ab\u00a0Strat\u00e9gies et outils pour b\u00e2tir une organisation performante et durable\u00a0\u00bb\u00a0: c\u2019est le th\u00e8me au centre d\u2019un s\u00e9minaire de formation organis\u00e9 ce 22 novembre 2025 \u00e0 l&rsquo;h\u00f4tel du 2 F\u00e9vrier \u00e0&hellip; <\/p>\n","protected":false},"author":1,"featured_media":14844,"comment_status":"open","ping_status":"closed","sticky":false,"template":"","format":"standard","meta":{"footnotes":""},"categories":[10],"tags":[1058,1059,39],"class_list":["post-14843","post","type-post","status-publish","format-standard","has-post-thumbnail","hentry","category-education","tag-cfel","tag-etincelle-light-2","tag-togo"],"yoast_head":"<!-- This site is optimized with the Yoast SEO plugin v26.4 - https:\/\/yoast.com\/wordpress\/plugins\/seo\/ -->\n<title>Togo\u00a0: Le CFEL livre les strat\u00e9gies et outils pour b\u00e2tir une organisation performante et durable - La Voix de la Nation<\/title>\n<meta name=\"robots\" content=\"index, follow, max-snippet:-1, max-image-preview:large, max-video-preview:-1\" \/>\n<link rel=\"canonical\" href=\"https:\/\/lavoixdelanation.tg\/index.php\/2025\/11\/24\/togo-le-cfel-livre-les-strategies-et-outils-pour-batir-une-organisation-performante-et-durable\/\" \/>\n<meta property=\"og:locale\" content=\"fr_FR\" \/>\n<meta property=\"og:type\" content=\"article\" \/>\n<meta property=\"og:title\" content=\"Togo\u00a0: Le CFEL livre les strat\u00e9gies et outils pour b\u00e2tir une organisation performante et durable - La Voix de la Nation\" \/>\n<meta property=\"og:description\" content=\"\u00ab\u00a0Strat\u00e9gies et outils pour b\u00e2tir une organisation performante et durable\u00a0\u00bb\u00a0: c\u2019est le th\u00e8me au centre d\u2019un s\u00e9minaire de formation organis\u00e9 ce 22 novembre 2025 \u00e0 l&rsquo;h\u00f4tel du 2 F\u00e9vrier \u00e0&hellip;\" \/>\n<meta property=\"og:url\" content=\"https:\/\/lavoixdelanation.tg\/index.php\/2025\/11\/24\/togo-le-cfel-livre-les-strategies-et-outils-pour-batir-une-organisation-performante-et-durable\/\" \/>\n<meta property=\"og:site_name\" content=\"La Voix de la Nation\" \/>\n<meta property=\"article:publisher\" content=\"https:\/\/www.facebook.com\/lavoixdelanation\" \/>\n<meta property=\"article:published_time\" content=\"2025-11-24T08:58:39+00:00\" \/>\n<meta property=\"article:modified_time\" content=\"2025-11-25T13:55:02+00:00\" \/>\n<meta property=\"og:image\" content=\"https:\/\/lavoixdelanation.tg\/wp-content\/uploads\/2025\/11\/Le-CFEL-livre-les-strategies-et-outils-pour-batir-une-organisation-performante-et-durable.jpeg\" \/>\n\t<meta property=\"og:image:width\" content=\"889\" \/>\n\t<meta property=\"og:image:height\" content=\"578\" \/>\n\t<meta property=\"og:image:type\" content=\"image\/jpeg\" \/>\n<meta name=\"author\" content=\"La voix de la nation\" \/>\n<meta name=\"twitter:card\" content=\"summary_large_image\" \/>\n<meta name=\"twitter:label1\" content=\"\u00c9crit par\" \/>\n\t<meta name=\"twitter:data1\" content=\"La voix de la nation\" \/>\n\t<meta name=\"twitter:label2\" content=\"Dur\u00e9e de lecture estim\u00e9e\" \/>\n\t<meta name=\"twitter:data2\" content=\"2 minutes\" \/>\n<script type=\"application\/ld+json\" class=\"yoast-schema-graph\">{\"@context\":\"https:\/\/schema.org\",\"@graph\":[{\"@type\":\"Article\",\"@id\":\"https:\/\/lavoixdelanation.tg\/index.php\/2025\/11\/24\/togo-le-cfel-livre-les-strategies-et-outils-pour-batir-une-organisation-performante-et-durable\/#article\",\"isPartOf\":{\"@id\":\"https:\/\/lavoixdelanation.tg\/index.php\/2025\/11\/24\/togo-le-cfel-livre-les-strategies-et-outils-pour-batir-une-organisation-performante-et-durable\/\"},\"author\":{\"name\":\"La voix de la nation\",\"@id\":\"https:\/\/lavoixdelanation.tg\/#\/schema\/person\/6c489293aa38053673a9e554acb6e224\"},\"headline\":\"Togo\u00a0: Le CFEL livre les strat\u00e9gies et outils pour b\u00e2tir une organisation performante et durable\",\"datePublished\":\"2025-11-24T08:58:39+00:00\",\"dateModified\":\"2025-11-25T13:55:02+00:00\",\"mainEntityOfPage\":{\"@id\":\"https:\/\/lavoixdelanation.tg\/index.php\/2025\/11\/24\/togo-le-cfel-livre-les-strategies-et-outils-pour-batir-une-organisation-performante-et-durable\/\"},\"wordCount\":367,\"commentCount\":0,\"publisher\":{\"@id\":\"https:\/\/lavoixdelanation.tg\/#organization\"},\"image\":{\"@id\":\"https:\/\/lavoixdelanation.tg\/index.php\/2025\/11\/24\/togo-le-cfel-livre-les-strategies-et-outils-pour-batir-une-organisation-performante-et-durable\/#primaryimage\"},\"thumbnailUrl\":\"https:\/\/lavoixdelanation.tg\/wp-content\/uploads\/2025\/11\/Le-CFEL-livre-les-strategies-et-outils-pour-batir-une-organisation-performante-et-durable.jpeg\",\"keywords\":[\"CFEL\",\"Etincelle Light\",\"Togo\"],\"articleSection\":[\"Education\"],\"inLanguage\":\"fr-FR\",\"potentialAction\":[{\"@type\":\"CommentAction\",\"name\":\"Comment\",\"target\":[\"https:\/\/lavoixdelanation.tg\/index.php\/2025\/11\/24\/togo-le-cfel-livre-les-strategies-et-outils-pour-batir-une-organisation-performante-et-durable\/#respond\"]}]},{\"@type\":\"WebPage\",\"@id\":\"https:\/\/lavoixdelanation.tg\/index.php\/2025\/11\/24\/togo-le-cfel-livre-les-strategies-et-outils-pour-batir-une-organisation-performante-et-durable\/\",\"url\":\"https:\/\/lavoixdelanation.tg\/index.php\/2025\/11\/24\/togo-le-cfel-livre-les-strategies-et-outils-pour-batir-une-organisation-performante-et-durable\/\",\"name\":\"Togo\u00a0: Le CFEL livre les strat\u00e9gies et outils pour b\u00e2tir une organisation performante et durable - La Voix de la Nation\",\"isPartOf\":{\"@id\":\"https:\/\/lavoixdelanation.tg\/#website\"},\"primaryImageOfPage\":{\"@id\":\"https:\/\/lavoixdelanation.tg\/index.php\/2025\/11\/24\/togo-le-cfel-livre-les-strategies-et-outils-pour-batir-une-organisation-performante-et-durable\/#primaryimage\"},\"image\":{\"@id\":\"https:\/\/lavoixdelanation.tg\/index.php\/2025\/11\/24\/togo-le-cfel-livre-les-strategies-et-outils-pour-batir-une-organisation-performante-et-durable\/#primaryimage\"},\"thumbnailUrl\":\"https:\/\/lavoixdelanation.tg\/wp-content\/uploads\/2025\/11\/Le-CFEL-livre-les-strategies-et-outils-pour-batir-une-organisation-performante-et-durable.jpeg\",\"datePublished\":\"2025-11-24T08:58:39+00:00\",\"dateModified\":\"2025-11-25T13:55:02+00:00\",\"breadcrumb\":{\"@id\":\"https:\/\/lavoixdelanation.tg\/index.php\/2025\/11\/24\/togo-le-cfel-livre-les-strategies-et-outils-pour-batir-une-organisation-performante-et-durable\/#breadcrumb\"},\"inLanguage\":\"fr-FR\",\"potentialAction\":[{\"@type\":\"ReadAction\",\"target\":[\"https:\/\/lavoixdelanation.tg\/index.php\/2025\/11\/24\/togo-le-cfel-livre-les-strategies-et-outils-pour-batir-une-organisation-performante-et-durable\/\"]}]},{\"@type\":\"ImageObject\",\"inLanguage\":\"fr-FR\",\"@id\":\"https:\/\/lavoixdelanation.tg\/index.php\/2025\/11\/24\/togo-le-cfel-livre-les-strategies-et-outils-pour-batir-une-organisation-performante-et-durable\/#primaryimage\",\"url\":\"https:\/\/lavoixdelanation.tg\/wp-content\/uploads\/2025\/11\/Le-CFEL-livre-les-strategies-et-outils-pour-batir-une-organisation-performante-et-durable.jpeg\",\"contentUrl\":\"https:\/\/lavoixdelanation.tg\/wp-content\/uploads\/2025\/11\/Le-CFEL-livre-les-strategies-et-outils-pour-batir-une-organisation-performante-et-durable.jpeg\",\"width\":889,\"height\":578},{\"@type\":\"BreadcrumbList\",\"@id\":\"https:\/\/lavoixdelanation.tg\/index.php\/2025\/11\/24\/togo-le-cfel-livre-les-strategies-et-outils-pour-batir-une-organisation-performante-et-durable\/#breadcrumb\",\"itemListElement\":[{\"@type\":\"ListItem\",\"position\":1,\"name\":\"Accueil\",\"item\":\"https:\/\/lavoixdelanation.tg\/\"},{\"@type\":\"ListItem\",\"position\":2,\"name\":\"Togo\u00a0: Le CFEL livre les strat\u00e9gies et outils pour b\u00e2tir une organisation performante et durable\"}]},{\"@type\":\"WebSite\",\"@id\":\"https:\/\/lavoixdelanation.tg\/#website\",\"url\":\"https:\/\/lavoixdelanation.tg\/\",\"name\":\"La Voix de la Nation\",\"description\":\"R\u00e9c\u00e9piss\u00e9 n\u00b00108\/HAAC\/01-2024\/pl\/P\",\"publisher\":{\"@id\":\"https:\/\/lavoixdelanation.tg\/#organization\"},\"alternateName\":\"VON\",\"potentialAction\":[{\"@type\":\"SearchAction\",\"target\":{\"@type\":\"EntryPoint\",\"urlTemplate\":\"https:\/\/lavoixdelanation.tg\/?s={search_term_string}\"},\"query-input\":{\"@type\":\"PropertyValueSpecification\",\"valueRequired\":true,\"valueName\":\"search_term_string\"}}],\"inLanguage\":\"fr-FR\"},{\"@type\":\"Organization\",\"@id\":\"https:\/\/lavoixdelanation.tg\/#organization\",\"name\":\"La Voix de la Nation\",\"url\":\"https:\/\/lavoixdelanation.tg\/\",\"logo\":{\"@type\":\"ImageObject\",\"inLanguage\":\"fr-FR\",\"@id\":\"https:\/\/lavoixdelanation.tg\/#\/schema\/logo\/image\/\",\"url\":\"https:\/\/lavoixdelanation.tg\/wp-content\/uploads\/2024\/12\/lavn-1.png\",\"contentUrl\":\"https:\/\/lavoixdelanation.tg\/wp-content\/uploads\/2024\/12\/lavn-1.png\",\"width\":1024,\"height\":464,\"caption\":\"La Voix de la Nation\"},\"image\":{\"@id\":\"https:\/\/lavoixdelanation.tg\/#\/schema\/logo\/image\/\"},\"sameAs\":[\"https:\/\/www.facebook.com\/lavoixdelanation\"]},{\"@type\":\"Person\",\"@id\":\"https:\/\/lavoixdelanation.tg\/#\/schema\/person\/6c489293aa38053673a9e554acb6e224\",\"name\":\"La voix de la nation\",\"image\":{\"@type\":\"ImageObject\",\"inLanguage\":\"fr-FR\",\"@id\":\"https:\/\/lavoixdelanation.tg\/#\/schema\/person\/image\/\",\"url\":\"https:\/\/secure.gravatar.com\/avatar\/8aa135d4bbc794494cecaa8d483f6d6cc1023624868deaff686baed5e727a5a1?s=96&d=mm&r=g\",\"contentUrl\":\"https:\/\/secure.gravatar.com\/avatar\/8aa135d4bbc794494cecaa8d483f6d6cc1023624868deaff686baed5e727a5a1?s=96&d=mm&r=g\",\"caption\":\"La voix de la nation\"},\"sameAs\":[\"https:\/\/lavoixdelanation.tg\"],\"url\":\"https:\/\/lavoixdelanation.tg\/index.php\/author\/lavn\/\"}]}<\/script>\n<!-- \/ Yoast SEO plugin. -->","yoast_head_json":{"title":"Togo\u00a0: Le CFEL livre les strat\u00e9gies et outils pour b\u00e2tir une organisation performante et durable - La Voix de la Nation","robots":{"index":"index","follow":"follow","max-snippet":"max-snippet:-1","max-image-preview":"max-image-preview:large","max-video-preview":"max-video-preview:-1"},"canonical":"https:\/\/lavoixdelanation.tg\/index.php\/2025\/11\/24\/togo-le-cfel-livre-les-strategies-et-outils-pour-batir-une-organisation-performante-et-durable\/","og_locale":"fr_FR","og_type":"article","og_title":"Togo\u00a0: Le CFEL livre les strat\u00e9gies et outils pour b\u00e2tir une organisation performante et durable - La Voix de la Nation","og_description":"\u00ab\u00a0Strat\u00e9gies et outils pour b\u00e2tir une organisation performante et durable\u00a0\u00bb\u00a0: c\u2019est le th\u00e8me au centre d\u2019un s\u00e9minaire de formation organis\u00e9 ce 22 novembre 2025 \u00e0 l&rsquo;h\u00f4tel du 2 F\u00e9vrier \u00e0&hellip;","og_url":"https:\/\/lavoixdelanation.tg\/index.php\/2025\/11\/24\/togo-le-cfel-livre-les-strategies-et-outils-pour-batir-une-organisation-performante-et-durable\/","og_site_name":"La Voix de la Nation","article_publisher":"https:\/\/www.facebook.com\/lavoixdelanation","article_published_time":"2025-11-24T08:58:39+00:00","article_modified_time":"2025-11-25T13:55:02+00:00","og_image":[{"width":889,"height":578,"url":"https:\/\/lavoixdelanation.tg\/wp-content\/uploads\/2025\/11\/Le-CFEL-livre-les-strategies-et-outils-pour-batir-une-organisation-performante-et-durable.jpeg","type":"image\/jpeg"}],"author":"La voix de la nation","twitter_card":"summary_large_image","twitter_misc":{"\u00c9crit par":"La voix de la nation","Dur\u00e9e de lecture estim\u00e9e":"2 minutes"},"schema":{"@context":"https:\/\/schema.org","@graph":[{"@type":"Article","@id":"https:\/\/lavoixdelanation.tg\/index.php\/2025\/11\/24\/togo-le-cfel-livre-les-strategies-et-outils-pour-batir-une-organisation-performante-et-durable\/#article","isPartOf":{"@id":"https:\/\/lavoixdelanation.tg\/index.php\/2025\/11\/24\/togo-le-cfel-livre-les-strategies-et-outils-pour-batir-une-organisation-performante-et-durable\/"},"author":{"name":"La voix de la nation","@id":"https:\/\/lavoixdelanation.tg\/#\/schema\/person\/6c489293aa38053673a9e554acb6e224"},"headline":"Togo\u00a0: Le CFEL livre les strat\u00e9gies et outils pour b\u00e2tir une organisation performante et durable","datePublished":"2025-11-24T08:58:39+00:00","dateModified":"2025-11-25T13:55:02+00:00","mainEntityOfPage":{"@id":"https:\/\/lavoixdelanation.tg\/index.php\/2025\/11\/24\/togo-le-cfel-livre-les-strategies-et-outils-pour-batir-une-organisation-performante-et-durable\/"},"wordCount":367,"commentCount":0,"publisher":{"@id":"https:\/\/lavoixdelanation.tg\/#organization"},"image":{"@id":"https:\/\/lavoixdelanation.tg\/index.php\/2025\/11\/24\/togo-le-cfel-livre-les-strategies-et-outils-pour-batir-une-organisation-performante-et-durable\/#primaryimage"},"thumbnailUrl":"https:\/\/lavoixdelanation.tg\/wp-content\/uploads\/2025\/11\/Le-CFEL-livre-les-strategies-et-outils-pour-batir-une-organisation-performante-et-durable.jpeg","keywords":["CFEL","Etincelle Light","Togo"],"articleSection":["Education"],"inLanguage":"fr-FR","potentialAction":[{"@type":"CommentAction","name":"Comment","target":["https:\/\/lavoixdelanation.tg\/index.php\/2025\/11\/24\/togo-le-cfel-livre-les-strategies-et-outils-pour-batir-une-organisation-performante-et-durable\/#respond"]}]},{"@type":"WebPage","@id":"https:\/\/lavoixdelanation.tg\/index.php\/2025\/11\/24\/togo-le-cfel-livre-les-strategies-et-outils-pour-batir-une-organisation-performante-et-durable\/","url":"https:\/\/lavoixdelanation.tg\/index.php\/2025\/11\/24\/togo-le-cfel-livre-les-strategies-et-outils-pour-batir-une-organisation-performante-et-durable\/","name":"Togo\u00a0: Le CFEL livre les strat\u00e9gies et outils pour b\u00e2tir une organisation performante et durable - La Voix de la Nation","isPartOf":{"@id":"https:\/\/lavoixdelanation.tg\/#website"},"primaryImageOfPage":{"@id":"https:\/\/lavoixdelanation.tg\/index.php\/2025\/11\/24\/togo-le-cfel-livre-les-strategies-et-outils-pour-batir-une-organisation-performante-et-durable\/#primaryimage"},"image":{"@id":"https:\/\/lavoixdelanation.tg\/index.php\/2025\/11\/24\/togo-le-cfel-livre-les-strategies-et-outils-pour-batir-une-organisation-performante-et-durable\/#primaryimage"},"thumbnailUrl":"https:\/\/lavoixdelanation.tg\/wp-content\/uploads\/2025\/11\/Le-CFEL-livre-les-strategies-et-outils-pour-batir-une-organisation-performante-et-durable.jpeg","datePublished":"2025-11-24T08:58:39+00:00","dateModified":"2025-11-25T13:55:02+00:00","breadcrumb":{"@id":"https:\/\/lavoixdelanation.tg\/index.php\/2025\/11\/24\/togo-le-cfel-livre-les-strategies-et-outils-pour-batir-une-organisation-performante-et-durable\/#breadcrumb"},"inLanguage":"fr-FR","potentialAction":[{"@type":"ReadAction","target":["https:\/\/lavoixdelanation.tg\/index.php\/2025\/11\/24\/togo-le-cfel-livre-les-strategies-et-outils-pour-batir-une-organisation-performante-et-durable\/"]}]},{"@type":"ImageObject","inLanguage":"fr-FR","@id":"https:\/\/lavoixdelanation.tg\/index.php\/2025\/11\/24\/togo-le-cfel-livre-les-strategies-et-outils-pour-batir-une-organisation-performante-et-durable\/#primaryimage","url":"https:\/\/lavoixdelanation.tg\/wp-content\/uploads\/2025\/11\/Le-CFEL-livre-les-strategies-et-outils-pour-batir-une-organisation-performante-et-durable.jpeg","contentUrl":"https:\/\/lavoixdelanation.tg\/wp-content\/uploads\/2025\/11\/Le-CFEL-livre-les-strategies-et-outils-pour-batir-une-organisation-performante-et-durable.jpeg","width":889,"height":578},{"@type":"BreadcrumbList","@id":"https:\/\/lavoixdelanation.tg\/index.php\/2025\/11\/24\/togo-le-cfel-livre-les-strategies-et-outils-pour-batir-une-organisation-performante-et-durable\/#breadcrumb","itemListElement":[{"@type":"ListItem","position":1,"name":"Accueil","item":"https:\/\/lavoixdelanation.tg\/"},{"@type":"ListItem","position":2,"name":"Togo\u00a0: Le CFEL livre les strat\u00e9gies et outils pour b\u00e2tir une organisation performante et durable"}]},{"@type":"WebSite","@id":"https:\/\/lavoixdelanation.tg\/#website","url":"https:\/\/lavoixdelanation.tg\/","name":"La Voix de la Nation","description":"R\u00e9c\u00e9piss\u00e9 n\u00b00108\/HAAC\/01-2024\/pl\/P","publisher":{"@id":"https:\/\/lavoixdelanation.tg\/#organization"},"alternateName":"VON","potentialAction":[{"@type":"SearchAction","target":{"@type":"EntryPoint","urlTemplate":"https:\/\/lavoixdelanation.tg\/?s={search_term_string}"},"query-input":{"@type":"PropertyValueSpecification","valueRequired":true,"valueName":"search_term_string"}}],"inLanguage":"fr-FR"},{"@type":"Organization","@id":"https:\/\/lavoixdelanation.tg\/#organization","name":"La Voix de la Nation","url":"https:\/\/lavoixdelanation.tg\/","logo":{"@type":"ImageObject","inLanguage":"fr-FR","@id":"https:\/\/lavoixdelanation.tg\/#\/schema\/logo\/image\/","url":"https:\/\/lavoixdelanation.tg\/wp-content\/uploads\/2024\/12\/lavn-1.png","contentUrl":"https:\/\/lavoixdelanation.tg\/wp-content\/uploads\/2024\/12\/lavn-1.png","width":1024,"height":464,"caption":"La Voix de la Nation"},"image":{"@id":"https:\/\/lavoixdelanation.tg\/#\/schema\/logo\/image\/"},"sameAs":["https:\/\/www.facebook.com\/lavoixdelanation"]},{"@type":"Person","@id":"https:\/\/lavoixdelanation.tg\/#\/schema\/person\/6c489293aa38053673a9e554acb6e224","name":"La voix de la nation","image":{"@type":"ImageObject","inLanguage":"fr-FR","@id":"https:\/\/lavoixdelanation.tg\/#\/schema\/person\/image\/","url":"https:\/\/secure.gravatar.com\/avatar\/8aa135d4bbc794494cecaa8d483f6d6cc1023624868deaff686baed5e727a5a1?s=96&d=mm&r=g","contentUrl":"https:\/\/secure.gravatar.com\/avatar\/8aa135d4bbc794494cecaa8d483f6d6cc1023624868deaff686baed5e727a5a1?s=96&d=mm&r=g","caption":"La voix de la nation"},"sameAs":["https:\/\/lavoixdelanation.tg"],"url":"https:\/\/lavoixdelanation.tg\/index.php\/author\/lavn\/"}]}},"_links":{"self":[{"href":"https:\/\/lavoixdelanation.tg\/index.php\/wp-json\/wp\/v2\/posts\/14843","targetHints":{"allow":["GET"]}}],"collection":[{"href":"https:\/\/lavoixdelanation.tg\/index.php\/wp-json\/wp\/v2\/posts"}],"about":[{"href":"https:\/\/lavoixdelanation.tg\/index.php\/wp-json\/wp\/v2\/types\/post"}],"author":[{"embeddable":true,"href":"https:\/\/lavoixdelanation.tg\/index.php\/wp-json\/wp\/v2\/users\/1"}],"replies":[{"embeddable":true,"href":"https:\/\/lavoixdelanation.tg\/index.php\/wp-json\/wp\/v2\/comments?post=14843"}],"version-history":[{"count":6,"href":"https:\/\/lavoixdelanation.tg\/index.php\/wp-json\/wp\/v2\/posts\/14843\/revisions"}],"predecessor-version":[{"id":14866,"href":"https:\/\/lavoixdelanation.tg\/index.php\/wp-json\/wp\/v2\/posts\/14843\/revisions\/14866"}],"wp:featuredmedia":[{"embeddable":true,"href":"https:\/\/lavoixdelanation.tg\/index.php\/wp-json\/wp\/v2\/media\/14844"}],"wp:attachment":[{"href":"https:\/\/lavoixdelanation.tg\/index.php\/wp-json\/wp\/v2\/media?parent=14843"}],"wp:term":[{"taxonomy":"category","embeddable":true,"href":"https:\/\/lavoixdelanation.tg\/index.php\/wp-json\/wp\/v2\/categories?post=14843"},{"taxonomy":"post_tag","embeddable":true,"href":"https:\/\/lavoixdelanation.tg\/index.php\/wp-json\/wp\/v2\/tags?post=14843"}],"curies":[{"name":"wp","href":"https:\/\/api.w.org\/{rel}","templated":true}]}}