{"id":14827,"date":"2025-11-17T09:00:00","date_gmt":"2025-11-17T08:00:00","guid":{"rendered":"https:\/\/lavoixdelanation.tg\/?p=14827"},"modified":"2025-11-18T00:38:42","modified_gmt":"2025-11-17T23:38:42","slug":"tourisme-de-croisiere-escale-exceptionnelle-du-navire-seven-seas-navigator-a-lome","status":"publish","type":"post","link":"https:\/\/lavoixdelanation.tg\/index.php\/2025\/11\/17\/tourisme-de-croisiere-escale-exceptionnelle-du-navire-seven-seas-navigator-a-lome\/","title":{"rendered":"Tourisme de croisi\u00e8re\u00a0: Escale exceptionnelle du navire \u00ab\u00a0Seven Seas Navigator\u00a0\u00bb \u00e0 Lom\u00e9"},"content":{"rendered":"\n<p><strong>En provenance des \u00c9tats-Unis pour un tourisme de croisi\u00e8re, le navire \u00ab&nbsp;Seven Seas Navigator&nbsp;\u00bb a effectu\u00e9 une escale exceptionnelle ce dimanche 16 novembre 2025 au Port autonome de Lom\u00e9.<\/strong><\/p>\n\n\n\n<p>A bord de ce navire, 557 croisi\u00e9ristes&nbsp;! Ils ont \u00e9t\u00e9 accueillis par le Minist\u00e8re du Tourisme, de la Culture et des Arts, en partenariat avec l\u2019Agence de voyages Alba Travel Service, pour une immersion au c\u0153ur des richesses culturelles et naturelles du Togo.<\/p>\n\n\n\n<p>Au cours de leur s\u00e9jour, les visiteurs ont pu d\u00e9couvrir certaines attractions de la r\u00e9gion maritime, \u00e0 travers des excursions vari\u00e9es, telles que&nbsp;: le march\u00e9 aux f\u00e9tiches d\u2019Akod\u00e9ss\u00e9wa et la maison des esclaves \u00e0 Agbodrafo, puis vivre des exp\u00e9riences culturelles et cultuelles uniques, telles que la travers\u00e9e du Lac Togo en pirogue traditionnelle, la danse Zangb\u00e9to ou encore les rituels du culte Vodou \u00e0 Zangu\u00e9ra, offrant un aper\u00e7u authentique d\u2019un pan du patrimoine togolais.<\/p>\n\n\n\n<figure class=\"wp-block-image size-full\"><img loading=\"lazy\" decoding=\"async\" width=\"800\" height=\"479\" src=\"https:\/\/lavoixdelanation.tg\/wp-content\/uploads\/2025\/11\/Le-navire-Seven-Seas-Navigator-a-Lome-au-Togo.jpg\" alt=\"\" class=\"wp-image-14829\" srcset=\"https:\/\/lavoixdelanation.tg\/wp-content\/uploads\/2025\/11\/Le-navire-Seven-Seas-Navigator-a-Lome-au-Togo.jpg 800w, https:\/\/lavoixdelanation.tg\/wp-content\/uploads\/2025\/11\/Le-navire-Seven-Seas-Navigator-a-Lome-au-Togo-300x180.jpg 300w, https:\/\/lavoixdelanation.tg\/wp-content\/uploads\/2025\/11\/Le-navire-Seven-Seas-Navigator-a-Lome-au-Togo-768x460.jpg 768w\" sizes=\"auto, (max-width: 800px) 100vw, 800px\" \/><\/figure>\n\n\n\n<p>Le Minist\u00e8re du Tourisme, de la Culture et des Arts explique que cette escale marque le cinqui\u00e8me accostage de navires de croisi\u00e8re sur les c\u00f4tes togolaises cette ann\u00e9e, soulignant l\u2019attractivit\u00e9 croissante du Togo comme destination touristique de choix.<\/p>\n\n\n\n<p>Ces visites contribuent non seulement \u00e0 la promotion du pays, mais aussi \u00e0 l\u2019entr\u00e9e de devises, tout en favorisant la valorisation des cultures locales. D\u2019autres escales sont attendues dans les semaines et mois \u00e0 venir, confirmant selon le gouvernement, l\u2019\u00e9lan du tourisme et la mont\u00e9e en puissance du Togo sur la sc\u00e8ne internationale des croisi\u00e8res.<\/p>\n\n\n\n<p><strong>David S.<\/strong><\/p>\n","protected":false},"excerpt":{"rendered":"<p>En provenance des \u00c9tats-Unis pour un tourisme de croisi\u00e8re, le navire \u00ab&nbsp;Seven Seas Navigator&nbsp;\u00bb a effectu\u00e9 une escale exceptionnelle ce dimanche 16 novembre 2025 au Port autonome de Lom\u00e9. A&hellip; <\/p>\n","protected":false},"author":1,"featured_media":14828,"comment_status":"open","ping_status":"closed","sticky":false,"template":"","format":"standard","meta":{"footnotes":""},"categories":[29],"tags":[1109,1108],"class_list":["post-14827","post","type-post","status-publish","format-standard","has-post-thumbnail","hentry","category-societe","tag-seven-seas-navigator","tag-tourisme-de-croisiere"],"yoast_head":"<!-- This site is optimized with the Yoast SEO plugin v26.4 - https:\/\/yoast.com\/wordpress\/plugins\/seo\/ -->\n<title>Tourisme de croisi\u00e8re\u00a0: Escale exceptionnelle du navire \u00ab\u00a0Seven Seas Navigator\u00a0\u00bb \u00e0 Lom\u00e9 - La Voix de la Nation<\/title>\n<meta name=\"robots\" content=\"index, follow, max-snippet:-1, max-image-preview:large, max-video-preview:-1\" \/>\n<link rel=\"canonical\" href=\"https:\/\/lavoixdelanation.tg\/index.php\/2025\/11\/17\/tourisme-de-croisiere-escale-exceptionnelle-du-navire-seven-seas-navigator-a-lome\/\" \/>\n<meta property=\"og:locale\" content=\"fr_FR\" \/>\n<meta property=\"og:type\" content=\"article\" \/>\n<meta property=\"og:title\" content=\"Tourisme de croisi\u00e8re\u00a0: Escale exceptionnelle du navire \u00ab\u00a0Seven Seas Navigator\u00a0\u00bb \u00e0 Lom\u00e9 - La Voix de la Nation\" \/>\n<meta property=\"og:description\" content=\"En provenance des \u00c9tats-Unis pour un tourisme de croisi\u00e8re, le navire \u00ab&nbsp;Seven Seas Navigator&nbsp;\u00bb a effectu\u00e9 une escale exceptionnelle ce dimanche 16 novembre 2025 au Port autonome de Lom\u00e9. A&hellip;\" \/>\n<meta property=\"og:url\" content=\"https:\/\/lavoixdelanation.tg\/index.php\/2025\/11\/17\/tourisme-de-croisiere-escale-exceptionnelle-du-navire-seven-seas-navigator-a-lome\/\" \/>\n<meta property=\"og:site_name\" content=\"La Voix de la Nation\" \/>\n<meta property=\"article:publisher\" content=\"https:\/\/www.facebook.com\/lavoixdelanation\" \/>\n<meta property=\"article:published_time\" content=\"2025-11-17T08:00:00+00:00\" \/>\n<meta property=\"article:modified_time\" content=\"2025-11-17T23:38:42+00:00\" \/>\n<meta property=\"og:image\" content=\"https:\/\/lavoixdelanation.tg\/wp-content\/uploads\/2025\/11\/Escale-du-navire-Seven-Seas-Navigator-a-Lome.jpg\" \/>\n\t<meta property=\"og:image:width\" content=\"1536\" \/>\n\t<meta property=\"og:image:height\" content=\"1023\" \/>\n\t<meta property=\"og:image:type\" content=\"image\/jpeg\" \/>\n<meta name=\"author\" content=\"La voix de la nation\" \/>\n<meta name=\"twitter:card\" content=\"summary_large_image\" \/>\n<meta name=\"twitter:label1\" content=\"\u00c9crit par\" \/>\n\t<meta name=\"twitter:data1\" content=\"La voix de la nation\" \/>\n\t<meta name=\"twitter:label2\" content=\"Dur\u00e9e de lecture estim\u00e9e\" \/>\n\t<meta name=\"twitter:data2\" content=\"2 minutes\" \/>\n<script type=\"application\/ld+json\" class=\"yoast-schema-graph\">{\"@context\":\"https:\/\/schema.org\",\"@graph\":[{\"@type\":\"Article\",\"@id\":\"https:\/\/lavoixdelanation.tg\/index.php\/2025\/11\/17\/tourisme-de-croisiere-escale-exceptionnelle-du-navire-seven-seas-navigator-a-lome\/#article\",\"isPartOf\":{\"@id\":\"https:\/\/lavoixdelanation.tg\/index.php\/2025\/11\/17\/tourisme-de-croisiere-escale-exceptionnelle-du-navire-seven-seas-navigator-a-lome\/\"},\"author\":{\"name\":\"La voix de la nation\",\"@id\":\"https:\/\/lavoixdelanation.tg\/#\/schema\/person\/6c489293aa38053673a9e554acb6e224\"},\"headline\":\"Tourisme de croisi\u00e8re\u00a0: Escale exceptionnelle du navire \u00ab\u00a0Seven Seas Navigator\u00a0\u00bb \u00e0 Lom\u00e9\",\"datePublished\":\"2025-11-17T08:00:00+00:00\",\"dateModified\":\"2025-11-17T23:38:42+00:00\",\"mainEntityOfPage\":{\"@id\":\"https:\/\/lavoixdelanation.tg\/index.php\/2025\/11\/17\/tourisme-de-croisiere-escale-exceptionnelle-du-navire-seven-seas-navigator-a-lome\/\"},\"wordCount\":280,\"commentCount\":0,\"publisher\":{\"@id\":\"https:\/\/lavoixdelanation.tg\/#organization\"},\"image\":{\"@id\":\"https:\/\/lavoixdelanation.tg\/index.php\/2025\/11\/17\/tourisme-de-croisiere-escale-exceptionnelle-du-navire-seven-seas-navigator-a-lome\/#primaryimage\"},\"thumbnailUrl\":\"https:\/\/lavoixdelanation.tg\/wp-content\/uploads\/2025\/11\/Escale-du-navire-Seven-Seas-Navigator-a-Lome.jpg\",\"keywords\":[\"Seven Seas Navigator\",\"Tourisme de croisi\u00e8re\"],\"articleSection\":[\"Soci\u00e9t\u00e9\"],\"inLanguage\":\"fr-FR\",\"potentialAction\":[{\"@type\":\"CommentAction\",\"name\":\"Comment\",\"target\":[\"https:\/\/lavoixdelanation.tg\/index.php\/2025\/11\/17\/tourisme-de-croisiere-escale-exceptionnelle-du-navire-seven-seas-navigator-a-lome\/#respond\"]}]},{\"@type\":\"WebPage\",\"@id\":\"https:\/\/lavoixdelanation.tg\/index.php\/2025\/11\/17\/tourisme-de-croisiere-escale-exceptionnelle-du-navire-seven-seas-navigator-a-lome\/\",\"url\":\"https:\/\/lavoixdelanation.tg\/index.php\/2025\/11\/17\/tourisme-de-croisiere-escale-exceptionnelle-du-navire-seven-seas-navigator-a-lome\/\",\"name\":\"Tourisme de croisi\u00e8re\u00a0: Escale exceptionnelle du navire \u00ab\u00a0Seven Seas Navigator\u00a0\u00bb \u00e0 Lom\u00e9 - La Voix de la Nation\",\"isPartOf\":{\"@id\":\"https:\/\/lavoixdelanation.tg\/#website\"},\"primaryImageOfPage\":{\"@id\":\"https:\/\/lavoixdelanation.tg\/index.php\/2025\/11\/17\/tourisme-de-croisiere-escale-exceptionnelle-du-navire-seven-seas-navigator-a-lome\/#primaryimage\"},\"image\":{\"@id\":\"https:\/\/lavoixdelanation.tg\/index.php\/2025\/11\/17\/tourisme-de-croisiere-escale-exceptionnelle-du-navire-seven-seas-navigator-a-lome\/#primaryimage\"},\"thumbnailUrl\":\"https:\/\/lavoixdelanation.tg\/wp-content\/uploads\/2025\/11\/Escale-du-navire-Seven-Seas-Navigator-a-Lome.jpg\",\"datePublished\":\"2025-11-17T08:00:00+00:00\",\"dateModified\":\"2025-11-17T23:38:42+00:00\",\"breadcrumb\":{\"@id\":\"https:\/\/lavoixdelanation.tg\/index.php\/2025\/11\/17\/tourisme-de-croisiere-escale-exceptionnelle-du-navire-seven-seas-navigator-a-lome\/#breadcrumb\"},\"inLanguage\":\"fr-FR\",\"potentialAction\":[{\"@type\":\"ReadAction\",\"target\":[\"https:\/\/lavoixdelanation.tg\/index.php\/2025\/11\/17\/tourisme-de-croisiere-escale-exceptionnelle-du-navire-seven-seas-navigator-a-lome\/\"]}]},{\"@type\":\"ImageObject\",\"inLanguage\":\"fr-FR\",\"@id\":\"https:\/\/lavoixdelanation.tg\/index.php\/2025\/11\/17\/tourisme-de-croisiere-escale-exceptionnelle-du-navire-seven-seas-navigator-a-lome\/#primaryimage\",\"url\":\"https:\/\/lavoixdelanation.tg\/wp-content\/uploads\/2025\/11\/Escale-du-navire-Seven-Seas-Navigator-a-Lome.jpg\",\"contentUrl\":\"https:\/\/lavoixdelanation.tg\/wp-content\/uploads\/2025\/11\/Escale-du-navire-Seven-Seas-Navigator-a-Lome.jpg\",\"width\":1536,\"height\":1023,\"caption\":\"Escale du navire Seven Seas Navigator \u00e0 Lom\u00e9\"},{\"@type\":\"BreadcrumbList\",\"@id\":\"https:\/\/lavoixdelanation.tg\/index.php\/2025\/11\/17\/tourisme-de-croisiere-escale-exceptionnelle-du-navire-seven-seas-navigator-a-lome\/#breadcrumb\",\"itemListElement\":[{\"@type\":\"ListItem\",\"position\":1,\"name\":\"Accueil\",\"item\":\"https:\/\/lavoixdelanation.tg\/\"},{\"@type\":\"ListItem\",\"position\":2,\"name\":\"Tourisme de croisi\u00e8re\u00a0: Escale exceptionnelle du navire \u00ab\u00a0Seven Seas Navigator\u00a0\u00bb \u00e0 Lom\u00e9\"}]},{\"@type\":\"WebSite\",\"@id\":\"https:\/\/lavoixdelanation.tg\/#website\",\"url\":\"https:\/\/lavoixdelanation.tg\/\",\"name\":\"La Voix de la Nation\",\"description\":\"R\u00e9c\u00e9piss\u00e9 n\u00b00108\/HAAC\/01-2024\/pl\/P\",\"publisher\":{\"@id\":\"https:\/\/lavoixdelanation.tg\/#organization\"},\"alternateName\":\"VON\",\"potentialAction\":[{\"@type\":\"SearchAction\",\"target\":{\"@type\":\"EntryPoint\",\"urlTemplate\":\"https:\/\/lavoixdelanation.tg\/?s={search_term_string}\"},\"query-input\":{\"@type\":\"PropertyValueSpecification\",\"valueRequired\":true,\"valueName\":\"search_term_string\"}}],\"inLanguage\":\"fr-FR\"},{\"@type\":\"Organization\",\"@id\":\"https:\/\/lavoixdelanation.tg\/#organization\",\"name\":\"La Voix de la Nation\",\"url\":\"https:\/\/lavoixdelanation.tg\/\",\"logo\":{\"@type\":\"ImageObject\",\"inLanguage\":\"fr-FR\",\"@id\":\"https:\/\/lavoixdelanation.tg\/#\/schema\/logo\/image\/\",\"url\":\"https:\/\/lavoixdelanation.tg\/wp-content\/uploads\/2024\/12\/lavn-1.png\",\"contentUrl\":\"https:\/\/lavoixdelanation.tg\/wp-content\/uploads\/2024\/12\/lavn-1.png\",\"width\":1024,\"height\":464,\"caption\":\"La Voix de la Nation\"},\"image\":{\"@id\":\"https:\/\/lavoixdelanation.tg\/#\/schema\/logo\/image\/\"},\"sameAs\":[\"https:\/\/www.facebook.com\/lavoixdelanation\"]},{\"@type\":\"Person\",\"@id\":\"https:\/\/lavoixdelanation.tg\/#\/schema\/person\/6c489293aa38053673a9e554acb6e224\",\"name\":\"La voix de la nation\",\"image\":{\"@type\":\"ImageObject\",\"inLanguage\":\"fr-FR\",\"@id\":\"https:\/\/lavoixdelanation.tg\/#\/schema\/person\/image\/\",\"url\":\"https:\/\/secure.gravatar.com\/avatar\/8aa135d4bbc794494cecaa8d483f6d6cc1023624868deaff686baed5e727a5a1?s=96&d=mm&r=g\",\"contentUrl\":\"https:\/\/secure.gravatar.com\/avatar\/8aa135d4bbc794494cecaa8d483f6d6cc1023624868deaff686baed5e727a5a1?s=96&d=mm&r=g\",\"caption\":\"La voix de la nation\"},\"sameAs\":[\"https:\/\/lavoixdelanation.tg\"],\"url\":\"https:\/\/lavoixdelanation.tg\/index.php\/author\/lavn\/\"}]}<\/script>\n<!-- \/ Yoast SEO plugin. -->","yoast_head_json":{"title":"Tourisme de croisi\u00e8re\u00a0: Escale exceptionnelle du navire \u00ab\u00a0Seven Seas Navigator\u00a0\u00bb \u00e0 Lom\u00e9 - La Voix de la Nation","robots":{"index":"index","follow":"follow","max-snippet":"max-snippet:-1","max-image-preview":"max-image-preview:large","max-video-preview":"max-video-preview:-1"},"canonical":"https:\/\/lavoixdelanation.tg\/index.php\/2025\/11\/17\/tourisme-de-croisiere-escale-exceptionnelle-du-navire-seven-seas-navigator-a-lome\/","og_locale":"fr_FR","og_type":"article","og_title":"Tourisme de croisi\u00e8re\u00a0: Escale exceptionnelle du navire \u00ab\u00a0Seven Seas Navigator\u00a0\u00bb \u00e0 Lom\u00e9 - La Voix de la Nation","og_description":"En provenance des \u00c9tats-Unis pour un tourisme de croisi\u00e8re, le navire \u00ab&nbsp;Seven Seas Navigator&nbsp;\u00bb a effectu\u00e9 une escale exceptionnelle ce dimanche 16 novembre 2025 au Port autonome de Lom\u00e9. A&hellip;","og_url":"https:\/\/lavoixdelanation.tg\/index.php\/2025\/11\/17\/tourisme-de-croisiere-escale-exceptionnelle-du-navire-seven-seas-navigator-a-lome\/","og_site_name":"La Voix de la Nation","article_publisher":"https:\/\/www.facebook.com\/lavoixdelanation","article_published_time":"2025-11-17T08:00:00+00:00","article_modified_time":"2025-11-17T23:38:42+00:00","og_image":[{"width":1536,"height":1023,"url":"https:\/\/lavoixdelanation.tg\/wp-content\/uploads\/2025\/11\/Escale-du-navire-Seven-Seas-Navigator-a-Lome.jpg","type":"image\/jpeg"}],"author":"La voix de la nation","twitter_card":"summary_large_image","twitter_misc":{"\u00c9crit par":"La voix de la nation","Dur\u00e9e de lecture estim\u00e9e":"2 minutes"},"schema":{"@context":"https:\/\/schema.org","@graph":[{"@type":"Article","@id":"https:\/\/lavoixdelanation.tg\/index.php\/2025\/11\/17\/tourisme-de-croisiere-escale-exceptionnelle-du-navire-seven-seas-navigator-a-lome\/#article","isPartOf":{"@id":"https:\/\/lavoixdelanation.tg\/index.php\/2025\/11\/17\/tourisme-de-croisiere-escale-exceptionnelle-du-navire-seven-seas-navigator-a-lome\/"},"author":{"name":"La voix de la nation","@id":"https:\/\/lavoixdelanation.tg\/#\/schema\/person\/6c489293aa38053673a9e554acb6e224"},"headline":"Tourisme de croisi\u00e8re\u00a0: Escale exceptionnelle du navire \u00ab\u00a0Seven Seas Navigator\u00a0\u00bb \u00e0 Lom\u00e9","datePublished":"2025-11-17T08:00:00+00:00","dateModified":"2025-11-17T23:38:42+00:00","mainEntityOfPage":{"@id":"https:\/\/lavoixdelanation.tg\/index.php\/2025\/11\/17\/tourisme-de-croisiere-escale-exceptionnelle-du-navire-seven-seas-navigator-a-lome\/"},"wordCount":280,"commentCount":0,"publisher":{"@id":"https:\/\/lavoixdelanation.tg\/#organization"},"image":{"@id":"https:\/\/lavoixdelanation.tg\/index.php\/2025\/11\/17\/tourisme-de-croisiere-escale-exceptionnelle-du-navire-seven-seas-navigator-a-lome\/#primaryimage"},"thumbnailUrl":"https:\/\/lavoixdelanation.tg\/wp-content\/uploads\/2025\/11\/Escale-du-navire-Seven-Seas-Navigator-a-Lome.jpg","keywords":["Seven Seas Navigator","Tourisme de croisi\u00e8re"],"articleSection":["Soci\u00e9t\u00e9"],"inLanguage":"fr-FR","potentialAction":[{"@type":"CommentAction","name":"Comment","target":["https:\/\/lavoixdelanation.tg\/index.php\/2025\/11\/17\/tourisme-de-croisiere-escale-exceptionnelle-du-navire-seven-seas-navigator-a-lome\/#respond"]}]},{"@type":"WebPage","@id":"https:\/\/lavoixdelanation.tg\/index.php\/2025\/11\/17\/tourisme-de-croisiere-escale-exceptionnelle-du-navire-seven-seas-navigator-a-lome\/","url":"https:\/\/lavoixdelanation.tg\/index.php\/2025\/11\/17\/tourisme-de-croisiere-escale-exceptionnelle-du-navire-seven-seas-navigator-a-lome\/","name":"Tourisme de croisi\u00e8re\u00a0: Escale exceptionnelle du navire \u00ab\u00a0Seven Seas Navigator\u00a0\u00bb \u00e0 Lom\u00e9 - La Voix de la Nation","isPartOf":{"@id":"https:\/\/lavoixdelanation.tg\/#website"},"primaryImageOfPage":{"@id":"https:\/\/lavoixdelanation.tg\/index.php\/2025\/11\/17\/tourisme-de-croisiere-escale-exceptionnelle-du-navire-seven-seas-navigator-a-lome\/#primaryimage"},"image":{"@id":"https:\/\/lavoixdelanation.tg\/index.php\/2025\/11\/17\/tourisme-de-croisiere-escale-exceptionnelle-du-navire-seven-seas-navigator-a-lome\/#primaryimage"},"thumbnailUrl":"https:\/\/lavoixdelanation.tg\/wp-content\/uploads\/2025\/11\/Escale-du-navire-Seven-Seas-Navigator-a-Lome.jpg","datePublished":"2025-11-17T08:00:00+00:00","dateModified":"2025-11-17T23:38:42+00:00","breadcrumb":{"@id":"https:\/\/lavoixdelanation.tg\/index.php\/2025\/11\/17\/tourisme-de-croisiere-escale-exceptionnelle-du-navire-seven-seas-navigator-a-lome\/#breadcrumb"},"inLanguage":"fr-FR","potentialAction":[{"@type":"ReadAction","target":["https:\/\/lavoixdelanation.tg\/index.php\/2025\/11\/17\/tourisme-de-croisiere-escale-exceptionnelle-du-navire-seven-seas-navigator-a-lome\/"]}]},{"@type":"ImageObject","inLanguage":"fr-FR","@id":"https:\/\/lavoixdelanation.tg\/index.php\/2025\/11\/17\/tourisme-de-croisiere-escale-exceptionnelle-du-navire-seven-seas-navigator-a-lome\/#primaryimage","url":"https:\/\/lavoixdelanation.tg\/wp-content\/uploads\/2025\/11\/Escale-du-navire-Seven-Seas-Navigator-a-Lome.jpg","contentUrl":"https:\/\/lavoixdelanation.tg\/wp-content\/uploads\/2025\/11\/Escale-du-navire-Seven-Seas-Navigator-a-Lome.jpg","width":1536,"height":1023,"caption":"Escale du navire Seven Seas Navigator \u00e0 Lom\u00e9"},{"@type":"BreadcrumbList","@id":"https:\/\/lavoixdelanation.tg\/index.php\/2025\/11\/17\/tourisme-de-croisiere-escale-exceptionnelle-du-navire-seven-seas-navigator-a-lome\/#breadcrumb","itemListElement":[{"@type":"ListItem","position":1,"name":"Accueil","item":"https:\/\/lavoixdelanation.tg\/"},{"@type":"ListItem","position":2,"name":"Tourisme de croisi\u00e8re\u00a0: Escale exceptionnelle du navire \u00ab\u00a0Seven Seas Navigator\u00a0\u00bb \u00e0 Lom\u00e9"}]},{"@type":"WebSite","@id":"https:\/\/lavoixdelanation.tg\/#website","url":"https:\/\/lavoixdelanation.tg\/","name":"La Voix de la Nation","description":"R\u00e9c\u00e9piss\u00e9 n\u00b00108\/HAAC\/01-2024\/pl\/P","publisher":{"@id":"https:\/\/lavoixdelanation.tg\/#organization"},"alternateName":"VON","potentialAction":[{"@type":"SearchAction","target":{"@type":"EntryPoint","urlTemplate":"https:\/\/lavoixdelanation.tg\/?s={search_term_string}"},"query-input":{"@type":"PropertyValueSpecification","valueRequired":true,"valueName":"search_term_string"}}],"inLanguage":"fr-FR"},{"@type":"Organization","@id":"https:\/\/lavoixdelanation.tg\/#organization","name":"La Voix de la Nation","url":"https:\/\/lavoixdelanation.tg\/","logo":{"@type":"ImageObject","inLanguage":"fr-FR","@id":"https:\/\/lavoixdelanation.tg\/#\/schema\/logo\/image\/","url":"https:\/\/lavoixdelanation.tg\/wp-content\/uploads\/2024\/12\/lavn-1.png","contentUrl":"https:\/\/lavoixdelanation.tg\/wp-content\/uploads\/2024\/12\/lavn-1.png","width":1024,"height":464,"caption":"La Voix de la Nation"},"image":{"@id":"https:\/\/lavoixdelanation.tg\/#\/schema\/logo\/image\/"},"sameAs":["https:\/\/www.facebook.com\/lavoixdelanation"]},{"@type":"Person","@id":"https:\/\/lavoixdelanation.tg\/#\/schema\/person\/6c489293aa38053673a9e554acb6e224","name":"La voix de la nation","image":{"@type":"ImageObject","inLanguage":"fr-FR","@id":"https:\/\/lavoixdelanation.tg\/#\/schema\/person\/image\/","url":"https:\/\/secure.gravatar.com\/avatar\/8aa135d4bbc794494cecaa8d483f6d6cc1023624868deaff686baed5e727a5a1?s=96&d=mm&r=g","contentUrl":"https:\/\/secure.gravatar.com\/avatar\/8aa135d4bbc794494cecaa8d483f6d6cc1023624868deaff686baed5e727a5a1?s=96&d=mm&r=g","caption":"La voix de la nation"},"sameAs":["https:\/\/lavoixdelanation.tg"],"url":"https:\/\/lavoixdelanation.tg\/index.php\/author\/lavn\/"}]}},"_links":{"self":[{"href":"https:\/\/lavoixdelanation.tg\/index.php\/wp-json\/wp\/v2\/posts\/14827","targetHints":{"allow":["GET"]}}],"collection":[{"href":"https:\/\/lavoixdelanation.tg\/index.php\/wp-json\/wp\/v2\/posts"}],"about":[{"href":"https:\/\/lavoixdelanation.tg\/index.php\/wp-json\/wp\/v2\/types\/post"}],"author":[{"embeddable":true,"href":"https:\/\/lavoixdelanation.tg\/index.php\/wp-json\/wp\/v2\/users\/1"}],"replies":[{"embeddable":true,"href":"https:\/\/lavoixdelanation.tg\/index.php\/wp-json\/wp\/v2\/comments?post=14827"}],"version-history":[{"count":1,"href":"https:\/\/lavoixdelanation.tg\/index.php\/wp-json\/wp\/v2\/posts\/14827\/revisions"}],"predecessor-version":[{"id":14830,"href":"https:\/\/lavoixdelanation.tg\/index.php\/wp-json\/wp\/v2\/posts\/14827\/revisions\/14830"}],"wp:featuredmedia":[{"embeddable":true,"href":"https:\/\/lavoixdelanation.tg\/index.php\/wp-json\/wp\/v2\/media\/14828"}],"wp:attachment":[{"href":"https:\/\/lavoixdelanation.tg\/index.php\/wp-json\/wp\/v2\/media?parent=14827"}],"wp:term":[{"taxonomy":"category","embeddable":true,"href":"https:\/\/lavoixdelanation.tg\/index.php\/wp-json\/wp\/v2\/categories?post=14827"},{"taxonomy":"post_tag","embeddable":true,"href":"https:\/\/lavoixdelanation.tg\/index.php\/wp-json\/wp\/v2\/tags?post=14827"}],"curies":[{"name":"wp","href":"https:\/\/api.w.org\/{rel}","templated":true}]}}