{"id":14823,"date":"2025-11-17T14:15:00","date_gmt":"2025-11-17T13:15:00","guid":{"rendered":"https:\/\/lavoixdelanation.tg\/?p=14823"},"modified":"2025-11-18T00:27:10","modified_gmt":"2025-11-17T23:27:10","slug":"le-togo-se-dote-dun-observatoire-national-du-numerique","status":"publish","type":"post","link":"https:\/\/lavoixdelanation.tg\/index.php\/2025\/11\/17\/le-togo-se-dote-dun-observatoire-national-du-numerique\/","title":{"rendered":"Le Togo se dote d\u2019un Observatoire National du Num\u00e9rique"},"content":{"rendered":"\n<p><strong>Dans le cadre de la modernisation de l\u2019action publique et du pilotage optimal de ses projets de digitalisation, le Togo se dote d\u2019un outil national de pilotage du num\u00e9rique : il s\u2019agit de <a href=\"https:\/\/observatoire.numerique.gouv.tg\/\">l\u2019Observatoire National du Num\u00e9rique<\/a> (0NN).<\/strong><\/p>\n\n\n\n<p>Con\u00e7u pour offrir une lecture pr\u00e9cise et actualis\u00e9e de l\u2019\u00e9cosyst\u00e8me num\u00e9rique, cet outil rassemble les donn\u00e9es essentielles du secteur et propose des analyses permettant d\u2019appr\u00e9cier l\u2019impact des initiatives num\u00e9riques au niveau national.<\/p>\n\n\n\n<p>D\u00e9velopp\u00e9 en collaboration avec la GIZ, l\u2019Observatoire contribue au renforcement de la transparence, du suivi et de la performance des politiques publiques en mati\u00e8re de transformation digitale.<\/p>\n\n\n\n<p>L\u2019initiative port\u00e9e par le Minist\u00e8re de l\u2019Efficacit\u00e9 du Service Public et de la Transformation Num\u00e9rique (MESPTN), se pr\u00e9sente comme un instrument strat\u00e9gique de veille, d\u2019analyse et de pilotage de l\u2019\u00e9cosyst\u00e8me num\u00e9rique, mis en place pour aider les acteurs publics et priv\u00e9s, ainsi que la soci\u00e9t\u00e9 civile dans la prise de d\u00e9cisions \u00e9clair\u00e9es et fond\u00e9es sur les donn\u00e9es.<\/p>\n\n\n\n<p><a href=\"https:\/\/observatoire.numerique.gouv.tg\/\">L\u2019Observatoire National du Num\u00e9rique<\/a> collecte, traite et diffuse des donn\u00e9es fiables, actualis\u00e9es et exploitables aux niveaux national et international sur l\u2019\u00e9volution du num\u00e9rique au Togo, dans le but de renforcer le suivi, la transparence, et la performance des politiques publiques.<\/p>\n\n\n\n<figure class=\"wp-block-image size-large\"><img loading=\"lazy\" decoding=\"async\" width=\"1024\" height=\"1024\" src=\"https:\/\/lavoixdelanation.tg\/wp-content\/uploads\/2025\/11\/LObservatoire-National-du-Numerique-du-Togo-1024x1024.jpg\" alt=\"\" class=\"wp-image-14825\" srcset=\"https:\/\/lavoixdelanation.tg\/wp-content\/uploads\/2025\/11\/LObservatoire-National-du-Numerique-du-Togo-1024x1024.jpg 1024w, https:\/\/lavoixdelanation.tg\/wp-content\/uploads\/2025\/11\/LObservatoire-National-du-Numerique-du-Togo-300x300.jpg 300w, https:\/\/lavoixdelanation.tg\/wp-content\/uploads\/2025\/11\/LObservatoire-National-du-Numerique-du-Togo-150x150.jpg 150w, https:\/\/lavoixdelanation.tg\/wp-content\/uploads\/2025\/11\/LObservatoire-National-du-Numerique-du-Togo-768x768.jpg 768w, https:\/\/lavoixdelanation.tg\/wp-content\/uploads\/2025\/11\/LObservatoire-National-du-Numerique-du-Togo.jpg 1080w\" sizes=\"auto, (max-width: 1024px) 100vw, 1024px\" \/><\/figure>\n\n\n\n<p><\/p>\n","protected":false},"excerpt":{"rendered":"<p>Dans le cadre de la modernisation de l\u2019action publique et du pilotage optimal de ses projets de digitalisation, le Togo se dote d\u2019un outil national de pilotage du num\u00e9rique :&hellip; <\/p>\n","protected":false},"author":1,"featured_media":14824,"comment_status":"open","ping_status":"closed","sticky":false,"template":"","format":"standard","meta":{"footnotes":""},"categories":[29,36],"tags":[],"class_list":["post-14823","post","type-post","status-publish","format-standard","has-post-thumbnail","hentry","category-societe","category-tech"],"yoast_head":"<!-- This site is optimized with the Yoast SEO plugin v26.4 - https:\/\/yoast.com\/wordpress\/plugins\/seo\/ -->\n<title>Le Togo se dote d\u2019un Observatoire National du Num\u00e9rique - La Voix de la Nation<\/title>\n<meta name=\"robots\" content=\"index, follow, max-snippet:-1, max-image-preview:large, max-video-preview:-1\" \/>\n<link rel=\"canonical\" href=\"https:\/\/lavoixdelanation.tg\/index.php\/2025\/11\/17\/le-togo-se-dote-dun-observatoire-national-du-numerique\/\" \/>\n<meta property=\"og:locale\" content=\"fr_FR\" \/>\n<meta property=\"og:type\" content=\"article\" \/>\n<meta property=\"og:title\" content=\"Le Togo se dote d\u2019un Observatoire National du Num\u00e9rique - La Voix de la Nation\" \/>\n<meta property=\"og:description\" content=\"Dans le cadre de la modernisation de l\u2019action publique et du pilotage optimal de ses projets de digitalisation, le Togo se dote d\u2019un outil national de pilotage du num\u00e9rique :&hellip;\" \/>\n<meta property=\"og:url\" content=\"https:\/\/lavoixdelanation.tg\/index.php\/2025\/11\/17\/le-togo-se-dote-dun-observatoire-national-du-numerique\/\" \/>\n<meta property=\"og:site_name\" content=\"La Voix de la Nation\" \/>\n<meta property=\"article:publisher\" content=\"https:\/\/www.facebook.com\/lavoixdelanation\" \/>\n<meta property=\"article:published_time\" content=\"2025-11-17T13:15:00+00:00\" \/>\n<meta property=\"article:modified_time\" content=\"2025-11-17T23:27:10+00:00\" \/>\n<meta property=\"og:image\" content=\"https:\/\/lavoixdelanation.tg\/wp-content\/uploads\/2025\/11\/Observatoire-National-du-Numerique-au-Togo.png\" \/>\n\t<meta property=\"og:image:width\" content=\"1077\" \/>\n\t<meta property=\"og:image:height\" content=\"812\" \/>\n\t<meta property=\"og:image:type\" content=\"image\/png\" \/>\n<meta name=\"author\" content=\"La voix de la nation\" \/>\n<meta name=\"twitter:card\" content=\"summary_large_image\" \/>\n<meta name=\"twitter:label1\" content=\"\u00c9crit par\" \/>\n\t<meta name=\"twitter:data1\" content=\"La voix de la nation\" \/>\n\t<meta name=\"twitter:label2\" content=\"Dur\u00e9e de lecture estim\u00e9e\" \/>\n\t<meta name=\"twitter:data2\" content=\"2 minutes\" \/>\n<script type=\"application\/ld+json\" class=\"yoast-schema-graph\">{\"@context\":\"https:\/\/schema.org\",\"@graph\":[{\"@type\":\"Article\",\"@id\":\"https:\/\/lavoixdelanation.tg\/index.php\/2025\/11\/17\/le-togo-se-dote-dun-observatoire-national-du-numerique\/#article\",\"isPartOf\":{\"@id\":\"https:\/\/lavoixdelanation.tg\/index.php\/2025\/11\/17\/le-togo-se-dote-dun-observatoire-national-du-numerique\/\"},\"author\":{\"name\":\"La voix de la nation\",\"@id\":\"https:\/\/lavoixdelanation.tg\/#\/schema\/person\/6c489293aa38053673a9e554acb6e224\"},\"headline\":\"Le Togo se dote d\u2019un Observatoire National du Num\u00e9rique\",\"datePublished\":\"2025-11-17T13:15:00+00:00\",\"dateModified\":\"2025-11-17T23:27:10+00:00\",\"mainEntityOfPage\":{\"@id\":\"https:\/\/lavoixdelanation.tg\/index.php\/2025\/11\/17\/le-togo-se-dote-dun-observatoire-national-du-numerique\/\"},\"wordCount\":247,\"commentCount\":0,\"publisher\":{\"@id\":\"https:\/\/lavoixdelanation.tg\/#organization\"},\"image\":{\"@id\":\"https:\/\/lavoixdelanation.tg\/index.php\/2025\/11\/17\/le-togo-se-dote-dun-observatoire-national-du-numerique\/#primaryimage\"},\"thumbnailUrl\":\"https:\/\/lavoixdelanation.tg\/wp-content\/uploads\/2025\/11\/Observatoire-National-du-Numerique-au-Togo.png\",\"articleSection\":[\"Soci\u00e9t\u00e9\",\"Tech\"],\"inLanguage\":\"fr-FR\",\"potentialAction\":[{\"@type\":\"CommentAction\",\"name\":\"Comment\",\"target\":[\"https:\/\/lavoixdelanation.tg\/index.php\/2025\/11\/17\/le-togo-se-dote-dun-observatoire-national-du-numerique\/#respond\"]}]},{\"@type\":\"WebPage\",\"@id\":\"https:\/\/lavoixdelanation.tg\/index.php\/2025\/11\/17\/le-togo-se-dote-dun-observatoire-national-du-numerique\/\",\"url\":\"https:\/\/lavoixdelanation.tg\/index.php\/2025\/11\/17\/le-togo-se-dote-dun-observatoire-national-du-numerique\/\",\"name\":\"Le Togo se dote d\u2019un Observatoire National du Num\u00e9rique - La Voix de la Nation\",\"isPartOf\":{\"@id\":\"https:\/\/lavoixdelanation.tg\/#website\"},\"primaryImageOfPage\":{\"@id\":\"https:\/\/lavoixdelanation.tg\/index.php\/2025\/11\/17\/le-togo-se-dote-dun-observatoire-national-du-numerique\/#primaryimage\"},\"image\":{\"@id\":\"https:\/\/lavoixdelanation.tg\/index.php\/2025\/11\/17\/le-togo-se-dote-dun-observatoire-national-du-numerique\/#primaryimage\"},\"thumbnailUrl\":\"https:\/\/lavoixdelanation.tg\/wp-content\/uploads\/2025\/11\/Observatoire-National-du-Numerique-au-Togo.png\",\"datePublished\":\"2025-11-17T13:15:00+00:00\",\"dateModified\":\"2025-11-17T23:27:10+00:00\",\"breadcrumb\":{\"@id\":\"https:\/\/lavoixdelanation.tg\/index.php\/2025\/11\/17\/le-togo-se-dote-dun-observatoire-national-du-numerique\/#breadcrumb\"},\"inLanguage\":\"fr-FR\",\"potentialAction\":[{\"@type\":\"ReadAction\",\"target\":[\"https:\/\/lavoixdelanation.tg\/index.php\/2025\/11\/17\/le-togo-se-dote-dun-observatoire-national-du-numerique\/\"]}]},{\"@type\":\"ImageObject\",\"inLanguage\":\"fr-FR\",\"@id\":\"https:\/\/lavoixdelanation.tg\/index.php\/2025\/11\/17\/le-togo-se-dote-dun-observatoire-national-du-numerique\/#primaryimage\",\"url\":\"https:\/\/lavoixdelanation.tg\/wp-content\/uploads\/2025\/11\/Observatoire-National-du-Numerique-au-Togo.png\",\"contentUrl\":\"https:\/\/lavoixdelanation.tg\/wp-content\/uploads\/2025\/11\/Observatoire-National-du-Numerique-au-Togo.png\",\"width\":1077,\"height\":812},{\"@type\":\"BreadcrumbList\",\"@id\":\"https:\/\/lavoixdelanation.tg\/index.php\/2025\/11\/17\/le-togo-se-dote-dun-observatoire-national-du-numerique\/#breadcrumb\",\"itemListElement\":[{\"@type\":\"ListItem\",\"position\":1,\"name\":\"Accueil\",\"item\":\"https:\/\/lavoixdelanation.tg\/\"},{\"@type\":\"ListItem\",\"position\":2,\"name\":\"Le Togo se dote d\u2019un Observatoire National du Num\u00e9rique\"}]},{\"@type\":\"WebSite\",\"@id\":\"https:\/\/lavoixdelanation.tg\/#website\",\"url\":\"https:\/\/lavoixdelanation.tg\/\",\"name\":\"La Voix de la Nation\",\"description\":\"R\u00e9c\u00e9piss\u00e9 n\u00b00108\/HAAC\/01-2024\/pl\/P\",\"publisher\":{\"@id\":\"https:\/\/lavoixdelanation.tg\/#organization\"},\"alternateName\":\"VON\",\"potentialAction\":[{\"@type\":\"SearchAction\",\"target\":{\"@type\":\"EntryPoint\",\"urlTemplate\":\"https:\/\/lavoixdelanation.tg\/?s={search_term_string}\"},\"query-input\":{\"@type\":\"PropertyValueSpecification\",\"valueRequired\":true,\"valueName\":\"search_term_string\"}}],\"inLanguage\":\"fr-FR\"},{\"@type\":\"Organization\",\"@id\":\"https:\/\/lavoixdelanation.tg\/#organization\",\"name\":\"La Voix de la Nation\",\"url\":\"https:\/\/lavoixdelanation.tg\/\",\"logo\":{\"@type\":\"ImageObject\",\"inLanguage\":\"fr-FR\",\"@id\":\"https:\/\/lavoixdelanation.tg\/#\/schema\/logo\/image\/\",\"url\":\"https:\/\/lavoixdelanation.tg\/wp-content\/uploads\/2024\/12\/lavn-1.png\",\"contentUrl\":\"https:\/\/lavoixdelanation.tg\/wp-content\/uploads\/2024\/12\/lavn-1.png\",\"width\":1024,\"height\":464,\"caption\":\"La Voix de la Nation\"},\"image\":{\"@id\":\"https:\/\/lavoixdelanation.tg\/#\/schema\/logo\/image\/\"},\"sameAs\":[\"https:\/\/www.facebook.com\/lavoixdelanation\"]},{\"@type\":\"Person\",\"@id\":\"https:\/\/lavoixdelanation.tg\/#\/schema\/person\/6c489293aa38053673a9e554acb6e224\",\"name\":\"La voix de la nation\",\"image\":{\"@type\":\"ImageObject\",\"inLanguage\":\"fr-FR\",\"@id\":\"https:\/\/lavoixdelanation.tg\/#\/schema\/person\/image\/\",\"url\":\"https:\/\/secure.gravatar.com\/avatar\/8aa135d4bbc794494cecaa8d483f6d6cc1023624868deaff686baed5e727a5a1?s=96&d=mm&r=g\",\"contentUrl\":\"https:\/\/secure.gravatar.com\/avatar\/8aa135d4bbc794494cecaa8d483f6d6cc1023624868deaff686baed5e727a5a1?s=96&d=mm&r=g\",\"caption\":\"La voix de la nation\"},\"sameAs\":[\"https:\/\/lavoixdelanation.tg\"],\"url\":\"https:\/\/lavoixdelanation.tg\/index.php\/author\/lavn\/\"}]}<\/script>\n<!-- \/ Yoast SEO plugin. -->","yoast_head_json":{"title":"Le Togo se dote d\u2019un Observatoire National du Num\u00e9rique - La Voix de la Nation","robots":{"index":"index","follow":"follow","max-snippet":"max-snippet:-1","max-image-preview":"max-image-preview:large","max-video-preview":"max-video-preview:-1"},"canonical":"https:\/\/lavoixdelanation.tg\/index.php\/2025\/11\/17\/le-togo-se-dote-dun-observatoire-national-du-numerique\/","og_locale":"fr_FR","og_type":"article","og_title":"Le Togo se dote d\u2019un Observatoire National du Num\u00e9rique - La Voix de la Nation","og_description":"Dans le cadre de la modernisation de l\u2019action publique et du pilotage optimal de ses projets de digitalisation, le Togo se dote d\u2019un outil national de pilotage du num\u00e9rique :&hellip;","og_url":"https:\/\/lavoixdelanation.tg\/index.php\/2025\/11\/17\/le-togo-se-dote-dun-observatoire-national-du-numerique\/","og_site_name":"La Voix de la Nation","article_publisher":"https:\/\/www.facebook.com\/lavoixdelanation","article_published_time":"2025-11-17T13:15:00+00:00","article_modified_time":"2025-11-17T23:27:10+00:00","og_image":[{"width":1077,"height":812,"url":"https:\/\/lavoixdelanation.tg\/wp-content\/uploads\/2025\/11\/Observatoire-National-du-Numerique-au-Togo.png","type":"image\/png"}],"author":"La voix de la nation","twitter_card":"summary_large_image","twitter_misc":{"\u00c9crit par":"La voix de la nation","Dur\u00e9e de lecture estim\u00e9e":"2 minutes"},"schema":{"@context":"https:\/\/schema.org","@graph":[{"@type":"Article","@id":"https:\/\/lavoixdelanation.tg\/index.php\/2025\/11\/17\/le-togo-se-dote-dun-observatoire-national-du-numerique\/#article","isPartOf":{"@id":"https:\/\/lavoixdelanation.tg\/index.php\/2025\/11\/17\/le-togo-se-dote-dun-observatoire-national-du-numerique\/"},"author":{"name":"La voix de la nation","@id":"https:\/\/lavoixdelanation.tg\/#\/schema\/person\/6c489293aa38053673a9e554acb6e224"},"headline":"Le Togo se dote d\u2019un Observatoire National du Num\u00e9rique","datePublished":"2025-11-17T13:15:00+00:00","dateModified":"2025-11-17T23:27:10+00:00","mainEntityOfPage":{"@id":"https:\/\/lavoixdelanation.tg\/index.php\/2025\/11\/17\/le-togo-se-dote-dun-observatoire-national-du-numerique\/"},"wordCount":247,"commentCount":0,"publisher":{"@id":"https:\/\/lavoixdelanation.tg\/#organization"},"image":{"@id":"https:\/\/lavoixdelanation.tg\/index.php\/2025\/11\/17\/le-togo-se-dote-dun-observatoire-national-du-numerique\/#primaryimage"},"thumbnailUrl":"https:\/\/lavoixdelanation.tg\/wp-content\/uploads\/2025\/11\/Observatoire-National-du-Numerique-au-Togo.png","articleSection":["Soci\u00e9t\u00e9","Tech"],"inLanguage":"fr-FR","potentialAction":[{"@type":"CommentAction","name":"Comment","target":["https:\/\/lavoixdelanation.tg\/index.php\/2025\/11\/17\/le-togo-se-dote-dun-observatoire-national-du-numerique\/#respond"]}]},{"@type":"WebPage","@id":"https:\/\/lavoixdelanation.tg\/index.php\/2025\/11\/17\/le-togo-se-dote-dun-observatoire-national-du-numerique\/","url":"https:\/\/lavoixdelanation.tg\/index.php\/2025\/11\/17\/le-togo-se-dote-dun-observatoire-national-du-numerique\/","name":"Le Togo se dote d\u2019un Observatoire National du Num\u00e9rique - La Voix de la Nation","isPartOf":{"@id":"https:\/\/lavoixdelanation.tg\/#website"},"primaryImageOfPage":{"@id":"https:\/\/lavoixdelanation.tg\/index.php\/2025\/11\/17\/le-togo-se-dote-dun-observatoire-national-du-numerique\/#primaryimage"},"image":{"@id":"https:\/\/lavoixdelanation.tg\/index.php\/2025\/11\/17\/le-togo-se-dote-dun-observatoire-national-du-numerique\/#primaryimage"},"thumbnailUrl":"https:\/\/lavoixdelanation.tg\/wp-content\/uploads\/2025\/11\/Observatoire-National-du-Numerique-au-Togo.png","datePublished":"2025-11-17T13:15:00+00:00","dateModified":"2025-11-17T23:27:10+00:00","breadcrumb":{"@id":"https:\/\/lavoixdelanation.tg\/index.php\/2025\/11\/17\/le-togo-se-dote-dun-observatoire-national-du-numerique\/#breadcrumb"},"inLanguage":"fr-FR","potentialAction":[{"@type":"ReadAction","target":["https:\/\/lavoixdelanation.tg\/index.php\/2025\/11\/17\/le-togo-se-dote-dun-observatoire-national-du-numerique\/"]}]},{"@type":"ImageObject","inLanguage":"fr-FR","@id":"https:\/\/lavoixdelanation.tg\/index.php\/2025\/11\/17\/le-togo-se-dote-dun-observatoire-national-du-numerique\/#primaryimage","url":"https:\/\/lavoixdelanation.tg\/wp-content\/uploads\/2025\/11\/Observatoire-National-du-Numerique-au-Togo.png","contentUrl":"https:\/\/lavoixdelanation.tg\/wp-content\/uploads\/2025\/11\/Observatoire-National-du-Numerique-au-Togo.png","width":1077,"height":812},{"@type":"BreadcrumbList","@id":"https:\/\/lavoixdelanation.tg\/index.php\/2025\/11\/17\/le-togo-se-dote-dun-observatoire-national-du-numerique\/#breadcrumb","itemListElement":[{"@type":"ListItem","position":1,"name":"Accueil","item":"https:\/\/lavoixdelanation.tg\/"},{"@type":"ListItem","position":2,"name":"Le Togo se dote d\u2019un Observatoire National du Num\u00e9rique"}]},{"@type":"WebSite","@id":"https:\/\/lavoixdelanation.tg\/#website","url":"https:\/\/lavoixdelanation.tg\/","name":"La Voix de la Nation","description":"R\u00e9c\u00e9piss\u00e9 n\u00b00108\/HAAC\/01-2024\/pl\/P","publisher":{"@id":"https:\/\/lavoixdelanation.tg\/#organization"},"alternateName":"VON","potentialAction":[{"@type":"SearchAction","target":{"@type":"EntryPoint","urlTemplate":"https:\/\/lavoixdelanation.tg\/?s={search_term_string}"},"query-input":{"@type":"PropertyValueSpecification","valueRequired":true,"valueName":"search_term_string"}}],"inLanguage":"fr-FR"},{"@type":"Organization","@id":"https:\/\/lavoixdelanation.tg\/#organization","name":"La Voix de la Nation","url":"https:\/\/lavoixdelanation.tg\/","logo":{"@type":"ImageObject","inLanguage":"fr-FR","@id":"https:\/\/lavoixdelanation.tg\/#\/schema\/logo\/image\/","url":"https:\/\/lavoixdelanation.tg\/wp-content\/uploads\/2024\/12\/lavn-1.png","contentUrl":"https:\/\/lavoixdelanation.tg\/wp-content\/uploads\/2024\/12\/lavn-1.png","width":1024,"height":464,"caption":"La Voix de la Nation"},"image":{"@id":"https:\/\/lavoixdelanation.tg\/#\/schema\/logo\/image\/"},"sameAs":["https:\/\/www.facebook.com\/lavoixdelanation"]},{"@type":"Person","@id":"https:\/\/lavoixdelanation.tg\/#\/schema\/person\/6c489293aa38053673a9e554acb6e224","name":"La voix de la nation","image":{"@type":"ImageObject","inLanguage":"fr-FR","@id":"https:\/\/lavoixdelanation.tg\/#\/schema\/person\/image\/","url":"https:\/\/secure.gravatar.com\/avatar\/8aa135d4bbc794494cecaa8d483f6d6cc1023624868deaff686baed5e727a5a1?s=96&d=mm&r=g","contentUrl":"https:\/\/secure.gravatar.com\/avatar\/8aa135d4bbc794494cecaa8d483f6d6cc1023624868deaff686baed5e727a5a1?s=96&d=mm&r=g","caption":"La voix de la nation"},"sameAs":["https:\/\/lavoixdelanation.tg"],"url":"https:\/\/lavoixdelanation.tg\/index.php\/author\/lavn\/"}]}},"_links":{"self":[{"href":"https:\/\/lavoixdelanation.tg\/index.php\/wp-json\/wp\/v2\/posts\/14823","targetHints":{"allow":["GET"]}}],"collection":[{"href":"https:\/\/lavoixdelanation.tg\/index.php\/wp-json\/wp\/v2\/posts"}],"about":[{"href":"https:\/\/lavoixdelanation.tg\/index.php\/wp-json\/wp\/v2\/types\/post"}],"author":[{"embeddable":true,"href":"https:\/\/lavoixdelanation.tg\/index.php\/wp-json\/wp\/v2\/users\/1"}],"replies":[{"embeddable":true,"href":"https:\/\/lavoixdelanation.tg\/index.php\/wp-json\/wp\/v2\/comments?post=14823"}],"version-history":[{"count":1,"href":"https:\/\/lavoixdelanation.tg\/index.php\/wp-json\/wp\/v2\/posts\/14823\/revisions"}],"predecessor-version":[{"id":14826,"href":"https:\/\/lavoixdelanation.tg\/index.php\/wp-json\/wp\/v2\/posts\/14823\/revisions\/14826"}],"wp:featuredmedia":[{"embeddable":true,"href":"https:\/\/lavoixdelanation.tg\/index.php\/wp-json\/wp\/v2\/media\/14824"}],"wp:attachment":[{"href":"https:\/\/lavoixdelanation.tg\/index.php\/wp-json\/wp\/v2\/media?parent=14823"}],"wp:term":[{"taxonomy":"category","embeddable":true,"href":"https:\/\/lavoixdelanation.tg\/index.php\/wp-json\/wp\/v2\/categories?post=14823"},{"taxonomy":"post_tag","embeddable":true,"href":"https:\/\/lavoixdelanation.tg\/index.php\/wp-json\/wp\/v2\/tags?post=14823"}],"curies":[{"name":"wp","href":"https:\/\/api.w.org\/{rel}","templated":true}]}}