{"id":1480,"date":"2024-11-06T15:48:00","date_gmt":"2024-11-06T14:48:00","guid":{"rendered":"https:\/\/lavoixdelanation.tg\/?p=1480"},"modified":"2024-12-15T15:51:17","modified_gmt":"2024-12-15T14:51:17","slug":"le-president-du-conseil-des-ministres-de-la-cedeao-recu-par-faure-gnassingbe-a-lome","status":"publish","type":"post","link":"https:\/\/lavoixdelanation.tg\/index.php\/2024\/11\/06\/le-president-du-conseil-des-ministres-de-la-cedeao-recu-par-faure-gnassingbe-a-lome\/","title":{"rendered":"Le pr\u00e9sident du Conseil des ministres de la CEDEAO re\u00e7u par Faure Gnassingb\u00e9 \u00e0 Lom\u00e9"},"content":{"rendered":"\n<p><strong>Le ministre nig\u00e9rian des Affaires \u00e9trang\u00e8res et pr\u00e9sident du Conseil des ministres de la CEDEAO, Yusuf Maitama Tuggar a \u00e9t\u00e9 re\u00e7u en audience ce 5 novembre 2024 \u00e0 Lom\u00e9 par le chef de l\u2019Etat Faure Gnassingb\u00e9.<\/strong><\/p>\n\n\n\n<p>Les \u00e9changes entre les deux personnalit\u00e9s ont essentiellement port\u00e9 sur la situation politique et s\u00e9curitaire de la sous-r\u00e9gion ouest africaine, ceci en pr\u00e9lude au prochain Sommet ordinaire de la Conf\u00e9rence des chefs d\u2019Etat et de gouvernement de la CEDEAO.<\/p>\n\n\n\n<p>Yusuf Maitama Tuggar a saisi l\u2019occasion pour f\u00e9liciter Faure Gnassingb\u00e9 pour sa diplomatie agissante \u00e0 travers sa m\u00e9diation avec l\u2019Alliance des Etats du Sahel (AES) et son engagement en faveur de la consolidation de la paix et la stabilit\u00e9 dans l\u2019espace communautaire.<\/p>\n\n\n\n<p>\u00ab&nbsp;Le Pr\u00e9sident Faure Gnassingb\u00e9 est l\u2019un des dirigeants de la r\u00e9gion qui joue un r\u00f4le tr\u00e8s crucial dans la m\u00e9diation en ce qui concerne les pays de l\u2019AES. Et son r\u00f4le s\u2019est av\u00e9r\u00e9 tr\u00e8s efficace. Nous consultons toujours le Pr\u00e9sident togolais pour ses conseils sur l\u2019int\u00e9gration de la communaut\u00e9 r\u00e9gionale et les d\u00e9fis, sp\u00e9cifiquement la lutte contre le terrorisme&nbsp;\u00bb, a en effet d\u00e9clar\u00e9 le pr\u00e9sident du Conseil des ministres de la CEDEAO.<\/p>\n\n\n\n<p>Des questions relatives \u00e0 la coop\u00e9ration bilat\u00e9rale ont \u00e9t\u00e9 \u00e9galement \u00e9voqu\u00e9es au cours des \u00e9changes, sachant que le partenariat entre les deux pays est bas\u00e9 sur plusieurs trait\u00e9s et accords d\u2019amiti\u00e9 en mati\u00e8re diplomatique, \u00e9conomique, de s\u00e9curit\u00e9, de transports, d\u2019assistance mutuelle et d\u2019\u00e9nergie entre autres.<\/p>\n","protected":false},"excerpt":{"rendered":"<p>Le ministre nig\u00e9rian des Affaires \u00e9trang\u00e8res et pr\u00e9sident du Conseil des ministres de la CEDEAO, Yusuf Maitama Tuggar a \u00e9t\u00e9 re\u00e7u en audience ce 5 novembre 2024 \u00e0 Lom\u00e9 par&hellip; <\/p>\n","protected":false},"author":1,"featured_media":1481,"comment_status":"closed","ping_status":"closed","sticky":false,"template":"","format":"standard","meta":{"footnotes":""},"categories":[12,8],"tags":[],"class_list":["post-1480","post","type-post","status-publish","format-standard","has-post-thumbnail","hentry","category-diplomatie","category-economie"],"yoast_head":"<!-- This site is optimized with the Yoast SEO plugin v26.4 - https:\/\/yoast.com\/wordpress\/plugins\/seo\/ -->\n<title>Le pr\u00e9sident du Conseil des ministres de la CEDEAO re\u00e7u par Faure Gnassingb\u00e9 \u00e0 Lom\u00e9 - La Voix de la Nation<\/title>\n<meta name=\"robots\" content=\"index, follow, max-snippet:-1, max-image-preview:large, max-video-preview:-1\" \/>\n<link rel=\"canonical\" href=\"https:\/\/lavoixdelanation.tg\/index.php\/2024\/11\/06\/le-president-du-conseil-des-ministres-de-la-cedeao-recu-par-faure-gnassingbe-a-lome\/\" \/>\n<meta property=\"og:locale\" content=\"fr_FR\" \/>\n<meta property=\"og:type\" content=\"article\" \/>\n<meta property=\"og:title\" content=\"Le pr\u00e9sident du Conseil des ministres de la CEDEAO re\u00e7u par Faure Gnassingb\u00e9 \u00e0 Lom\u00e9 - La Voix de la Nation\" \/>\n<meta property=\"og:description\" content=\"Le ministre nig\u00e9rian des Affaires \u00e9trang\u00e8res et pr\u00e9sident du Conseil des ministres de la CEDEAO, Yusuf Maitama Tuggar a \u00e9t\u00e9 re\u00e7u en audience ce 5 novembre 2024 \u00e0 Lom\u00e9 par&hellip;\" \/>\n<meta property=\"og:url\" content=\"https:\/\/lavoixdelanation.tg\/index.php\/2024\/11\/06\/le-president-du-conseil-des-ministres-de-la-cedeao-recu-par-faure-gnassingbe-a-lome\/\" \/>\n<meta property=\"og:site_name\" content=\"La Voix de la Nation\" \/>\n<meta property=\"article:publisher\" content=\"https:\/\/www.facebook.com\/lavoixdelanation\" \/>\n<meta property=\"article:published_time\" content=\"2024-11-06T14:48:00+00:00\" \/>\n<meta property=\"article:modified_time\" content=\"2024-12-15T14:51:17+00:00\" \/>\n<meta property=\"og:image\" content=\"https:\/\/lavoixdelanation.tg\/wp-content\/uploads\/2024\/12\/Yusuf-Maitama-Tuggar-et-Faure-Gnassingbe-a-Lome.jpg\" \/>\n\t<meta property=\"og:image:width\" content=\"1600\" \/>\n\t<meta property=\"og:image:height\" content=\"1087\" \/>\n\t<meta property=\"og:image:type\" content=\"image\/jpeg\" \/>\n<meta name=\"author\" content=\"La voix de la nation\" \/>\n<meta name=\"twitter:card\" content=\"summary_large_image\" \/>\n<meta name=\"twitter:label1\" content=\"\u00c9crit par\" \/>\n\t<meta name=\"twitter:data1\" content=\"La voix de la nation\" \/>\n\t<meta name=\"twitter:label2\" content=\"Dur\u00e9e de lecture estim\u00e9e\" \/>\n\t<meta name=\"twitter:data2\" content=\"1 minute\" \/>\n<script type=\"application\/ld+json\" class=\"yoast-schema-graph\">{\"@context\":\"https:\/\/schema.org\",\"@graph\":[{\"@type\":\"Article\",\"@id\":\"https:\/\/lavoixdelanation.tg\/index.php\/2024\/11\/06\/le-president-du-conseil-des-ministres-de-la-cedeao-recu-par-faure-gnassingbe-a-lome\/#article\",\"isPartOf\":{\"@id\":\"https:\/\/lavoixdelanation.tg\/index.php\/2024\/11\/06\/le-president-du-conseil-des-ministres-de-la-cedeao-recu-par-faure-gnassingbe-a-lome\/\"},\"author\":{\"name\":\"La voix de la nation\",\"@id\":\"https:\/\/lavoixdelanation.tg\/#\/schema\/person\/6c489293aa38053673a9e554acb6e224\"},\"headline\":\"Le pr\u00e9sident du Conseil des ministres de la CEDEAO re\u00e7u par Faure Gnassingb\u00e9 \u00e0 Lom\u00e9\",\"datePublished\":\"2024-11-06T14:48:00+00:00\",\"dateModified\":\"2024-12-15T14:51:17+00:00\",\"mainEntityOfPage\":{\"@id\":\"https:\/\/lavoixdelanation.tg\/index.php\/2024\/11\/06\/le-president-du-conseil-des-ministres-de-la-cedeao-recu-par-faure-gnassingbe-a-lome\/\"},\"wordCount\":291,\"publisher\":{\"@id\":\"https:\/\/lavoixdelanation.tg\/#organization\"},\"image\":{\"@id\":\"https:\/\/lavoixdelanation.tg\/index.php\/2024\/11\/06\/le-president-du-conseil-des-ministres-de-la-cedeao-recu-par-faure-gnassingbe-a-lome\/#primaryimage\"},\"thumbnailUrl\":\"https:\/\/lavoixdelanation.tg\/wp-content\/uploads\/2024\/12\/Yusuf-Maitama-Tuggar-et-Faure-Gnassingbe-a-Lome.jpg\",\"articleSection\":[\"Diplomatie\",\"Economie\"],\"inLanguage\":\"fr-FR\"},{\"@type\":\"WebPage\",\"@id\":\"https:\/\/lavoixdelanation.tg\/index.php\/2024\/11\/06\/le-president-du-conseil-des-ministres-de-la-cedeao-recu-par-faure-gnassingbe-a-lome\/\",\"url\":\"https:\/\/lavoixdelanation.tg\/index.php\/2024\/11\/06\/le-president-du-conseil-des-ministres-de-la-cedeao-recu-par-faure-gnassingbe-a-lome\/\",\"name\":\"Le pr\u00e9sident du Conseil des ministres de la CEDEAO re\u00e7u par Faure Gnassingb\u00e9 \u00e0 Lom\u00e9 - La Voix de la Nation\",\"isPartOf\":{\"@id\":\"https:\/\/lavoixdelanation.tg\/#website\"},\"primaryImageOfPage\":{\"@id\":\"https:\/\/lavoixdelanation.tg\/index.php\/2024\/11\/06\/le-president-du-conseil-des-ministres-de-la-cedeao-recu-par-faure-gnassingbe-a-lome\/#primaryimage\"},\"image\":{\"@id\":\"https:\/\/lavoixdelanation.tg\/index.php\/2024\/11\/06\/le-president-du-conseil-des-ministres-de-la-cedeao-recu-par-faure-gnassingbe-a-lome\/#primaryimage\"},\"thumbnailUrl\":\"https:\/\/lavoixdelanation.tg\/wp-content\/uploads\/2024\/12\/Yusuf-Maitama-Tuggar-et-Faure-Gnassingbe-a-Lome.jpg\",\"datePublished\":\"2024-11-06T14:48:00+00:00\",\"dateModified\":\"2024-12-15T14:51:17+00:00\",\"breadcrumb\":{\"@id\":\"https:\/\/lavoixdelanation.tg\/index.php\/2024\/11\/06\/le-president-du-conseil-des-ministres-de-la-cedeao-recu-par-faure-gnassingbe-a-lome\/#breadcrumb\"},\"inLanguage\":\"fr-FR\",\"potentialAction\":[{\"@type\":\"ReadAction\",\"target\":[\"https:\/\/lavoixdelanation.tg\/index.php\/2024\/11\/06\/le-president-du-conseil-des-ministres-de-la-cedeao-recu-par-faure-gnassingbe-a-lome\/\"]}]},{\"@type\":\"ImageObject\",\"inLanguage\":\"fr-FR\",\"@id\":\"https:\/\/lavoixdelanation.tg\/index.php\/2024\/11\/06\/le-president-du-conseil-des-ministres-de-la-cedeao-recu-par-faure-gnassingbe-a-lome\/#primaryimage\",\"url\":\"https:\/\/lavoixdelanation.tg\/wp-content\/uploads\/2024\/12\/Yusuf-Maitama-Tuggar-et-Faure-Gnassingbe-a-Lome.jpg\",\"contentUrl\":\"https:\/\/lavoixdelanation.tg\/wp-content\/uploads\/2024\/12\/Yusuf-Maitama-Tuggar-et-Faure-Gnassingbe-a-Lome.jpg\",\"width\":1600,\"height\":1087,\"caption\":\"Yusuf Maitama Tuggar et Faure Gnassingb\u00e9 \u00e0 Lom\u00e9\"},{\"@type\":\"BreadcrumbList\",\"@id\":\"https:\/\/lavoixdelanation.tg\/index.php\/2024\/11\/06\/le-president-du-conseil-des-ministres-de-la-cedeao-recu-par-faure-gnassingbe-a-lome\/#breadcrumb\",\"itemListElement\":[{\"@type\":\"ListItem\",\"position\":1,\"name\":\"Accueil\",\"item\":\"https:\/\/lavoixdelanation.tg\/\"},{\"@type\":\"ListItem\",\"position\":2,\"name\":\"Le pr\u00e9sident du Conseil des ministres de la CEDEAO re\u00e7u par Faure Gnassingb\u00e9 \u00e0 Lom\u00e9\"}]},{\"@type\":\"WebSite\",\"@id\":\"https:\/\/lavoixdelanation.tg\/#website\",\"url\":\"https:\/\/lavoixdelanation.tg\/\",\"name\":\"La Voix de la Nation\",\"description\":\"R\u00e9c\u00e9piss\u00e9 n\u00b00108\/HAAC\/01-2024\/pl\/P\",\"publisher\":{\"@id\":\"https:\/\/lavoixdelanation.tg\/#organization\"},\"alternateName\":\"VON\",\"potentialAction\":[{\"@type\":\"SearchAction\",\"target\":{\"@type\":\"EntryPoint\",\"urlTemplate\":\"https:\/\/lavoixdelanation.tg\/?s={search_term_string}\"},\"query-input\":{\"@type\":\"PropertyValueSpecification\",\"valueRequired\":true,\"valueName\":\"search_term_string\"}}],\"inLanguage\":\"fr-FR\"},{\"@type\":\"Organization\",\"@id\":\"https:\/\/lavoixdelanation.tg\/#organization\",\"name\":\"La Voix de la Nation\",\"url\":\"https:\/\/lavoixdelanation.tg\/\",\"logo\":{\"@type\":\"ImageObject\",\"inLanguage\":\"fr-FR\",\"@id\":\"https:\/\/lavoixdelanation.tg\/#\/schema\/logo\/image\/\",\"url\":\"https:\/\/lavoixdelanation.tg\/wp-content\/uploads\/2024\/12\/lavn-1.png\",\"contentUrl\":\"https:\/\/lavoixdelanation.tg\/wp-content\/uploads\/2024\/12\/lavn-1.png\",\"width\":1024,\"height\":464,\"caption\":\"La Voix de la Nation\"},\"image\":{\"@id\":\"https:\/\/lavoixdelanation.tg\/#\/schema\/logo\/image\/\"},\"sameAs\":[\"https:\/\/www.facebook.com\/lavoixdelanation\"]},{\"@type\":\"Person\",\"@id\":\"https:\/\/lavoixdelanation.tg\/#\/schema\/person\/6c489293aa38053673a9e554acb6e224\",\"name\":\"La voix de la nation\",\"image\":{\"@type\":\"ImageObject\",\"inLanguage\":\"fr-FR\",\"@id\":\"https:\/\/lavoixdelanation.tg\/#\/schema\/person\/image\/\",\"url\":\"https:\/\/secure.gravatar.com\/avatar\/8aa135d4bbc794494cecaa8d483f6d6cc1023624868deaff686baed5e727a5a1?s=96&d=mm&r=g\",\"contentUrl\":\"https:\/\/secure.gravatar.com\/avatar\/8aa135d4bbc794494cecaa8d483f6d6cc1023624868deaff686baed5e727a5a1?s=96&d=mm&r=g\",\"caption\":\"La voix de la nation\"},\"sameAs\":[\"https:\/\/lavoixdelanation.tg\"],\"url\":\"https:\/\/lavoixdelanation.tg\/index.php\/author\/lavn\/\"}]}<\/script>\n<!-- \/ Yoast SEO plugin. -->","yoast_head_json":{"title":"Le pr\u00e9sident du Conseil des ministres de la CEDEAO re\u00e7u par Faure Gnassingb\u00e9 \u00e0 Lom\u00e9 - La Voix de la Nation","robots":{"index":"index","follow":"follow","max-snippet":"max-snippet:-1","max-image-preview":"max-image-preview:large","max-video-preview":"max-video-preview:-1"},"canonical":"https:\/\/lavoixdelanation.tg\/index.php\/2024\/11\/06\/le-president-du-conseil-des-ministres-de-la-cedeao-recu-par-faure-gnassingbe-a-lome\/","og_locale":"fr_FR","og_type":"article","og_title":"Le pr\u00e9sident du Conseil des ministres de la CEDEAO re\u00e7u par Faure Gnassingb\u00e9 \u00e0 Lom\u00e9 - La Voix de la Nation","og_description":"Le ministre nig\u00e9rian des Affaires \u00e9trang\u00e8res et pr\u00e9sident du Conseil des ministres de la CEDEAO, Yusuf Maitama Tuggar a \u00e9t\u00e9 re\u00e7u en audience ce 5 novembre 2024 \u00e0 Lom\u00e9 par&hellip;","og_url":"https:\/\/lavoixdelanation.tg\/index.php\/2024\/11\/06\/le-president-du-conseil-des-ministres-de-la-cedeao-recu-par-faure-gnassingbe-a-lome\/","og_site_name":"La Voix de la Nation","article_publisher":"https:\/\/www.facebook.com\/lavoixdelanation","article_published_time":"2024-11-06T14:48:00+00:00","article_modified_time":"2024-12-15T14:51:17+00:00","og_image":[{"width":1600,"height":1087,"url":"https:\/\/lavoixdelanation.tg\/wp-content\/uploads\/2024\/12\/Yusuf-Maitama-Tuggar-et-Faure-Gnassingbe-a-Lome.jpg","type":"image\/jpeg"}],"author":"La voix de la nation","twitter_card":"summary_large_image","twitter_misc":{"\u00c9crit par":"La voix de la nation","Dur\u00e9e de lecture estim\u00e9e":"1 minute"},"schema":{"@context":"https:\/\/schema.org","@graph":[{"@type":"Article","@id":"https:\/\/lavoixdelanation.tg\/index.php\/2024\/11\/06\/le-president-du-conseil-des-ministres-de-la-cedeao-recu-par-faure-gnassingbe-a-lome\/#article","isPartOf":{"@id":"https:\/\/lavoixdelanation.tg\/index.php\/2024\/11\/06\/le-president-du-conseil-des-ministres-de-la-cedeao-recu-par-faure-gnassingbe-a-lome\/"},"author":{"name":"La voix de la nation","@id":"https:\/\/lavoixdelanation.tg\/#\/schema\/person\/6c489293aa38053673a9e554acb6e224"},"headline":"Le pr\u00e9sident du Conseil des ministres de la CEDEAO re\u00e7u par Faure Gnassingb\u00e9 \u00e0 Lom\u00e9","datePublished":"2024-11-06T14:48:00+00:00","dateModified":"2024-12-15T14:51:17+00:00","mainEntityOfPage":{"@id":"https:\/\/lavoixdelanation.tg\/index.php\/2024\/11\/06\/le-president-du-conseil-des-ministres-de-la-cedeao-recu-par-faure-gnassingbe-a-lome\/"},"wordCount":291,"publisher":{"@id":"https:\/\/lavoixdelanation.tg\/#organization"},"image":{"@id":"https:\/\/lavoixdelanation.tg\/index.php\/2024\/11\/06\/le-president-du-conseil-des-ministres-de-la-cedeao-recu-par-faure-gnassingbe-a-lome\/#primaryimage"},"thumbnailUrl":"https:\/\/lavoixdelanation.tg\/wp-content\/uploads\/2024\/12\/Yusuf-Maitama-Tuggar-et-Faure-Gnassingbe-a-Lome.jpg","articleSection":["Diplomatie","Economie"],"inLanguage":"fr-FR"},{"@type":"WebPage","@id":"https:\/\/lavoixdelanation.tg\/index.php\/2024\/11\/06\/le-president-du-conseil-des-ministres-de-la-cedeao-recu-par-faure-gnassingbe-a-lome\/","url":"https:\/\/lavoixdelanation.tg\/index.php\/2024\/11\/06\/le-president-du-conseil-des-ministres-de-la-cedeao-recu-par-faure-gnassingbe-a-lome\/","name":"Le pr\u00e9sident du Conseil des ministres de la CEDEAO re\u00e7u par Faure Gnassingb\u00e9 \u00e0 Lom\u00e9 - La Voix de la Nation","isPartOf":{"@id":"https:\/\/lavoixdelanation.tg\/#website"},"primaryImageOfPage":{"@id":"https:\/\/lavoixdelanation.tg\/index.php\/2024\/11\/06\/le-president-du-conseil-des-ministres-de-la-cedeao-recu-par-faure-gnassingbe-a-lome\/#primaryimage"},"image":{"@id":"https:\/\/lavoixdelanation.tg\/index.php\/2024\/11\/06\/le-president-du-conseil-des-ministres-de-la-cedeao-recu-par-faure-gnassingbe-a-lome\/#primaryimage"},"thumbnailUrl":"https:\/\/lavoixdelanation.tg\/wp-content\/uploads\/2024\/12\/Yusuf-Maitama-Tuggar-et-Faure-Gnassingbe-a-Lome.jpg","datePublished":"2024-11-06T14:48:00+00:00","dateModified":"2024-12-15T14:51:17+00:00","breadcrumb":{"@id":"https:\/\/lavoixdelanation.tg\/index.php\/2024\/11\/06\/le-president-du-conseil-des-ministres-de-la-cedeao-recu-par-faure-gnassingbe-a-lome\/#breadcrumb"},"inLanguage":"fr-FR","potentialAction":[{"@type":"ReadAction","target":["https:\/\/lavoixdelanation.tg\/index.php\/2024\/11\/06\/le-president-du-conseil-des-ministres-de-la-cedeao-recu-par-faure-gnassingbe-a-lome\/"]}]},{"@type":"ImageObject","inLanguage":"fr-FR","@id":"https:\/\/lavoixdelanation.tg\/index.php\/2024\/11\/06\/le-president-du-conseil-des-ministres-de-la-cedeao-recu-par-faure-gnassingbe-a-lome\/#primaryimage","url":"https:\/\/lavoixdelanation.tg\/wp-content\/uploads\/2024\/12\/Yusuf-Maitama-Tuggar-et-Faure-Gnassingbe-a-Lome.jpg","contentUrl":"https:\/\/lavoixdelanation.tg\/wp-content\/uploads\/2024\/12\/Yusuf-Maitama-Tuggar-et-Faure-Gnassingbe-a-Lome.jpg","width":1600,"height":1087,"caption":"Yusuf Maitama Tuggar et Faure Gnassingb\u00e9 \u00e0 Lom\u00e9"},{"@type":"BreadcrumbList","@id":"https:\/\/lavoixdelanation.tg\/index.php\/2024\/11\/06\/le-president-du-conseil-des-ministres-de-la-cedeao-recu-par-faure-gnassingbe-a-lome\/#breadcrumb","itemListElement":[{"@type":"ListItem","position":1,"name":"Accueil","item":"https:\/\/lavoixdelanation.tg\/"},{"@type":"ListItem","position":2,"name":"Le pr\u00e9sident du Conseil des ministres de la CEDEAO re\u00e7u par Faure Gnassingb\u00e9 \u00e0 Lom\u00e9"}]},{"@type":"WebSite","@id":"https:\/\/lavoixdelanation.tg\/#website","url":"https:\/\/lavoixdelanation.tg\/","name":"La Voix de la Nation","description":"R\u00e9c\u00e9piss\u00e9 n\u00b00108\/HAAC\/01-2024\/pl\/P","publisher":{"@id":"https:\/\/lavoixdelanation.tg\/#organization"},"alternateName":"VON","potentialAction":[{"@type":"SearchAction","target":{"@type":"EntryPoint","urlTemplate":"https:\/\/lavoixdelanation.tg\/?s={search_term_string}"},"query-input":{"@type":"PropertyValueSpecification","valueRequired":true,"valueName":"search_term_string"}}],"inLanguage":"fr-FR"},{"@type":"Organization","@id":"https:\/\/lavoixdelanation.tg\/#organization","name":"La Voix de la Nation","url":"https:\/\/lavoixdelanation.tg\/","logo":{"@type":"ImageObject","inLanguage":"fr-FR","@id":"https:\/\/lavoixdelanation.tg\/#\/schema\/logo\/image\/","url":"https:\/\/lavoixdelanation.tg\/wp-content\/uploads\/2024\/12\/lavn-1.png","contentUrl":"https:\/\/lavoixdelanation.tg\/wp-content\/uploads\/2024\/12\/lavn-1.png","width":1024,"height":464,"caption":"La Voix de la Nation"},"image":{"@id":"https:\/\/lavoixdelanation.tg\/#\/schema\/logo\/image\/"},"sameAs":["https:\/\/www.facebook.com\/lavoixdelanation"]},{"@type":"Person","@id":"https:\/\/lavoixdelanation.tg\/#\/schema\/person\/6c489293aa38053673a9e554acb6e224","name":"La voix de la nation","image":{"@type":"ImageObject","inLanguage":"fr-FR","@id":"https:\/\/lavoixdelanation.tg\/#\/schema\/person\/image\/","url":"https:\/\/secure.gravatar.com\/avatar\/8aa135d4bbc794494cecaa8d483f6d6cc1023624868deaff686baed5e727a5a1?s=96&d=mm&r=g","contentUrl":"https:\/\/secure.gravatar.com\/avatar\/8aa135d4bbc794494cecaa8d483f6d6cc1023624868deaff686baed5e727a5a1?s=96&d=mm&r=g","caption":"La voix de la nation"},"sameAs":["https:\/\/lavoixdelanation.tg"],"url":"https:\/\/lavoixdelanation.tg\/index.php\/author\/lavn\/"}]}},"_links":{"self":[{"href":"https:\/\/lavoixdelanation.tg\/index.php\/wp-json\/wp\/v2\/posts\/1480","targetHints":{"allow":["GET"]}}],"collection":[{"href":"https:\/\/lavoixdelanation.tg\/index.php\/wp-json\/wp\/v2\/posts"}],"about":[{"href":"https:\/\/lavoixdelanation.tg\/index.php\/wp-json\/wp\/v2\/types\/post"}],"author":[{"embeddable":true,"href":"https:\/\/lavoixdelanation.tg\/index.php\/wp-json\/wp\/v2\/users\/1"}],"replies":[{"embeddable":true,"href":"https:\/\/lavoixdelanation.tg\/index.php\/wp-json\/wp\/v2\/comments?post=1480"}],"version-history":[{"count":1,"href":"https:\/\/lavoixdelanation.tg\/index.php\/wp-json\/wp\/v2\/posts\/1480\/revisions"}],"predecessor-version":[{"id":1482,"href":"https:\/\/lavoixdelanation.tg\/index.php\/wp-json\/wp\/v2\/posts\/1480\/revisions\/1482"}],"wp:featuredmedia":[{"embeddable":true,"href":"https:\/\/lavoixdelanation.tg\/index.php\/wp-json\/wp\/v2\/media\/1481"}],"wp:attachment":[{"href":"https:\/\/lavoixdelanation.tg\/index.php\/wp-json\/wp\/v2\/media?parent=1480"}],"wp:term":[{"taxonomy":"category","embeddable":true,"href":"https:\/\/lavoixdelanation.tg\/index.php\/wp-json\/wp\/v2\/categories?post=1480"},{"taxonomy":"post_tag","embeddable":true,"href":"https:\/\/lavoixdelanation.tg\/index.php\/wp-json\/wp\/v2\/tags?post=1480"}],"curies":[{"name":"wp","href":"https:\/\/api.w.org\/{rel}","templated":true}]}}