{"id":14786,"date":"2025-11-14T20:06:00","date_gmt":"2025-11-14T19:06:00","guid":{"rendered":"https:\/\/lavoixdelanation.tg\/?p=14786"},"modified":"2025-11-15T00:21:14","modified_gmt":"2025-11-14T23:21:14","slug":"togo-premier-conseil-des-ministres-de-la-ve-republique","status":"publish","type":"post","link":"https:\/\/lavoixdelanation.tg\/index.php\/2025\/11\/14\/togo-premier-conseil-des-ministres-de-la-ve-republique\/","title":{"rendered":"Togo\u00a0: Premier Conseil des ministres de la V\u00e8 R\u00e9publique"},"content":{"rendered":"\n<p>Le Pr\u00e9sident du Conseil Faure Gnassingb\u00e9 a pr\u00e9sid\u00e9 ce vendredi 14 novembre 2025 \u00e0 Lom\u00e9, le premier Conseil des ministres du premier gouvernement de la cinqui\u00e8me R\u00e9publique.<\/p>\n\n\n\n<p>Les travaux ont \u00e9t\u00e9 consacr\u00e9s \u00e0 l\u2019examen de l\u2019avant-projet de loi de finances 2026, un document strat\u00e9gique qui selon Faure Gnassingb\u00e9, traduit en actions concr\u00e8tes les ambitions togolaises de d\u00e9veloppement, de stabilit\u00e9 macro\u00e9conomique et de progr\u00e8s social.<\/p>\n\n\n\n<p>\u00ab&nbsp;Ce texte construit sur une approche budg\u00e9taire prudente et responsable, propose des mesures destin\u00e9es \u00e0 renforcer l\u2019appui \u00e0 nos jeunes entrepreneurs et aux personnes \u00e0 mobilit\u00e9 r\u00e9duite, tout en poursuivant la trajectoire de transformation \u00e9conomique engag\u00e9e. Ces travaux illustrent notre volont\u00e9 ferme d\u2019approfondir une gouvernance rigoureuse, transparente et efficace, au service du d\u00e9veloppement national et du progr\u00e8s partag\u00e9&nbsp;\u00bb, a indiqu\u00e9 Faure Gnassingb\u00e9.<\/p>\n\n\n\n<p>Le budget, exercice 2026, est \u00e9quilibr\u00e9 en ressources et en d\u00e9penses \u00e0 2.740,5 milliards de F CFA, soit en hausse de 14,4 % par rapport au budget 2025.<\/p>\n\n\n\n<figure class=\"wp-block-image size-large\"><img loading=\"lazy\" decoding=\"async\" width=\"1024\" height=\"683\" src=\"https:\/\/lavoixdelanation.tg\/wp-content\/uploads\/2025\/11\/CM3-1024x683.jpg\" alt=\"\" class=\"wp-image-14794\" srcset=\"https:\/\/lavoixdelanation.tg\/wp-content\/uploads\/2025\/11\/CM3-1024x683.jpg 1024w, https:\/\/lavoixdelanation.tg\/wp-content\/uploads\/2025\/11\/CM3-300x200.jpg 300w, https:\/\/lavoixdelanation.tg\/wp-content\/uploads\/2025\/11\/CM3-768x512.jpg 768w, https:\/\/lavoixdelanation.tg\/wp-content\/uploads\/2025\/11\/CM3.jpg 1280w\" sizes=\"auto, (max-width: 1024px) 100vw, 1024px\" \/><\/figure>\n","protected":false},"excerpt":{"rendered":"<p>Le Pr\u00e9sident du Conseil Faure Gnassingb\u00e9 a pr\u00e9sid\u00e9 ce vendredi 14 novembre 2025 \u00e0 Lom\u00e9, le premier Conseil des ministres du premier gouvernement de la cinqui\u00e8me R\u00e9publique. Les travaux ont&hellip; <\/p>\n","protected":false},"author":1,"featured_media":14793,"comment_status":"open","ping_status":"closed","sticky":false,"template":"","format":"standard","meta":{"footnotes":""},"categories":[21],"tags":[38,45,39],"class_list":["post-14786","post","type-post","status-publish","format-standard","has-post-thumbnail","hentry","category-politique","tag-conseil-des-ministres","tag-faure-gnassingbe","tag-togo"],"yoast_head":"<!-- This site is optimized with the Yoast SEO plugin v26.4 - https:\/\/yoast.com\/wordpress\/plugins\/seo\/ -->\n<title>Togo\u00a0: Premier Conseil des ministres de la V\u00e8 R\u00e9publique - La Voix de la Nation<\/title>\n<meta name=\"robots\" content=\"index, follow, max-snippet:-1, max-image-preview:large, max-video-preview:-1\" \/>\n<link rel=\"canonical\" href=\"https:\/\/lavoixdelanation.tg\/index.php\/2025\/11\/14\/togo-premier-conseil-des-ministres-de-la-ve-republique\/\" \/>\n<meta property=\"og:locale\" content=\"fr_FR\" \/>\n<meta property=\"og:type\" content=\"article\" \/>\n<meta property=\"og:title\" content=\"Togo\u00a0: Premier Conseil des ministres de la V\u00e8 R\u00e9publique - La Voix de la Nation\" \/>\n<meta property=\"og:description\" content=\"Le Pr\u00e9sident du Conseil Faure Gnassingb\u00e9 a pr\u00e9sid\u00e9 ce vendredi 14 novembre 2025 \u00e0 Lom\u00e9, le premier Conseil des ministres du premier gouvernement de la cinqui\u00e8me R\u00e9publique. Les travaux ont&hellip;\" \/>\n<meta property=\"og:url\" content=\"https:\/\/lavoixdelanation.tg\/index.php\/2025\/11\/14\/togo-premier-conseil-des-ministres-de-la-ve-republique\/\" \/>\n<meta property=\"og:site_name\" content=\"La Voix de la Nation\" \/>\n<meta property=\"article:publisher\" content=\"https:\/\/www.facebook.com\/lavoixdelanation\" \/>\n<meta property=\"article:published_time\" content=\"2025-11-14T19:06:00+00:00\" \/>\n<meta property=\"article:modified_time\" content=\"2025-11-14T23:21:14+00:00\" \/>\n<meta property=\"og:image\" content=\"https:\/\/lavoixdelanation.tg\/wp-content\/uploads\/2025\/11\/Premier-Conseil-des-ministres-de-la-5eme-Republique-du-Togo.jpg\" \/>\n\t<meta property=\"og:image:width\" content=\"1280\" \/>\n\t<meta property=\"og:image:height\" content=\"854\" \/>\n\t<meta property=\"og:image:type\" content=\"image\/jpeg\" \/>\n<meta name=\"author\" content=\"La voix de la nation\" \/>\n<meta name=\"twitter:card\" content=\"summary_large_image\" \/>\n<meta name=\"twitter:label1\" content=\"\u00c9crit par\" \/>\n\t<meta name=\"twitter:data1\" content=\"La voix de la nation\" \/>\n\t<meta name=\"twitter:label2\" content=\"Dur\u00e9e de lecture estim\u00e9e\" \/>\n\t<meta name=\"twitter:data2\" content=\"2 minutes\" \/>\n<script type=\"application\/ld+json\" class=\"yoast-schema-graph\">{\"@context\":\"https:\/\/schema.org\",\"@graph\":[{\"@type\":\"Article\",\"@id\":\"https:\/\/lavoixdelanation.tg\/index.php\/2025\/11\/14\/togo-premier-conseil-des-ministres-de-la-ve-republique\/#article\",\"isPartOf\":{\"@id\":\"https:\/\/lavoixdelanation.tg\/index.php\/2025\/11\/14\/togo-premier-conseil-des-ministres-de-la-ve-republique\/\"},\"author\":{\"name\":\"La voix de la nation\",\"@id\":\"https:\/\/lavoixdelanation.tg\/#\/schema\/person\/6c489293aa38053673a9e554acb6e224\"},\"headline\":\"Togo\u00a0: Premier Conseil des ministres de la V\u00e8 R\u00e9publique\",\"datePublished\":\"2025-11-14T19:06:00+00:00\",\"dateModified\":\"2025-11-14T23:21:14+00:00\",\"mainEntityOfPage\":{\"@id\":\"https:\/\/lavoixdelanation.tg\/index.php\/2025\/11\/14\/togo-premier-conseil-des-ministres-de-la-ve-republique\/\"},\"wordCount\":173,\"commentCount\":0,\"publisher\":{\"@id\":\"https:\/\/lavoixdelanation.tg\/#organization\"},\"image\":{\"@id\":\"https:\/\/lavoixdelanation.tg\/index.php\/2025\/11\/14\/togo-premier-conseil-des-ministres-de-la-ve-republique\/#primaryimage\"},\"thumbnailUrl\":\"https:\/\/lavoixdelanation.tg\/wp-content\/uploads\/2025\/11\/Premier-Conseil-des-ministres-de-la-5eme-Republique-du-Togo.jpg\",\"keywords\":[\"Conseil des ministres\",\"Faure Gnassingb\u00e9\",\"Togo\"],\"articleSection\":[\"Politique\"],\"inLanguage\":\"fr-FR\",\"potentialAction\":[{\"@type\":\"CommentAction\",\"name\":\"Comment\",\"target\":[\"https:\/\/lavoixdelanation.tg\/index.php\/2025\/11\/14\/togo-premier-conseil-des-ministres-de-la-ve-republique\/#respond\"]}]},{\"@type\":\"WebPage\",\"@id\":\"https:\/\/lavoixdelanation.tg\/index.php\/2025\/11\/14\/togo-premier-conseil-des-ministres-de-la-ve-republique\/\",\"url\":\"https:\/\/lavoixdelanation.tg\/index.php\/2025\/11\/14\/togo-premier-conseil-des-ministres-de-la-ve-republique\/\",\"name\":\"Togo\u00a0: Premier Conseil des ministres de la V\u00e8 R\u00e9publique - La Voix de la Nation\",\"isPartOf\":{\"@id\":\"https:\/\/lavoixdelanation.tg\/#website\"},\"primaryImageOfPage\":{\"@id\":\"https:\/\/lavoixdelanation.tg\/index.php\/2025\/11\/14\/togo-premier-conseil-des-ministres-de-la-ve-republique\/#primaryimage\"},\"image\":{\"@id\":\"https:\/\/lavoixdelanation.tg\/index.php\/2025\/11\/14\/togo-premier-conseil-des-ministres-de-la-ve-republique\/#primaryimage\"},\"thumbnailUrl\":\"https:\/\/lavoixdelanation.tg\/wp-content\/uploads\/2025\/11\/Premier-Conseil-des-ministres-de-la-5eme-Republique-du-Togo.jpg\",\"datePublished\":\"2025-11-14T19:06:00+00:00\",\"dateModified\":\"2025-11-14T23:21:14+00:00\",\"breadcrumb\":{\"@id\":\"https:\/\/lavoixdelanation.tg\/index.php\/2025\/11\/14\/togo-premier-conseil-des-ministres-de-la-ve-republique\/#breadcrumb\"},\"inLanguage\":\"fr-FR\",\"potentialAction\":[{\"@type\":\"ReadAction\",\"target\":[\"https:\/\/lavoixdelanation.tg\/index.php\/2025\/11\/14\/togo-premier-conseil-des-ministres-de-la-ve-republique\/\"]}]},{\"@type\":\"ImageObject\",\"inLanguage\":\"fr-FR\",\"@id\":\"https:\/\/lavoixdelanation.tg\/index.php\/2025\/11\/14\/togo-premier-conseil-des-ministres-de-la-ve-republique\/#primaryimage\",\"url\":\"https:\/\/lavoixdelanation.tg\/wp-content\/uploads\/2025\/11\/Premier-Conseil-des-ministres-de-la-5eme-Republique-du-Togo.jpg\",\"contentUrl\":\"https:\/\/lavoixdelanation.tg\/wp-content\/uploads\/2025\/11\/Premier-Conseil-des-ministres-de-la-5eme-Republique-du-Togo.jpg\",\"width\":1280,\"height\":854},{\"@type\":\"BreadcrumbList\",\"@id\":\"https:\/\/lavoixdelanation.tg\/index.php\/2025\/11\/14\/togo-premier-conseil-des-ministres-de-la-ve-republique\/#breadcrumb\",\"itemListElement\":[{\"@type\":\"ListItem\",\"position\":1,\"name\":\"Accueil\",\"item\":\"https:\/\/lavoixdelanation.tg\/\"},{\"@type\":\"ListItem\",\"position\":2,\"name\":\"Togo\u00a0: Premier Conseil des ministres de la V\u00e8 R\u00e9publique\"}]},{\"@type\":\"WebSite\",\"@id\":\"https:\/\/lavoixdelanation.tg\/#website\",\"url\":\"https:\/\/lavoixdelanation.tg\/\",\"name\":\"La Voix de la Nation\",\"description\":\"R\u00e9c\u00e9piss\u00e9 n\u00b00108\/HAAC\/01-2024\/pl\/P\",\"publisher\":{\"@id\":\"https:\/\/lavoixdelanation.tg\/#organization\"},\"alternateName\":\"VON\",\"potentialAction\":[{\"@type\":\"SearchAction\",\"target\":{\"@type\":\"EntryPoint\",\"urlTemplate\":\"https:\/\/lavoixdelanation.tg\/?s={search_term_string}\"},\"query-input\":{\"@type\":\"PropertyValueSpecification\",\"valueRequired\":true,\"valueName\":\"search_term_string\"}}],\"inLanguage\":\"fr-FR\"},{\"@type\":\"Organization\",\"@id\":\"https:\/\/lavoixdelanation.tg\/#organization\",\"name\":\"La Voix de la Nation\",\"url\":\"https:\/\/lavoixdelanation.tg\/\",\"logo\":{\"@type\":\"ImageObject\",\"inLanguage\":\"fr-FR\",\"@id\":\"https:\/\/lavoixdelanation.tg\/#\/schema\/logo\/image\/\",\"url\":\"https:\/\/lavoixdelanation.tg\/wp-content\/uploads\/2024\/12\/lavn-1.png\",\"contentUrl\":\"https:\/\/lavoixdelanation.tg\/wp-content\/uploads\/2024\/12\/lavn-1.png\",\"width\":1024,\"height\":464,\"caption\":\"La Voix de la Nation\"},\"image\":{\"@id\":\"https:\/\/lavoixdelanation.tg\/#\/schema\/logo\/image\/\"},\"sameAs\":[\"https:\/\/www.facebook.com\/lavoixdelanation\"]},{\"@type\":\"Person\",\"@id\":\"https:\/\/lavoixdelanation.tg\/#\/schema\/person\/6c489293aa38053673a9e554acb6e224\",\"name\":\"La voix de la nation\",\"image\":{\"@type\":\"ImageObject\",\"inLanguage\":\"fr-FR\",\"@id\":\"https:\/\/lavoixdelanation.tg\/#\/schema\/person\/image\/\",\"url\":\"https:\/\/secure.gravatar.com\/avatar\/8aa135d4bbc794494cecaa8d483f6d6cc1023624868deaff686baed5e727a5a1?s=96&d=mm&r=g\",\"contentUrl\":\"https:\/\/secure.gravatar.com\/avatar\/8aa135d4bbc794494cecaa8d483f6d6cc1023624868deaff686baed5e727a5a1?s=96&d=mm&r=g\",\"caption\":\"La voix de la nation\"},\"sameAs\":[\"https:\/\/lavoixdelanation.tg\"],\"url\":\"https:\/\/lavoixdelanation.tg\/index.php\/author\/lavn\/\"}]}<\/script>\n<!-- \/ Yoast SEO plugin. -->","yoast_head_json":{"title":"Togo\u00a0: Premier Conseil des ministres de la V\u00e8 R\u00e9publique - La Voix de la Nation","robots":{"index":"index","follow":"follow","max-snippet":"max-snippet:-1","max-image-preview":"max-image-preview:large","max-video-preview":"max-video-preview:-1"},"canonical":"https:\/\/lavoixdelanation.tg\/index.php\/2025\/11\/14\/togo-premier-conseil-des-ministres-de-la-ve-republique\/","og_locale":"fr_FR","og_type":"article","og_title":"Togo\u00a0: Premier Conseil des ministres de la V\u00e8 R\u00e9publique - La Voix de la Nation","og_description":"Le Pr\u00e9sident du Conseil Faure Gnassingb\u00e9 a pr\u00e9sid\u00e9 ce vendredi 14 novembre 2025 \u00e0 Lom\u00e9, le premier Conseil des ministres du premier gouvernement de la cinqui\u00e8me R\u00e9publique. Les travaux ont&hellip;","og_url":"https:\/\/lavoixdelanation.tg\/index.php\/2025\/11\/14\/togo-premier-conseil-des-ministres-de-la-ve-republique\/","og_site_name":"La Voix de la Nation","article_publisher":"https:\/\/www.facebook.com\/lavoixdelanation","article_published_time":"2025-11-14T19:06:00+00:00","article_modified_time":"2025-11-14T23:21:14+00:00","og_image":[{"width":1280,"height":854,"url":"https:\/\/lavoixdelanation.tg\/wp-content\/uploads\/2025\/11\/Premier-Conseil-des-ministres-de-la-5eme-Republique-du-Togo.jpg","type":"image\/jpeg"}],"author":"La voix de la nation","twitter_card":"summary_large_image","twitter_misc":{"\u00c9crit par":"La voix de la nation","Dur\u00e9e de lecture estim\u00e9e":"2 minutes"},"schema":{"@context":"https:\/\/schema.org","@graph":[{"@type":"Article","@id":"https:\/\/lavoixdelanation.tg\/index.php\/2025\/11\/14\/togo-premier-conseil-des-ministres-de-la-ve-republique\/#article","isPartOf":{"@id":"https:\/\/lavoixdelanation.tg\/index.php\/2025\/11\/14\/togo-premier-conseil-des-ministres-de-la-ve-republique\/"},"author":{"name":"La voix de la nation","@id":"https:\/\/lavoixdelanation.tg\/#\/schema\/person\/6c489293aa38053673a9e554acb6e224"},"headline":"Togo\u00a0: Premier Conseil des ministres de la V\u00e8 R\u00e9publique","datePublished":"2025-11-14T19:06:00+00:00","dateModified":"2025-11-14T23:21:14+00:00","mainEntityOfPage":{"@id":"https:\/\/lavoixdelanation.tg\/index.php\/2025\/11\/14\/togo-premier-conseil-des-ministres-de-la-ve-republique\/"},"wordCount":173,"commentCount":0,"publisher":{"@id":"https:\/\/lavoixdelanation.tg\/#organization"},"image":{"@id":"https:\/\/lavoixdelanation.tg\/index.php\/2025\/11\/14\/togo-premier-conseil-des-ministres-de-la-ve-republique\/#primaryimage"},"thumbnailUrl":"https:\/\/lavoixdelanation.tg\/wp-content\/uploads\/2025\/11\/Premier-Conseil-des-ministres-de-la-5eme-Republique-du-Togo.jpg","keywords":["Conseil des ministres","Faure Gnassingb\u00e9","Togo"],"articleSection":["Politique"],"inLanguage":"fr-FR","potentialAction":[{"@type":"CommentAction","name":"Comment","target":["https:\/\/lavoixdelanation.tg\/index.php\/2025\/11\/14\/togo-premier-conseil-des-ministres-de-la-ve-republique\/#respond"]}]},{"@type":"WebPage","@id":"https:\/\/lavoixdelanation.tg\/index.php\/2025\/11\/14\/togo-premier-conseil-des-ministres-de-la-ve-republique\/","url":"https:\/\/lavoixdelanation.tg\/index.php\/2025\/11\/14\/togo-premier-conseil-des-ministres-de-la-ve-republique\/","name":"Togo\u00a0: Premier Conseil des ministres de la V\u00e8 R\u00e9publique - La Voix de la Nation","isPartOf":{"@id":"https:\/\/lavoixdelanation.tg\/#website"},"primaryImageOfPage":{"@id":"https:\/\/lavoixdelanation.tg\/index.php\/2025\/11\/14\/togo-premier-conseil-des-ministres-de-la-ve-republique\/#primaryimage"},"image":{"@id":"https:\/\/lavoixdelanation.tg\/index.php\/2025\/11\/14\/togo-premier-conseil-des-ministres-de-la-ve-republique\/#primaryimage"},"thumbnailUrl":"https:\/\/lavoixdelanation.tg\/wp-content\/uploads\/2025\/11\/Premier-Conseil-des-ministres-de-la-5eme-Republique-du-Togo.jpg","datePublished":"2025-11-14T19:06:00+00:00","dateModified":"2025-11-14T23:21:14+00:00","breadcrumb":{"@id":"https:\/\/lavoixdelanation.tg\/index.php\/2025\/11\/14\/togo-premier-conseil-des-ministres-de-la-ve-republique\/#breadcrumb"},"inLanguage":"fr-FR","potentialAction":[{"@type":"ReadAction","target":["https:\/\/lavoixdelanation.tg\/index.php\/2025\/11\/14\/togo-premier-conseil-des-ministres-de-la-ve-republique\/"]}]},{"@type":"ImageObject","inLanguage":"fr-FR","@id":"https:\/\/lavoixdelanation.tg\/index.php\/2025\/11\/14\/togo-premier-conseil-des-ministres-de-la-ve-republique\/#primaryimage","url":"https:\/\/lavoixdelanation.tg\/wp-content\/uploads\/2025\/11\/Premier-Conseil-des-ministres-de-la-5eme-Republique-du-Togo.jpg","contentUrl":"https:\/\/lavoixdelanation.tg\/wp-content\/uploads\/2025\/11\/Premier-Conseil-des-ministres-de-la-5eme-Republique-du-Togo.jpg","width":1280,"height":854},{"@type":"BreadcrumbList","@id":"https:\/\/lavoixdelanation.tg\/index.php\/2025\/11\/14\/togo-premier-conseil-des-ministres-de-la-ve-republique\/#breadcrumb","itemListElement":[{"@type":"ListItem","position":1,"name":"Accueil","item":"https:\/\/lavoixdelanation.tg\/"},{"@type":"ListItem","position":2,"name":"Togo\u00a0: Premier Conseil des ministres de la V\u00e8 R\u00e9publique"}]},{"@type":"WebSite","@id":"https:\/\/lavoixdelanation.tg\/#website","url":"https:\/\/lavoixdelanation.tg\/","name":"La Voix de la Nation","description":"R\u00e9c\u00e9piss\u00e9 n\u00b00108\/HAAC\/01-2024\/pl\/P","publisher":{"@id":"https:\/\/lavoixdelanation.tg\/#organization"},"alternateName":"VON","potentialAction":[{"@type":"SearchAction","target":{"@type":"EntryPoint","urlTemplate":"https:\/\/lavoixdelanation.tg\/?s={search_term_string}"},"query-input":{"@type":"PropertyValueSpecification","valueRequired":true,"valueName":"search_term_string"}}],"inLanguage":"fr-FR"},{"@type":"Organization","@id":"https:\/\/lavoixdelanation.tg\/#organization","name":"La Voix de la Nation","url":"https:\/\/lavoixdelanation.tg\/","logo":{"@type":"ImageObject","inLanguage":"fr-FR","@id":"https:\/\/lavoixdelanation.tg\/#\/schema\/logo\/image\/","url":"https:\/\/lavoixdelanation.tg\/wp-content\/uploads\/2024\/12\/lavn-1.png","contentUrl":"https:\/\/lavoixdelanation.tg\/wp-content\/uploads\/2024\/12\/lavn-1.png","width":1024,"height":464,"caption":"La Voix de la Nation"},"image":{"@id":"https:\/\/lavoixdelanation.tg\/#\/schema\/logo\/image\/"},"sameAs":["https:\/\/www.facebook.com\/lavoixdelanation"]},{"@type":"Person","@id":"https:\/\/lavoixdelanation.tg\/#\/schema\/person\/6c489293aa38053673a9e554acb6e224","name":"La voix de la nation","image":{"@type":"ImageObject","inLanguage":"fr-FR","@id":"https:\/\/lavoixdelanation.tg\/#\/schema\/person\/image\/","url":"https:\/\/secure.gravatar.com\/avatar\/8aa135d4bbc794494cecaa8d483f6d6cc1023624868deaff686baed5e727a5a1?s=96&d=mm&r=g","contentUrl":"https:\/\/secure.gravatar.com\/avatar\/8aa135d4bbc794494cecaa8d483f6d6cc1023624868deaff686baed5e727a5a1?s=96&d=mm&r=g","caption":"La voix de la nation"},"sameAs":["https:\/\/lavoixdelanation.tg"],"url":"https:\/\/lavoixdelanation.tg\/index.php\/author\/lavn\/"}]}},"_links":{"self":[{"href":"https:\/\/lavoixdelanation.tg\/index.php\/wp-json\/wp\/v2\/posts\/14786","targetHints":{"allow":["GET"]}}],"collection":[{"href":"https:\/\/lavoixdelanation.tg\/index.php\/wp-json\/wp\/v2\/posts"}],"about":[{"href":"https:\/\/lavoixdelanation.tg\/index.php\/wp-json\/wp\/v2\/types\/post"}],"author":[{"embeddable":true,"href":"https:\/\/lavoixdelanation.tg\/index.php\/wp-json\/wp\/v2\/users\/1"}],"replies":[{"embeddable":true,"href":"https:\/\/lavoixdelanation.tg\/index.php\/wp-json\/wp\/v2\/comments?post=14786"}],"version-history":[{"count":4,"href":"https:\/\/lavoixdelanation.tg\/index.php\/wp-json\/wp\/v2\/posts\/14786\/revisions"}],"predecessor-version":[{"id":14795,"href":"https:\/\/lavoixdelanation.tg\/index.php\/wp-json\/wp\/v2\/posts\/14786\/revisions\/14795"}],"wp:featuredmedia":[{"embeddable":true,"href":"https:\/\/lavoixdelanation.tg\/index.php\/wp-json\/wp\/v2\/media\/14793"}],"wp:attachment":[{"href":"https:\/\/lavoixdelanation.tg\/index.php\/wp-json\/wp\/v2\/media?parent=14786"}],"wp:term":[{"taxonomy":"category","embeddable":true,"href":"https:\/\/lavoixdelanation.tg\/index.php\/wp-json\/wp\/v2\/categories?post=14786"},{"taxonomy":"post_tag","embeddable":true,"href":"https:\/\/lavoixdelanation.tg\/index.php\/wp-json\/wp\/v2\/tags?post=14786"}],"curies":[{"name":"wp","href":"https:\/\/api.w.org\/{rel}","templated":true}]}}