{"id":14743,"date":"2025-11-09T20:34:00","date_gmt":"2025-11-09T19:34:00","guid":{"rendered":"https:\/\/lavoixdelanation.tg\/?p=14743"},"modified":"2025-11-09T22:38:49","modified_gmt":"2025-11-09T21:38:49","slug":"faure-gnassingbe-aux-emirats-arabes-unis-pour-un-forum-sur-le-commerce-et-linvestissement","status":"publish","type":"post","link":"https:\/\/lavoixdelanation.tg\/index.php\/2025\/11\/09\/faure-gnassingbe-aux-emirats-arabes-unis-pour-un-forum-sur-le-commerce-et-linvestissement\/","title":{"rendered":"Faure Gnassingb\u00e9 aux \u00c9mirats Arabes Unis pour un Forum sur le commerce et l\u2019investissement"},"content":{"rendered":"\n<p><strong>Le Pr\u00e9sident du Conseil Faure Gnassingb\u00e9 est arriv\u00e9 ce dimanche \u00e0 Abu Dhabi aux \u00c9mirats Arabes Unis pour prendre part aux travaux d\u2019un Forum consacr\u00e9 au commerce et \u00e0 l\u2019investissement au Tchad qui s\u2019ouvrent ce 10 novembre 2025.<\/strong><\/p>\n\n\n\n<p>Les travaux connaitront la participation de plusieurs chefs d&rsquo;Etat et de gouvernement, ainsi que les responsables des institutions internationales, des banques de d\u00e9veloppement, des chambres de commerce et des organisations patronales.<\/p>\n\n\n\n<p>Une mobilisation qui traduit le soutien de la communaut\u00e9 internationale \u00e0 la dynamique de transformation structurelle engag\u00e9e dans diff\u00e9rents pays notamment au Tchad \u00e0 travers le Plan national de d\u00e9veloppement (PND) du Tchad. \u00ab Tchad Connexion 2030 \u00bb.<\/p>\n\n\n\n<p>Le sommet s&rsquo;articule autour des travaux en pl\u00e9ni\u00e8re, des panels pertinents, r\u00e9unissant les responsables d&rsquo;institutions internationales, bancaires et de d\u00e9veloppement et est meubl\u00e9 d&rsquo;ateliers th\u00e9matiques de networking favorisant les partenariats strat\u00e9giques et la concr\u00e9tisation des projets \u00e0 fort impact socio-\u00e9conomique.<\/p>\n\n\n\n<p>Le Forum \u00c9mirats Arabes Unis-Tchad sur le commerce et l&rsquo;investissement se veut une vision strat\u00e9gique ambitieuse articul\u00e9e autour de dix-sept programmes d&rsquo;investissement et vise \u00e0 mobiliser des ressources significatives destin\u00e9es \u00e0 transformer les atouts du pays en levier de croissance r\u00e9gionale voire africaine.<\/p>\n\n\n\n<p>Selon une note de la Pr\u00e9sidence du Conseil, la pr\u00e9sence de Faure Gnassingb\u00e9 \u00e0 cette rencontre t\u00e9moigne de l&rsquo;esprit d&rsquo;ouverture du Togo pour le d\u00e9veloppement durable avec des pays fr\u00e8res et pour la promotion de la coop\u00e9ration sud-sud.<\/p>\n\n\n\n<p>Au cours des \u00e9changes diplomatiques et \u00e9conomiques de haut niveau, Faure Gnassingb\u00e9 l&rsquo;exp\u00e9rience togolaise du Plan national de d\u00e9veloppement (PND 2018-2022) fond\u00e9 sur le partenariat public-priv\u00e9, et consolid\u00e9 par la Feuille de route gouvernementale Togo 2025 visant la transformation structurelle de l&rsquo;\u00e9conomie nationale \u00e0 travers des r\u00e9formes et projets innovants pour garantir la paix, l&rsquo;inclusion et l&rsquo;harmonie sociales, dynamiser la cr\u00e9ation d&#8217;emplois et moderniser le pays.<\/p>\n\n\n\n<p>Dans le cadre de la coop\u00e9ration entre le Togo et les Emirats Arabes Unis, le pays a b\u00e9n\u00e9fici\u00e9 d&rsquo;un accompagnement technique et financier pour la mise en \u0153uvre du PND et la r\u00e9alisation de projets majeurs notamment la centrale solaire photovolta\u00efque de Blitta et des infrastructures routi\u00e8res.<\/p>\n","protected":false},"excerpt":{"rendered":"<p>Le Pr\u00e9sident du Conseil Faure Gnassingb\u00e9 est arriv\u00e9 ce dimanche \u00e0 Abu Dhabi aux \u00c9mirats Arabes Unis pour prendre part aux travaux d\u2019un Forum consacr\u00e9 au commerce et \u00e0 l\u2019investissement&hellip; <\/p>\n","protected":false},"author":1,"featured_media":14744,"comment_status":"open","ping_status":"closed","sticky":false,"template":"","format":"standard","meta":{"footnotes":""},"categories":[8],"tags":[1090,45,1091,131],"class_list":["post-14743","post","type-post","status-publish","format-standard","has-post-thumbnail","hentry","category-economie","tag-emirats-arabes-unis","tag-faure-gnassingbe","tag-forum-sur-le-commerce","tag-investissement"],"yoast_head":"<!-- This site is optimized with the Yoast SEO plugin v26.4 - https:\/\/yoast.com\/wordpress\/plugins\/seo\/ -->\n<title>Faure Gnassingb\u00e9 aux \u00c9mirats Arabes Unis pour un Forum sur le commerce et l\u2019investissement - La Voix de la Nation<\/title>\n<meta name=\"robots\" content=\"index, follow, max-snippet:-1, max-image-preview:large, max-video-preview:-1\" \/>\n<link rel=\"canonical\" href=\"https:\/\/lavoixdelanation.tg\/index.php\/2025\/11\/09\/faure-gnassingbe-aux-emirats-arabes-unis-pour-un-forum-sur-le-commerce-et-linvestissement\/\" \/>\n<meta property=\"og:locale\" content=\"fr_FR\" \/>\n<meta property=\"og:type\" content=\"article\" \/>\n<meta property=\"og:title\" content=\"Faure Gnassingb\u00e9 aux \u00c9mirats Arabes Unis pour un Forum sur le commerce et l\u2019investissement - La Voix de la Nation\" \/>\n<meta property=\"og:description\" content=\"Le Pr\u00e9sident du Conseil Faure Gnassingb\u00e9 est arriv\u00e9 ce dimanche \u00e0 Abu Dhabi aux \u00c9mirats Arabes Unis pour prendre part aux travaux d\u2019un Forum consacr\u00e9 au commerce et \u00e0 l\u2019investissement&hellip;\" \/>\n<meta property=\"og:url\" content=\"https:\/\/lavoixdelanation.tg\/index.php\/2025\/11\/09\/faure-gnassingbe-aux-emirats-arabes-unis-pour-un-forum-sur-le-commerce-et-linvestissement\/\" \/>\n<meta property=\"og:site_name\" content=\"La Voix de la Nation\" \/>\n<meta property=\"article:publisher\" content=\"https:\/\/www.facebook.com\/lavoixdelanation\" \/>\n<meta property=\"article:published_time\" content=\"2025-11-09T19:34:00+00:00\" \/>\n<meta property=\"article:modified_time\" content=\"2025-11-09T21:38:49+00:00\" \/>\n<meta property=\"og:image\" content=\"https:\/\/lavoixdelanation.tg\/wp-content\/uploads\/2025\/11\/Faure-Gnassingbe-aux-Emirats-Arabes-Unis-pour-un-Forum-sur-le-commerce-et-linvestissement.jpeg\" \/>\n\t<meta property=\"og:image:width\" content=\"1080\" \/>\n\t<meta property=\"og:image:height\" content=\"792\" \/>\n\t<meta property=\"og:image:type\" content=\"image\/jpeg\" \/>\n<meta name=\"author\" content=\"La voix de la nation\" \/>\n<meta name=\"twitter:card\" content=\"summary_large_image\" \/>\n<meta name=\"twitter:label1\" content=\"\u00c9crit par\" \/>\n\t<meta name=\"twitter:data1\" content=\"La voix de la nation\" \/>\n\t<meta name=\"twitter:label2\" content=\"Dur\u00e9e de lecture estim\u00e9e\" \/>\n\t<meta name=\"twitter:data2\" content=\"2 minutes\" \/>\n<script type=\"application\/ld+json\" class=\"yoast-schema-graph\">{\"@context\":\"https:\/\/schema.org\",\"@graph\":[{\"@type\":\"Article\",\"@id\":\"https:\/\/lavoixdelanation.tg\/index.php\/2025\/11\/09\/faure-gnassingbe-aux-emirats-arabes-unis-pour-un-forum-sur-le-commerce-et-linvestissement\/#article\",\"isPartOf\":{\"@id\":\"https:\/\/lavoixdelanation.tg\/index.php\/2025\/11\/09\/faure-gnassingbe-aux-emirats-arabes-unis-pour-un-forum-sur-le-commerce-et-linvestissement\/\"},\"author\":{\"name\":\"La voix de la nation\",\"@id\":\"https:\/\/lavoixdelanation.tg\/#\/schema\/person\/6c489293aa38053673a9e554acb6e224\"},\"headline\":\"Faure Gnassingb\u00e9 aux \u00c9mirats Arabes Unis pour un Forum sur le commerce et l\u2019investissement\",\"datePublished\":\"2025-11-09T19:34:00+00:00\",\"dateModified\":\"2025-11-09T21:38:49+00:00\",\"mainEntityOfPage\":{\"@id\":\"https:\/\/lavoixdelanation.tg\/index.php\/2025\/11\/09\/faure-gnassingbe-aux-emirats-arabes-unis-pour-un-forum-sur-le-commerce-et-linvestissement\/\"},\"wordCount\":391,\"commentCount\":0,\"publisher\":{\"@id\":\"https:\/\/lavoixdelanation.tg\/#organization\"},\"image\":{\"@id\":\"https:\/\/lavoixdelanation.tg\/index.php\/2025\/11\/09\/faure-gnassingbe-aux-emirats-arabes-unis-pour-un-forum-sur-le-commerce-et-linvestissement\/#primaryimage\"},\"thumbnailUrl\":\"https:\/\/lavoixdelanation.tg\/wp-content\/uploads\/2025\/11\/Faure-Gnassingbe-aux-Emirats-Arabes-Unis-pour-un-Forum-sur-le-commerce-et-linvestissement.jpeg\",\"keywords\":[\"\u00c9mirats Arabes Unis\",\"Faure Gnassingb\u00e9\",\"Forum sur le commerce\",\"Investissement\"],\"articleSection\":[\"Economie\"],\"inLanguage\":\"fr-FR\",\"potentialAction\":[{\"@type\":\"CommentAction\",\"name\":\"Comment\",\"target\":[\"https:\/\/lavoixdelanation.tg\/index.php\/2025\/11\/09\/faure-gnassingbe-aux-emirats-arabes-unis-pour-un-forum-sur-le-commerce-et-linvestissement\/#respond\"]}]},{\"@type\":\"WebPage\",\"@id\":\"https:\/\/lavoixdelanation.tg\/index.php\/2025\/11\/09\/faure-gnassingbe-aux-emirats-arabes-unis-pour-un-forum-sur-le-commerce-et-linvestissement\/\",\"url\":\"https:\/\/lavoixdelanation.tg\/index.php\/2025\/11\/09\/faure-gnassingbe-aux-emirats-arabes-unis-pour-un-forum-sur-le-commerce-et-linvestissement\/\",\"name\":\"Faure Gnassingb\u00e9 aux \u00c9mirats Arabes Unis pour un Forum sur le commerce et l\u2019investissement - La Voix de la Nation\",\"isPartOf\":{\"@id\":\"https:\/\/lavoixdelanation.tg\/#website\"},\"primaryImageOfPage\":{\"@id\":\"https:\/\/lavoixdelanation.tg\/index.php\/2025\/11\/09\/faure-gnassingbe-aux-emirats-arabes-unis-pour-un-forum-sur-le-commerce-et-linvestissement\/#primaryimage\"},\"image\":{\"@id\":\"https:\/\/lavoixdelanation.tg\/index.php\/2025\/11\/09\/faure-gnassingbe-aux-emirats-arabes-unis-pour-un-forum-sur-le-commerce-et-linvestissement\/#primaryimage\"},\"thumbnailUrl\":\"https:\/\/lavoixdelanation.tg\/wp-content\/uploads\/2025\/11\/Faure-Gnassingbe-aux-Emirats-Arabes-Unis-pour-un-Forum-sur-le-commerce-et-linvestissement.jpeg\",\"datePublished\":\"2025-11-09T19:34:00+00:00\",\"dateModified\":\"2025-11-09T21:38:49+00:00\",\"breadcrumb\":{\"@id\":\"https:\/\/lavoixdelanation.tg\/index.php\/2025\/11\/09\/faure-gnassingbe-aux-emirats-arabes-unis-pour-un-forum-sur-le-commerce-et-linvestissement\/#breadcrumb\"},\"inLanguage\":\"fr-FR\",\"potentialAction\":[{\"@type\":\"ReadAction\",\"target\":[\"https:\/\/lavoixdelanation.tg\/index.php\/2025\/11\/09\/faure-gnassingbe-aux-emirats-arabes-unis-pour-un-forum-sur-le-commerce-et-linvestissement\/\"]}]},{\"@type\":\"ImageObject\",\"inLanguage\":\"fr-FR\",\"@id\":\"https:\/\/lavoixdelanation.tg\/index.php\/2025\/11\/09\/faure-gnassingbe-aux-emirats-arabes-unis-pour-un-forum-sur-le-commerce-et-linvestissement\/#primaryimage\",\"url\":\"https:\/\/lavoixdelanation.tg\/wp-content\/uploads\/2025\/11\/Faure-Gnassingbe-aux-Emirats-Arabes-Unis-pour-un-Forum-sur-le-commerce-et-linvestissement.jpeg\",\"contentUrl\":\"https:\/\/lavoixdelanation.tg\/wp-content\/uploads\/2025\/11\/Faure-Gnassingbe-aux-Emirats-Arabes-Unis-pour-un-Forum-sur-le-commerce-et-linvestissement.jpeg\",\"width\":1080,\"height\":792},{\"@type\":\"BreadcrumbList\",\"@id\":\"https:\/\/lavoixdelanation.tg\/index.php\/2025\/11\/09\/faure-gnassingbe-aux-emirats-arabes-unis-pour-un-forum-sur-le-commerce-et-linvestissement\/#breadcrumb\",\"itemListElement\":[{\"@type\":\"ListItem\",\"position\":1,\"name\":\"Accueil\",\"item\":\"https:\/\/lavoixdelanation.tg\/\"},{\"@type\":\"ListItem\",\"position\":2,\"name\":\"Faure Gnassingb\u00e9 aux \u00c9mirats Arabes Unis pour un Forum sur le commerce et l\u2019investissement\"}]},{\"@type\":\"WebSite\",\"@id\":\"https:\/\/lavoixdelanation.tg\/#website\",\"url\":\"https:\/\/lavoixdelanation.tg\/\",\"name\":\"La Voix de la Nation\",\"description\":\"R\u00e9c\u00e9piss\u00e9 n\u00b00108\/HAAC\/01-2024\/pl\/P\",\"publisher\":{\"@id\":\"https:\/\/lavoixdelanation.tg\/#organization\"},\"alternateName\":\"VON\",\"potentialAction\":[{\"@type\":\"SearchAction\",\"target\":{\"@type\":\"EntryPoint\",\"urlTemplate\":\"https:\/\/lavoixdelanation.tg\/?s={search_term_string}\"},\"query-input\":{\"@type\":\"PropertyValueSpecification\",\"valueRequired\":true,\"valueName\":\"search_term_string\"}}],\"inLanguage\":\"fr-FR\"},{\"@type\":\"Organization\",\"@id\":\"https:\/\/lavoixdelanation.tg\/#organization\",\"name\":\"La Voix de la Nation\",\"url\":\"https:\/\/lavoixdelanation.tg\/\",\"logo\":{\"@type\":\"ImageObject\",\"inLanguage\":\"fr-FR\",\"@id\":\"https:\/\/lavoixdelanation.tg\/#\/schema\/logo\/image\/\",\"url\":\"https:\/\/lavoixdelanation.tg\/wp-content\/uploads\/2024\/12\/lavn-1.png\",\"contentUrl\":\"https:\/\/lavoixdelanation.tg\/wp-content\/uploads\/2024\/12\/lavn-1.png\",\"width\":1024,\"height\":464,\"caption\":\"La Voix de la Nation\"},\"image\":{\"@id\":\"https:\/\/lavoixdelanation.tg\/#\/schema\/logo\/image\/\"},\"sameAs\":[\"https:\/\/www.facebook.com\/lavoixdelanation\"]},{\"@type\":\"Person\",\"@id\":\"https:\/\/lavoixdelanation.tg\/#\/schema\/person\/6c489293aa38053673a9e554acb6e224\",\"name\":\"La voix de la nation\",\"image\":{\"@type\":\"ImageObject\",\"inLanguage\":\"fr-FR\",\"@id\":\"https:\/\/lavoixdelanation.tg\/#\/schema\/person\/image\/\",\"url\":\"https:\/\/secure.gravatar.com\/avatar\/8aa135d4bbc794494cecaa8d483f6d6cc1023624868deaff686baed5e727a5a1?s=96&d=mm&r=g\",\"contentUrl\":\"https:\/\/secure.gravatar.com\/avatar\/8aa135d4bbc794494cecaa8d483f6d6cc1023624868deaff686baed5e727a5a1?s=96&d=mm&r=g\",\"caption\":\"La voix de la nation\"},\"sameAs\":[\"https:\/\/lavoixdelanation.tg\"],\"url\":\"https:\/\/lavoixdelanation.tg\/index.php\/author\/lavn\/\"}]}<\/script>\n<!-- \/ Yoast SEO plugin. -->","yoast_head_json":{"title":"Faure Gnassingb\u00e9 aux \u00c9mirats Arabes Unis pour un Forum sur le commerce et l\u2019investissement - La Voix de la Nation","robots":{"index":"index","follow":"follow","max-snippet":"max-snippet:-1","max-image-preview":"max-image-preview:large","max-video-preview":"max-video-preview:-1"},"canonical":"https:\/\/lavoixdelanation.tg\/index.php\/2025\/11\/09\/faure-gnassingbe-aux-emirats-arabes-unis-pour-un-forum-sur-le-commerce-et-linvestissement\/","og_locale":"fr_FR","og_type":"article","og_title":"Faure Gnassingb\u00e9 aux \u00c9mirats Arabes Unis pour un Forum sur le commerce et l\u2019investissement - La Voix de la Nation","og_description":"Le Pr\u00e9sident du Conseil Faure Gnassingb\u00e9 est arriv\u00e9 ce dimanche \u00e0 Abu Dhabi aux \u00c9mirats Arabes Unis pour prendre part aux travaux d\u2019un Forum consacr\u00e9 au commerce et \u00e0 l\u2019investissement&hellip;","og_url":"https:\/\/lavoixdelanation.tg\/index.php\/2025\/11\/09\/faure-gnassingbe-aux-emirats-arabes-unis-pour-un-forum-sur-le-commerce-et-linvestissement\/","og_site_name":"La Voix de la Nation","article_publisher":"https:\/\/www.facebook.com\/lavoixdelanation","article_published_time":"2025-11-09T19:34:00+00:00","article_modified_time":"2025-11-09T21:38:49+00:00","og_image":[{"width":1080,"height":792,"url":"https:\/\/lavoixdelanation.tg\/wp-content\/uploads\/2025\/11\/Faure-Gnassingbe-aux-Emirats-Arabes-Unis-pour-un-Forum-sur-le-commerce-et-linvestissement.jpeg","type":"image\/jpeg"}],"author":"La voix de la nation","twitter_card":"summary_large_image","twitter_misc":{"\u00c9crit par":"La voix de la nation","Dur\u00e9e de lecture estim\u00e9e":"2 minutes"},"schema":{"@context":"https:\/\/schema.org","@graph":[{"@type":"Article","@id":"https:\/\/lavoixdelanation.tg\/index.php\/2025\/11\/09\/faure-gnassingbe-aux-emirats-arabes-unis-pour-un-forum-sur-le-commerce-et-linvestissement\/#article","isPartOf":{"@id":"https:\/\/lavoixdelanation.tg\/index.php\/2025\/11\/09\/faure-gnassingbe-aux-emirats-arabes-unis-pour-un-forum-sur-le-commerce-et-linvestissement\/"},"author":{"name":"La voix de la nation","@id":"https:\/\/lavoixdelanation.tg\/#\/schema\/person\/6c489293aa38053673a9e554acb6e224"},"headline":"Faure Gnassingb\u00e9 aux \u00c9mirats Arabes Unis pour un Forum sur le commerce et l\u2019investissement","datePublished":"2025-11-09T19:34:00+00:00","dateModified":"2025-11-09T21:38:49+00:00","mainEntityOfPage":{"@id":"https:\/\/lavoixdelanation.tg\/index.php\/2025\/11\/09\/faure-gnassingbe-aux-emirats-arabes-unis-pour-un-forum-sur-le-commerce-et-linvestissement\/"},"wordCount":391,"commentCount":0,"publisher":{"@id":"https:\/\/lavoixdelanation.tg\/#organization"},"image":{"@id":"https:\/\/lavoixdelanation.tg\/index.php\/2025\/11\/09\/faure-gnassingbe-aux-emirats-arabes-unis-pour-un-forum-sur-le-commerce-et-linvestissement\/#primaryimage"},"thumbnailUrl":"https:\/\/lavoixdelanation.tg\/wp-content\/uploads\/2025\/11\/Faure-Gnassingbe-aux-Emirats-Arabes-Unis-pour-un-Forum-sur-le-commerce-et-linvestissement.jpeg","keywords":["\u00c9mirats Arabes Unis","Faure Gnassingb\u00e9","Forum sur le commerce","Investissement"],"articleSection":["Economie"],"inLanguage":"fr-FR","potentialAction":[{"@type":"CommentAction","name":"Comment","target":["https:\/\/lavoixdelanation.tg\/index.php\/2025\/11\/09\/faure-gnassingbe-aux-emirats-arabes-unis-pour-un-forum-sur-le-commerce-et-linvestissement\/#respond"]}]},{"@type":"WebPage","@id":"https:\/\/lavoixdelanation.tg\/index.php\/2025\/11\/09\/faure-gnassingbe-aux-emirats-arabes-unis-pour-un-forum-sur-le-commerce-et-linvestissement\/","url":"https:\/\/lavoixdelanation.tg\/index.php\/2025\/11\/09\/faure-gnassingbe-aux-emirats-arabes-unis-pour-un-forum-sur-le-commerce-et-linvestissement\/","name":"Faure Gnassingb\u00e9 aux \u00c9mirats Arabes Unis pour un Forum sur le commerce et l\u2019investissement - La Voix de la Nation","isPartOf":{"@id":"https:\/\/lavoixdelanation.tg\/#website"},"primaryImageOfPage":{"@id":"https:\/\/lavoixdelanation.tg\/index.php\/2025\/11\/09\/faure-gnassingbe-aux-emirats-arabes-unis-pour-un-forum-sur-le-commerce-et-linvestissement\/#primaryimage"},"image":{"@id":"https:\/\/lavoixdelanation.tg\/index.php\/2025\/11\/09\/faure-gnassingbe-aux-emirats-arabes-unis-pour-un-forum-sur-le-commerce-et-linvestissement\/#primaryimage"},"thumbnailUrl":"https:\/\/lavoixdelanation.tg\/wp-content\/uploads\/2025\/11\/Faure-Gnassingbe-aux-Emirats-Arabes-Unis-pour-un-Forum-sur-le-commerce-et-linvestissement.jpeg","datePublished":"2025-11-09T19:34:00+00:00","dateModified":"2025-11-09T21:38:49+00:00","breadcrumb":{"@id":"https:\/\/lavoixdelanation.tg\/index.php\/2025\/11\/09\/faure-gnassingbe-aux-emirats-arabes-unis-pour-un-forum-sur-le-commerce-et-linvestissement\/#breadcrumb"},"inLanguage":"fr-FR","potentialAction":[{"@type":"ReadAction","target":["https:\/\/lavoixdelanation.tg\/index.php\/2025\/11\/09\/faure-gnassingbe-aux-emirats-arabes-unis-pour-un-forum-sur-le-commerce-et-linvestissement\/"]}]},{"@type":"ImageObject","inLanguage":"fr-FR","@id":"https:\/\/lavoixdelanation.tg\/index.php\/2025\/11\/09\/faure-gnassingbe-aux-emirats-arabes-unis-pour-un-forum-sur-le-commerce-et-linvestissement\/#primaryimage","url":"https:\/\/lavoixdelanation.tg\/wp-content\/uploads\/2025\/11\/Faure-Gnassingbe-aux-Emirats-Arabes-Unis-pour-un-Forum-sur-le-commerce-et-linvestissement.jpeg","contentUrl":"https:\/\/lavoixdelanation.tg\/wp-content\/uploads\/2025\/11\/Faure-Gnassingbe-aux-Emirats-Arabes-Unis-pour-un-Forum-sur-le-commerce-et-linvestissement.jpeg","width":1080,"height":792},{"@type":"BreadcrumbList","@id":"https:\/\/lavoixdelanation.tg\/index.php\/2025\/11\/09\/faure-gnassingbe-aux-emirats-arabes-unis-pour-un-forum-sur-le-commerce-et-linvestissement\/#breadcrumb","itemListElement":[{"@type":"ListItem","position":1,"name":"Accueil","item":"https:\/\/lavoixdelanation.tg\/"},{"@type":"ListItem","position":2,"name":"Faure Gnassingb\u00e9 aux \u00c9mirats Arabes Unis pour un Forum sur le commerce et l\u2019investissement"}]},{"@type":"WebSite","@id":"https:\/\/lavoixdelanation.tg\/#website","url":"https:\/\/lavoixdelanation.tg\/","name":"La Voix de la Nation","description":"R\u00e9c\u00e9piss\u00e9 n\u00b00108\/HAAC\/01-2024\/pl\/P","publisher":{"@id":"https:\/\/lavoixdelanation.tg\/#organization"},"alternateName":"VON","potentialAction":[{"@type":"SearchAction","target":{"@type":"EntryPoint","urlTemplate":"https:\/\/lavoixdelanation.tg\/?s={search_term_string}"},"query-input":{"@type":"PropertyValueSpecification","valueRequired":true,"valueName":"search_term_string"}}],"inLanguage":"fr-FR"},{"@type":"Organization","@id":"https:\/\/lavoixdelanation.tg\/#organization","name":"La Voix de la Nation","url":"https:\/\/lavoixdelanation.tg\/","logo":{"@type":"ImageObject","inLanguage":"fr-FR","@id":"https:\/\/lavoixdelanation.tg\/#\/schema\/logo\/image\/","url":"https:\/\/lavoixdelanation.tg\/wp-content\/uploads\/2024\/12\/lavn-1.png","contentUrl":"https:\/\/lavoixdelanation.tg\/wp-content\/uploads\/2024\/12\/lavn-1.png","width":1024,"height":464,"caption":"La Voix de la Nation"},"image":{"@id":"https:\/\/lavoixdelanation.tg\/#\/schema\/logo\/image\/"},"sameAs":["https:\/\/www.facebook.com\/lavoixdelanation"]},{"@type":"Person","@id":"https:\/\/lavoixdelanation.tg\/#\/schema\/person\/6c489293aa38053673a9e554acb6e224","name":"La voix de la nation","image":{"@type":"ImageObject","inLanguage":"fr-FR","@id":"https:\/\/lavoixdelanation.tg\/#\/schema\/person\/image\/","url":"https:\/\/secure.gravatar.com\/avatar\/8aa135d4bbc794494cecaa8d483f6d6cc1023624868deaff686baed5e727a5a1?s=96&d=mm&r=g","contentUrl":"https:\/\/secure.gravatar.com\/avatar\/8aa135d4bbc794494cecaa8d483f6d6cc1023624868deaff686baed5e727a5a1?s=96&d=mm&r=g","caption":"La voix de la nation"},"sameAs":["https:\/\/lavoixdelanation.tg"],"url":"https:\/\/lavoixdelanation.tg\/index.php\/author\/lavn\/"}]}},"_links":{"self":[{"href":"https:\/\/lavoixdelanation.tg\/index.php\/wp-json\/wp\/v2\/posts\/14743","targetHints":{"allow":["GET"]}}],"collection":[{"href":"https:\/\/lavoixdelanation.tg\/index.php\/wp-json\/wp\/v2\/posts"}],"about":[{"href":"https:\/\/lavoixdelanation.tg\/index.php\/wp-json\/wp\/v2\/types\/post"}],"author":[{"embeddable":true,"href":"https:\/\/lavoixdelanation.tg\/index.php\/wp-json\/wp\/v2\/users\/1"}],"replies":[{"embeddable":true,"href":"https:\/\/lavoixdelanation.tg\/index.php\/wp-json\/wp\/v2\/comments?post=14743"}],"version-history":[{"count":1,"href":"https:\/\/lavoixdelanation.tg\/index.php\/wp-json\/wp\/v2\/posts\/14743\/revisions"}],"predecessor-version":[{"id":14745,"href":"https:\/\/lavoixdelanation.tg\/index.php\/wp-json\/wp\/v2\/posts\/14743\/revisions\/14745"}],"wp:featuredmedia":[{"embeddable":true,"href":"https:\/\/lavoixdelanation.tg\/index.php\/wp-json\/wp\/v2\/media\/14744"}],"wp:attachment":[{"href":"https:\/\/lavoixdelanation.tg\/index.php\/wp-json\/wp\/v2\/media?parent=14743"}],"wp:term":[{"taxonomy":"category","embeddable":true,"href":"https:\/\/lavoixdelanation.tg\/index.php\/wp-json\/wp\/v2\/categories?post=14743"},{"taxonomy":"post_tag","embeddable":true,"href":"https:\/\/lavoixdelanation.tg\/index.php\/wp-json\/wp\/v2\/tags?post=14743"}],"curies":[{"name":"wp","href":"https:\/\/api.w.org\/{rel}","templated":true}]}}