{"id":14738,"date":"2025-11-07T14:06:47","date_gmt":"2025-11-07T13:06:47","guid":{"rendered":"https:\/\/lavoixdelanation.tg\/?p=14738"},"modified":"2025-11-07T14:06:47","modified_gmt":"2025-11-07T13:06:47","slug":"togo-recrutement-du-personnel-pour-le-compte-de-larmee-de-lair","status":"publish","type":"post","link":"https:\/\/lavoixdelanation.tg\/index.php\/2025\/11\/07\/togo-recrutement-du-personnel-pour-le-compte-de-larmee-de-lair\/","title":{"rendered":"Togo\u00a0: Recrutement du personnel pour le compte de l\u2019arm\u00e9e de l\u2019air"},"content":{"rendered":"\n<p>Dans le cadre de la s\u00e9lection de son personnel navigant et non navigant (pilotes et techniciens avion), l\u2019arm\u00e9e de l\u2019air avec l\u2019appui de la coop\u00e9ration fran\u00e7aise, organise du 25 novembre au 12 d\u00e9cembre 2025 sur tout le territoire national, des tests psychotechniques au profit des \u00e9l\u00e8ves et \u00e9tudiants des deux sexes.<\/p>\n\n\n\n<p>Les candidats doivent imp\u00e9rativement \u00eatre de nationalit\u00e9 togolaise, avoir un niveau sup\u00e9rieur ou \u00e9gal aux classes de terminale scientifique (s\u00e9ries C, D et E), et \u00eatre \u00e2g\u00e9s de 23 ans au plus au 31 d\u00e9cembre 2025.<\/p>\n\n\n\n<p>Les inscriptions, en cours jusqu\u2019au 14 novembre, s\u2019effectuent au secr\u00e9tariat de l\u2019\u00c9tat-major de l\u2019Arm\u00e9e de l\u2019air et dans les brigades de gendarmerie. Les informations compl\u00e9mentaires peuvent \u00eatre consult\u00e9es dans le document PDF ci-dessous.<\/p>\n\n\n\n<div data-wp-interactive=\"core\/file\" class=\"wp-block-file\"><object data-wp-bind--hidden=\"!state.hasPdfPreview\" hidden class=\"wp-block-file__embed\" data=\"https:\/\/lavoixdelanation.tg\/wp-content\/uploads\/2025\/11\/Communique-du-Ministre-de-la-Defense-Nationale-relatif-a-la-selection-du-personnel-navigant-et-non-navigant-pilotes-et-techniciens-avion-de-larmee-de-lair.pdf\" type=\"application\/pdf\" style=\"width:100%;height:600px\" aria-label=\"Contenu embarqu\u00e9 Communique-du-Ministre-de-la-Defense-Nationale-relatif-a-la-selection-du-personnel-navigant-et-non-navigant-pilotes-et-techniciens-avion-de-larmee-de-lair.\"><\/object><a id=\"wp-block-file--media-9ea587e5-ba7b-425f-b7f0-4d7ca0302bfb\" href=\"https:\/\/lavoixdelanation.tg\/wp-content\/uploads\/2025\/11\/Communique-du-Ministre-de-la-Defense-Nationale-relatif-a-la-selection-du-personnel-navigant-et-non-navigant-pilotes-et-techniciens-avion-de-larmee-de-lair.pdf\">Communique-du-Ministre-de-la-Defense-Nationale-relatif-a-la-selection-du-personnel-navigant-et-non-navigant-pilotes-et-techniciens-avion-de-larmee-de-lair<\/a><a href=\"https:\/\/lavoixdelanation.tg\/wp-content\/uploads\/2025\/11\/Communique-du-Ministre-de-la-Defense-Nationale-relatif-a-la-selection-du-personnel-navigant-et-non-navigant-pilotes-et-techniciens-avion-de-larmee-de-lair.pdf\" class=\"wp-block-file__button wp-element-button\" download aria-describedby=\"wp-block-file--media-9ea587e5-ba7b-425f-b7f0-4d7ca0302bfb\">T\u00e9l\u00e9charger<\/a><\/div>\n","protected":false},"excerpt":{"rendered":"<p>Dans le cadre de la s\u00e9lection de son personnel navigant et non navigant (pilotes et techniciens avion), l\u2019arm\u00e9e de l\u2019air avec l\u2019appui de la coop\u00e9ration fran\u00e7aise, organise du 25 novembre&hellip; <\/p>\n","protected":false},"author":1,"featured_media":14740,"comment_status":"open","ping_status":"closed","sticky":false,"template":"","format":"standard","meta":{"footnotes":""},"categories":[29],"tags":[1089,146,39],"class_list":["post-14738","post","type-post","status-publish","format-standard","has-post-thumbnail","hentry","category-societe","tag-armee-de-lair","tag-recrutement","tag-togo"],"yoast_head":"<!-- This site is optimized with the Yoast SEO plugin v26.4 - https:\/\/yoast.com\/wordpress\/plugins\/seo\/ -->\n<title>Togo\u00a0: Recrutement du personnel pour le compte de l\u2019arm\u00e9e de l\u2019air - La Voix de la Nation<\/title>\n<meta name=\"robots\" content=\"index, follow, max-snippet:-1, max-image-preview:large, max-video-preview:-1\" \/>\n<link rel=\"canonical\" href=\"https:\/\/lavoixdelanation.tg\/index.php\/2025\/11\/07\/togo-recrutement-du-personnel-pour-le-compte-de-larmee-de-lair\/\" \/>\n<meta property=\"og:locale\" content=\"fr_FR\" \/>\n<meta property=\"og:type\" content=\"article\" \/>\n<meta property=\"og:title\" content=\"Togo\u00a0: Recrutement du personnel pour le compte de l\u2019arm\u00e9e de l\u2019air - La Voix de la Nation\" \/>\n<meta property=\"og:description\" content=\"Dans le cadre de la s\u00e9lection de son personnel navigant et non navigant (pilotes et techniciens avion), l\u2019arm\u00e9e de l\u2019air avec l\u2019appui de la coop\u00e9ration fran\u00e7aise, organise du 25 novembre&hellip;\" \/>\n<meta property=\"og:url\" content=\"https:\/\/lavoixdelanation.tg\/index.php\/2025\/11\/07\/togo-recrutement-du-personnel-pour-le-compte-de-larmee-de-lair\/\" \/>\n<meta property=\"og:site_name\" content=\"La Voix de la Nation\" \/>\n<meta property=\"article:publisher\" content=\"https:\/\/www.facebook.com\/lavoixdelanation\" \/>\n<meta property=\"article:published_time\" content=\"2025-11-07T13:06:47+00:00\" \/>\n<meta property=\"og:image\" content=\"https:\/\/lavoixdelanation.tg\/wp-content\/uploads\/2025\/11\/Recrutement-du-personnel-pour-le-compte-de-larmee-de-lair-au-Togo.jpg\" \/>\n\t<meta property=\"og:image:width\" content=\"811\" \/>\n\t<meta property=\"og:image:height\" content=\"540\" \/>\n\t<meta property=\"og:image:type\" content=\"image\/jpeg\" \/>\n<meta name=\"author\" content=\"La voix de la nation\" \/>\n<meta name=\"twitter:card\" content=\"summary_large_image\" \/>\n<meta name=\"twitter:label1\" content=\"\u00c9crit par\" \/>\n\t<meta name=\"twitter:data1\" content=\"La voix de la nation\" \/>\n\t<meta name=\"twitter:label2\" content=\"Dur\u00e9e de lecture estim\u00e9e\" \/>\n\t<meta name=\"twitter:data2\" content=\"1 minute\" \/>\n<script type=\"application\/ld+json\" class=\"yoast-schema-graph\">{\"@context\":\"https:\/\/schema.org\",\"@graph\":[{\"@type\":\"Article\",\"@id\":\"https:\/\/lavoixdelanation.tg\/index.php\/2025\/11\/07\/togo-recrutement-du-personnel-pour-le-compte-de-larmee-de-lair\/#article\",\"isPartOf\":{\"@id\":\"https:\/\/lavoixdelanation.tg\/index.php\/2025\/11\/07\/togo-recrutement-du-personnel-pour-le-compte-de-larmee-de-lair\/\"},\"author\":{\"name\":\"La voix de la nation\",\"@id\":\"https:\/\/lavoixdelanation.tg\/#\/schema\/person\/6c489293aa38053673a9e554acb6e224\"},\"headline\":\"Togo\u00a0: Recrutement du personnel pour le compte de l\u2019arm\u00e9e de l\u2019air\",\"datePublished\":\"2025-11-07T13:06:47+00:00\",\"mainEntityOfPage\":{\"@id\":\"https:\/\/lavoixdelanation.tg\/index.php\/2025\/11\/07\/togo-recrutement-du-personnel-pour-le-compte-de-larmee-de-lair\/\"},\"wordCount\":154,\"commentCount\":0,\"publisher\":{\"@id\":\"https:\/\/lavoixdelanation.tg\/#organization\"},\"image\":{\"@id\":\"https:\/\/lavoixdelanation.tg\/index.php\/2025\/11\/07\/togo-recrutement-du-personnel-pour-le-compte-de-larmee-de-lair\/#primaryimage\"},\"thumbnailUrl\":\"https:\/\/lavoixdelanation.tg\/wp-content\/uploads\/2025\/11\/Recrutement-du-personnel-pour-le-compte-de-larmee-de-lair-au-Togo.jpg\",\"keywords\":[\"arm\u00e9e de l\u2019air\",\"Recrutement\",\"Togo\"],\"articleSection\":[\"Soci\u00e9t\u00e9\"],\"inLanguage\":\"fr-FR\",\"potentialAction\":[{\"@type\":\"CommentAction\",\"name\":\"Comment\",\"target\":[\"https:\/\/lavoixdelanation.tg\/index.php\/2025\/11\/07\/togo-recrutement-du-personnel-pour-le-compte-de-larmee-de-lair\/#respond\"]}]},{\"@type\":\"WebPage\",\"@id\":\"https:\/\/lavoixdelanation.tg\/index.php\/2025\/11\/07\/togo-recrutement-du-personnel-pour-le-compte-de-larmee-de-lair\/\",\"url\":\"https:\/\/lavoixdelanation.tg\/index.php\/2025\/11\/07\/togo-recrutement-du-personnel-pour-le-compte-de-larmee-de-lair\/\",\"name\":\"Togo\u00a0: Recrutement du personnel pour le compte de l\u2019arm\u00e9e de l\u2019air - La Voix de la Nation\",\"isPartOf\":{\"@id\":\"https:\/\/lavoixdelanation.tg\/#website\"},\"primaryImageOfPage\":{\"@id\":\"https:\/\/lavoixdelanation.tg\/index.php\/2025\/11\/07\/togo-recrutement-du-personnel-pour-le-compte-de-larmee-de-lair\/#primaryimage\"},\"image\":{\"@id\":\"https:\/\/lavoixdelanation.tg\/index.php\/2025\/11\/07\/togo-recrutement-du-personnel-pour-le-compte-de-larmee-de-lair\/#primaryimage\"},\"thumbnailUrl\":\"https:\/\/lavoixdelanation.tg\/wp-content\/uploads\/2025\/11\/Recrutement-du-personnel-pour-le-compte-de-larmee-de-lair-au-Togo.jpg\",\"datePublished\":\"2025-11-07T13:06:47+00:00\",\"breadcrumb\":{\"@id\":\"https:\/\/lavoixdelanation.tg\/index.php\/2025\/11\/07\/togo-recrutement-du-personnel-pour-le-compte-de-larmee-de-lair\/#breadcrumb\"},\"inLanguage\":\"fr-FR\",\"potentialAction\":[{\"@type\":\"ReadAction\",\"target\":[\"https:\/\/lavoixdelanation.tg\/index.php\/2025\/11\/07\/togo-recrutement-du-personnel-pour-le-compte-de-larmee-de-lair\/\"]}]},{\"@type\":\"ImageObject\",\"inLanguage\":\"fr-FR\",\"@id\":\"https:\/\/lavoixdelanation.tg\/index.php\/2025\/11\/07\/togo-recrutement-du-personnel-pour-le-compte-de-larmee-de-lair\/#primaryimage\",\"url\":\"https:\/\/lavoixdelanation.tg\/wp-content\/uploads\/2025\/11\/Recrutement-du-personnel-pour-le-compte-de-larmee-de-lair-au-Togo.jpg\",\"contentUrl\":\"https:\/\/lavoixdelanation.tg\/wp-content\/uploads\/2025\/11\/Recrutement-du-personnel-pour-le-compte-de-larmee-de-lair-au-Togo.jpg\",\"width\":811,\"height\":540},{\"@type\":\"BreadcrumbList\",\"@id\":\"https:\/\/lavoixdelanation.tg\/index.php\/2025\/11\/07\/togo-recrutement-du-personnel-pour-le-compte-de-larmee-de-lair\/#breadcrumb\",\"itemListElement\":[{\"@type\":\"ListItem\",\"position\":1,\"name\":\"Accueil\",\"item\":\"https:\/\/lavoixdelanation.tg\/\"},{\"@type\":\"ListItem\",\"position\":2,\"name\":\"Togo\u00a0: Recrutement du personnel pour le compte de l\u2019arm\u00e9e de l\u2019air\"}]},{\"@type\":\"WebSite\",\"@id\":\"https:\/\/lavoixdelanation.tg\/#website\",\"url\":\"https:\/\/lavoixdelanation.tg\/\",\"name\":\"La Voix de la Nation\",\"description\":\"R\u00e9c\u00e9piss\u00e9 n\u00b00108\/HAAC\/01-2024\/pl\/P\",\"publisher\":{\"@id\":\"https:\/\/lavoixdelanation.tg\/#organization\"},\"alternateName\":\"VON\",\"potentialAction\":[{\"@type\":\"SearchAction\",\"target\":{\"@type\":\"EntryPoint\",\"urlTemplate\":\"https:\/\/lavoixdelanation.tg\/?s={search_term_string}\"},\"query-input\":{\"@type\":\"PropertyValueSpecification\",\"valueRequired\":true,\"valueName\":\"search_term_string\"}}],\"inLanguage\":\"fr-FR\"},{\"@type\":\"Organization\",\"@id\":\"https:\/\/lavoixdelanation.tg\/#organization\",\"name\":\"La Voix de la Nation\",\"url\":\"https:\/\/lavoixdelanation.tg\/\",\"logo\":{\"@type\":\"ImageObject\",\"inLanguage\":\"fr-FR\",\"@id\":\"https:\/\/lavoixdelanation.tg\/#\/schema\/logo\/image\/\",\"url\":\"https:\/\/lavoixdelanation.tg\/wp-content\/uploads\/2024\/12\/lavn-1.png\",\"contentUrl\":\"https:\/\/lavoixdelanation.tg\/wp-content\/uploads\/2024\/12\/lavn-1.png\",\"width\":1024,\"height\":464,\"caption\":\"La Voix de la Nation\"},\"image\":{\"@id\":\"https:\/\/lavoixdelanation.tg\/#\/schema\/logo\/image\/\"},\"sameAs\":[\"https:\/\/www.facebook.com\/lavoixdelanation\"]},{\"@type\":\"Person\",\"@id\":\"https:\/\/lavoixdelanation.tg\/#\/schema\/person\/6c489293aa38053673a9e554acb6e224\",\"name\":\"La voix de la nation\",\"image\":{\"@type\":\"ImageObject\",\"inLanguage\":\"fr-FR\",\"@id\":\"https:\/\/lavoixdelanation.tg\/#\/schema\/person\/image\/\",\"url\":\"https:\/\/secure.gravatar.com\/avatar\/8aa135d4bbc794494cecaa8d483f6d6cc1023624868deaff686baed5e727a5a1?s=96&d=mm&r=g\",\"contentUrl\":\"https:\/\/secure.gravatar.com\/avatar\/8aa135d4bbc794494cecaa8d483f6d6cc1023624868deaff686baed5e727a5a1?s=96&d=mm&r=g\",\"caption\":\"La voix de la nation\"},\"sameAs\":[\"https:\/\/lavoixdelanation.tg\"],\"url\":\"https:\/\/lavoixdelanation.tg\/index.php\/author\/lavn\/\"}]}<\/script>\n<!-- \/ Yoast SEO plugin. -->","yoast_head_json":{"title":"Togo\u00a0: Recrutement du personnel pour le compte de l\u2019arm\u00e9e de l\u2019air - La Voix de la Nation","robots":{"index":"index","follow":"follow","max-snippet":"max-snippet:-1","max-image-preview":"max-image-preview:large","max-video-preview":"max-video-preview:-1"},"canonical":"https:\/\/lavoixdelanation.tg\/index.php\/2025\/11\/07\/togo-recrutement-du-personnel-pour-le-compte-de-larmee-de-lair\/","og_locale":"fr_FR","og_type":"article","og_title":"Togo\u00a0: Recrutement du personnel pour le compte de l\u2019arm\u00e9e de l\u2019air - La Voix de la Nation","og_description":"Dans le cadre de la s\u00e9lection de son personnel navigant et non navigant (pilotes et techniciens avion), l\u2019arm\u00e9e de l\u2019air avec l\u2019appui de la coop\u00e9ration fran\u00e7aise, organise du 25 novembre&hellip;","og_url":"https:\/\/lavoixdelanation.tg\/index.php\/2025\/11\/07\/togo-recrutement-du-personnel-pour-le-compte-de-larmee-de-lair\/","og_site_name":"La Voix de la Nation","article_publisher":"https:\/\/www.facebook.com\/lavoixdelanation","article_published_time":"2025-11-07T13:06:47+00:00","og_image":[{"width":811,"height":540,"url":"https:\/\/lavoixdelanation.tg\/wp-content\/uploads\/2025\/11\/Recrutement-du-personnel-pour-le-compte-de-larmee-de-lair-au-Togo.jpg","type":"image\/jpeg"}],"author":"La voix de la nation","twitter_card":"summary_large_image","twitter_misc":{"\u00c9crit par":"La voix de la nation","Dur\u00e9e de lecture estim\u00e9e":"1 minute"},"schema":{"@context":"https:\/\/schema.org","@graph":[{"@type":"Article","@id":"https:\/\/lavoixdelanation.tg\/index.php\/2025\/11\/07\/togo-recrutement-du-personnel-pour-le-compte-de-larmee-de-lair\/#article","isPartOf":{"@id":"https:\/\/lavoixdelanation.tg\/index.php\/2025\/11\/07\/togo-recrutement-du-personnel-pour-le-compte-de-larmee-de-lair\/"},"author":{"name":"La voix de la nation","@id":"https:\/\/lavoixdelanation.tg\/#\/schema\/person\/6c489293aa38053673a9e554acb6e224"},"headline":"Togo\u00a0: Recrutement du personnel pour le compte de l\u2019arm\u00e9e de l\u2019air","datePublished":"2025-11-07T13:06:47+00:00","mainEntityOfPage":{"@id":"https:\/\/lavoixdelanation.tg\/index.php\/2025\/11\/07\/togo-recrutement-du-personnel-pour-le-compte-de-larmee-de-lair\/"},"wordCount":154,"commentCount":0,"publisher":{"@id":"https:\/\/lavoixdelanation.tg\/#organization"},"image":{"@id":"https:\/\/lavoixdelanation.tg\/index.php\/2025\/11\/07\/togo-recrutement-du-personnel-pour-le-compte-de-larmee-de-lair\/#primaryimage"},"thumbnailUrl":"https:\/\/lavoixdelanation.tg\/wp-content\/uploads\/2025\/11\/Recrutement-du-personnel-pour-le-compte-de-larmee-de-lair-au-Togo.jpg","keywords":["arm\u00e9e de l\u2019air","Recrutement","Togo"],"articleSection":["Soci\u00e9t\u00e9"],"inLanguage":"fr-FR","potentialAction":[{"@type":"CommentAction","name":"Comment","target":["https:\/\/lavoixdelanation.tg\/index.php\/2025\/11\/07\/togo-recrutement-du-personnel-pour-le-compte-de-larmee-de-lair\/#respond"]}]},{"@type":"WebPage","@id":"https:\/\/lavoixdelanation.tg\/index.php\/2025\/11\/07\/togo-recrutement-du-personnel-pour-le-compte-de-larmee-de-lair\/","url":"https:\/\/lavoixdelanation.tg\/index.php\/2025\/11\/07\/togo-recrutement-du-personnel-pour-le-compte-de-larmee-de-lair\/","name":"Togo\u00a0: Recrutement du personnel pour le compte de l\u2019arm\u00e9e de l\u2019air - La Voix de la Nation","isPartOf":{"@id":"https:\/\/lavoixdelanation.tg\/#website"},"primaryImageOfPage":{"@id":"https:\/\/lavoixdelanation.tg\/index.php\/2025\/11\/07\/togo-recrutement-du-personnel-pour-le-compte-de-larmee-de-lair\/#primaryimage"},"image":{"@id":"https:\/\/lavoixdelanation.tg\/index.php\/2025\/11\/07\/togo-recrutement-du-personnel-pour-le-compte-de-larmee-de-lair\/#primaryimage"},"thumbnailUrl":"https:\/\/lavoixdelanation.tg\/wp-content\/uploads\/2025\/11\/Recrutement-du-personnel-pour-le-compte-de-larmee-de-lair-au-Togo.jpg","datePublished":"2025-11-07T13:06:47+00:00","breadcrumb":{"@id":"https:\/\/lavoixdelanation.tg\/index.php\/2025\/11\/07\/togo-recrutement-du-personnel-pour-le-compte-de-larmee-de-lair\/#breadcrumb"},"inLanguage":"fr-FR","potentialAction":[{"@type":"ReadAction","target":["https:\/\/lavoixdelanation.tg\/index.php\/2025\/11\/07\/togo-recrutement-du-personnel-pour-le-compte-de-larmee-de-lair\/"]}]},{"@type":"ImageObject","inLanguage":"fr-FR","@id":"https:\/\/lavoixdelanation.tg\/index.php\/2025\/11\/07\/togo-recrutement-du-personnel-pour-le-compte-de-larmee-de-lair\/#primaryimage","url":"https:\/\/lavoixdelanation.tg\/wp-content\/uploads\/2025\/11\/Recrutement-du-personnel-pour-le-compte-de-larmee-de-lair-au-Togo.jpg","contentUrl":"https:\/\/lavoixdelanation.tg\/wp-content\/uploads\/2025\/11\/Recrutement-du-personnel-pour-le-compte-de-larmee-de-lair-au-Togo.jpg","width":811,"height":540},{"@type":"BreadcrumbList","@id":"https:\/\/lavoixdelanation.tg\/index.php\/2025\/11\/07\/togo-recrutement-du-personnel-pour-le-compte-de-larmee-de-lair\/#breadcrumb","itemListElement":[{"@type":"ListItem","position":1,"name":"Accueil","item":"https:\/\/lavoixdelanation.tg\/"},{"@type":"ListItem","position":2,"name":"Togo\u00a0: Recrutement du personnel pour le compte de l\u2019arm\u00e9e de l\u2019air"}]},{"@type":"WebSite","@id":"https:\/\/lavoixdelanation.tg\/#website","url":"https:\/\/lavoixdelanation.tg\/","name":"La Voix de la Nation","description":"R\u00e9c\u00e9piss\u00e9 n\u00b00108\/HAAC\/01-2024\/pl\/P","publisher":{"@id":"https:\/\/lavoixdelanation.tg\/#organization"},"alternateName":"VON","potentialAction":[{"@type":"SearchAction","target":{"@type":"EntryPoint","urlTemplate":"https:\/\/lavoixdelanation.tg\/?s={search_term_string}"},"query-input":{"@type":"PropertyValueSpecification","valueRequired":true,"valueName":"search_term_string"}}],"inLanguage":"fr-FR"},{"@type":"Organization","@id":"https:\/\/lavoixdelanation.tg\/#organization","name":"La Voix de la Nation","url":"https:\/\/lavoixdelanation.tg\/","logo":{"@type":"ImageObject","inLanguage":"fr-FR","@id":"https:\/\/lavoixdelanation.tg\/#\/schema\/logo\/image\/","url":"https:\/\/lavoixdelanation.tg\/wp-content\/uploads\/2024\/12\/lavn-1.png","contentUrl":"https:\/\/lavoixdelanation.tg\/wp-content\/uploads\/2024\/12\/lavn-1.png","width":1024,"height":464,"caption":"La Voix de la Nation"},"image":{"@id":"https:\/\/lavoixdelanation.tg\/#\/schema\/logo\/image\/"},"sameAs":["https:\/\/www.facebook.com\/lavoixdelanation"]},{"@type":"Person","@id":"https:\/\/lavoixdelanation.tg\/#\/schema\/person\/6c489293aa38053673a9e554acb6e224","name":"La voix de la nation","image":{"@type":"ImageObject","inLanguage":"fr-FR","@id":"https:\/\/lavoixdelanation.tg\/#\/schema\/person\/image\/","url":"https:\/\/secure.gravatar.com\/avatar\/8aa135d4bbc794494cecaa8d483f6d6cc1023624868deaff686baed5e727a5a1?s=96&d=mm&r=g","contentUrl":"https:\/\/secure.gravatar.com\/avatar\/8aa135d4bbc794494cecaa8d483f6d6cc1023624868deaff686baed5e727a5a1?s=96&d=mm&r=g","caption":"La voix de la nation"},"sameAs":["https:\/\/lavoixdelanation.tg"],"url":"https:\/\/lavoixdelanation.tg\/index.php\/author\/lavn\/"}]}},"_links":{"self":[{"href":"https:\/\/lavoixdelanation.tg\/index.php\/wp-json\/wp\/v2\/posts\/14738","targetHints":{"allow":["GET"]}}],"collection":[{"href":"https:\/\/lavoixdelanation.tg\/index.php\/wp-json\/wp\/v2\/posts"}],"about":[{"href":"https:\/\/lavoixdelanation.tg\/index.php\/wp-json\/wp\/v2\/types\/post"}],"author":[{"embeddable":true,"href":"https:\/\/lavoixdelanation.tg\/index.php\/wp-json\/wp\/v2\/users\/1"}],"replies":[{"embeddable":true,"href":"https:\/\/lavoixdelanation.tg\/index.php\/wp-json\/wp\/v2\/comments?post=14738"}],"version-history":[{"count":1,"href":"https:\/\/lavoixdelanation.tg\/index.php\/wp-json\/wp\/v2\/posts\/14738\/revisions"}],"predecessor-version":[{"id":14741,"href":"https:\/\/lavoixdelanation.tg\/index.php\/wp-json\/wp\/v2\/posts\/14738\/revisions\/14741"}],"wp:featuredmedia":[{"embeddable":true,"href":"https:\/\/lavoixdelanation.tg\/index.php\/wp-json\/wp\/v2\/media\/14740"}],"wp:attachment":[{"href":"https:\/\/lavoixdelanation.tg\/index.php\/wp-json\/wp\/v2\/media?parent=14738"}],"wp:term":[{"taxonomy":"category","embeddable":true,"href":"https:\/\/lavoixdelanation.tg\/index.php\/wp-json\/wp\/v2\/categories?post=14738"},{"taxonomy":"post_tag","embeddable":true,"href":"https:\/\/lavoixdelanation.tg\/index.php\/wp-json\/wp\/v2\/tags?post=14738"}],"curies":[{"name":"wp","href":"https:\/\/api.w.org\/{rel}","templated":true}]}}