{"id":14725,"date":"2025-11-07T11:07:43","date_gmt":"2025-11-07T10:07:43","guid":{"rendered":"https:\/\/lavoixdelanation.tg\/?p=14725"},"modified":"2025-11-07T11:10:02","modified_gmt":"2025-11-07T10:10:02","slug":"togo-hommage-au-pere-de-la-nation-a-pya-et-30e-anniversaire-de-lefofat-en-presence-de-faure-gnassingbe","status":"publish","type":"post","link":"https:\/\/lavoixdelanation.tg\/index.php\/2025\/11\/07\/togo-hommage-au-pere-de-la-nation-a-pya-et-30e-anniversaire-de-lefofat-en-presence-de-faure-gnassingbe\/","title":{"rendered":"Togo\u00a0: Hommage au \u00ab\u00a0P\u00e8re de la Nation\u00a0\u00bb \u00e0 Pya et 30\u00e8 anniversaire de l\u2019EFOFAT, en pr\u00e9sence de Faure Gnassingb\u00e9"},"content":{"rendered":"\n<p><strong>Le Pr\u00e9sident du Conseil Faure Gnassingb\u00e9 a assist\u00e9 ce <\/strong><strong>6 novembre 2025 \u00e0 Pya dans la pr\u00e9fecture de la Kozah, aux activit\u00e9s du jubil\u00e9 de perle de l\u2019Ecole de Formation des Officiers des Forces arm\u00e9es togolaises (EFOFAT).<\/strong><\/p>\n\n\n\n<p>Les manifestations sont coupl\u00e9es d\u2019hommages au feu G\u00e9n\u00e9ral Gnassingb\u00e9 Eyadema (initiateur de ce p\u00f4le d\u2019excellence de formation de l\u2019\u00e9lite militaire nationale et r\u00e9gionale), \u00e0 l\u2019occasion du vingti\u00e8me anniversaire de son rappel \u00e0 Dieu.<\/p>\n\n\n\n<p>Apr\u00e8s un accueil populaire des forces vives de la r\u00e9gion, le Pr\u00e9sident du Conseil a suivi avec int\u00e9r\u00eat les communications scientifiques portant sur des th\u00e8mes tels que\u00a0: \u00ab\u00a0G\u00e9n\u00e9ral Gnassingb\u00e9 Eyadema : soldat, b\u00e2tisseur des Forces Arm\u00e9es Togolaises\u00a0\u00bb et \u00ab\u00a0L\u2019\u00e9volution de la formation des officiers au Togo : acquis et perspectives \u00bb.<\/p>\n\n\n\n<figure class=\"wp-block-image size-large\"><img loading=\"lazy\" decoding=\"async\" width=\"1024\" height=\"626\" src=\"https:\/\/lavoixdelanation.tg\/wp-content\/uploads\/2025\/11\/Hommage-au-Pere-de-la-Nation-a-Pya-et-30e-anniversaire-de-lEFOFAT-1024x626.jpg\" alt=\"\" class=\"wp-image-14728\" srcset=\"https:\/\/lavoixdelanation.tg\/wp-content\/uploads\/2025\/11\/Hommage-au-Pere-de-la-Nation-a-Pya-et-30e-anniversaire-de-lEFOFAT-1024x626.jpg 1024w, https:\/\/lavoixdelanation.tg\/wp-content\/uploads\/2025\/11\/Hommage-au-Pere-de-la-Nation-a-Pya-et-30e-anniversaire-de-lEFOFAT-300x183.jpg 300w, https:\/\/lavoixdelanation.tg\/wp-content\/uploads\/2025\/11\/Hommage-au-Pere-de-la-Nation-a-Pya-et-30e-anniversaire-de-lEFOFAT-768x469.jpg 768w, https:\/\/lavoixdelanation.tg\/wp-content\/uploads\/2025\/11\/Hommage-au-Pere-de-la-Nation-a-Pya-et-30e-anniversaire-de-lEFOFAT.jpg 1280w\" sizes=\"auto, (max-width: 1024px) 100vw, 1024px\" \/><\/figure>\n\n\n\n<p>Ces diff\u00e9rentes pr\u00e9sentations d\u2019une grande port\u00e9e historique et symbolique, ont mis en relief non seulement la vision et l\u2019\u0153uvre du G\u00e9n\u00e9ral Gnassingb\u00e9 Eyadema, mais aussi son engagement pour la paix, la s\u00e9curit\u00e9 et la d\u00e9fense de l\u2019int\u00e9grit\u00e9 territoriale \u00e0 travers la formation, la professionnalisation et la modernisation du corps des officiers par l\u2019EFOFAT au cours des trois derni\u00e8res d\u00e9cennies.<\/p>\n\n\n\n<p>La c\u00e9l\u00e9bration a \u00e9t\u00e9 l\u2019occasion pour les forces de d\u00e9fense et de s\u00e9curit\u00e9 de rendre une fois de plus, un vibrant hommage \u00e0 feu G\u00e9n\u00e9ral Eyadema pour avoir mis en place une arm\u00e9e moderne, disciplin\u00e9e au service de la nation togolaise.<\/p>\n\n\n\n<p>Pour rappel, l\u2019\u00c9cole de Formation des Officiers des Forces Arm\u00e9es Togolaises (EFOFAT) a \u00e9t\u00e9 cr\u00e9\u00e9e en 1995. Elle a pour mission de doter l\u2019arm\u00e9e togolaise d\u2019officiers comp\u00e9tents et de renforcer qualitativement ses rangs.<\/p>\n\n\n\n<figure class=\"wp-block-image size-large\"><img loading=\"lazy\" decoding=\"async\" width=\"1024\" height=\"626\" src=\"https:\/\/lavoixdelanation.tg\/wp-content\/uploads\/2025\/11\/Hommage-au-Pere-de-la-Nation-et-30e-anniversaire-de-lEFOFAT-en-presence-de-Faure-Gnassingbe-1024x626.jpg\" alt=\"\" class=\"wp-image-14730\" srcset=\"https:\/\/lavoixdelanation.tg\/wp-content\/uploads\/2025\/11\/Hommage-au-Pere-de-la-Nation-et-30e-anniversaire-de-lEFOFAT-en-presence-de-Faure-Gnassingbe-1024x626.jpg 1024w, https:\/\/lavoixdelanation.tg\/wp-content\/uploads\/2025\/11\/Hommage-au-Pere-de-la-Nation-et-30e-anniversaire-de-lEFOFAT-en-presence-de-Faure-Gnassingbe-300x183.jpg 300w, https:\/\/lavoixdelanation.tg\/wp-content\/uploads\/2025\/11\/Hommage-au-Pere-de-la-Nation-et-30e-anniversaire-de-lEFOFAT-en-presence-de-Faure-Gnassingbe-768x469.jpg 768w, https:\/\/lavoixdelanation.tg\/wp-content\/uploads\/2025\/11\/Hommage-au-Pere-de-la-Nation-et-30e-anniversaire-de-lEFOFAT-en-presence-de-Faure-Gnassingbe.jpg 1280w\" sizes=\"auto, (max-width: 1024px) 100vw, 1024px\" \/><\/figure>\n\n\n\n<p>Elle propose des offres de formation interarm\u00e9es permettant aux officiers stagiaires de commander une section avec efficacit\u00e9. Sa vocation est \u00e9galement d\u2019assurer l\u2019entra\u00eenement et le perfectionnement des officiers, afin de les pr\u00e9parer \u00e0 acc\u00e9der \u00e0 l\u2019enseignement militaire sup\u00e9rieur de l\u2019arm\u00e9e de terre.&nbsp;<\/p>\n\n\n\n<p>La formation repose sur cinq piliers essentiels, incluant l\u2019exercice de l\u2019autorit\u00e9, les missions op\u00e9rationnelles, ainsi que les responsabilit\u00e9s administratives et techniques.<\/p>\n\n\n\n<p><strong>DKS<\/strong><\/p>\n","protected":false},"excerpt":{"rendered":"<p>Le Pr\u00e9sident du Conseil Faure Gnassingb\u00e9 a assist\u00e9 ce 6 novembre 2025 \u00e0 Pya dans la pr\u00e9fecture de la Kozah, aux activit\u00e9s du jubil\u00e9 de perle de l\u2019Ecole de Formation&hellip; <\/p>\n","protected":false},"author":1,"featured_media":14726,"comment_status":"open","ping_status":"closed","sticky":false,"template":"","format":"standard","meta":{"footnotes":""},"categories":[21],"tags":[418,45,363,39],"class_list":["post-14725","post","type-post","status-publish","format-standard","has-post-thumbnail","hentry","category-politique","tag-efofat","tag-faure-gnassingbe","tag-gnassingbe-eyadema-2","tag-togo"],"yoast_head":"<!-- This site is optimized with the Yoast SEO plugin v26.4 - https:\/\/yoast.com\/wordpress\/plugins\/seo\/ -->\n<title>Togo\u00a0: Hommage au \u00ab\u00a0P\u00e8re de la Nation\u00a0\u00bb \u00e0 Pya et 30\u00e8 anniversaire de l\u2019EFOFAT, en pr\u00e9sence de Faure Gnassingb\u00e9 - La Voix de la Nation<\/title>\n<meta name=\"robots\" content=\"index, follow, max-snippet:-1, max-image-preview:large, max-video-preview:-1\" \/>\n<link rel=\"canonical\" href=\"https:\/\/lavoixdelanation.tg\/index.php\/2025\/11\/07\/togo-hommage-au-pere-de-la-nation-a-pya-et-30e-anniversaire-de-lefofat-en-presence-de-faure-gnassingbe\/\" \/>\n<meta property=\"og:locale\" content=\"fr_FR\" \/>\n<meta property=\"og:type\" content=\"article\" \/>\n<meta property=\"og:title\" content=\"Togo\u00a0: Hommage au \u00ab\u00a0P\u00e8re de la Nation\u00a0\u00bb \u00e0 Pya et 30\u00e8 anniversaire de l\u2019EFOFAT, en pr\u00e9sence de Faure Gnassingb\u00e9 - La Voix de la Nation\" \/>\n<meta property=\"og:description\" content=\"Le Pr\u00e9sident du Conseil Faure Gnassingb\u00e9 a assist\u00e9 ce 6 novembre 2025 \u00e0 Pya dans la pr\u00e9fecture de la Kozah, aux activit\u00e9s du jubil\u00e9 de perle de l\u2019Ecole de Formation&hellip;\" \/>\n<meta property=\"og:url\" content=\"https:\/\/lavoixdelanation.tg\/index.php\/2025\/11\/07\/togo-hommage-au-pere-de-la-nation-a-pya-et-30e-anniversaire-de-lefofat-en-presence-de-faure-gnassingbe\/\" \/>\n<meta property=\"og:site_name\" content=\"La Voix de la Nation\" \/>\n<meta property=\"article:publisher\" content=\"https:\/\/www.facebook.com\/lavoixdelanation\" \/>\n<meta property=\"article:published_time\" content=\"2025-11-07T10:07:43+00:00\" \/>\n<meta property=\"article:modified_time\" content=\"2025-11-07T10:10:02+00:00\" \/>\n<meta property=\"og:image\" content=\"https:\/\/lavoixdelanation.tg\/wp-content\/uploads\/2025\/11\/Hommage-au-Pere-de-la-Nation-a-Pya-et-30e-anniversaire-de-lEFOFAT-en-presence-de-Faure-Gnassingbe.jpg\" \/>\n\t<meta property=\"og:image:width\" content=\"700\" \/>\n\t<meta property=\"og:image:height\" content=\"452\" \/>\n\t<meta property=\"og:image:type\" content=\"image\/jpeg\" \/>\n<meta name=\"author\" content=\"La voix de la nation\" \/>\n<meta name=\"twitter:card\" content=\"summary_large_image\" \/>\n<meta name=\"twitter:label1\" content=\"\u00c9crit par\" \/>\n\t<meta name=\"twitter:data1\" content=\"La voix de la nation\" \/>\n\t<meta name=\"twitter:label2\" content=\"Dur\u00e9e de lecture estim\u00e9e\" \/>\n\t<meta name=\"twitter:data2\" content=\"2 minutes\" \/>\n<script type=\"application\/ld+json\" class=\"yoast-schema-graph\">{\"@context\":\"https:\/\/schema.org\",\"@graph\":[{\"@type\":\"Article\",\"@id\":\"https:\/\/lavoixdelanation.tg\/index.php\/2025\/11\/07\/togo-hommage-au-pere-de-la-nation-a-pya-et-30e-anniversaire-de-lefofat-en-presence-de-faure-gnassingbe\/#article\",\"isPartOf\":{\"@id\":\"https:\/\/lavoixdelanation.tg\/index.php\/2025\/11\/07\/togo-hommage-au-pere-de-la-nation-a-pya-et-30e-anniversaire-de-lefofat-en-presence-de-faure-gnassingbe\/\"},\"author\":{\"name\":\"La voix de la nation\",\"@id\":\"https:\/\/lavoixdelanation.tg\/#\/schema\/person\/6c489293aa38053673a9e554acb6e224\"},\"headline\":\"Togo\u00a0: Hommage au \u00ab\u00a0P\u00e8re de la Nation\u00a0\u00bb \u00e0 Pya et 30\u00e8 anniversaire de l\u2019EFOFAT, en pr\u00e9sence de Faure Gnassingb\u00e9\",\"datePublished\":\"2025-11-07T10:07:43+00:00\",\"dateModified\":\"2025-11-07T10:10:02+00:00\",\"mainEntityOfPage\":{\"@id\":\"https:\/\/lavoixdelanation.tg\/index.php\/2025\/11\/07\/togo-hommage-au-pere-de-la-nation-a-pya-et-30e-anniversaire-de-lefofat-en-presence-de-faure-gnassingbe\/\"},\"wordCount\":396,\"commentCount\":0,\"publisher\":{\"@id\":\"https:\/\/lavoixdelanation.tg\/#organization\"},\"image\":{\"@id\":\"https:\/\/lavoixdelanation.tg\/index.php\/2025\/11\/07\/togo-hommage-au-pere-de-la-nation-a-pya-et-30e-anniversaire-de-lefofat-en-presence-de-faure-gnassingbe\/#primaryimage\"},\"thumbnailUrl\":\"https:\/\/lavoixdelanation.tg\/wp-content\/uploads\/2025\/11\/Hommage-au-Pere-de-la-Nation-a-Pya-et-30e-anniversaire-de-lEFOFAT-en-presence-de-Faure-Gnassingbe.jpg\",\"keywords\":[\"EFOFAT\",\"Faure Gnassingb\u00e9\",\"Gnassingb\u00e9 Eyadema\",\"Togo\"],\"articleSection\":[\"Politique\"],\"inLanguage\":\"fr-FR\",\"potentialAction\":[{\"@type\":\"CommentAction\",\"name\":\"Comment\",\"target\":[\"https:\/\/lavoixdelanation.tg\/index.php\/2025\/11\/07\/togo-hommage-au-pere-de-la-nation-a-pya-et-30e-anniversaire-de-lefofat-en-presence-de-faure-gnassingbe\/#respond\"]}]},{\"@type\":\"WebPage\",\"@id\":\"https:\/\/lavoixdelanation.tg\/index.php\/2025\/11\/07\/togo-hommage-au-pere-de-la-nation-a-pya-et-30e-anniversaire-de-lefofat-en-presence-de-faure-gnassingbe\/\",\"url\":\"https:\/\/lavoixdelanation.tg\/index.php\/2025\/11\/07\/togo-hommage-au-pere-de-la-nation-a-pya-et-30e-anniversaire-de-lefofat-en-presence-de-faure-gnassingbe\/\",\"name\":\"Togo\u00a0: Hommage au \u00ab\u00a0P\u00e8re de la Nation\u00a0\u00bb \u00e0 Pya et 30\u00e8 anniversaire de l\u2019EFOFAT, en pr\u00e9sence de Faure Gnassingb\u00e9 - La Voix de la Nation\",\"isPartOf\":{\"@id\":\"https:\/\/lavoixdelanation.tg\/#website\"},\"primaryImageOfPage\":{\"@id\":\"https:\/\/lavoixdelanation.tg\/index.php\/2025\/11\/07\/togo-hommage-au-pere-de-la-nation-a-pya-et-30e-anniversaire-de-lefofat-en-presence-de-faure-gnassingbe\/#primaryimage\"},\"image\":{\"@id\":\"https:\/\/lavoixdelanation.tg\/index.php\/2025\/11\/07\/togo-hommage-au-pere-de-la-nation-a-pya-et-30e-anniversaire-de-lefofat-en-presence-de-faure-gnassingbe\/#primaryimage\"},\"thumbnailUrl\":\"https:\/\/lavoixdelanation.tg\/wp-content\/uploads\/2025\/11\/Hommage-au-Pere-de-la-Nation-a-Pya-et-30e-anniversaire-de-lEFOFAT-en-presence-de-Faure-Gnassingbe.jpg\",\"datePublished\":\"2025-11-07T10:07:43+00:00\",\"dateModified\":\"2025-11-07T10:10:02+00:00\",\"breadcrumb\":{\"@id\":\"https:\/\/lavoixdelanation.tg\/index.php\/2025\/11\/07\/togo-hommage-au-pere-de-la-nation-a-pya-et-30e-anniversaire-de-lefofat-en-presence-de-faure-gnassingbe\/#breadcrumb\"},\"inLanguage\":\"fr-FR\",\"potentialAction\":[{\"@type\":\"ReadAction\",\"target\":[\"https:\/\/lavoixdelanation.tg\/index.php\/2025\/11\/07\/togo-hommage-au-pere-de-la-nation-a-pya-et-30e-anniversaire-de-lefofat-en-presence-de-faure-gnassingbe\/\"]}]},{\"@type\":\"ImageObject\",\"inLanguage\":\"fr-FR\",\"@id\":\"https:\/\/lavoixdelanation.tg\/index.php\/2025\/11\/07\/togo-hommage-au-pere-de-la-nation-a-pya-et-30e-anniversaire-de-lefofat-en-presence-de-faure-gnassingbe\/#primaryimage\",\"url\":\"https:\/\/lavoixdelanation.tg\/wp-content\/uploads\/2025\/11\/Hommage-au-Pere-de-la-Nation-a-Pya-et-30e-anniversaire-de-lEFOFAT-en-presence-de-Faure-Gnassingbe.jpg\",\"contentUrl\":\"https:\/\/lavoixdelanation.tg\/wp-content\/uploads\/2025\/11\/Hommage-au-Pere-de-la-Nation-a-Pya-et-30e-anniversaire-de-lEFOFAT-en-presence-de-Faure-Gnassingbe.jpg\",\"width\":700,\"height\":452},{\"@type\":\"BreadcrumbList\",\"@id\":\"https:\/\/lavoixdelanation.tg\/index.php\/2025\/11\/07\/togo-hommage-au-pere-de-la-nation-a-pya-et-30e-anniversaire-de-lefofat-en-presence-de-faure-gnassingbe\/#breadcrumb\",\"itemListElement\":[{\"@type\":\"ListItem\",\"position\":1,\"name\":\"Accueil\",\"item\":\"https:\/\/lavoixdelanation.tg\/\"},{\"@type\":\"ListItem\",\"position\":2,\"name\":\"Togo\u00a0: Hommage au \u00ab\u00a0P\u00e8re de la Nation\u00a0\u00bb \u00e0 Pya et 30\u00e8 anniversaire de l\u2019EFOFAT, en pr\u00e9sence de Faure Gnassingb\u00e9\"}]},{\"@type\":\"WebSite\",\"@id\":\"https:\/\/lavoixdelanation.tg\/#website\",\"url\":\"https:\/\/lavoixdelanation.tg\/\",\"name\":\"La Voix de la Nation\",\"description\":\"R\u00e9c\u00e9piss\u00e9 n\u00b00108\/HAAC\/01-2024\/pl\/P\",\"publisher\":{\"@id\":\"https:\/\/lavoixdelanation.tg\/#organization\"},\"alternateName\":\"VON\",\"potentialAction\":[{\"@type\":\"SearchAction\",\"target\":{\"@type\":\"EntryPoint\",\"urlTemplate\":\"https:\/\/lavoixdelanation.tg\/?s={search_term_string}\"},\"query-input\":{\"@type\":\"PropertyValueSpecification\",\"valueRequired\":true,\"valueName\":\"search_term_string\"}}],\"inLanguage\":\"fr-FR\"},{\"@type\":\"Organization\",\"@id\":\"https:\/\/lavoixdelanation.tg\/#organization\",\"name\":\"La Voix de la Nation\",\"url\":\"https:\/\/lavoixdelanation.tg\/\",\"logo\":{\"@type\":\"ImageObject\",\"inLanguage\":\"fr-FR\",\"@id\":\"https:\/\/lavoixdelanation.tg\/#\/schema\/logo\/image\/\",\"url\":\"https:\/\/lavoixdelanation.tg\/wp-content\/uploads\/2024\/12\/lavn-1.png\",\"contentUrl\":\"https:\/\/lavoixdelanation.tg\/wp-content\/uploads\/2024\/12\/lavn-1.png\",\"width\":1024,\"height\":464,\"caption\":\"La Voix de la Nation\"},\"image\":{\"@id\":\"https:\/\/lavoixdelanation.tg\/#\/schema\/logo\/image\/\"},\"sameAs\":[\"https:\/\/www.facebook.com\/lavoixdelanation\"]},{\"@type\":\"Person\",\"@id\":\"https:\/\/lavoixdelanation.tg\/#\/schema\/person\/6c489293aa38053673a9e554acb6e224\",\"name\":\"La voix de la nation\",\"image\":{\"@type\":\"ImageObject\",\"inLanguage\":\"fr-FR\",\"@id\":\"https:\/\/lavoixdelanation.tg\/#\/schema\/person\/image\/\",\"url\":\"https:\/\/secure.gravatar.com\/avatar\/8aa135d4bbc794494cecaa8d483f6d6cc1023624868deaff686baed5e727a5a1?s=96&d=mm&r=g\",\"contentUrl\":\"https:\/\/secure.gravatar.com\/avatar\/8aa135d4bbc794494cecaa8d483f6d6cc1023624868deaff686baed5e727a5a1?s=96&d=mm&r=g\",\"caption\":\"La voix de la nation\"},\"sameAs\":[\"https:\/\/lavoixdelanation.tg\"],\"url\":\"https:\/\/lavoixdelanation.tg\/index.php\/author\/lavn\/\"}]}<\/script>\n<!-- \/ Yoast SEO plugin. -->","yoast_head_json":{"title":"Togo\u00a0: Hommage au \u00ab\u00a0P\u00e8re de la Nation\u00a0\u00bb \u00e0 Pya et 30\u00e8 anniversaire de l\u2019EFOFAT, en pr\u00e9sence de Faure Gnassingb\u00e9 - La Voix de la Nation","robots":{"index":"index","follow":"follow","max-snippet":"max-snippet:-1","max-image-preview":"max-image-preview:large","max-video-preview":"max-video-preview:-1"},"canonical":"https:\/\/lavoixdelanation.tg\/index.php\/2025\/11\/07\/togo-hommage-au-pere-de-la-nation-a-pya-et-30e-anniversaire-de-lefofat-en-presence-de-faure-gnassingbe\/","og_locale":"fr_FR","og_type":"article","og_title":"Togo\u00a0: Hommage au \u00ab\u00a0P\u00e8re de la Nation\u00a0\u00bb \u00e0 Pya et 30\u00e8 anniversaire de l\u2019EFOFAT, en pr\u00e9sence de Faure Gnassingb\u00e9 - La Voix de la Nation","og_description":"Le Pr\u00e9sident du Conseil Faure Gnassingb\u00e9 a assist\u00e9 ce 6 novembre 2025 \u00e0 Pya dans la pr\u00e9fecture de la Kozah, aux activit\u00e9s du jubil\u00e9 de perle de l\u2019Ecole de Formation&hellip;","og_url":"https:\/\/lavoixdelanation.tg\/index.php\/2025\/11\/07\/togo-hommage-au-pere-de-la-nation-a-pya-et-30e-anniversaire-de-lefofat-en-presence-de-faure-gnassingbe\/","og_site_name":"La Voix de la Nation","article_publisher":"https:\/\/www.facebook.com\/lavoixdelanation","article_published_time":"2025-11-07T10:07:43+00:00","article_modified_time":"2025-11-07T10:10:02+00:00","og_image":[{"width":700,"height":452,"url":"https:\/\/lavoixdelanation.tg\/wp-content\/uploads\/2025\/11\/Hommage-au-Pere-de-la-Nation-a-Pya-et-30e-anniversaire-de-lEFOFAT-en-presence-de-Faure-Gnassingbe.jpg","type":"image\/jpeg"}],"author":"La voix de la nation","twitter_card":"summary_large_image","twitter_misc":{"\u00c9crit par":"La voix de la nation","Dur\u00e9e de lecture estim\u00e9e":"2 minutes"},"schema":{"@context":"https:\/\/schema.org","@graph":[{"@type":"Article","@id":"https:\/\/lavoixdelanation.tg\/index.php\/2025\/11\/07\/togo-hommage-au-pere-de-la-nation-a-pya-et-30e-anniversaire-de-lefofat-en-presence-de-faure-gnassingbe\/#article","isPartOf":{"@id":"https:\/\/lavoixdelanation.tg\/index.php\/2025\/11\/07\/togo-hommage-au-pere-de-la-nation-a-pya-et-30e-anniversaire-de-lefofat-en-presence-de-faure-gnassingbe\/"},"author":{"name":"La voix de la nation","@id":"https:\/\/lavoixdelanation.tg\/#\/schema\/person\/6c489293aa38053673a9e554acb6e224"},"headline":"Togo\u00a0: Hommage au \u00ab\u00a0P\u00e8re de la Nation\u00a0\u00bb \u00e0 Pya et 30\u00e8 anniversaire de l\u2019EFOFAT, en pr\u00e9sence de Faure Gnassingb\u00e9","datePublished":"2025-11-07T10:07:43+00:00","dateModified":"2025-11-07T10:10:02+00:00","mainEntityOfPage":{"@id":"https:\/\/lavoixdelanation.tg\/index.php\/2025\/11\/07\/togo-hommage-au-pere-de-la-nation-a-pya-et-30e-anniversaire-de-lefofat-en-presence-de-faure-gnassingbe\/"},"wordCount":396,"commentCount":0,"publisher":{"@id":"https:\/\/lavoixdelanation.tg\/#organization"},"image":{"@id":"https:\/\/lavoixdelanation.tg\/index.php\/2025\/11\/07\/togo-hommage-au-pere-de-la-nation-a-pya-et-30e-anniversaire-de-lefofat-en-presence-de-faure-gnassingbe\/#primaryimage"},"thumbnailUrl":"https:\/\/lavoixdelanation.tg\/wp-content\/uploads\/2025\/11\/Hommage-au-Pere-de-la-Nation-a-Pya-et-30e-anniversaire-de-lEFOFAT-en-presence-de-Faure-Gnassingbe.jpg","keywords":["EFOFAT","Faure Gnassingb\u00e9","Gnassingb\u00e9 Eyadema","Togo"],"articleSection":["Politique"],"inLanguage":"fr-FR","potentialAction":[{"@type":"CommentAction","name":"Comment","target":["https:\/\/lavoixdelanation.tg\/index.php\/2025\/11\/07\/togo-hommage-au-pere-de-la-nation-a-pya-et-30e-anniversaire-de-lefofat-en-presence-de-faure-gnassingbe\/#respond"]}]},{"@type":"WebPage","@id":"https:\/\/lavoixdelanation.tg\/index.php\/2025\/11\/07\/togo-hommage-au-pere-de-la-nation-a-pya-et-30e-anniversaire-de-lefofat-en-presence-de-faure-gnassingbe\/","url":"https:\/\/lavoixdelanation.tg\/index.php\/2025\/11\/07\/togo-hommage-au-pere-de-la-nation-a-pya-et-30e-anniversaire-de-lefofat-en-presence-de-faure-gnassingbe\/","name":"Togo\u00a0: Hommage au \u00ab\u00a0P\u00e8re de la Nation\u00a0\u00bb \u00e0 Pya et 30\u00e8 anniversaire de l\u2019EFOFAT, en pr\u00e9sence de Faure Gnassingb\u00e9 - La Voix de la Nation","isPartOf":{"@id":"https:\/\/lavoixdelanation.tg\/#website"},"primaryImageOfPage":{"@id":"https:\/\/lavoixdelanation.tg\/index.php\/2025\/11\/07\/togo-hommage-au-pere-de-la-nation-a-pya-et-30e-anniversaire-de-lefofat-en-presence-de-faure-gnassingbe\/#primaryimage"},"image":{"@id":"https:\/\/lavoixdelanation.tg\/index.php\/2025\/11\/07\/togo-hommage-au-pere-de-la-nation-a-pya-et-30e-anniversaire-de-lefofat-en-presence-de-faure-gnassingbe\/#primaryimage"},"thumbnailUrl":"https:\/\/lavoixdelanation.tg\/wp-content\/uploads\/2025\/11\/Hommage-au-Pere-de-la-Nation-a-Pya-et-30e-anniversaire-de-lEFOFAT-en-presence-de-Faure-Gnassingbe.jpg","datePublished":"2025-11-07T10:07:43+00:00","dateModified":"2025-11-07T10:10:02+00:00","breadcrumb":{"@id":"https:\/\/lavoixdelanation.tg\/index.php\/2025\/11\/07\/togo-hommage-au-pere-de-la-nation-a-pya-et-30e-anniversaire-de-lefofat-en-presence-de-faure-gnassingbe\/#breadcrumb"},"inLanguage":"fr-FR","potentialAction":[{"@type":"ReadAction","target":["https:\/\/lavoixdelanation.tg\/index.php\/2025\/11\/07\/togo-hommage-au-pere-de-la-nation-a-pya-et-30e-anniversaire-de-lefofat-en-presence-de-faure-gnassingbe\/"]}]},{"@type":"ImageObject","inLanguage":"fr-FR","@id":"https:\/\/lavoixdelanation.tg\/index.php\/2025\/11\/07\/togo-hommage-au-pere-de-la-nation-a-pya-et-30e-anniversaire-de-lefofat-en-presence-de-faure-gnassingbe\/#primaryimage","url":"https:\/\/lavoixdelanation.tg\/wp-content\/uploads\/2025\/11\/Hommage-au-Pere-de-la-Nation-a-Pya-et-30e-anniversaire-de-lEFOFAT-en-presence-de-Faure-Gnassingbe.jpg","contentUrl":"https:\/\/lavoixdelanation.tg\/wp-content\/uploads\/2025\/11\/Hommage-au-Pere-de-la-Nation-a-Pya-et-30e-anniversaire-de-lEFOFAT-en-presence-de-Faure-Gnassingbe.jpg","width":700,"height":452},{"@type":"BreadcrumbList","@id":"https:\/\/lavoixdelanation.tg\/index.php\/2025\/11\/07\/togo-hommage-au-pere-de-la-nation-a-pya-et-30e-anniversaire-de-lefofat-en-presence-de-faure-gnassingbe\/#breadcrumb","itemListElement":[{"@type":"ListItem","position":1,"name":"Accueil","item":"https:\/\/lavoixdelanation.tg\/"},{"@type":"ListItem","position":2,"name":"Togo\u00a0: Hommage au \u00ab\u00a0P\u00e8re de la Nation\u00a0\u00bb \u00e0 Pya et 30\u00e8 anniversaire de l\u2019EFOFAT, en pr\u00e9sence de Faure Gnassingb\u00e9"}]},{"@type":"WebSite","@id":"https:\/\/lavoixdelanation.tg\/#website","url":"https:\/\/lavoixdelanation.tg\/","name":"La Voix de la Nation","description":"R\u00e9c\u00e9piss\u00e9 n\u00b00108\/HAAC\/01-2024\/pl\/P","publisher":{"@id":"https:\/\/lavoixdelanation.tg\/#organization"},"alternateName":"VON","potentialAction":[{"@type":"SearchAction","target":{"@type":"EntryPoint","urlTemplate":"https:\/\/lavoixdelanation.tg\/?s={search_term_string}"},"query-input":{"@type":"PropertyValueSpecification","valueRequired":true,"valueName":"search_term_string"}}],"inLanguage":"fr-FR"},{"@type":"Organization","@id":"https:\/\/lavoixdelanation.tg\/#organization","name":"La Voix de la Nation","url":"https:\/\/lavoixdelanation.tg\/","logo":{"@type":"ImageObject","inLanguage":"fr-FR","@id":"https:\/\/lavoixdelanation.tg\/#\/schema\/logo\/image\/","url":"https:\/\/lavoixdelanation.tg\/wp-content\/uploads\/2024\/12\/lavn-1.png","contentUrl":"https:\/\/lavoixdelanation.tg\/wp-content\/uploads\/2024\/12\/lavn-1.png","width":1024,"height":464,"caption":"La Voix de la Nation"},"image":{"@id":"https:\/\/lavoixdelanation.tg\/#\/schema\/logo\/image\/"},"sameAs":["https:\/\/www.facebook.com\/lavoixdelanation"]},{"@type":"Person","@id":"https:\/\/lavoixdelanation.tg\/#\/schema\/person\/6c489293aa38053673a9e554acb6e224","name":"La voix de la nation","image":{"@type":"ImageObject","inLanguage":"fr-FR","@id":"https:\/\/lavoixdelanation.tg\/#\/schema\/person\/image\/","url":"https:\/\/secure.gravatar.com\/avatar\/8aa135d4bbc794494cecaa8d483f6d6cc1023624868deaff686baed5e727a5a1?s=96&d=mm&r=g","contentUrl":"https:\/\/secure.gravatar.com\/avatar\/8aa135d4bbc794494cecaa8d483f6d6cc1023624868deaff686baed5e727a5a1?s=96&d=mm&r=g","caption":"La voix de la nation"},"sameAs":["https:\/\/lavoixdelanation.tg"],"url":"https:\/\/lavoixdelanation.tg\/index.php\/author\/lavn\/"}]}},"_links":{"self":[{"href":"https:\/\/lavoixdelanation.tg\/index.php\/wp-json\/wp\/v2\/posts\/14725","targetHints":{"allow":["GET"]}}],"collection":[{"href":"https:\/\/lavoixdelanation.tg\/index.php\/wp-json\/wp\/v2\/posts"}],"about":[{"href":"https:\/\/lavoixdelanation.tg\/index.php\/wp-json\/wp\/v2\/types\/post"}],"author":[{"embeddable":true,"href":"https:\/\/lavoixdelanation.tg\/index.php\/wp-json\/wp\/v2\/users\/1"}],"replies":[{"embeddable":true,"href":"https:\/\/lavoixdelanation.tg\/index.php\/wp-json\/wp\/v2\/comments?post=14725"}],"version-history":[{"count":2,"href":"https:\/\/lavoixdelanation.tg\/index.php\/wp-json\/wp\/v2\/posts\/14725\/revisions"}],"predecessor-version":[{"id":14731,"href":"https:\/\/lavoixdelanation.tg\/index.php\/wp-json\/wp\/v2\/posts\/14725\/revisions\/14731"}],"wp:featuredmedia":[{"embeddable":true,"href":"https:\/\/lavoixdelanation.tg\/index.php\/wp-json\/wp\/v2\/media\/14726"}],"wp:attachment":[{"href":"https:\/\/lavoixdelanation.tg\/index.php\/wp-json\/wp\/v2\/media?parent=14725"}],"wp:term":[{"taxonomy":"category","embeddable":true,"href":"https:\/\/lavoixdelanation.tg\/index.php\/wp-json\/wp\/v2\/categories?post=14725"},{"taxonomy":"post_tag","embeddable":true,"href":"https:\/\/lavoixdelanation.tg\/index.php\/wp-json\/wp\/v2\/tags?post=14725"}],"curies":[{"name":"wp","href":"https:\/\/api.w.org\/{rel}","templated":true}]}}