{"id":14699,"date":"2025-11-05T13:18:33","date_gmt":"2025-11-05T12:18:33","guid":{"rendered":"https:\/\/lavoixdelanation.tg\/?p=14699"},"modified":"2025-11-06T13:19:29","modified_gmt":"2025-11-06T12:19:29","slug":"togo-un-vaste-reseau-de-braqueurs-demantele-par-la-gendarmerie-nationale","status":"publish","type":"post","link":"https:\/\/lavoixdelanation.tg\/index.php\/2025\/11\/05\/togo-un-vaste-reseau-de-braqueurs-demantele-par-la-gendarmerie-nationale\/","title":{"rendered":"Togo : Un vaste r\u00e9seau de braqueurs d\u00e9mantel\u00e9 par la Gendarmerie nationale"},"content":{"rendered":"\n<p><strong>Un vaste r\u00e9seau de braqueurs op\u00e9rant \u00e0 Lom\u00e9 et dans ses environs a \u00e9t\u00e9 d\u00e9mantel\u00e9&nbsp; par la Gendarmerie nationale. Ce r\u00e9seau \u00e9tait \u00e0 l\u2019origine de plusieurs vols \u00e0 mains arm\u00e9es et bris de vitres de v\u00e9hicules enregistr\u00e9s ces derniers mois.<\/strong><\/p>\n\n\n\n<p>Des enqu\u00eates avaient \u00e9t\u00e9 en effet ouvertes par la Gendarmerie et la Police nationale \u00e0 la suite d\u2019un braquage survenu le 21 octobre 2025 au quartier H\u00e9dzranaw\u00e9 \u00e0 Lom\u00e9, o\u00f9 des individus arm\u00e9s ont ouvert le feu sur un v\u00e9hicule avant de s\u2019emparer de biens de grande valeur.<\/p>\n\n\n\n<p>Les investigations approfondies ont permis l\u2019interpellation par la Gendarmerie, le 22 octobre 2025 dans une auberge \u00e0 Kp\u00e9m\u00e9, de quatre (04) ressortissants nig\u00e9rians, identifi\u00e9s comme membres du r\u00e9seau criminel. Un cinqui\u00e8me suspect a \u00e9t\u00e9 interpell\u00e9 ult\u00e9rieurement par la Police Nationale \u00e0 Lom\u00e9, et des recherches sont activement en cours pour retrouver les autres membres du r\u00e9seau identifi\u00e9s encore en fuite.<\/p>\n\n\n\n<p class=\"has-text-align-center\"><strong>Mode op\u00e9ratoire<\/strong><\/p>\n\n\n\n<p>Selon la Police nationale et la Gendarmerie, le mode op\u00e9ratoire de ces braqueurs consistait \u00e0 suivre leurs victimes, principalement apr\u00e8s des op\u00e9rations bancaires, avant de les attaquer \u00e0 l\u2019aide d\u2019armes \u00e0 feu pour s\u2019emparer de leurs biens. Certains cas impliquaient \u00e9galement des bris de glace de v\u00e9hicules en stationnement pour s\u2019emparer des sacs et objets de valeur.<\/p>\n\n\n\n<p>Gr\u00e2ce \u00e0 la collaboration pr\u00e9cieuse de la population, la Police Nationale a r\u00e9ussi \u00e0 r\u00e9cup\u00e9rer : 03 fusils d\u2019assaut AK-47, 14 chargeurs, une importante quantit\u00e9 de munitions, 01 v\u00e9hicule utilis\u00e9 lors du braquage du 21 octobre 2025 et d\u2019autres objets.<\/p>\n\n\n\n<p>Les cinq pr\u00e9sum\u00e9s auteurs interpell\u00e9s seront pr\u00e9sent\u00e9s au Procureur de la R\u00e9publique pr\u00e8s le tribunal de grande instance de Lom\u00e9 pour r\u00e9pondre de leurs actes.<\/p>\n\n\n\n<p>Les forces de s\u00e9curit\u00e9 ont exprim\u00e9 leur profonde gratitude \u00e0 la population pour sa vigilance, sa collaboration et son soutien constant. Elles ont saisi l\u2019occasion pour exhorter \u00e0 poursuivre cette coop\u00e9ration en signalant tout mouvement suspect aux unit\u00e9s les plus proches afin de pr\u00e9server la s\u00e9curit\u00e9 des personnes et des biens sur l\u2019ensemble du territoire.<\/p>\n","protected":false},"excerpt":{"rendered":"<p>Un vaste r\u00e9seau de braqueurs op\u00e9rant \u00e0 Lom\u00e9 et dans ses environs a \u00e9t\u00e9 d\u00e9mantel\u00e9&nbsp; par la Gendarmerie nationale. Ce r\u00e9seau \u00e9tait \u00e0 l\u2019origine de plusieurs vols \u00e0 mains arm\u00e9es&hellip; <\/p>\n","protected":false},"author":1,"featured_media":14700,"comment_status":"open","ping_status":"closed","sticky":false,"template":"","format":"standard","meta":{"footnotes":""},"categories":[29],"tags":[],"class_list":["post-14699","post","type-post","status-publish","format-standard","has-post-thumbnail","hentry","category-societe"],"yoast_head":"<!-- This site is optimized with the Yoast SEO plugin v26.4 - https:\/\/yoast.com\/wordpress\/plugins\/seo\/ -->\n<title>Togo : Un vaste r\u00e9seau de braqueurs d\u00e9mantel\u00e9 par la Gendarmerie nationale - La Voix de la Nation<\/title>\n<meta name=\"robots\" content=\"index, follow, max-snippet:-1, max-image-preview:large, max-video-preview:-1\" \/>\n<link rel=\"canonical\" href=\"https:\/\/lavoixdelanation.tg\/index.php\/2025\/11\/05\/togo-un-vaste-reseau-de-braqueurs-demantele-par-la-gendarmerie-nationale\/\" \/>\n<meta property=\"og:locale\" content=\"fr_FR\" \/>\n<meta property=\"og:type\" content=\"article\" \/>\n<meta property=\"og:title\" content=\"Togo : Un vaste r\u00e9seau de braqueurs d\u00e9mantel\u00e9 par la Gendarmerie nationale - La Voix de la Nation\" \/>\n<meta property=\"og:description\" content=\"Un vaste r\u00e9seau de braqueurs op\u00e9rant \u00e0 Lom\u00e9 et dans ses environs a \u00e9t\u00e9 d\u00e9mantel\u00e9&nbsp; par la Gendarmerie nationale. Ce r\u00e9seau \u00e9tait \u00e0 l\u2019origine de plusieurs vols \u00e0 mains arm\u00e9es&hellip;\" \/>\n<meta property=\"og:url\" content=\"https:\/\/lavoixdelanation.tg\/index.php\/2025\/11\/05\/togo-un-vaste-reseau-de-braqueurs-demantele-par-la-gendarmerie-nationale\/\" \/>\n<meta property=\"og:site_name\" content=\"La Voix de la Nation\" \/>\n<meta property=\"article:publisher\" content=\"https:\/\/www.facebook.com\/lavoixdelanation\" \/>\n<meta property=\"article:published_time\" content=\"2025-11-05T12:18:33+00:00\" \/>\n<meta property=\"article:modified_time\" content=\"2025-11-06T12:19:29+00:00\" \/>\n<meta property=\"og:image\" content=\"https:\/\/lavoixdelanation.tg\/wp-content\/uploads\/2025\/11\/Un-vaste-reseau-de-braqueurs-demantele-par-la-Gendarmerie-nationale-au-Togo.jpeg\" \/>\n\t<meta property=\"og:image:width\" content=\"618\" \/>\n\t<meta property=\"og:image:height\" content=\"391\" \/>\n\t<meta property=\"og:image:type\" content=\"image\/jpeg\" \/>\n<meta name=\"author\" content=\"La voix de la nation\" \/>\n<meta name=\"twitter:card\" content=\"summary_large_image\" \/>\n<meta name=\"twitter:label1\" content=\"\u00c9crit par\" \/>\n\t<meta name=\"twitter:data1\" content=\"La voix de la nation\" \/>\n\t<meta name=\"twitter:label2\" content=\"Dur\u00e9e de lecture estim\u00e9e\" \/>\n\t<meta name=\"twitter:data2\" content=\"2 minutes\" \/>\n<script type=\"application\/ld+json\" class=\"yoast-schema-graph\">{\"@context\":\"https:\/\/schema.org\",\"@graph\":[{\"@type\":\"Article\",\"@id\":\"https:\/\/lavoixdelanation.tg\/index.php\/2025\/11\/05\/togo-un-vaste-reseau-de-braqueurs-demantele-par-la-gendarmerie-nationale\/#article\",\"isPartOf\":{\"@id\":\"https:\/\/lavoixdelanation.tg\/index.php\/2025\/11\/05\/togo-un-vaste-reseau-de-braqueurs-demantele-par-la-gendarmerie-nationale\/\"},\"author\":{\"name\":\"La voix de la nation\",\"@id\":\"https:\/\/lavoixdelanation.tg\/#\/schema\/person\/6c489293aa38053673a9e554acb6e224\"},\"headline\":\"Togo : Un vaste r\u00e9seau de braqueurs d\u00e9mantel\u00e9 par la Gendarmerie nationale\",\"datePublished\":\"2025-11-05T12:18:33+00:00\",\"dateModified\":\"2025-11-06T12:19:29+00:00\",\"mainEntityOfPage\":{\"@id\":\"https:\/\/lavoixdelanation.tg\/index.php\/2025\/11\/05\/togo-un-vaste-reseau-de-braqueurs-demantele-par-la-gendarmerie-nationale\/\"},\"wordCount\":371,\"commentCount\":0,\"publisher\":{\"@id\":\"https:\/\/lavoixdelanation.tg\/#organization\"},\"image\":{\"@id\":\"https:\/\/lavoixdelanation.tg\/index.php\/2025\/11\/05\/togo-un-vaste-reseau-de-braqueurs-demantele-par-la-gendarmerie-nationale\/#primaryimage\"},\"thumbnailUrl\":\"https:\/\/lavoixdelanation.tg\/wp-content\/uploads\/2025\/11\/Un-vaste-reseau-de-braqueurs-demantele-par-la-Gendarmerie-nationale-au-Togo.jpeg\",\"articleSection\":[\"Soci\u00e9t\u00e9\"],\"inLanguage\":\"fr-FR\",\"potentialAction\":[{\"@type\":\"CommentAction\",\"name\":\"Comment\",\"target\":[\"https:\/\/lavoixdelanation.tg\/index.php\/2025\/11\/05\/togo-un-vaste-reseau-de-braqueurs-demantele-par-la-gendarmerie-nationale\/#respond\"]}]},{\"@type\":\"WebPage\",\"@id\":\"https:\/\/lavoixdelanation.tg\/index.php\/2025\/11\/05\/togo-un-vaste-reseau-de-braqueurs-demantele-par-la-gendarmerie-nationale\/\",\"url\":\"https:\/\/lavoixdelanation.tg\/index.php\/2025\/11\/05\/togo-un-vaste-reseau-de-braqueurs-demantele-par-la-gendarmerie-nationale\/\",\"name\":\"Togo : Un vaste r\u00e9seau de braqueurs d\u00e9mantel\u00e9 par la Gendarmerie nationale - La Voix de la Nation\",\"isPartOf\":{\"@id\":\"https:\/\/lavoixdelanation.tg\/#website\"},\"primaryImageOfPage\":{\"@id\":\"https:\/\/lavoixdelanation.tg\/index.php\/2025\/11\/05\/togo-un-vaste-reseau-de-braqueurs-demantele-par-la-gendarmerie-nationale\/#primaryimage\"},\"image\":{\"@id\":\"https:\/\/lavoixdelanation.tg\/index.php\/2025\/11\/05\/togo-un-vaste-reseau-de-braqueurs-demantele-par-la-gendarmerie-nationale\/#primaryimage\"},\"thumbnailUrl\":\"https:\/\/lavoixdelanation.tg\/wp-content\/uploads\/2025\/11\/Un-vaste-reseau-de-braqueurs-demantele-par-la-Gendarmerie-nationale-au-Togo.jpeg\",\"datePublished\":\"2025-11-05T12:18:33+00:00\",\"dateModified\":\"2025-11-06T12:19:29+00:00\",\"breadcrumb\":{\"@id\":\"https:\/\/lavoixdelanation.tg\/index.php\/2025\/11\/05\/togo-un-vaste-reseau-de-braqueurs-demantele-par-la-gendarmerie-nationale\/#breadcrumb\"},\"inLanguage\":\"fr-FR\",\"potentialAction\":[{\"@type\":\"ReadAction\",\"target\":[\"https:\/\/lavoixdelanation.tg\/index.php\/2025\/11\/05\/togo-un-vaste-reseau-de-braqueurs-demantele-par-la-gendarmerie-nationale\/\"]}]},{\"@type\":\"ImageObject\",\"inLanguage\":\"fr-FR\",\"@id\":\"https:\/\/lavoixdelanation.tg\/index.php\/2025\/11\/05\/togo-un-vaste-reseau-de-braqueurs-demantele-par-la-gendarmerie-nationale\/#primaryimage\",\"url\":\"https:\/\/lavoixdelanation.tg\/wp-content\/uploads\/2025\/11\/Un-vaste-reseau-de-braqueurs-demantele-par-la-Gendarmerie-nationale-au-Togo.jpeg\",\"contentUrl\":\"https:\/\/lavoixdelanation.tg\/wp-content\/uploads\/2025\/11\/Un-vaste-reseau-de-braqueurs-demantele-par-la-Gendarmerie-nationale-au-Togo.jpeg\",\"width\":618,\"height\":391},{\"@type\":\"BreadcrumbList\",\"@id\":\"https:\/\/lavoixdelanation.tg\/index.php\/2025\/11\/05\/togo-un-vaste-reseau-de-braqueurs-demantele-par-la-gendarmerie-nationale\/#breadcrumb\",\"itemListElement\":[{\"@type\":\"ListItem\",\"position\":1,\"name\":\"Accueil\",\"item\":\"https:\/\/lavoixdelanation.tg\/\"},{\"@type\":\"ListItem\",\"position\":2,\"name\":\"Togo : Un vaste r\u00e9seau de braqueurs d\u00e9mantel\u00e9 par la Gendarmerie nationale\"}]},{\"@type\":\"WebSite\",\"@id\":\"https:\/\/lavoixdelanation.tg\/#website\",\"url\":\"https:\/\/lavoixdelanation.tg\/\",\"name\":\"La Voix de la Nation\",\"description\":\"R\u00e9c\u00e9piss\u00e9 n\u00b00108\/HAAC\/01-2024\/pl\/P\",\"publisher\":{\"@id\":\"https:\/\/lavoixdelanation.tg\/#organization\"},\"alternateName\":\"VON\",\"potentialAction\":[{\"@type\":\"SearchAction\",\"target\":{\"@type\":\"EntryPoint\",\"urlTemplate\":\"https:\/\/lavoixdelanation.tg\/?s={search_term_string}\"},\"query-input\":{\"@type\":\"PropertyValueSpecification\",\"valueRequired\":true,\"valueName\":\"search_term_string\"}}],\"inLanguage\":\"fr-FR\"},{\"@type\":\"Organization\",\"@id\":\"https:\/\/lavoixdelanation.tg\/#organization\",\"name\":\"La Voix de la Nation\",\"url\":\"https:\/\/lavoixdelanation.tg\/\",\"logo\":{\"@type\":\"ImageObject\",\"inLanguage\":\"fr-FR\",\"@id\":\"https:\/\/lavoixdelanation.tg\/#\/schema\/logo\/image\/\",\"url\":\"https:\/\/lavoixdelanation.tg\/wp-content\/uploads\/2024\/12\/lavn-1.png\",\"contentUrl\":\"https:\/\/lavoixdelanation.tg\/wp-content\/uploads\/2024\/12\/lavn-1.png\",\"width\":1024,\"height\":464,\"caption\":\"La Voix de la Nation\"},\"image\":{\"@id\":\"https:\/\/lavoixdelanation.tg\/#\/schema\/logo\/image\/\"},\"sameAs\":[\"https:\/\/www.facebook.com\/lavoixdelanation\"]},{\"@type\":\"Person\",\"@id\":\"https:\/\/lavoixdelanation.tg\/#\/schema\/person\/6c489293aa38053673a9e554acb6e224\",\"name\":\"La voix de la nation\",\"image\":{\"@type\":\"ImageObject\",\"inLanguage\":\"fr-FR\",\"@id\":\"https:\/\/lavoixdelanation.tg\/#\/schema\/person\/image\/\",\"url\":\"https:\/\/secure.gravatar.com\/avatar\/8aa135d4bbc794494cecaa8d483f6d6cc1023624868deaff686baed5e727a5a1?s=96&d=mm&r=g\",\"contentUrl\":\"https:\/\/secure.gravatar.com\/avatar\/8aa135d4bbc794494cecaa8d483f6d6cc1023624868deaff686baed5e727a5a1?s=96&d=mm&r=g\",\"caption\":\"La voix de la nation\"},\"sameAs\":[\"https:\/\/lavoixdelanation.tg\"],\"url\":\"https:\/\/lavoixdelanation.tg\/index.php\/author\/lavn\/\"}]}<\/script>\n<!-- \/ Yoast SEO plugin. -->","yoast_head_json":{"title":"Togo : Un vaste r\u00e9seau de braqueurs d\u00e9mantel\u00e9 par la Gendarmerie nationale - La Voix de la Nation","robots":{"index":"index","follow":"follow","max-snippet":"max-snippet:-1","max-image-preview":"max-image-preview:large","max-video-preview":"max-video-preview:-1"},"canonical":"https:\/\/lavoixdelanation.tg\/index.php\/2025\/11\/05\/togo-un-vaste-reseau-de-braqueurs-demantele-par-la-gendarmerie-nationale\/","og_locale":"fr_FR","og_type":"article","og_title":"Togo : Un vaste r\u00e9seau de braqueurs d\u00e9mantel\u00e9 par la Gendarmerie nationale - La Voix de la Nation","og_description":"Un vaste r\u00e9seau de braqueurs op\u00e9rant \u00e0 Lom\u00e9 et dans ses environs a \u00e9t\u00e9 d\u00e9mantel\u00e9&nbsp; par la Gendarmerie nationale. Ce r\u00e9seau \u00e9tait \u00e0 l\u2019origine de plusieurs vols \u00e0 mains arm\u00e9es&hellip;","og_url":"https:\/\/lavoixdelanation.tg\/index.php\/2025\/11\/05\/togo-un-vaste-reseau-de-braqueurs-demantele-par-la-gendarmerie-nationale\/","og_site_name":"La Voix de la Nation","article_publisher":"https:\/\/www.facebook.com\/lavoixdelanation","article_published_time":"2025-11-05T12:18:33+00:00","article_modified_time":"2025-11-06T12:19:29+00:00","og_image":[{"width":618,"height":391,"url":"https:\/\/lavoixdelanation.tg\/wp-content\/uploads\/2025\/11\/Un-vaste-reseau-de-braqueurs-demantele-par-la-Gendarmerie-nationale-au-Togo.jpeg","type":"image\/jpeg"}],"author":"La voix de la nation","twitter_card":"summary_large_image","twitter_misc":{"\u00c9crit par":"La voix de la nation","Dur\u00e9e de lecture estim\u00e9e":"2 minutes"},"schema":{"@context":"https:\/\/schema.org","@graph":[{"@type":"Article","@id":"https:\/\/lavoixdelanation.tg\/index.php\/2025\/11\/05\/togo-un-vaste-reseau-de-braqueurs-demantele-par-la-gendarmerie-nationale\/#article","isPartOf":{"@id":"https:\/\/lavoixdelanation.tg\/index.php\/2025\/11\/05\/togo-un-vaste-reseau-de-braqueurs-demantele-par-la-gendarmerie-nationale\/"},"author":{"name":"La voix de la nation","@id":"https:\/\/lavoixdelanation.tg\/#\/schema\/person\/6c489293aa38053673a9e554acb6e224"},"headline":"Togo : Un vaste r\u00e9seau de braqueurs d\u00e9mantel\u00e9 par la Gendarmerie nationale","datePublished":"2025-11-05T12:18:33+00:00","dateModified":"2025-11-06T12:19:29+00:00","mainEntityOfPage":{"@id":"https:\/\/lavoixdelanation.tg\/index.php\/2025\/11\/05\/togo-un-vaste-reseau-de-braqueurs-demantele-par-la-gendarmerie-nationale\/"},"wordCount":371,"commentCount":0,"publisher":{"@id":"https:\/\/lavoixdelanation.tg\/#organization"},"image":{"@id":"https:\/\/lavoixdelanation.tg\/index.php\/2025\/11\/05\/togo-un-vaste-reseau-de-braqueurs-demantele-par-la-gendarmerie-nationale\/#primaryimage"},"thumbnailUrl":"https:\/\/lavoixdelanation.tg\/wp-content\/uploads\/2025\/11\/Un-vaste-reseau-de-braqueurs-demantele-par-la-Gendarmerie-nationale-au-Togo.jpeg","articleSection":["Soci\u00e9t\u00e9"],"inLanguage":"fr-FR","potentialAction":[{"@type":"CommentAction","name":"Comment","target":["https:\/\/lavoixdelanation.tg\/index.php\/2025\/11\/05\/togo-un-vaste-reseau-de-braqueurs-demantele-par-la-gendarmerie-nationale\/#respond"]}]},{"@type":"WebPage","@id":"https:\/\/lavoixdelanation.tg\/index.php\/2025\/11\/05\/togo-un-vaste-reseau-de-braqueurs-demantele-par-la-gendarmerie-nationale\/","url":"https:\/\/lavoixdelanation.tg\/index.php\/2025\/11\/05\/togo-un-vaste-reseau-de-braqueurs-demantele-par-la-gendarmerie-nationale\/","name":"Togo : Un vaste r\u00e9seau de braqueurs d\u00e9mantel\u00e9 par la Gendarmerie nationale - La Voix de la Nation","isPartOf":{"@id":"https:\/\/lavoixdelanation.tg\/#website"},"primaryImageOfPage":{"@id":"https:\/\/lavoixdelanation.tg\/index.php\/2025\/11\/05\/togo-un-vaste-reseau-de-braqueurs-demantele-par-la-gendarmerie-nationale\/#primaryimage"},"image":{"@id":"https:\/\/lavoixdelanation.tg\/index.php\/2025\/11\/05\/togo-un-vaste-reseau-de-braqueurs-demantele-par-la-gendarmerie-nationale\/#primaryimage"},"thumbnailUrl":"https:\/\/lavoixdelanation.tg\/wp-content\/uploads\/2025\/11\/Un-vaste-reseau-de-braqueurs-demantele-par-la-Gendarmerie-nationale-au-Togo.jpeg","datePublished":"2025-11-05T12:18:33+00:00","dateModified":"2025-11-06T12:19:29+00:00","breadcrumb":{"@id":"https:\/\/lavoixdelanation.tg\/index.php\/2025\/11\/05\/togo-un-vaste-reseau-de-braqueurs-demantele-par-la-gendarmerie-nationale\/#breadcrumb"},"inLanguage":"fr-FR","potentialAction":[{"@type":"ReadAction","target":["https:\/\/lavoixdelanation.tg\/index.php\/2025\/11\/05\/togo-un-vaste-reseau-de-braqueurs-demantele-par-la-gendarmerie-nationale\/"]}]},{"@type":"ImageObject","inLanguage":"fr-FR","@id":"https:\/\/lavoixdelanation.tg\/index.php\/2025\/11\/05\/togo-un-vaste-reseau-de-braqueurs-demantele-par-la-gendarmerie-nationale\/#primaryimage","url":"https:\/\/lavoixdelanation.tg\/wp-content\/uploads\/2025\/11\/Un-vaste-reseau-de-braqueurs-demantele-par-la-Gendarmerie-nationale-au-Togo.jpeg","contentUrl":"https:\/\/lavoixdelanation.tg\/wp-content\/uploads\/2025\/11\/Un-vaste-reseau-de-braqueurs-demantele-par-la-Gendarmerie-nationale-au-Togo.jpeg","width":618,"height":391},{"@type":"BreadcrumbList","@id":"https:\/\/lavoixdelanation.tg\/index.php\/2025\/11\/05\/togo-un-vaste-reseau-de-braqueurs-demantele-par-la-gendarmerie-nationale\/#breadcrumb","itemListElement":[{"@type":"ListItem","position":1,"name":"Accueil","item":"https:\/\/lavoixdelanation.tg\/"},{"@type":"ListItem","position":2,"name":"Togo : Un vaste r\u00e9seau de braqueurs d\u00e9mantel\u00e9 par la Gendarmerie nationale"}]},{"@type":"WebSite","@id":"https:\/\/lavoixdelanation.tg\/#website","url":"https:\/\/lavoixdelanation.tg\/","name":"La Voix de la Nation","description":"R\u00e9c\u00e9piss\u00e9 n\u00b00108\/HAAC\/01-2024\/pl\/P","publisher":{"@id":"https:\/\/lavoixdelanation.tg\/#organization"},"alternateName":"VON","potentialAction":[{"@type":"SearchAction","target":{"@type":"EntryPoint","urlTemplate":"https:\/\/lavoixdelanation.tg\/?s={search_term_string}"},"query-input":{"@type":"PropertyValueSpecification","valueRequired":true,"valueName":"search_term_string"}}],"inLanguage":"fr-FR"},{"@type":"Organization","@id":"https:\/\/lavoixdelanation.tg\/#organization","name":"La Voix de la Nation","url":"https:\/\/lavoixdelanation.tg\/","logo":{"@type":"ImageObject","inLanguage":"fr-FR","@id":"https:\/\/lavoixdelanation.tg\/#\/schema\/logo\/image\/","url":"https:\/\/lavoixdelanation.tg\/wp-content\/uploads\/2024\/12\/lavn-1.png","contentUrl":"https:\/\/lavoixdelanation.tg\/wp-content\/uploads\/2024\/12\/lavn-1.png","width":1024,"height":464,"caption":"La Voix de la Nation"},"image":{"@id":"https:\/\/lavoixdelanation.tg\/#\/schema\/logo\/image\/"},"sameAs":["https:\/\/www.facebook.com\/lavoixdelanation"]},{"@type":"Person","@id":"https:\/\/lavoixdelanation.tg\/#\/schema\/person\/6c489293aa38053673a9e554acb6e224","name":"La voix de la nation","image":{"@type":"ImageObject","inLanguage":"fr-FR","@id":"https:\/\/lavoixdelanation.tg\/#\/schema\/person\/image\/","url":"https:\/\/secure.gravatar.com\/avatar\/8aa135d4bbc794494cecaa8d483f6d6cc1023624868deaff686baed5e727a5a1?s=96&d=mm&r=g","contentUrl":"https:\/\/secure.gravatar.com\/avatar\/8aa135d4bbc794494cecaa8d483f6d6cc1023624868deaff686baed5e727a5a1?s=96&d=mm&r=g","caption":"La voix de la nation"},"sameAs":["https:\/\/lavoixdelanation.tg"],"url":"https:\/\/lavoixdelanation.tg\/index.php\/author\/lavn\/"}]}},"_links":{"self":[{"href":"https:\/\/lavoixdelanation.tg\/index.php\/wp-json\/wp\/v2\/posts\/14699","targetHints":{"allow":["GET"]}}],"collection":[{"href":"https:\/\/lavoixdelanation.tg\/index.php\/wp-json\/wp\/v2\/posts"}],"about":[{"href":"https:\/\/lavoixdelanation.tg\/index.php\/wp-json\/wp\/v2\/types\/post"}],"author":[{"embeddable":true,"href":"https:\/\/lavoixdelanation.tg\/index.php\/wp-json\/wp\/v2\/users\/1"}],"replies":[{"embeddable":true,"href":"https:\/\/lavoixdelanation.tg\/index.php\/wp-json\/wp\/v2\/comments?post=14699"}],"version-history":[{"count":1,"href":"https:\/\/lavoixdelanation.tg\/index.php\/wp-json\/wp\/v2\/posts\/14699\/revisions"}],"predecessor-version":[{"id":14701,"href":"https:\/\/lavoixdelanation.tg\/index.php\/wp-json\/wp\/v2\/posts\/14699\/revisions\/14701"}],"wp:featuredmedia":[{"embeddable":true,"href":"https:\/\/lavoixdelanation.tg\/index.php\/wp-json\/wp\/v2\/media\/14700"}],"wp:attachment":[{"href":"https:\/\/lavoixdelanation.tg\/index.php\/wp-json\/wp\/v2\/media?parent=14699"}],"wp:term":[{"taxonomy":"category","embeddable":true,"href":"https:\/\/lavoixdelanation.tg\/index.php\/wp-json\/wp\/v2\/categories?post=14699"},{"taxonomy":"post_tag","embeddable":true,"href":"https:\/\/lavoixdelanation.tg\/index.php\/wp-json\/wp\/v2\/tags?post=14699"}],"curies":[{"name":"wp","href":"https:\/\/api.w.org\/{rel}","templated":true}]}}