{"id":14695,"date":"2025-11-03T13:05:09","date_gmt":"2025-11-03T12:05:09","guid":{"rendered":"https:\/\/lavoixdelanation.tg\/?p=14695"},"modified":"2025-11-03T13:05:09","modified_gmt":"2025-11-03T12:05:09","slug":"togo-12-795-litres-de-boissons-frelatees-detruits-dans-la-region-des-savanes","status":"publish","type":"post","link":"https:\/\/lavoixdelanation.tg\/index.php\/2025\/11\/03\/togo-12-795-litres-de-boissons-frelatees-detruits-dans-la-region-des-savanes\/","title":{"rendered":"Togo : 12 795 litres de boissons frelat\u00e9es d\u00e9truits dans la r\u00e9gion des Savanes"},"content":{"rendered":"\n<p><strong>Au Togo, les services de police, de gendarmerie et des douanes de la r\u00e9gion des Savanes ont proc\u00e9d\u00e9 ce samedi 1er novembre 2025, \u00e0 la destruction d\u2019une importante cargaison de boissons locales frelat\u00e9es saisies entre le 17 ao\u00fbt et le 28 octobre 2025.<\/strong><\/p>\n\n\n\n<p>Selon le Gouvernorat de la R\u00e9gion, au total, 12 795 litres de \u00ab Sodabi \u00bb frelat\u00e9 ont \u00e9t\u00e9 en effet d\u00e9truits sur le site dit \u00ab fosses aux lions \u00bb \u00e0 Dapaong (chef-lieu de la r\u00e9gion), en pr\u00e9sence des autorit\u00e9s administratives, locales et coutumi\u00e8res.<\/p>\n\n\n\n<p>C\u2019est le Pr\u00e9fet de T\u00f4ne, Horoumila OUROGOUROUGOU, repr\u00e9sentant le Gouverneur de la r\u00e9gion des Savanes, qui a pr\u00e9sid\u00e9 cette op\u00e9ration qui s\u2019inscrit dans le cadre des efforts continus du Gouvernorat et des forces de s\u00e9curit\u00e9 pour prot\u00e9ger la sant\u00e9 des populations et lutter contre la commercialisation de produits dangereux et illicites.<\/p>\n\n\n\n<p>Ceci, conform\u00e9ment \u00e0 l\u2019arr\u00eat\u00e9 n\u00b0001\/2025\/MATDCC\/RS\/CAB-Gouv\/SG en date du 24 mars 2025, interdisant strictement la production, l\u2019importation, la distribution, la d\u00e9tention et la vente de boissons frelat\u00e9es sur l\u2019ensemble de la r\u00e9gion.<\/p>\n\n\n\n<p>En <strong><a href=\"https:\/\/lavoixdelanation.tg\/index.php\/2025\/08\/16\/savanes-operation-de-destruction-de-11-145-litres-de-boissons-frelatees-sodabi\/\">ao\u00fbt dernier<\/a><\/strong>, 11 145 litres de produits illicites notamment des boissons frelat\u00e9es commun\u00e9ment appel\u00e9es \u00ab Sodabi \u00bb avaient \u00e9t\u00e9 \u00e9galement <strong><a href=\"https:\/\/lavoixdelanation.tg\/index.php\/2025\/08\/16\/savanes-operation-de-destruction-de-11-145-litres-de-boissons-frelatees-sodabi\/\">d\u00e9truits <\/a><\/strong>dans la r\u00e9gion par les forces de police et de gendarmerie.<\/p>\n\n\n\n<figure class=\"wp-block-image size-large\"><img loading=\"lazy\" decoding=\"async\" width=\"1024\" height=\"684\" src=\"https:\/\/lavoixdelanation.tg\/wp-content\/uploads\/2025\/11\/Destruction-de-boissons-frelatees-dans-les-Savanes-au-Togo-1024x684.jpg\" alt=\"\" class=\"wp-image-14697\" srcset=\"https:\/\/lavoixdelanation.tg\/wp-content\/uploads\/2025\/11\/Destruction-de-boissons-frelatees-dans-les-Savanes-au-Togo-1024x684.jpg 1024w, https:\/\/lavoixdelanation.tg\/wp-content\/uploads\/2025\/11\/Destruction-de-boissons-frelatees-dans-les-Savanes-au-Togo-300x200.jpg 300w, https:\/\/lavoixdelanation.tg\/wp-content\/uploads\/2025\/11\/Destruction-de-boissons-frelatees-dans-les-Savanes-au-Togo-768x513.jpg 768w, https:\/\/lavoixdelanation.tg\/wp-content\/uploads\/2025\/11\/Destruction-de-boissons-frelatees-dans-les-Savanes-au-Togo.jpg 1440w\" sizes=\"auto, (max-width: 1024px) 100vw, 1024px\" \/><\/figure>\n","protected":false},"excerpt":{"rendered":"<p>Au Togo, les services de police, de gendarmerie et des douanes de la r\u00e9gion des Savanes ont proc\u00e9d\u00e9 ce samedi 1er novembre 2025, \u00e0 la destruction d\u2019une importante cargaison de&hellip; <\/p>\n","protected":false},"author":1,"featured_media":14696,"comment_status":"open","ping_status":"closed","sticky":false,"template":"","format":"standard","meta":{"footnotes":""},"categories":[29],"tags":[895,1080,201,39],"class_list":["post-14695","post","type-post","status-publish","format-standard","has-post-thumbnail","hentry","category-societe","tag-boissons-frelatees","tag-gouvernorat","tag-region-des-savanes","tag-togo"],"yoast_head":"<!-- This site is optimized with the Yoast SEO plugin v26.4 - https:\/\/yoast.com\/wordpress\/plugins\/seo\/ -->\n<title>Togo : 12 795 litres de boissons frelat\u00e9es d\u00e9truits dans la r\u00e9gion des Savanes - La Voix de la Nation<\/title>\n<meta name=\"robots\" content=\"index, follow, max-snippet:-1, max-image-preview:large, max-video-preview:-1\" \/>\n<link rel=\"canonical\" href=\"https:\/\/lavoixdelanation.tg\/index.php\/2025\/11\/03\/togo-12-795-litres-de-boissons-frelatees-detruits-dans-la-region-des-savanes\/\" \/>\n<meta property=\"og:locale\" content=\"fr_FR\" \/>\n<meta property=\"og:type\" content=\"article\" \/>\n<meta property=\"og:title\" content=\"Togo : 12 795 litres de boissons frelat\u00e9es d\u00e9truits dans la r\u00e9gion des Savanes - La Voix de la Nation\" \/>\n<meta property=\"og:description\" content=\"Au Togo, les services de police, de gendarmerie et des douanes de la r\u00e9gion des Savanes ont proc\u00e9d\u00e9 ce samedi 1er novembre 2025, \u00e0 la destruction d\u2019une importante cargaison de&hellip;\" \/>\n<meta property=\"og:url\" content=\"https:\/\/lavoixdelanation.tg\/index.php\/2025\/11\/03\/togo-12-795-litres-de-boissons-frelatees-detruits-dans-la-region-des-savanes\/\" \/>\n<meta property=\"og:site_name\" content=\"La Voix de la Nation\" \/>\n<meta property=\"article:publisher\" content=\"https:\/\/www.facebook.com\/lavoixdelanation\" \/>\n<meta property=\"article:published_time\" content=\"2025-11-03T12:05:09+00:00\" \/>\n<meta property=\"og:image\" content=\"https:\/\/lavoixdelanation.tg\/wp-content\/uploads\/2025\/11\/Destruction-de-boissons-frelatees-dans-la-region-des-Savanes-au-Togo.jpg\" \/>\n\t<meta property=\"og:image:width\" content=\"1440\" \/>\n\t<meta property=\"og:image:height\" content=\"962\" \/>\n\t<meta property=\"og:image:type\" content=\"image\/jpeg\" \/>\n<meta name=\"author\" content=\"La voix de la nation\" \/>\n<meta name=\"twitter:card\" content=\"summary_large_image\" \/>\n<meta name=\"twitter:label1\" content=\"\u00c9crit par\" \/>\n\t<meta name=\"twitter:data1\" content=\"La voix de la nation\" \/>\n\t<meta name=\"twitter:label2\" content=\"Dur\u00e9e de lecture estim\u00e9e\" \/>\n\t<meta name=\"twitter:data2\" content=\"1 minute\" \/>\n<script type=\"application\/ld+json\" class=\"yoast-schema-graph\">{\"@context\":\"https:\/\/schema.org\",\"@graph\":[{\"@type\":\"Article\",\"@id\":\"https:\/\/lavoixdelanation.tg\/index.php\/2025\/11\/03\/togo-12-795-litres-de-boissons-frelatees-detruits-dans-la-region-des-savanes\/#article\",\"isPartOf\":{\"@id\":\"https:\/\/lavoixdelanation.tg\/index.php\/2025\/11\/03\/togo-12-795-litres-de-boissons-frelatees-detruits-dans-la-region-des-savanes\/\"},\"author\":{\"name\":\"La voix de la nation\",\"@id\":\"https:\/\/lavoixdelanation.tg\/#\/schema\/person\/6c489293aa38053673a9e554acb6e224\"},\"headline\":\"Togo : 12 795 litres de boissons frelat\u00e9es d\u00e9truits dans la r\u00e9gion des Savanes\",\"datePublished\":\"2025-11-03T12:05:09+00:00\",\"mainEntityOfPage\":{\"@id\":\"https:\/\/lavoixdelanation.tg\/index.php\/2025\/11\/03\/togo-12-795-litres-de-boissons-frelatees-detruits-dans-la-region-des-savanes\/\"},\"wordCount\":236,\"commentCount\":0,\"publisher\":{\"@id\":\"https:\/\/lavoixdelanation.tg\/#organization\"},\"image\":{\"@id\":\"https:\/\/lavoixdelanation.tg\/index.php\/2025\/11\/03\/togo-12-795-litres-de-boissons-frelatees-detruits-dans-la-region-des-savanes\/#primaryimage\"},\"thumbnailUrl\":\"https:\/\/lavoixdelanation.tg\/wp-content\/uploads\/2025\/11\/Destruction-de-boissons-frelatees-dans-la-region-des-Savanes-au-Togo.jpg\",\"keywords\":[\"boissons frelat\u00e9es\",\"Gouvernorat\",\"R\u00e9gion des savanes\",\"Togo\"],\"articleSection\":[\"Soci\u00e9t\u00e9\"],\"inLanguage\":\"fr-FR\",\"potentialAction\":[{\"@type\":\"CommentAction\",\"name\":\"Comment\",\"target\":[\"https:\/\/lavoixdelanation.tg\/index.php\/2025\/11\/03\/togo-12-795-litres-de-boissons-frelatees-detruits-dans-la-region-des-savanes\/#respond\"]}]},{\"@type\":\"WebPage\",\"@id\":\"https:\/\/lavoixdelanation.tg\/index.php\/2025\/11\/03\/togo-12-795-litres-de-boissons-frelatees-detruits-dans-la-region-des-savanes\/\",\"url\":\"https:\/\/lavoixdelanation.tg\/index.php\/2025\/11\/03\/togo-12-795-litres-de-boissons-frelatees-detruits-dans-la-region-des-savanes\/\",\"name\":\"Togo : 12 795 litres de boissons frelat\u00e9es d\u00e9truits dans la r\u00e9gion des Savanes - La Voix de la Nation\",\"isPartOf\":{\"@id\":\"https:\/\/lavoixdelanation.tg\/#website\"},\"primaryImageOfPage\":{\"@id\":\"https:\/\/lavoixdelanation.tg\/index.php\/2025\/11\/03\/togo-12-795-litres-de-boissons-frelatees-detruits-dans-la-region-des-savanes\/#primaryimage\"},\"image\":{\"@id\":\"https:\/\/lavoixdelanation.tg\/index.php\/2025\/11\/03\/togo-12-795-litres-de-boissons-frelatees-detruits-dans-la-region-des-savanes\/#primaryimage\"},\"thumbnailUrl\":\"https:\/\/lavoixdelanation.tg\/wp-content\/uploads\/2025\/11\/Destruction-de-boissons-frelatees-dans-la-region-des-Savanes-au-Togo.jpg\",\"datePublished\":\"2025-11-03T12:05:09+00:00\",\"breadcrumb\":{\"@id\":\"https:\/\/lavoixdelanation.tg\/index.php\/2025\/11\/03\/togo-12-795-litres-de-boissons-frelatees-detruits-dans-la-region-des-savanes\/#breadcrumb\"},\"inLanguage\":\"fr-FR\",\"potentialAction\":[{\"@type\":\"ReadAction\",\"target\":[\"https:\/\/lavoixdelanation.tg\/index.php\/2025\/11\/03\/togo-12-795-litres-de-boissons-frelatees-detruits-dans-la-region-des-savanes\/\"]}]},{\"@type\":\"ImageObject\",\"inLanguage\":\"fr-FR\",\"@id\":\"https:\/\/lavoixdelanation.tg\/index.php\/2025\/11\/03\/togo-12-795-litres-de-boissons-frelatees-detruits-dans-la-region-des-savanes\/#primaryimage\",\"url\":\"https:\/\/lavoixdelanation.tg\/wp-content\/uploads\/2025\/11\/Destruction-de-boissons-frelatees-dans-la-region-des-Savanes-au-Togo.jpg\",\"contentUrl\":\"https:\/\/lavoixdelanation.tg\/wp-content\/uploads\/2025\/11\/Destruction-de-boissons-frelatees-dans-la-region-des-Savanes-au-Togo.jpg\",\"width\":1440,\"height\":962},{\"@type\":\"BreadcrumbList\",\"@id\":\"https:\/\/lavoixdelanation.tg\/index.php\/2025\/11\/03\/togo-12-795-litres-de-boissons-frelatees-detruits-dans-la-region-des-savanes\/#breadcrumb\",\"itemListElement\":[{\"@type\":\"ListItem\",\"position\":1,\"name\":\"Accueil\",\"item\":\"https:\/\/lavoixdelanation.tg\/\"},{\"@type\":\"ListItem\",\"position\":2,\"name\":\"Togo : 12 795 litres de boissons frelat\u00e9es d\u00e9truits dans la r\u00e9gion des Savanes\"}]},{\"@type\":\"WebSite\",\"@id\":\"https:\/\/lavoixdelanation.tg\/#website\",\"url\":\"https:\/\/lavoixdelanation.tg\/\",\"name\":\"La Voix de la Nation\",\"description\":\"R\u00e9c\u00e9piss\u00e9 n\u00b00108\/HAAC\/01-2024\/pl\/P\",\"publisher\":{\"@id\":\"https:\/\/lavoixdelanation.tg\/#organization\"},\"alternateName\":\"VON\",\"potentialAction\":[{\"@type\":\"SearchAction\",\"target\":{\"@type\":\"EntryPoint\",\"urlTemplate\":\"https:\/\/lavoixdelanation.tg\/?s={search_term_string}\"},\"query-input\":{\"@type\":\"PropertyValueSpecification\",\"valueRequired\":true,\"valueName\":\"search_term_string\"}}],\"inLanguage\":\"fr-FR\"},{\"@type\":\"Organization\",\"@id\":\"https:\/\/lavoixdelanation.tg\/#organization\",\"name\":\"La Voix de la Nation\",\"url\":\"https:\/\/lavoixdelanation.tg\/\",\"logo\":{\"@type\":\"ImageObject\",\"inLanguage\":\"fr-FR\",\"@id\":\"https:\/\/lavoixdelanation.tg\/#\/schema\/logo\/image\/\",\"url\":\"https:\/\/lavoixdelanation.tg\/wp-content\/uploads\/2024\/12\/lavn-1.png\",\"contentUrl\":\"https:\/\/lavoixdelanation.tg\/wp-content\/uploads\/2024\/12\/lavn-1.png\",\"width\":1024,\"height\":464,\"caption\":\"La Voix de la Nation\"},\"image\":{\"@id\":\"https:\/\/lavoixdelanation.tg\/#\/schema\/logo\/image\/\"},\"sameAs\":[\"https:\/\/www.facebook.com\/lavoixdelanation\"]},{\"@type\":\"Person\",\"@id\":\"https:\/\/lavoixdelanation.tg\/#\/schema\/person\/6c489293aa38053673a9e554acb6e224\",\"name\":\"La voix de la nation\",\"image\":{\"@type\":\"ImageObject\",\"inLanguage\":\"fr-FR\",\"@id\":\"https:\/\/lavoixdelanation.tg\/#\/schema\/person\/image\/\",\"url\":\"https:\/\/secure.gravatar.com\/avatar\/8aa135d4bbc794494cecaa8d483f6d6cc1023624868deaff686baed5e727a5a1?s=96&d=mm&r=g\",\"contentUrl\":\"https:\/\/secure.gravatar.com\/avatar\/8aa135d4bbc794494cecaa8d483f6d6cc1023624868deaff686baed5e727a5a1?s=96&d=mm&r=g\",\"caption\":\"La voix de la nation\"},\"sameAs\":[\"https:\/\/lavoixdelanation.tg\"],\"url\":\"https:\/\/lavoixdelanation.tg\/index.php\/author\/lavn\/\"}]}<\/script>\n<!-- \/ Yoast SEO plugin. -->","yoast_head_json":{"title":"Togo : 12 795 litres de boissons frelat\u00e9es d\u00e9truits dans la r\u00e9gion des Savanes - La Voix de la Nation","robots":{"index":"index","follow":"follow","max-snippet":"max-snippet:-1","max-image-preview":"max-image-preview:large","max-video-preview":"max-video-preview:-1"},"canonical":"https:\/\/lavoixdelanation.tg\/index.php\/2025\/11\/03\/togo-12-795-litres-de-boissons-frelatees-detruits-dans-la-region-des-savanes\/","og_locale":"fr_FR","og_type":"article","og_title":"Togo : 12 795 litres de boissons frelat\u00e9es d\u00e9truits dans la r\u00e9gion des Savanes - La Voix de la Nation","og_description":"Au Togo, les services de police, de gendarmerie et des douanes de la r\u00e9gion des Savanes ont proc\u00e9d\u00e9 ce samedi 1er novembre 2025, \u00e0 la destruction d\u2019une importante cargaison de&hellip;","og_url":"https:\/\/lavoixdelanation.tg\/index.php\/2025\/11\/03\/togo-12-795-litres-de-boissons-frelatees-detruits-dans-la-region-des-savanes\/","og_site_name":"La Voix de la Nation","article_publisher":"https:\/\/www.facebook.com\/lavoixdelanation","article_published_time":"2025-11-03T12:05:09+00:00","og_image":[{"width":1440,"height":962,"url":"https:\/\/lavoixdelanation.tg\/wp-content\/uploads\/2025\/11\/Destruction-de-boissons-frelatees-dans-la-region-des-Savanes-au-Togo.jpg","type":"image\/jpeg"}],"author":"La voix de la nation","twitter_card":"summary_large_image","twitter_misc":{"\u00c9crit par":"La voix de la nation","Dur\u00e9e de lecture estim\u00e9e":"1 minute"},"schema":{"@context":"https:\/\/schema.org","@graph":[{"@type":"Article","@id":"https:\/\/lavoixdelanation.tg\/index.php\/2025\/11\/03\/togo-12-795-litres-de-boissons-frelatees-detruits-dans-la-region-des-savanes\/#article","isPartOf":{"@id":"https:\/\/lavoixdelanation.tg\/index.php\/2025\/11\/03\/togo-12-795-litres-de-boissons-frelatees-detruits-dans-la-region-des-savanes\/"},"author":{"name":"La voix de la nation","@id":"https:\/\/lavoixdelanation.tg\/#\/schema\/person\/6c489293aa38053673a9e554acb6e224"},"headline":"Togo : 12 795 litres de boissons frelat\u00e9es d\u00e9truits dans la r\u00e9gion des Savanes","datePublished":"2025-11-03T12:05:09+00:00","mainEntityOfPage":{"@id":"https:\/\/lavoixdelanation.tg\/index.php\/2025\/11\/03\/togo-12-795-litres-de-boissons-frelatees-detruits-dans-la-region-des-savanes\/"},"wordCount":236,"commentCount":0,"publisher":{"@id":"https:\/\/lavoixdelanation.tg\/#organization"},"image":{"@id":"https:\/\/lavoixdelanation.tg\/index.php\/2025\/11\/03\/togo-12-795-litres-de-boissons-frelatees-detruits-dans-la-region-des-savanes\/#primaryimage"},"thumbnailUrl":"https:\/\/lavoixdelanation.tg\/wp-content\/uploads\/2025\/11\/Destruction-de-boissons-frelatees-dans-la-region-des-Savanes-au-Togo.jpg","keywords":["boissons frelat\u00e9es","Gouvernorat","R\u00e9gion des savanes","Togo"],"articleSection":["Soci\u00e9t\u00e9"],"inLanguage":"fr-FR","potentialAction":[{"@type":"CommentAction","name":"Comment","target":["https:\/\/lavoixdelanation.tg\/index.php\/2025\/11\/03\/togo-12-795-litres-de-boissons-frelatees-detruits-dans-la-region-des-savanes\/#respond"]}]},{"@type":"WebPage","@id":"https:\/\/lavoixdelanation.tg\/index.php\/2025\/11\/03\/togo-12-795-litres-de-boissons-frelatees-detruits-dans-la-region-des-savanes\/","url":"https:\/\/lavoixdelanation.tg\/index.php\/2025\/11\/03\/togo-12-795-litres-de-boissons-frelatees-detruits-dans-la-region-des-savanes\/","name":"Togo : 12 795 litres de boissons frelat\u00e9es d\u00e9truits dans la r\u00e9gion des Savanes - La Voix de la Nation","isPartOf":{"@id":"https:\/\/lavoixdelanation.tg\/#website"},"primaryImageOfPage":{"@id":"https:\/\/lavoixdelanation.tg\/index.php\/2025\/11\/03\/togo-12-795-litres-de-boissons-frelatees-detruits-dans-la-region-des-savanes\/#primaryimage"},"image":{"@id":"https:\/\/lavoixdelanation.tg\/index.php\/2025\/11\/03\/togo-12-795-litres-de-boissons-frelatees-detruits-dans-la-region-des-savanes\/#primaryimage"},"thumbnailUrl":"https:\/\/lavoixdelanation.tg\/wp-content\/uploads\/2025\/11\/Destruction-de-boissons-frelatees-dans-la-region-des-Savanes-au-Togo.jpg","datePublished":"2025-11-03T12:05:09+00:00","breadcrumb":{"@id":"https:\/\/lavoixdelanation.tg\/index.php\/2025\/11\/03\/togo-12-795-litres-de-boissons-frelatees-detruits-dans-la-region-des-savanes\/#breadcrumb"},"inLanguage":"fr-FR","potentialAction":[{"@type":"ReadAction","target":["https:\/\/lavoixdelanation.tg\/index.php\/2025\/11\/03\/togo-12-795-litres-de-boissons-frelatees-detruits-dans-la-region-des-savanes\/"]}]},{"@type":"ImageObject","inLanguage":"fr-FR","@id":"https:\/\/lavoixdelanation.tg\/index.php\/2025\/11\/03\/togo-12-795-litres-de-boissons-frelatees-detruits-dans-la-region-des-savanes\/#primaryimage","url":"https:\/\/lavoixdelanation.tg\/wp-content\/uploads\/2025\/11\/Destruction-de-boissons-frelatees-dans-la-region-des-Savanes-au-Togo.jpg","contentUrl":"https:\/\/lavoixdelanation.tg\/wp-content\/uploads\/2025\/11\/Destruction-de-boissons-frelatees-dans-la-region-des-Savanes-au-Togo.jpg","width":1440,"height":962},{"@type":"BreadcrumbList","@id":"https:\/\/lavoixdelanation.tg\/index.php\/2025\/11\/03\/togo-12-795-litres-de-boissons-frelatees-detruits-dans-la-region-des-savanes\/#breadcrumb","itemListElement":[{"@type":"ListItem","position":1,"name":"Accueil","item":"https:\/\/lavoixdelanation.tg\/"},{"@type":"ListItem","position":2,"name":"Togo : 12 795 litres de boissons frelat\u00e9es d\u00e9truits dans la r\u00e9gion des Savanes"}]},{"@type":"WebSite","@id":"https:\/\/lavoixdelanation.tg\/#website","url":"https:\/\/lavoixdelanation.tg\/","name":"La Voix de la Nation","description":"R\u00e9c\u00e9piss\u00e9 n\u00b00108\/HAAC\/01-2024\/pl\/P","publisher":{"@id":"https:\/\/lavoixdelanation.tg\/#organization"},"alternateName":"VON","potentialAction":[{"@type":"SearchAction","target":{"@type":"EntryPoint","urlTemplate":"https:\/\/lavoixdelanation.tg\/?s={search_term_string}"},"query-input":{"@type":"PropertyValueSpecification","valueRequired":true,"valueName":"search_term_string"}}],"inLanguage":"fr-FR"},{"@type":"Organization","@id":"https:\/\/lavoixdelanation.tg\/#organization","name":"La Voix de la Nation","url":"https:\/\/lavoixdelanation.tg\/","logo":{"@type":"ImageObject","inLanguage":"fr-FR","@id":"https:\/\/lavoixdelanation.tg\/#\/schema\/logo\/image\/","url":"https:\/\/lavoixdelanation.tg\/wp-content\/uploads\/2024\/12\/lavn-1.png","contentUrl":"https:\/\/lavoixdelanation.tg\/wp-content\/uploads\/2024\/12\/lavn-1.png","width":1024,"height":464,"caption":"La Voix de la Nation"},"image":{"@id":"https:\/\/lavoixdelanation.tg\/#\/schema\/logo\/image\/"},"sameAs":["https:\/\/www.facebook.com\/lavoixdelanation"]},{"@type":"Person","@id":"https:\/\/lavoixdelanation.tg\/#\/schema\/person\/6c489293aa38053673a9e554acb6e224","name":"La voix de la nation","image":{"@type":"ImageObject","inLanguage":"fr-FR","@id":"https:\/\/lavoixdelanation.tg\/#\/schema\/person\/image\/","url":"https:\/\/secure.gravatar.com\/avatar\/8aa135d4bbc794494cecaa8d483f6d6cc1023624868deaff686baed5e727a5a1?s=96&d=mm&r=g","contentUrl":"https:\/\/secure.gravatar.com\/avatar\/8aa135d4bbc794494cecaa8d483f6d6cc1023624868deaff686baed5e727a5a1?s=96&d=mm&r=g","caption":"La voix de la nation"},"sameAs":["https:\/\/lavoixdelanation.tg"],"url":"https:\/\/lavoixdelanation.tg\/index.php\/author\/lavn\/"}]}},"_links":{"self":[{"href":"https:\/\/lavoixdelanation.tg\/index.php\/wp-json\/wp\/v2\/posts\/14695","targetHints":{"allow":["GET"]}}],"collection":[{"href":"https:\/\/lavoixdelanation.tg\/index.php\/wp-json\/wp\/v2\/posts"}],"about":[{"href":"https:\/\/lavoixdelanation.tg\/index.php\/wp-json\/wp\/v2\/types\/post"}],"author":[{"embeddable":true,"href":"https:\/\/lavoixdelanation.tg\/index.php\/wp-json\/wp\/v2\/users\/1"}],"replies":[{"embeddable":true,"href":"https:\/\/lavoixdelanation.tg\/index.php\/wp-json\/wp\/v2\/comments?post=14695"}],"version-history":[{"count":1,"href":"https:\/\/lavoixdelanation.tg\/index.php\/wp-json\/wp\/v2\/posts\/14695\/revisions"}],"predecessor-version":[{"id":14698,"href":"https:\/\/lavoixdelanation.tg\/index.php\/wp-json\/wp\/v2\/posts\/14695\/revisions\/14698"}],"wp:featuredmedia":[{"embeddable":true,"href":"https:\/\/lavoixdelanation.tg\/index.php\/wp-json\/wp\/v2\/media\/14696"}],"wp:attachment":[{"href":"https:\/\/lavoixdelanation.tg\/index.php\/wp-json\/wp\/v2\/media?parent=14695"}],"wp:term":[{"taxonomy":"category","embeddable":true,"href":"https:\/\/lavoixdelanation.tg\/index.php\/wp-json\/wp\/v2\/categories?post=14695"},{"taxonomy":"post_tag","embeddable":true,"href":"https:\/\/lavoixdelanation.tg\/index.php\/wp-json\/wp\/v2\/tags?post=14695"}],"curies":[{"name":"wp","href":"https:\/\/api.w.org\/{rel}","templated":true}]}}