{"id":14622,"date":"2025-10-29T04:54:00","date_gmt":"2025-10-29T03:54:00","guid":{"rendered":"https:\/\/lavoixdelanation.tg\/?p=14622"},"modified":"2025-10-29T12:58:03","modified_gmt":"2025-10-29T11:58:03","slug":"togo-komi-selom-klassou-succede-a-kodjo-adedze-a-la-tete-de-lassemblee-nationale","status":"publish","type":"post","link":"https:\/\/lavoixdelanation.tg\/index.php\/2025\/10\/29\/togo-komi-selom-klassou-succede-a-kodjo-adedze-a-la-tete-de-lassemblee-nationale\/","title":{"rendered":"Togo\u00a0: Komi S\u00e9lom Klassou succ\u00e8de \u00e0 Kodjo Ad\u00e9dz\u00e9 \u00e0 la t\u00eate de l\u2019Assembl\u00e9e nationale"},"content":{"rendered":"\n<p><strong>Le Professeur Komi S\u00e9lom Klassou a \u00e9t\u00e9 \u00e9lu ce mardi 28 octobre 2025 Pr\u00e9sident de l\u2019Assembl\u00e9e nationale \u00e0 l\u2019unanimit\u00e9 des d\u00e9put\u00e9s pr\u00e9sents lors de leur deuxi\u00e8me s\u00e9ance pl\u00e9ni\u00e8re de la deuxi\u00e8me session ordinaire de l\u2019ann\u00e9e, pr\u00e9sid\u00e9e par Ayao Dzr\u00e9k\u00e9, quatri\u00e8me vice-pr\u00e9sident du Parlement.<\/strong><\/p>\n\n\n\n<p>Komi S\u00e9lom Klassou succ\u00e8de ainsi \u00e0 Sevon-T\u00e9p\u00e9 Kodjo Ad\u00e9dz\u00e9, Pr\u00e9sident sortant, pour la dur\u00e9e restante du mandat du bureau ouvert le 14 juin 2024. Par cette \u00e9lection, Komi S\u00e9lom Klassou devient ainsi le quinzi\u00e8me pr\u00e9sident de l\u2019Assembl\u00e9e nationale togolaise.<\/p>\n\n\n\n<p>La pl\u00e9ni\u00e8re a \u00e9galement proc\u00e9d\u00e9 \u00e0 l\u2019\u00e9lection de quatre vice-pr\u00e9sidents, conform\u00e9ment \u00e0 la proc\u00e9dure \u00e9dict\u00e9e par les dispositions de l\u2019article 14 du r\u00e8glement int\u00e9rieur de linstitution.<\/p>\n\n\n\n<p>Les d\u00e9put\u00e9s \u00e9lus sont : Hadja M\u00e9mounatou Ibrahima (Premi\u00e8re vice-pr\u00e9sidente), Gbalgueboa Kangb\u00e9ni (Deuxi\u00e8me vice-pr\u00e9sident), Saad Mohamed Ouro-Sama (Troisi\u00e8me vice-pr\u00e9sident), et Pawoumoudom Wella (Cinqui\u00e8me vice-pr\u00e9sident).<\/p>\n\n\n\n<p>Par ailleurs, conform\u00e9ment \u00e0 la d\u00e9cision n\u00b0 EL-1\/25 du 25 octobre 2025 de la Cour constitutionnelle, quatorze (14) si\u00e8ges de d\u00e9put\u00e9s ont \u00e9t\u00e9 d\u00e9clar\u00e9s vacants \u00e0 la suite de situations d\u2019incompatibilit\u00e9 ou de renonciation volontaire. Les suppl\u00e9ants d\u00e9sign\u00e9s par la Cour ont \u00e9t\u00e9 install\u00e9s officiellement au cours de la s\u00e9ance, conform\u00e9ment \u00e0 l\u2019article 185 du code \u00e9lectoral.<\/p>\n\n\n\n<p>\u00c0 l&rsquo;issue des votes, la c\u00e9r\u00e9monie d\u2019installation du nouveau pr\u00e9sident de l\u2019Assembl\u00e9e nationale a \u00e9t\u00e9 ponctu\u00e9e par les usages parlementaires traditionnels, notamment la remise du maillet, symbole de l\u2019autorit\u00e9 l\u00e9gislative.<\/p>\n\n\n\n<p>Dans son allocution, le nouveau pr\u00e9sident de l\u2019institution parlementaire a, au nom de tous les membres du bureau \u00e9lus et de l\u2019ensemble des d\u00e9put\u00e9s, adress\u00e9 ses sinc\u00e8res remerciements \u00e0 ses coll\u00e8gues pour le choix port\u00e9 sur sa modeste personne.<\/p>\n\n\n\n<p>Pr Komi S\u00e9lom Klassou a aussi exprim\u00e9 sa gratitude au Pr\u00e9sident du Conseil Faure Gnassingb\u00e9 pour la confiance, l\u2019estime et l\u2019appui constant qu\u2019il ne cesse d\u2019accorder aux institutions de la R\u00e9publique.<\/p>\n\n\n\n<p>Il a pour finir salu\u00e9 son pr\u00e9d\u00e9cesseur Sevon-T\u00e9p\u00e9 Kodjo Ad\u00e9dz\u00e9 pour le travail remarquable qu\u2019il a abattu \u00e0 la t\u00eate de cette premi\u00e8re l\u00e9gislature de la cinqui\u00e8me r\u00e9publique.<\/p>\n\n\n\n<p>Au demeurant, le bureau de l\u2019Assembl\u00e9e nationale est d\u00e9sormais au complet avec cette \u00e9lection. Un nouveau chapitre s\u2019ouvre ainsi pour la l\u00e9gislature, sous le signe de la continuit\u00e9 et du renforcement de l\u2019action parlementaire.<\/p>\n\n\n\n<figure class=\"wp-block-image size-large\"><img loading=\"lazy\" decoding=\"async\" width=\"724\" height=\"1024\" src=\"https:\/\/lavoixdelanation.tg\/wp-content\/uploads\/2025\/10\/Bureau-de-lAssemblee-nationale-du-Togo-724x1024.jpg\" alt=\"\" class=\"wp-image-14624\" srcset=\"https:\/\/lavoixdelanation.tg\/wp-content\/uploads\/2025\/10\/Bureau-de-lAssemblee-nationale-du-Togo-724x1024.jpg 724w, https:\/\/lavoixdelanation.tg\/wp-content\/uploads\/2025\/10\/Bureau-de-lAssemblee-nationale-du-Togo-212x300.jpg 212w, https:\/\/lavoixdelanation.tg\/wp-content\/uploads\/2025\/10\/Bureau-de-lAssemblee-nationale-du-Togo-768x1086.jpg 768w, https:\/\/lavoixdelanation.tg\/wp-content\/uploads\/2025\/10\/Bureau-de-lAssemblee-nationale-du-Togo-1086x1536.jpg 1086w, https:\/\/lavoixdelanation.tg\/wp-content\/uploads\/2025\/10\/Bureau-de-lAssemblee-nationale-du-Togo.jpg 1448w\" sizes=\"auto, (max-width: 724px) 100vw, 724px\" \/><\/figure>\n","protected":false},"excerpt":{"rendered":"<p>Le Professeur Komi S\u00e9lom Klassou a \u00e9t\u00e9 \u00e9lu ce mardi 28 octobre 2025 Pr\u00e9sident de l\u2019Assembl\u00e9e nationale \u00e0 l\u2019unanimit\u00e9 des d\u00e9put\u00e9s pr\u00e9sents lors de leur deuxi\u00e8me s\u00e9ance pl\u00e9ni\u00e8re de la&hellip; <\/p>\n","protected":false},"author":1,"featured_media":14623,"comment_status":"open","ping_status":"closed","sticky":false,"template":"","format":"standard","meta":{"footnotes":""},"categories":[21],"tags":[43,1053,39],"class_list":["post-14622","post","type-post","status-publish","format-standard","has-post-thumbnail","hentry","category-politique","tag-assemblee-nationale","tag-komi-selom-klassou","tag-togo"],"yoast_head":"<!-- This site is optimized with the Yoast SEO plugin v26.4 - https:\/\/yoast.com\/wordpress\/plugins\/seo\/ -->\n<title>Togo\u00a0: Komi S\u00e9lom Klassou succ\u00e8de \u00e0 Kodjo Ad\u00e9dz\u00e9 \u00e0 la t\u00eate de l\u2019Assembl\u00e9e nationale - La Voix de la Nation<\/title>\n<meta name=\"robots\" content=\"index, follow, max-snippet:-1, max-image-preview:large, max-video-preview:-1\" \/>\n<link rel=\"canonical\" href=\"https:\/\/lavoixdelanation.tg\/index.php\/2025\/10\/29\/togo-komi-selom-klassou-succede-a-kodjo-adedze-a-la-tete-de-lassemblee-nationale\/\" \/>\n<meta property=\"og:locale\" content=\"fr_FR\" \/>\n<meta property=\"og:type\" content=\"article\" \/>\n<meta property=\"og:title\" content=\"Togo\u00a0: Komi S\u00e9lom Klassou succ\u00e8de \u00e0 Kodjo Ad\u00e9dz\u00e9 \u00e0 la t\u00eate de l\u2019Assembl\u00e9e nationale - La Voix de la Nation\" \/>\n<meta property=\"og:description\" content=\"Le Professeur Komi S\u00e9lom Klassou a \u00e9t\u00e9 \u00e9lu ce mardi 28 octobre 2025 Pr\u00e9sident de l\u2019Assembl\u00e9e nationale \u00e0 l\u2019unanimit\u00e9 des d\u00e9put\u00e9s pr\u00e9sents lors de leur deuxi\u00e8me s\u00e9ance pl\u00e9ni\u00e8re de la&hellip;\" \/>\n<meta property=\"og:url\" content=\"https:\/\/lavoixdelanation.tg\/index.php\/2025\/10\/29\/togo-komi-selom-klassou-succede-a-kodjo-adedze-a-la-tete-de-lassemblee-nationale\/\" \/>\n<meta property=\"og:site_name\" content=\"La Voix de la Nation\" \/>\n<meta property=\"article:publisher\" content=\"https:\/\/www.facebook.com\/lavoixdelanation\" \/>\n<meta property=\"article:published_time\" content=\"2025-10-29T03:54:00+00:00\" \/>\n<meta property=\"article:modified_time\" content=\"2025-10-29T11:58:03+00:00\" \/>\n<meta property=\"og:image\" content=\"https:\/\/lavoixdelanation.tg\/wp-content\/uploads\/2025\/10\/Komi-Selom-Klassou-president-de-lAssemblee-nationale.jpeg\" \/>\n\t<meta property=\"og:image:width\" content=\"980\" \/>\n\t<meta property=\"og:image:height\" content=\"699\" \/>\n\t<meta property=\"og:image:type\" content=\"image\/jpeg\" \/>\n<meta name=\"author\" content=\"La voix de la nation\" \/>\n<meta name=\"twitter:card\" content=\"summary_large_image\" \/>\n<meta name=\"twitter:label1\" content=\"\u00c9crit par\" \/>\n\t<meta name=\"twitter:data1\" content=\"La voix de la nation\" \/>\n\t<meta name=\"twitter:label2\" content=\"Dur\u00e9e de lecture estim\u00e9e\" \/>\n\t<meta name=\"twitter:data2\" content=\"2 minutes\" \/>\n<script type=\"application\/ld+json\" class=\"yoast-schema-graph\">{\"@context\":\"https:\/\/schema.org\",\"@graph\":[{\"@type\":\"Article\",\"@id\":\"https:\/\/lavoixdelanation.tg\/index.php\/2025\/10\/29\/togo-komi-selom-klassou-succede-a-kodjo-adedze-a-la-tete-de-lassemblee-nationale\/#article\",\"isPartOf\":{\"@id\":\"https:\/\/lavoixdelanation.tg\/index.php\/2025\/10\/29\/togo-komi-selom-klassou-succede-a-kodjo-adedze-a-la-tete-de-lassemblee-nationale\/\"},\"author\":{\"name\":\"La voix de la nation\",\"@id\":\"https:\/\/lavoixdelanation.tg\/#\/schema\/person\/6c489293aa38053673a9e554acb6e224\"},\"headline\":\"Togo\u00a0: Komi S\u00e9lom Klassou succ\u00e8de \u00e0 Kodjo Ad\u00e9dz\u00e9 \u00e0 la t\u00eate de l\u2019Assembl\u00e9e nationale\",\"datePublished\":\"2025-10-29T03:54:00+00:00\",\"dateModified\":\"2025-10-29T11:58:03+00:00\",\"mainEntityOfPage\":{\"@id\":\"https:\/\/lavoixdelanation.tg\/index.php\/2025\/10\/29\/togo-komi-selom-klassou-succede-a-kodjo-adedze-a-la-tete-de-lassemblee-nationale\/\"},\"wordCount\":458,\"commentCount\":0,\"publisher\":{\"@id\":\"https:\/\/lavoixdelanation.tg\/#organization\"},\"image\":{\"@id\":\"https:\/\/lavoixdelanation.tg\/index.php\/2025\/10\/29\/togo-komi-selom-klassou-succede-a-kodjo-adedze-a-la-tete-de-lassemblee-nationale\/#primaryimage\"},\"thumbnailUrl\":\"https:\/\/lavoixdelanation.tg\/wp-content\/uploads\/2025\/10\/Komi-Selom-Klassou-president-de-lAssemblee-nationale.jpeg\",\"keywords\":[\"Assembl\u00e9e nationale\",\"Komi S\u00e9lom Klassou\",\"Togo\"],\"articleSection\":[\"Politique\"],\"inLanguage\":\"fr-FR\",\"potentialAction\":[{\"@type\":\"CommentAction\",\"name\":\"Comment\",\"target\":[\"https:\/\/lavoixdelanation.tg\/index.php\/2025\/10\/29\/togo-komi-selom-klassou-succede-a-kodjo-adedze-a-la-tete-de-lassemblee-nationale\/#respond\"]}]},{\"@type\":\"WebPage\",\"@id\":\"https:\/\/lavoixdelanation.tg\/index.php\/2025\/10\/29\/togo-komi-selom-klassou-succede-a-kodjo-adedze-a-la-tete-de-lassemblee-nationale\/\",\"url\":\"https:\/\/lavoixdelanation.tg\/index.php\/2025\/10\/29\/togo-komi-selom-klassou-succede-a-kodjo-adedze-a-la-tete-de-lassemblee-nationale\/\",\"name\":\"Togo\u00a0: Komi S\u00e9lom Klassou succ\u00e8de \u00e0 Kodjo Ad\u00e9dz\u00e9 \u00e0 la t\u00eate de l\u2019Assembl\u00e9e nationale - La Voix de la Nation\",\"isPartOf\":{\"@id\":\"https:\/\/lavoixdelanation.tg\/#website\"},\"primaryImageOfPage\":{\"@id\":\"https:\/\/lavoixdelanation.tg\/index.php\/2025\/10\/29\/togo-komi-selom-klassou-succede-a-kodjo-adedze-a-la-tete-de-lassemblee-nationale\/#primaryimage\"},\"image\":{\"@id\":\"https:\/\/lavoixdelanation.tg\/index.php\/2025\/10\/29\/togo-komi-selom-klassou-succede-a-kodjo-adedze-a-la-tete-de-lassemblee-nationale\/#primaryimage\"},\"thumbnailUrl\":\"https:\/\/lavoixdelanation.tg\/wp-content\/uploads\/2025\/10\/Komi-Selom-Klassou-president-de-lAssemblee-nationale.jpeg\",\"datePublished\":\"2025-10-29T03:54:00+00:00\",\"dateModified\":\"2025-10-29T11:58:03+00:00\",\"breadcrumb\":{\"@id\":\"https:\/\/lavoixdelanation.tg\/index.php\/2025\/10\/29\/togo-komi-selom-klassou-succede-a-kodjo-adedze-a-la-tete-de-lassemblee-nationale\/#breadcrumb\"},\"inLanguage\":\"fr-FR\",\"potentialAction\":[{\"@type\":\"ReadAction\",\"target\":[\"https:\/\/lavoixdelanation.tg\/index.php\/2025\/10\/29\/togo-komi-selom-klassou-succede-a-kodjo-adedze-a-la-tete-de-lassemblee-nationale\/\"]}]},{\"@type\":\"ImageObject\",\"inLanguage\":\"fr-FR\",\"@id\":\"https:\/\/lavoixdelanation.tg\/index.php\/2025\/10\/29\/togo-komi-selom-klassou-succede-a-kodjo-adedze-a-la-tete-de-lassemblee-nationale\/#primaryimage\",\"url\":\"https:\/\/lavoixdelanation.tg\/wp-content\/uploads\/2025\/10\/Komi-Selom-Klassou-president-de-lAssemblee-nationale.jpeg\",\"contentUrl\":\"https:\/\/lavoixdelanation.tg\/wp-content\/uploads\/2025\/10\/Komi-Selom-Klassou-president-de-lAssemblee-nationale.jpeg\",\"width\":980,\"height\":699,\"caption\":\"Komi S\u00e9lom Klassou, nouveau Pr\u00e9sident de l\u2019Assembl\u00e9e nationale du Togo\"},{\"@type\":\"BreadcrumbList\",\"@id\":\"https:\/\/lavoixdelanation.tg\/index.php\/2025\/10\/29\/togo-komi-selom-klassou-succede-a-kodjo-adedze-a-la-tete-de-lassemblee-nationale\/#breadcrumb\",\"itemListElement\":[{\"@type\":\"ListItem\",\"position\":1,\"name\":\"Accueil\",\"item\":\"https:\/\/lavoixdelanation.tg\/\"},{\"@type\":\"ListItem\",\"position\":2,\"name\":\"Togo\u00a0: Komi S\u00e9lom Klassou succ\u00e8de \u00e0 Kodjo Ad\u00e9dz\u00e9 \u00e0 la t\u00eate de l\u2019Assembl\u00e9e nationale\"}]},{\"@type\":\"WebSite\",\"@id\":\"https:\/\/lavoixdelanation.tg\/#website\",\"url\":\"https:\/\/lavoixdelanation.tg\/\",\"name\":\"La Voix de la Nation\",\"description\":\"R\u00e9c\u00e9piss\u00e9 n\u00b00108\/HAAC\/01-2024\/pl\/P\",\"publisher\":{\"@id\":\"https:\/\/lavoixdelanation.tg\/#organization\"},\"alternateName\":\"VON\",\"potentialAction\":[{\"@type\":\"SearchAction\",\"target\":{\"@type\":\"EntryPoint\",\"urlTemplate\":\"https:\/\/lavoixdelanation.tg\/?s={search_term_string}\"},\"query-input\":{\"@type\":\"PropertyValueSpecification\",\"valueRequired\":true,\"valueName\":\"search_term_string\"}}],\"inLanguage\":\"fr-FR\"},{\"@type\":\"Organization\",\"@id\":\"https:\/\/lavoixdelanation.tg\/#organization\",\"name\":\"La Voix de la Nation\",\"url\":\"https:\/\/lavoixdelanation.tg\/\",\"logo\":{\"@type\":\"ImageObject\",\"inLanguage\":\"fr-FR\",\"@id\":\"https:\/\/lavoixdelanation.tg\/#\/schema\/logo\/image\/\",\"url\":\"https:\/\/lavoixdelanation.tg\/wp-content\/uploads\/2024\/12\/lavn-1.png\",\"contentUrl\":\"https:\/\/lavoixdelanation.tg\/wp-content\/uploads\/2024\/12\/lavn-1.png\",\"width\":1024,\"height\":464,\"caption\":\"La Voix de la Nation\"},\"image\":{\"@id\":\"https:\/\/lavoixdelanation.tg\/#\/schema\/logo\/image\/\"},\"sameAs\":[\"https:\/\/www.facebook.com\/lavoixdelanation\"]},{\"@type\":\"Person\",\"@id\":\"https:\/\/lavoixdelanation.tg\/#\/schema\/person\/6c489293aa38053673a9e554acb6e224\",\"name\":\"La voix de la nation\",\"image\":{\"@type\":\"ImageObject\",\"inLanguage\":\"fr-FR\",\"@id\":\"https:\/\/lavoixdelanation.tg\/#\/schema\/person\/image\/\",\"url\":\"https:\/\/secure.gravatar.com\/avatar\/8aa135d4bbc794494cecaa8d483f6d6cc1023624868deaff686baed5e727a5a1?s=96&d=mm&r=g\",\"contentUrl\":\"https:\/\/secure.gravatar.com\/avatar\/8aa135d4bbc794494cecaa8d483f6d6cc1023624868deaff686baed5e727a5a1?s=96&d=mm&r=g\",\"caption\":\"La voix de la nation\"},\"sameAs\":[\"https:\/\/lavoixdelanation.tg\"],\"url\":\"https:\/\/lavoixdelanation.tg\/index.php\/author\/lavn\/\"}]}<\/script>\n<!-- \/ Yoast SEO plugin. -->","yoast_head_json":{"title":"Togo\u00a0: Komi S\u00e9lom Klassou succ\u00e8de \u00e0 Kodjo Ad\u00e9dz\u00e9 \u00e0 la t\u00eate de l\u2019Assembl\u00e9e nationale - La Voix de la Nation","robots":{"index":"index","follow":"follow","max-snippet":"max-snippet:-1","max-image-preview":"max-image-preview:large","max-video-preview":"max-video-preview:-1"},"canonical":"https:\/\/lavoixdelanation.tg\/index.php\/2025\/10\/29\/togo-komi-selom-klassou-succede-a-kodjo-adedze-a-la-tete-de-lassemblee-nationale\/","og_locale":"fr_FR","og_type":"article","og_title":"Togo\u00a0: Komi S\u00e9lom Klassou succ\u00e8de \u00e0 Kodjo Ad\u00e9dz\u00e9 \u00e0 la t\u00eate de l\u2019Assembl\u00e9e nationale - La Voix de la Nation","og_description":"Le Professeur Komi S\u00e9lom Klassou a \u00e9t\u00e9 \u00e9lu ce mardi 28 octobre 2025 Pr\u00e9sident de l\u2019Assembl\u00e9e nationale \u00e0 l\u2019unanimit\u00e9 des d\u00e9put\u00e9s pr\u00e9sents lors de leur deuxi\u00e8me s\u00e9ance pl\u00e9ni\u00e8re de la&hellip;","og_url":"https:\/\/lavoixdelanation.tg\/index.php\/2025\/10\/29\/togo-komi-selom-klassou-succede-a-kodjo-adedze-a-la-tete-de-lassemblee-nationale\/","og_site_name":"La Voix de la Nation","article_publisher":"https:\/\/www.facebook.com\/lavoixdelanation","article_published_time":"2025-10-29T03:54:00+00:00","article_modified_time":"2025-10-29T11:58:03+00:00","og_image":[{"width":980,"height":699,"url":"https:\/\/lavoixdelanation.tg\/wp-content\/uploads\/2025\/10\/Komi-Selom-Klassou-president-de-lAssemblee-nationale.jpeg","type":"image\/jpeg"}],"author":"La voix de la nation","twitter_card":"summary_large_image","twitter_misc":{"\u00c9crit par":"La voix de la nation","Dur\u00e9e de lecture estim\u00e9e":"2 minutes"},"schema":{"@context":"https:\/\/schema.org","@graph":[{"@type":"Article","@id":"https:\/\/lavoixdelanation.tg\/index.php\/2025\/10\/29\/togo-komi-selom-klassou-succede-a-kodjo-adedze-a-la-tete-de-lassemblee-nationale\/#article","isPartOf":{"@id":"https:\/\/lavoixdelanation.tg\/index.php\/2025\/10\/29\/togo-komi-selom-klassou-succede-a-kodjo-adedze-a-la-tete-de-lassemblee-nationale\/"},"author":{"name":"La voix de la nation","@id":"https:\/\/lavoixdelanation.tg\/#\/schema\/person\/6c489293aa38053673a9e554acb6e224"},"headline":"Togo\u00a0: Komi S\u00e9lom Klassou succ\u00e8de \u00e0 Kodjo Ad\u00e9dz\u00e9 \u00e0 la t\u00eate de l\u2019Assembl\u00e9e nationale","datePublished":"2025-10-29T03:54:00+00:00","dateModified":"2025-10-29T11:58:03+00:00","mainEntityOfPage":{"@id":"https:\/\/lavoixdelanation.tg\/index.php\/2025\/10\/29\/togo-komi-selom-klassou-succede-a-kodjo-adedze-a-la-tete-de-lassemblee-nationale\/"},"wordCount":458,"commentCount":0,"publisher":{"@id":"https:\/\/lavoixdelanation.tg\/#organization"},"image":{"@id":"https:\/\/lavoixdelanation.tg\/index.php\/2025\/10\/29\/togo-komi-selom-klassou-succede-a-kodjo-adedze-a-la-tete-de-lassemblee-nationale\/#primaryimage"},"thumbnailUrl":"https:\/\/lavoixdelanation.tg\/wp-content\/uploads\/2025\/10\/Komi-Selom-Klassou-president-de-lAssemblee-nationale.jpeg","keywords":["Assembl\u00e9e nationale","Komi S\u00e9lom Klassou","Togo"],"articleSection":["Politique"],"inLanguage":"fr-FR","potentialAction":[{"@type":"CommentAction","name":"Comment","target":["https:\/\/lavoixdelanation.tg\/index.php\/2025\/10\/29\/togo-komi-selom-klassou-succede-a-kodjo-adedze-a-la-tete-de-lassemblee-nationale\/#respond"]}]},{"@type":"WebPage","@id":"https:\/\/lavoixdelanation.tg\/index.php\/2025\/10\/29\/togo-komi-selom-klassou-succede-a-kodjo-adedze-a-la-tete-de-lassemblee-nationale\/","url":"https:\/\/lavoixdelanation.tg\/index.php\/2025\/10\/29\/togo-komi-selom-klassou-succede-a-kodjo-adedze-a-la-tete-de-lassemblee-nationale\/","name":"Togo\u00a0: Komi S\u00e9lom Klassou succ\u00e8de \u00e0 Kodjo Ad\u00e9dz\u00e9 \u00e0 la t\u00eate de l\u2019Assembl\u00e9e nationale - La Voix de la Nation","isPartOf":{"@id":"https:\/\/lavoixdelanation.tg\/#website"},"primaryImageOfPage":{"@id":"https:\/\/lavoixdelanation.tg\/index.php\/2025\/10\/29\/togo-komi-selom-klassou-succede-a-kodjo-adedze-a-la-tete-de-lassemblee-nationale\/#primaryimage"},"image":{"@id":"https:\/\/lavoixdelanation.tg\/index.php\/2025\/10\/29\/togo-komi-selom-klassou-succede-a-kodjo-adedze-a-la-tete-de-lassemblee-nationale\/#primaryimage"},"thumbnailUrl":"https:\/\/lavoixdelanation.tg\/wp-content\/uploads\/2025\/10\/Komi-Selom-Klassou-president-de-lAssemblee-nationale.jpeg","datePublished":"2025-10-29T03:54:00+00:00","dateModified":"2025-10-29T11:58:03+00:00","breadcrumb":{"@id":"https:\/\/lavoixdelanation.tg\/index.php\/2025\/10\/29\/togo-komi-selom-klassou-succede-a-kodjo-adedze-a-la-tete-de-lassemblee-nationale\/#breadcrumb"},"inLanguage":"fr-FR","potentialAction":[{"@type":"ReadAction","target":["https:\/\/lavoixdelanation.tg\/index.php\/2025\/10\/29\/togo-komi-selom-klassou-succede-a-kodjo-adedze-a-la-tete-de-lassemblee-nationale\/"]}]},{"@type":"ImageObject","inLanguage":"fr-FR","@id":"https:\/\/lavoixdelanation.tg\/index.php\/2025\/10\/29\/togo-komi-selom-klassou-succede-a-kodjo-adedze-a-la-tete-de-lassemblee-nationale\/#primaryimage","url":"https:\/\/lavoixdelanation.tg\/wp-content\/uploads\/2025\/10\/Komi-Selom-Klassou-president-de-lAssemblee-nationale.jpeg","contentUrl":"https:\/\/lavoixdelanation.tg\/wp-content\/uploads\/2025\/10\/Komi-Selom-Klassou-president-de-lAssemblee-nationale.jpeg","width":980,"height":699,"caption":"Komi S\u00e9lom Klassou, nouveau Pr\u00e9sident de l\u2019Assembl\u00e9e nationale du Togo"},{"@type":"BreadcrumbList","@id":"https:\/\/lavoixdelanation.tg\/index.php\/2025\/10\/29\/togo-komi-selom-klassou-succede-a-kodjo-adedze-a-la-tete-de-lassemblee-nationale\/#breadcrumb","itemListElement":[{"@type":"ListItem","position":1,"name":"Accueil","item":"https:\/\/lavoixdelanation.tg\/"},{"@type":"ListItem","position":2,"name":"Togo\u00a0: Komi S\u00e9lom Klassou succ\u00e8de \u00e0 Kodjo Ad\u00e9dz\u00e9 \u00e0 la t\u00eate de l\u2019Assembl\u00e9e nationale"}]},{"@type":"WebSite","@id":"https:\/\/lavoixdelanation.tg\/#website","url":"https:\/\/lavoixdelanation.tg\/","name":"La Voix de la Nation","description":"R\u00e9c\u00e9piss\u00e9 n\u00b00108\/HAAC\/01-2024\/pl\/P","publisher":{"@id":"https:\/\/lavoixdelanation.tg\/#organization"},"alternateName":"VON","potentialAction":[{"@type":"SearchAction","target":{"@type":"EntryPoint","urlTemplate":"https:\/\/lavoixdelanation.tg\/?s={search_term_string}"},"query-input":{"@type":"PropertyValueSpecification","valueRequired":true,"valueName":"search_term_string"}}],"inLanguage":"fr-FR"},{"@type":"Organization","@id":"https:\/\/lavoixdelanation.tg\/#organization","name":"La Voix de la Nation","url":"https:\/\/lavoixdelanation.tg\/","logo":{"@type":"ImageObject","inLanguage":"fr-FR","@id":"https:\/\/lavoixdelanation.tg\/#\/schema\/logo\/image\/","url":"https:\/\/lavoixdelanation.tg\/wp-content\/uploads\/2024\/12\/lavn-1.png","contentUrl":"https:\/\/lavoixdelanation.tg\/wp-content\/uploads\/2024\/12\/lavn-1.png","width":1024,"height":464,"caption":"La Voix de la Nation"},"image":{"@id":"https:\/\/lavoixdelanation.tg\/#\/schema\/logo\/image\/"},"sameAs":["https:\/\/www.facebook.com\/lavoixdelanation"]},{"@type":"Person","@id":"https:\/\/lavoixdelanation.tg\/#\/schema\/person\/6c489293aa38053673a9e554acb6e224","name":"La voix de la nation","image":{"@type":"ImageObject","inLanguage":"fr-FR","@id":"https:\/\/lavoixdelanation.tg\/#\/schema\/person\/image\/","url":"https:\/\/secure.gravatar.com\/avatar\/8aa135d4bbc794494cecaa8d483f6d6cc1023624868deaff686baed5e727a5a1?s=96&d=mm&r=g","contentUrl":"https:\/\/secure.gravatar.com\/avatar\/8aa135d4bbc794494cecaa8d483f6d6cc1023624868deaff686baed5e727a5a1?s=96&d=mm&r=g","caption":"La voix de la nation"},"sameAs":["https:\/\/lavoixdelanation.tg"],"url":"https:\/\/lavoixdelanation.tg\/index.php\/author\/lavn\/"}]}},"_links":{"self":[{"href":"https:\/\/lavoixdelanation.tg\/index.php\/wp-json\/wp\/v2\/posts\/14622","targetHints":{"allow":["GET"]}}],"collection":[{"href":"https:\/\/lavoixdelanation.tg\/index.php\/wp-json\/wp\/v2\/posts"}],"about":[{"href":"https:\/\/lavoixdelanation.tg\/index.php\/wp-json\/wp\/v2\/types\/post"}],"author":[{"embeddable":true,"href":"https:\/\/lavoixdelanation.tg\/index.php\/wp-json\/wp\/v2\/users\/1"}],"replies":[{"embeddable":true,"href":"https:\/\/lavoixdelanation.tg\/index.php\/wp-json\/wp\/v2\/comments?post=14622"}],"version-history":[{"count":1,"href":"https:\/\/lavoixdelanation.tg\/index.php\/wp-json\/wp\/v2\/posts\/14622\/revisions"}],"predecessor-version":[{"id":14625,"href":"https:\/\/lavoixdelanation.tg\/index.php\/wp-json\/wp\/v2\/posts\/14622\/revisions\/14625"}],"wp:featuredmedia":[{"embeddable":true,"href":"https:\/\/lavoixdelanation.tg\/index.php\/wp-json\/wp\/v2\/media\/14623"}],"wp:attachment":[{"href":"https:\/\/lavoixdelanation.tg\/index.php\/wp-json\/wp\/v2\/media?parent=14622"}],"wp:term":[{"taxonomy":"category","embeddable":true,"href":"https:\/\/lavoixdelanation.tg\/index.php\/wp-json\/wp\/v2\/categories?post=14622"},{"taxonomy":"post_tag","embeddable":true,"href":"https:\/\/lavoixdelanation.tg\/index.php\/wp-json\/wp\/v2\/tags?post=14622"}],"curies":[{"name":"wp","href":"https:\/\/api.w.org\/{rel}","templated":true}]}}