{"id":14619,"date":"2025-10-28T22:52:00","date_gmt":"2025-10-28T21:52:00","guid":{"rendered":"https:\/\/lavoixdelanation.tg\/?p=14619"},"modified":"2025-10-29T12:54:18","modified_gmt":"2025-10-29T11:54:18","slug":"faure-gnassingbe-en-angola-pour-un-sommet-sur-le-financement-des-infrastructures-en-afrique","status":"publish","type":"post","link":"https:\/\/lavoixdelanation.tg\/index.php\/2025\/10\/28\/faure-gnassingbe-en-angola-pour-un-sommet-sur-le-financement-des-infrastructures-en-afrique\/","title":{"rendered":"Faure Gnassingb\u00e9 en Angola pour un Sommet sur le financement des infrastructures en Afrique"},"content":{"rendered":"\n<p><strong>Le Pr\u00e9sident du Conseil Faure Gnassingb\u00e9 est depuis ce 28 octobre 2025 en Angola o\u00f9 il prend part au 3\u00e8 Sommet de Luanda sur le financement des infrastructures en Afrique plac\u00e9 sous le th\u00e8me \u00ab Capitaux, corridors, commerce: investir dans les infrastructures pour la ZLECAf et la prosp\u00e9rit\u00e9 partag\u00e9e \u00bb.<\/strong><\/p>\n\n\n\n<p>La rencontre d&rsquo;affaires est organis\u00e9e \u00e0 l&rsquo;initiative conjointe de la Commission de l&rsquo;Union africaine et de l&rsquo;Agence de d\u00e9veloppement de l&rsquo;Union africaine (UADA-NEPAD).<\/p>\n\n\n\n<p>Elle r\u00e9unit des dirigeants africains, des investisseurs et des partenaires au d\u00e9veloppement pour des r\u00e9flexions sur les m\u00e9canismes de promotion du financement des infrastructures sur l&rsquo;ensemble du continent, ainsi qu&rsquo;\u00e0 la mise en \u0153uvre efficace de la Zone de libre-\u00e9change continentale africaine (ZLECAF).<\/p>\n\n\n\n<p>Selon une note de la Pr\u00e9sidence du Conseil, les chefs d&rsquo;Etat et de gouvernement africains vont examiner \u00e0 cet effet les opportunit\u00e9s d&rsquo;investissement strat\u00e9giques align\u00e9es sur le Programme de d\u00e9veloppement des infrastructures en Afrique (PIDA) et le Plan directeur de l&rsquo;Union africaine pour la connectivit\u00e9 r\u00e9gionale et continentale.<\/p>\n\n\n\n<p>Les travaux seront meubl\u00e9s de d\u00e9clarations et panels sectoriels de haut niveau sur l&rsquo;\u00e9nergie, l&rsquo;eau, l&rsquo;assainissement et l&rsquo;hygi\u00e8ne, les transports et la mobilisation des capitaux nationaux.<\/p>\n\n\n\n<p>Les recommandations formul\u00e9es \u00e0 l&rsquo;issue de ce troisi\u00e8me Sommet de Luanda sur le financement des infrastructures en Afrique serviront de r\u00e9f\u00e9rentiel pour une mise en \u0153uvre optimale des projets de d\u00e9veloppement des corridors de transport transfrontaliers, de transformation num\u00e9rique, d&rsquo;hydraulique, d&rsquo;acc\u00e8s \u00e0 l&rsquo;\u00e9nergie et de d\u00e9veloppement des villes r\u00e9silientes au climat.<\/p>\n\n\n\n<p>Ce sommet est en phase avec la vision du Pr\u00e9sident du Conseil Faure Gnassingb\u00e9 de faire du Togo un hub logistique et commercial de premier plan en Afrique de l&rsquo;ouest.<\/p>\n","protected":false},"excerpt":{"rendered":"<p>Le Pr\u00e9sident du Conseil Faure Gnassingb\u00e9 est depuis ce 28 octobre 2025 en Angola o\u00f9 il prend part au 3\u00e8 Sommet de Luanda sur le financement des infrastructures en Afrique&hellip; <\/p>\n","protected":false},"author":1,"featured_media":14620,"comment_status":"open","ping_status":"closed","sticky":false,"template":"","format":"standard","meta":{"footnotes":""},"categories":[12],"tags":[1055,1054],"class_list":["post-14619","post","type-post","status-publish","format-standard","has-post-thumbnail","hentry","category-diplomatie","tag-faure-gnassingbe-en-angola","tag-infrastructures-en-afrique"],"yoast_head":"<!-- This site is optimized with the Yoast SEO plugin v26.4 - https:\/\/yoast.com\/wordpress\/plugins\/seo\/ -->\n<title>Faure Gnassingb\u00e9 en Angola pour un Sommet sur le financement des infrastructures en Afrique - La Voix de la Nation<\/title>\n<meta name=\"robots\" content=\"index, follow, max-snippet:-1, max-image-preview:large, max-video-preview:-1\" \/>\n<link rel=\"canonical\" href=\"https:\/\/lavoixdelanation.tg\/index.php\/2025\/10\/28\/faure-gnassingbe-en-angola-pour-un-sommet-sur-le-financement-des-infrastructures-en-afrique\/\" \/>\n<meta property=\"og:locale\" content=\"fr_FR\" \/>\n<meta property=\"og:type\" content=\"article\" \/>\n<meta property=\"og:title\" content=\"Faure Gnassingb\u00e9 en Angola pour un Sommet sur le financement des infrastructures en Afrique - La Voix de la Nation\" \/>\n<meta property=\"og:description\" content=\"Le Pr\u00e9sident du Conseil Faure Gnassingb\u00e9 est depuis ce 28 octobre 2025 en Angola o\u00f9 il prend part au 3\u00e8 Sommet de Luanda sur le financement des infrastructures en Afrique&hellip;\" \/>\n<meta property=\"og:url\" content=\"https:\/\/lavoixdelanation.tg\/index.php\/2025\/10\/28\/faure-gnassingbe-en-angola-pour-un-sommet-sur-le-financement-des-infrastructures-en-afrique\/\" \/>\n<meta property=\"og:site_name\" content=\"La Voix de la Nation\" \/>\n<meta property=\"article:publisher\" content=\"https:\/\/www.facebook.com\/lavoixdelanation\" \/>\n<meta property=\"article:published_time\" content=\"2025-10-28T21:52:00+00:00\" \/>\n<meta property=\"article:modified_time\" content=\"2025-10-29T11:54:18+00:00\" \/>\n<meta property=\"og:image\" content=\"https:\/\/lavoixdelanation.tg\/wp-content\/uploads\/2025\/10\/Faure-Gnassingbe-en-Angola-pour-un-Sommet-sur-le-financement-des-infrastructures-en-Afrique.jpeg\" \/>\n\t<meta property=\"og:image:width\" content=\"800\" \/>\n\t<meta property=\"og:image:height\" content=\"553\" \/>\n\t<meta property=\"og:image:type\" content=\"image\/jpeg\" \/>\n<meta name=\"author\" content=\"La voix de la nation\" \/>\n<meta name=\"twitter:card\" content=\"summary_large_image\" \/>\n<meta name=\"twitter:label1\" content=\"\u00c9crit par\" \/>\n\t<meta name=\"twitter:data1\" content=\"La voix de la nation\" \/>\n\t<meta name=\"twitter:label2\" content=\"Dur\u00e9e de lecture estim\u00e9e\" \/>\n\t<meta name=\"twitter:data2\" content=\"1 minute\" \/>\n<script type=\"application\/ld+json\" class=\"yoast-schema-graph\">{\"@context\":\"https:\/\/schema.org\",\"@graph\":[{\"@type\":\"Article\",\"@id\":\"https:\/\/lavoixdelanation.tg\/index.php\/2025\/10\/28\/faure-gnassingbe-en-angola-pour-un-sommet-sur-le-financement-des-infrastructures-en-afrique\/#article\",\"isPartOf\":{\"@id\":\"https:\/\/lavoixdelanation.tg\/index.php\/2025\/10\/28\/faure-gnassingbe-en-angola-pour-un-sommet-sur-le-financement-des-infrastructures-en-afrique\/\"},\"author\":{\"name\":\"La voix de la nation\",\"@id\":\"https:\/\/lavoixdelanation.tg\/#\/schema\/person\/6c489293aa38053673a9e554acb6e224\"},\"headline\":\"Faure Gnassingb\u00e9 en Angola pour un Sommet sur le financement des infrastructures en Afrique\",\"datePublished\":\"2025-10-28T21:52:00+00:00\",\"dateModified\":\"2025-10-29T11:54:18+00:00\",\"mainEntityOfPage\":{\"@id\":\"https:\/\/lavoixdelanation.tg\/index.php\/2025\/10\/28\/faure-gnassingbe-en-angola-pour-un-sommet-sur-le-financement-des-infrastructures-en-afrique\/\"},\"wordCount\":324,\"commentCount\":0,\"publisher\":{\"@id\":\"https:\/\/lavoixdelanation.tg\/#organization\"},\"image\":{\"@id\":\"https:\/\/lavoixdelanation.tg\/index.php\/2025\/10\/28\/faure-gnassingbe-en-angola-pour-un-sommet-sur-le-financement-des-infrastructures-en-afrique\/#primaryimage\"},\"thumbnailUrl\":\"https:\/\/lavoixdelanation.tg\/wp-content\/uploads\/2025\/10\/Faure-Gnassingbe-en-Angola-pour-un-Sommet-sur-le-financement-des-infrastructures-en-Afrique.jpeg\",\"keywords\":[\"Faure Gnassingb\u00e9 en Angola\",\"infrastructures en Afrique\"],\"articleSection\":[\"Diplomatie\"],\"inLanguage\":\"fr-FR\",\"potentialAction\":[{\"@type\":\"CommentAction\",\"name\":\"Comment\",\"target\":[\"https:\/\/lavoixdelanation.tg\/index.php\/2025\/10\/28\/faure-gnassingbe-en-angola-pour-un-sommet-sur-le-financement-des-infrastructures-en-afrique\/#respond\"]}]},{\"@type\":\"WebPage\",\"@id\":\"https:\/\/lavoixdelanation.tg\/index.php\/2025\/10\/28\/faure-gnassingbe-en-angola-pour-un-sommet-sur-le-financement-des-infrastructures-en-afrique\/\",\"url\":\"https:\/\/lavoixdelanation.tg\/index.php\/2025\/10\/28\/faure-gnassingbe-en-angola-pour-un-sommet-sur-le-financement-des-infrastructures-en-afrique\/\",\"name\":\"Faure Gnassingb\u00e9 en Angola pour un Sommet sur le financement des infrastructures en Afrique - La Voix de la Nation\",\"isPartOf\":{\"@id\":\"https:\/\/lavoixdelanation.tg\/#website\"},\"primaryImageOfPage\":{\"@id\":\"https:\/\/lavoixdelanation.tg\/index.php\/2025\/10\/28\/faure-gnassingbe-en-angola-pour-un-sommet-sur-le-financement-des-infrastructures-en-afrique\/#primaryimage\"},\"image\":{\"@id\":\"https:\/\/lavoixdelanation.tg\/index.php\/2025\/10\/28\/faure-gnassingbe-en-angola-pour-un-sommet-sur-le-financement-des-infrastructures-en-afrique\/#primaryimage\"},\"thumbnailUrl\":\"https:\/\/lavoixdelanation.tg\/wp-content\/uploads\/2025\/10\/Faure-Gnassingbe-en-Angola-pour-un-Sommet-sur-le-financement-des-infrastructures-en-Afrique.jpeg\",\"datePublished\":\"2025-10-28T21:52:00+00:00\",\"dateModified\":\"2025-10-29T11:54:18+00:00\",\"breadcrumb\":{\"@id\":\"https:\/\/lavoixdelanation.tg\/index.php\/2025\/10\/28\/faure-gnassingbe-en-angola-pour-un-sommet-sur-le-financement-des-infrastructures-en-afrique\/#breadcrumb\"},\"inLanguage\":\"fr-FR\",\"potentialAction\":[{\"@type\":\"ReadAction\",\"target\":[\"https:\/\/lavoixdelanation.tg\/index.php\/2025\/10\/28\/faure-gnassingbe-en-angola-pour-un-sommet-sur-le-financement-des-infrastructures-en-afrique\/\"]}]},{\"@type\":\"ImageObject\",\"inLanguage\":\"fr-FR\",\"@id\":\"https:\/\/lavoixdelanation.tg\/index.php\/2025\/10\/28\/faure-gnassingbe-en-angola-pour-un-sommet-sur-le-financement-des-infrastructures-en-afrique\/#primaryimage\",\"url\":\"https:\/\/lavoixdelanation.tg\/wp-content\/uploads\/2025\/10\/Faure-Gnassingbe-en-Angola-pour-un-Sommet-sur-le-financement-des-infrastructures-en-Afrique.jpeg\",\"contentUrl\":\"https:\/\/lavoixdelanation.tg\/wp-content\/uploads\/2025\/10\/Faure-Gnassingbe-en-Angola-pour-un-Sommet-sur-le-financement-des-infrastructures-en-Afrique.jpeg\",\"width\":800,\"height\":553},{\"@type\":\"BreadcrumbList\",\"@id\":\"https:\/\/lavoixdelanation.tg\/index.php\/2025\/10\/28\/faure-gnassingbe-en-angola-pour-un-sommet-sur-le-financement-des-infrastructures-en-afrique\/#breadcrumb\",\"itemListElement\":[{\"@type\":\"ListItem\",\"position\":1,\"name\":\"Accueil\",\"item\":\"https:\/\/lavoixdelanation.tg\/\"},{\"@type\":\"ListItem\",\"position\":2,\"name\":\"Faure Gnassingb\u00e9 en Angola pour un Sommet sur le financement des infrastructures en Afrique\"}]},{\"@type\":\"WebSite\",\"@id\":\"https:\/\/lavoixdelanation.tg\/#website\",\"url\":\"https:\/\/lavoixdelanation.tg\/\",\"name\":\"La Voix de la Nation\",\"description\":\"R\u00e9c\u00e9piss\u00e9 n\u00b00108\/HAAC\/01-2024\/pl\/P\",\"publisher\":{\"@id\":\"https:\/\/lavoixdelanation.tg\/#organization\"},\"alternateName\":\"VON\",\"potentialAction\":[{\"@type\":\"SearchAction\",\"target\":{\"@type\":\"EntryPoint\",\"urlTemplate\":\"https:\/\/lavoixdelanation.tg\/?s={search_term_string}\"},\"query-input\":{\"@type\":\"PropertyValueSpecification\",\"valueRequired\":true,\"valueName\":\"search_term_string\"}}],\"inLanguage\":\"fr-FR\"},{\"@type\":\"Organization\",\"@id\":\"https:\/\/lavoixdelanation.tg\/#organization\",\"name\":\"La Voix de la Nation\",\"url\":\"https:\/\/lavoixdelanation.tg\/\",\"logo\":{\"@type\":\"ImageObject\",\"inLanguage\":\"fr-FR\",\"@id\":\"https:\/\/lavoixdelanation.tg\/#\/schema\/logo\/image\/\",\"url\":\"https:\/\/lavoixdelanation.tg\/wp-content\/uploads\/2024\/12\/lavn-1.png\",\"contentUrl\":\"https:\/\/lavoixdelanation.tg\/wp-content\/uploads\/2024\/12\/lavn-1.png\",\"width\":1024,\"height\":464,\"caption\":\"La Voix de la Nation\"},\"image\":{\"@id\":\"https:\/\/lavoixdelanation.tg\/#\/schema\/logo\/image\/\"},\"sameAs\":[\"https:\/\/www.facebook.com\/lavoixdelanation\"]},{\"@type\":\"Person\",\"@id\":\"https:\/\/lavoixdelanation.tg\/#\/schema\/person\/6c489293aa38053673a9e554acb6e224\",\"name\":\"La voix de la nation\",\"image\":{\"@type\":\"ImageObject\",\"inLanguage\":\"fr-FR\",\"@id\":\"https:\/\/lavoixdelanation.tg\/#\/schema\/person\/image\/\",\"url\":\"https:\/\/secure.gravatar.com\/avatar\/8aa135d4bbc794494cecaa8d483f6d6cc1023624868deaff686baed5e727a5a1?s=96&d=mm&r=g\",\"contentUrl\":\"https:\/\/secure.gravatar.com\/avatar\/8aa135d4bbc794494cecaa8d483f6d6cc1023624868deaff686baed5e727a5a1?s=96&d=mm&r=g\",\"caption\":\"La voix de la nation\"},\"sameAs\":[\"https:\/\/lavoixdelanation.tg\"],\"url\":\"https:\/\/lavoixdelanation.tg\/index.php\/author\/lavn\/\"}]}<\/script>\n<!-- \/ Yoast SEO plugin. -->","yoast_head_json":{"title":"Faure Gnassingb\u00e9 en Angola pour un Sommet sur le financement des infrastructures en Afrique - La Voix de la Nation","robots":{"index":"index","follow":"follow","max-snippet":"max-snippet:-1","max-image-preview":"max-image-preview:large","max-video-preview":"max-video-preview:-1"},"canonical":"https:\/\/lavoixdelanation.tg\/index.php\/2025\/10\/28\/faure-gnassingbe-en-angola-pour-un-sommet-sur-le-financement-des-infrastructures-en-afrique\/","og_locale":"fr_FR","og_type":"article","og_title":"Faure Gnassingb\u00e9 en Angola pour un Sommet sur le financement des infrastructures en Afrique - La Voix de la Nation","og_description":"Le Pr\u00e9sident du Conseil Faure Gnassingb\u00e9 est depuis ce 28 octobre 2025 en Angola o\u00f9 il prend part au 3\u00e8 Sommet de Luanda sur le financement des infrastructures en Afrique&hellip;","og_url":"https:\/\/lavoixdelanation.tg\/index.php\/2025\/10\/28\/faure-gnassingbe-en-angola-pour-un-sommet-sur-le-financement-des-infrastructures-en-afrique\/","og_site_name":"La Voix de la Nation","article_publisher":"https:\/\/www.facebook.com\/lavoixdelanation","article_published_time":"2025-10-28T21:52:00+00:00","article_modified_time":"2025-10-29T11:54:18+00:00","og_image":[{"width":800,"height":553,"url":"https:\/\/lavoixdelanation.tg\/wp-content\/uploads\/2025\/10\/Faure-Gnassingbe-en-Angola-pour-un-Sommet-sur-le-financement-des-infrastructures-en-Afrique.jpeg","type":"image\/jpeg"}],"author":"La voix de la nation","twitter_card":"summary_large_image","twitter_misc":{"\u00c9crit par":"La voix de la nation","Dur\u00e9e de lecture estim\u00e9e":"1 minute"},"schema":{"@context":"https:\/\/schema.org","@graph":[{"@type":"Article","@id":"https:\/\/lavoixdelanation.tg\/index.php\/2025\/10\/28\/faure-gnassingbe-en-angola-pour-un-sommet-sur-le-financement-des-infrastructures-en-afrique\/#article","isPartOf":{"@id":"https:\/\/lavoixdelanation.tg\/index.php\/2025\/10\/28\/faure-gnassingbe-en-angola-pour-un-sommet-sur-le-financement-des-infrastructures-en-afrique\/"},"author":{"name":"La voix de la nation","@id":"https:\/\/lavoixdelanation.tg\/#\/schema\/person\/6c489293aa38053673a9e554acb6e224"},"headline":"Faure Gnassingb\u00e9 en Angola pour un Sommet sur le financement des infrastructures en Afrique","datePublished":"2025-10-28T21:52:00+00:00","dateModified":"2025-10-29T11:54:18+00:00","mainEntityOfPage":{"@id":"https:\/\/lavoixdelanation.tg\/index.php\/2025\/10\/28\/faure-gnassingbe-en-angola-pour-un-sommet-sur-le-financement-des-infrastructures-en-afrique\/"},"wordCount":324,"commentCount":0,"publisher":{"@id":"https:\/\/lavoixdelanation.tg\/#organization"},"image":{"@id":"https:\/\/lavoixdelanation.tg\/index.php\/2025\/10\/28\/faure-gnassingbe-en-angola-pour-un-sommet-sur-le-financement-des-infrastructures-en-afrique\/#primaryimage"},"thumbnailUrl":"https:\/\/lavoixdelanation.tg\/wp-content\/uploads\/2025\/10\/Faure-Gnassingbe-en-Angola-pour-un-Sommet-sur-le-financement-des-infrastructures-en-Afrique.jpeg","keywords":["Faure Gnassingb\u00e9 en Angola","infrastructures en Afrique"],"articleSection":["Diplomatie"],"inLanguage":"fr-FR","potentialAction":[{"@type":"CommentAction","name":"Comment","target":["https:\/\/lavoixdelanation.tg\/index.php\/2025\/10\/28\/faure-gnassingbe-en-angola-pour-un-sommet-sur-le-financement-des-infrastructures-en-afrique\/#respond"]}]},{"@type":"WebPage","@id":"https:\/\/lavoixdelanation.tg\/index.php\/2025\/10\/28\/faure-gnassingbe-en-angola-pour-un-sommet-sur-le-financement-des-infrastructures-en-afrique\/","url":"https:\/\/lavoixdelanation.tg\/index.php\/2025\/10\/28\/faure-gnassingbe-en-angola-pour-un-sommet-sur-le-financement-des-infrastructures-en-afrique\/","name":"Faure Gnassingb\u00e9 en Angola pour un Sommet sur le financement des infrastructures en Afrique - La Voix de la Nation","isPartOf":{"@id":"https:\/\/lavoixdelanation.tg\/#website"},"primaryImageOfPage":{"@id":"https:\/\/lavoixdelanation.tg\/index.php\/2025\/10\/28\/faure-gnassingbe-en-angola-pour-un-sommet-sur-le-financement-des-infrastructures-en-afrique\/#primaryimage"},"image":{"@id":"https:\/\/lavoixdelanation.tg\/index.php\/2025\/10\/28\/faure-gnassingbe-en-angola-pour-un-sommet-sur-le-financement-des-infrastructures-en-afrique\/#primaryimage"},"thumbnailUrl":"https:\/\/lavoixdelanation.tg\/wp-content\/uploads\/2025\/10\/Faure-Gnassingbe-en-Angola-pour-un-Sommet-sur-le-financement-des-infrastructures-en-Afrique.jpeg","datePublished":"2025-10-28T21:52:00+00:00","dateModified":"2025-10-29T11:54:18+00:00","breadcrumb":{"@id":"https:\/\/lavoixdelanation.tg\/index.php\/2025\/10\/28\/faure-gnassingbe-en-angola-pour-un-sommet-sur-le-financement-des-infrastructures-en-afrique\/#breadcrumb"},"inLanguage":"fr-FR","potentialAction":[{"@type":"ReadAction","target":["https:\/\/lavoixdelanation.tg\/index.php\/2025\/10\/28\/faure-gnassingbe-en-angola-pour-un-sommet-sur-le-financement-des-infrastructures-en-afrique\/"]}]},{"@type":"ImageObject","inLanguage":"fr-FR","@id":"https:\/\/lavoixdelanation.tg\/index.php\/2025\/10\/28\/faure-gnassingbe-en-angola-pour-un-sommet-sur-le-financement-des-infrastructures-en-afrique\/#primaryimage","url":"https:\/\/lavoixdelanation.tg\/wp-content\/uploads\/2025\/10\/Faure-Gnassingbe-en-Angola-pour-un-Sommet-sur-le-financement-des-infrastructures-en-Afrique.jpeg","contentUrl":"https:\/\/lavoixdelanation.tg\/wp-content\/uploads\/2025\/10\/Faure-Gnassingbe-en-Angola-pour-un-Sommet-sur-le-financement-des-infrastructures-en-Afrique.jpeg","width":800,"height":553},{"@type":"BreadcrumbList","@id":"https:\/\/lavoixdelanation.tg\/index.php\/2025\/10\/28\/faure-gnassingbe-en-angola-pour-un-sommet-sur-le-financement-des-infrastructures-en-afrique\/#breadcrumb","itemListElement":[{"@type":"ListItem","position":1,"name":"Accueil","item":"https:\/\/lavoixdelanation.tg\/"},{"@type":"ListItem","position":2,"name":"Faure Gnassingb\u00e9 en Angola pour un Sommet sur le financement des infrastructures en Afrique"}]},{"@type":"WebSite","@id":"https:\/\/lavoixdelanation.tg\/#website","url":"https:\/\/lavoixdelanation.tg\/","name":"La Voix de la Nation","description":"R\u00e9c\u00e9piss\u00e9 n\u00b00108\/HAAC\/01-2024\/pl\/P","publisher":{"@id":"https:\/\/lavoixdelanation.tg\/#organization"},"alternateName":"VON","potentialAction":[{"@type":"SearchAction","target":{"@type":"EntryPoint","urlTemplate":"https:\/\/lavoixdelanation.tg\/?s={search_term_string}"},"query-input":{"@type":"PropertyValueSpecification","valueRequired":true,"valueName":"search_term_string"}}],"inLanguage":"fr-FR"},{"@type":"Organization","@id":"https:\/\/lavoixdelanation.tg\/#organization","name":"La Voix de la Nation","url":"https:\/\/lavoixdelanation.tg\/","logo":{"@type":"ImageObject","inLanguage":"fr-FR","@id":"https:\/\/lavoixdelanation.tg\/#\/schema\/logo\/image\/","url":"https:\/\/lavoixdelanation.tg\/wp-content\/uploads\/2024\/12\/lavn-1.png","contentUrl":"https:\/\/lavoixdelanation.tg\/wp-content\/uploads\/2024\/12\/lavn-1.png","width":1024,"height":464,"caption":"La Voix de la Nation"},"image":{"@id":"https:\/\/lavoixdelanation.tg\/#\/schema\/logo\/image\/"},"sameAs":["https:\/\/www.facebook.com\/lavoixdelanation"]},{"@type":"Person","@id":"https:\/\/lavoixdelanation.tg\/#\/schema\/person\/6c489293aa38053673a9e554acb6e224","name":"La voix de la nation","image":{"@type":"ImageObject","inLanguage":"fr-FR","@id":"https:\/\/lavoixdelanation.tg\/#\/schema\/person\/image\/","url":"https:\/\/secure.gravatar.com\/avatar\/8aa135d4bbc794494cecaa8d483f6d6cc1023624868deaff686baed5e727a5a1?s=96&d=mm&r=g","contentUrl":"https:\/\/secure.gravatar.com\/avatar\/8aa135d4bbc794494cecaa8d483f6d6cc1023624868deaff686baed5e727a5a1?s=96&d=mm&r=g","caption":"La voix de la nation"},"sameAs":["https:\/\/lavoixdelanation.tg"],"url":"https:\/\/lavoixdelanation.tg\/index.php\/author\/lavn\/"}]}},"_links":{"self":[{"href":"https:\/\/lavoixdelanation.tg\/index.php\/wp-json\/wp\/v2\/posts\/14619","targetHints":{"allow":["GET"]}}],"collection":[{"href":"https:\/\/lavoixdelanation.tg\/index.php\/wp-json\/wp\/v2\/posts"}],"about":[{"href":"https:\/\/lavoixdelanation.tg\/index.php\/wp-json\/wp\/v2\/types\/post"}],"author":[{"embeddable":true,"href":"https:\/\/lavoixdelanation.tg\/index.php\/wp-json\/wp\/v2\/users\/1"}],"replies":[{"embeddable":true,"href":"https:\/\/lavoixdelanation.tg\/index.php\/wp-json\/wp\/v2\/comments?post=14619"}],"version-history":[{"count":1,"href":"https:\/\/lavoixdelanation.tg\/index.php\/wp-json\/wp\/v2\/posts\/14619\/revisions"}],"predecessor-version":[{"id":14621,"href":"https:\/\/lavoixdelanation.tg\/index.php\/wp-json\/wp\/v2\/posts\/14619\/revisions\/14621"}],"wp:featuredmedia":[{"embeddable":true,"href":"https:\/\/lavoixdelanation.tg\/index.php\/wp-json\/wp\/v2\/media\/14620"}],"wp:attachment":[{"href":"https:\/\/lavoixdelanation.tg\/index.php\/wp-json\/wp\/v2\/media?parent=14619"}],"wp:term":[{"taxonomy":"category","embeddable":true,"href":"https:\/\/lavoixdelanation.tg\/index.php\/wp-json\/wp\/v2\/categories?post=14619"},{"taxonomy":"post_tag","embeddable":true,"href":"https:\/\/lavoixdelanation.tg\/index.php\/wp-json\/wp\/v2\/tags?post=14619"}],"curies":[{"name":"wp","href":"https:\/\/api.w.org\/{rel}","templated":true}]}}