{"id":14610,"date":"2025-10-24T12:45:15","date_gmt":"2025-10-24T10:45:15","guid":{"rendered":"https:\/\/lavoixdelanation.tg\/?p=14610"},"modified":"2025-10-28T12:48:09","modified_gmt":"2025-10-28T11:48:09","slug":"togo-top-depart-pour-la-campagne-20252026-de-commercialisation-du-soja","status":"publish","type":"post","link":"https:\/\/lavoixdelanation.tg\/index.php\/2025\/10\/24\/togo-top-depart-pour-la-campagne-20252026-de-commercialisation-du-soja\/","title":{"rendered":"Togo\u00a0: Top d\u00e9part pour la campagne 20252026 de commercialisation du Soja"},"content":{"rendered":"\n<p><strong>C\u2019est parti pour la campagne 2025-2026 de commercialisation du Soja au Togo. Elle a \u00e9t\u00e9 officiellement lanc\u00e9e ce jeudi 23 octobre \u00e0 Lom\u00e9, avec le prix plancher bord champ du soja fix\u00e9 \u00e0 220 F CFA le kilogramme.<\/strong><\/p>\n\n\n\n<p>Cette 7<sup>\u00e8me<\/sup> \u00e9dition de la campagne de commercialisation de cette sp\u00e9culation et de ses produits d\u00e9riv\u00e9s est plac\u00e9e sous le th\u00e8me\u00a0: \u00ab\u00a0Quelle strat\u00e9gie de productivit\u00e9 et de durabilit\u00e9 dans un contexte de march\u00e9s concurrentiels ? \u00bb, une initiative du Conseil Interprofessionnel de la Fili\u00e8re Soja (CIFS-Togo) sous la supervision du Gouvernement.<\/p>\n\n\n\n<p>Ainsi, le kilogramme de soja sera vendu \u00e0 220 F CFA, contre 250 F CFA lors de la campagne pr\u00e9c\u00e9dente avec un objectif d\u2019un volume global estim\u00e9 \u00e0 200 000 tonnes \u00e0 commercialiser au cours de la saison 2025-2026. Une baisse qui s\u2019explique par la chute des cours mondiaux du soja, selon Koriko Mounirou, Pr\u00e9sident du CIFS-Togo.<\/p>\n\n\n\n<p>La c\u00e9r\u00e9monie de lancement a \u00e9galement servi de cadre pour la signature d\u2019accords interprofessionnels entre les acteurs afin de mieux encadrer le d\u00e9roulement de cette campagne.<\/p>\n\n\n\n<p>Ces accords portent notamment sur les volumes \u00e0 transformer sur le plan national, les quantit\u00e9s \u00e0 exporter, les prix, les documents d\u2019acheminement, les postes de v\u00e9rification ainsi que les dispositions n\u00e9cessaires \u00e0 la r\u00e9ussite de la campagne.<\/p>\n\n\n\n<p>Tout en sollicitant l\u2019accompagnement du Gouvernement, le CIFS-Togo s\u2019est engag\u00e9 \u00e0 \u0153uvrer pour la stabilisation du march\u00e9 \u00e0 travers des m\u00e9canismes transparents, le renforcement des capacit\u00e9s financi\u00e8res des acteurs et la consolidation de la gouvernance de la fili\u00e8re afin de faire davantage du soja, un levier de fiert\u00e9 nationale, de d\u00e9veloppement durable et de comp\u00e9titivit\u00e9.<\/p>\n\n\n\n<p>Le Directeur de Cabinet du Ministre D\u00e9l\u00e9gu\u00e9 aupr\u00e8s du Ministre de l\u2019Economie et de la Veille Strat\u00e9gique, charg\u00e9 du Commerce et du Contr\u00f4le de la Qualit\u00e9, Vinyo Koffi MENSAH, a salu\u00e9, les performances enregistr\u00e9es par le Togo ces derni\u00e8re sous les orientations strat\u00e9giques du Pr\u00e9sident du Conseil de&nbsp;<strong> <\/strong><strong>Faure Gnassingb\u00e9 <\/strong>en mati\u00e8re de restructuration des diff\u00e9rentes fili\u00e8res agricoles et commerciales du Togo en vue d\u2019une meilleure connectivit\u00e9 aux cha\u00eenes de valeurs mondiales.&nbsp;<\/p>\n\n\n\n<p>Il a enfin exhort\u00e9 les acteurs \u00e0 une mobilisation plus accrue pour relever les d\u00e9fis auxquels la fili\u00e8re est confront\u00e9e.<\/p>\n","protected":false},"excerpt":{"rendered":"<p>C\u2019est parti pour la campagne 2025-2026 de commercialisation du Soja au Togo. Elle a \u00e9t\u00e9 officiellement lanc\u00e9e ce jeudi 23 octobre \u00e0 Lom\u00e9, avec le prix plancher bord champ du&hellip; <\/p>\n","protected":false},"author":1,"featured_media":14611,"comment_status":"open","ping_status":"closed","sticky":false,"template":"","format":"standard","meta":{"footnotes":""},"categories":[8],"tags":[1052,1051,39],"class_list":["post-14610","post","type-post","status-publish","format-standard","has-post-thumbnail","hentry","category-economie","tag-cifs-togo","tag-commercialisation-du-soja","tag-togo"],"yoast_head":"<!-- This site is optimized with the Yoast SEO plugin v26.4 - https:\/\/yoast.com\/wordpress\/plugins\/seo\/ -->\n<title>Togo\u00a0: Top d\u00e9part pour la campagne 20252026 de commercialisation du Soja - La Voix de la Nation<\/title>\n<meta name=\"robots\" content=\"index, follow, max-snippet:-1, max-image-preview:large, max-video-preview:-1\" \/>\n<link rel=\"canonical\" href=\"https:\/\/lavoixdelanation.tg\/index.php\/2025\/10\/24\/togo-top-depart-pour-la-campagne-20252026-de-commercialisation-du-soja\/\" \/>\n<meta property=\"og:locale\" content=\"fr_FR\" \/>\n<meta property=\"og:type\" content=\"article\" \/>\n<meta property=\"og:title\" content=\"Togo\u00a0: Top d\u00e9part pour la campagne 20252026 de commercialisation du Soja - La Voix de la Nation\" \/>\n<meta property=\"og:description\" content=\"C\u2019est parti pour la campagne 2025-2026 de commercialisation du Soja au Togo. Elle a \u00e9t\u00e9 officiellement lanc\u00e9e ce jeudi 23 octobre \u00e0 Lom\u00e9, avec le prix plancher bord champ du&hellip;\" \/>\n<meta property=\"og:url\" content=\"https:\/\/lavoixdelanation.tg\/index.php\/2025\/10\/24\/togo-top-depart-pour-la-campagne-20252026-de-commercialisation-du-soja\/\" \/>\n<meta property=\"og:site_name\" content=\"La Voix de la Nation\" \/>\n<meta property=\"article:publisher\" content=\"https:\/\/www.facebook.com\/lavoixdelanation\" \/>\n<meta property=\"article:published_time\" content=\"2025-10-24T10:45:15+00:00\" \/>\n<meta property=\"article:modified_time\" content=\"2025-10-28T11:48:09+00:00\" \/>\n<meta property=\"og:image\" content=\"https:\/\/lavoixdelanation.tg\/wp-content\/uploads\/2025\/10\/commercialisation-du-Soja-au-Togo.jpg\" \/>\n\t<meta property=\"og:image:width\" content=\"600\" \/>\n\t<meta property=\"og:image:height\" content=\"401\" \/>\n\t<meta property=\"og:image:type\" content=\"image\/jpeg\" \/>\n<meta name=\"author\" content=\"La voix de la nation\" \/>\n<meta name=\"twitter:card\" content=\"summary_large_image\" \/>\n<meta name=\"twitter:label1\" content=\"\u00c9crit par\" \/>\n\t<meta name=\"twitter:data1\" content=\"La voix de la nation\" \/>\n\t<meta name=\"twitter:label2\" content=\"Dur\u00e9e de lecture estim\u00e9e\" \/>\n\t<meta name=\"twitter:data2\" content=\"2 minutes\" \/>\n<script type=\"application\/ld+json\" class=\"yoast-schema-graph\">{\"@context\":\"https:\/\/schema.org\",\"@graph\":[{\"@type\":\"Article\",\"@id\":\"https:\/\/lavoixdelanation.tg\/index.php\/2025\/10\/24\/togo-top-depart-pour-la-campagne-20252026-de-commercialisation-du-soja\/#article\",\"isPartOf\":{\"@id\":\"https:\/\/lavoixdelanation.tg\/index.php\/2025\/10\/24\/togo-top-depart-pour-la-campagne-20252026-de-commercialisation-du-soja\/\"},\"author\":{\"name\":\"La voix de la nation\",\"@id\":\"https:\/\/lavoixdelanation.tg\/#\/schema\/person\/6c489293aa38053673a9e554acb6e224\"},\"headline\":\"Togo\u00a0: Top d\u00e9part pour la campagne 20252026 de commercialisation du Soja\",\"datePublished\":\"2025-10-24T10:45:15+00:00\",\"dateModified\":\"2025-10-28T11:48:09+00:00\",\"mainEntityOfPage\":{\"@id\":\"https:\/\/lavoixdelanation.tg\/index.php\/2025\/10\/24\/togo-top-depart-pour-la-campagne-20252026-de-commercialisation-du-soja\/\"},\"wordCount\":400,\"commentCount\":0,\"publisher\":{\"@id\":\"https:\/\/lavoixdelanation.tg\/#organization\"},\"image\":{\"@id\":\"https:\/\/lavoixdelanation.tg\/index.php\/2025\/10\/24\/togo-top-depart-pour-la-campagne-20252026-de-commercialisation-du-soja\/#primaryimage\"},\"thumbnailUrl\":\"https:\/\/lavoixdelanation.tg\/wp-content\/uploads\/2025\/10\/commercialisation-du-Soja-au-Togo.jpg\",\"keywords\":[\"CIFS Togo\",\"commercialisation du Soja\",\"Togo\"],\"articleSection\":[\"Economie\"],\"inLanguage\":\"fr-FR\",\"potentialAction\":[{\"@type\":\"CommentAction\",\"name\":\"Comment\",\"target\":[\"https:\/\/lavoixdelanation.tg\/index.php\/2025\/10\/24\/togo-top-depart-pour-la-campagne-20252026-de-commercialisation-du-soja\/#respond\"]}]},{\"@type\":\"WebPage\",\"@id\":\"https:\/\/lavoixdelanation.tg\/index.php\/2025\/10\/24\/togo-top-depart-pour-la-campagne-20252026-de-commercialisation-du-soja\/\",\"url\":\"https:\/\/lavoixdelanation.tg\/index.php\/2025\/10\/24\/togo-top-depart-pour-la-campagne-20252026-de-commercialisation-du-soja\/\",\"name\":\"Togo\u00a0: Top d\u00e9part pour la campagne 20252026 de commercialisation du Soja - La Voix de la Nation\",\"isPartOf\":{\"@id\":\"https:\/\/lavoixdelanation.tg\/#website\"},\"primaryImageOfPage\":{\"@id\":\"https:\/\/lavoixdelanation.tg\/index.php\/2025\/10\/24\/togo-top-depart-pour-la-campagne-20252026-de-commercialisation-du-soja\/#primaryimage\"},\"image\":{\"@id\":\"https:\/\/lavoixdelanation.tg\/index.php\/2025\/10\/24\/togo-top-depart-pour-la-campagne-20252026-de-commercialisation-du-soja\/#primaryimage\"},\"thumbnailUrl\":\"https:\/\/lavoixdelanation.tg\/wp-content\/uploads\/2025\/10\/commercialisation-du-Soja-au-Togo.jpg\",\"datePublished\":\"2025-10-24T10:45:15+00:00\",\"dateModified\":\"2025-10-28T11:48:09+00:00\",\"breadcrumb\":{\"@id\":\"https:\/\/lavoixdelanation.tg\/index.php\/2025\/10\/24\/togo-top-depart-pour-la-campagne-20252026-de-commercialisation-du-soja\/#breadcrumb\"},\"inLanguage\":\"fr-FR\",\"potentialAction\":[{\"@type\":\"ReadAction\",\"target\":[\"https:\/\/lavoixdelanation.tg\/index.php\/2025\/10\/24\/togo-top-depart-pour-la-campagne-20252026-de-commercialisation-du-soja\/\"]}]},{\"@type\":\"ImageObject\",\"inLanguage\":\"fr-FR\",\"@id\":\"https:\/\/lavoixdelanation.tg\/index.php\/2025\/10\/24\/togo-top-depart-pour-la-campagne-20252026-de-commercialisation-du-soja\/#primaryimage\",\"url\":\"https:\/\/lavoixdelanation.tg\/wp-content\/uploads\/2025\/10\/commercialisation-du-Soja-au-Togo.jpg\",\"contentUrl\":\"https:\/\/lavoixdelanation.tg\/wp-content\/uploads\/2025\/10\/commercialisation-du-Soja-au-Togo.jpg\",\"width\":600,\"height\":401},{\"@type\":\"BreadcrumbList\",\"@id\":\"https:\/\/lavoixdelanation.tg\/index.php\/2025\/10\/24\/togo-top-depart-pour-la-campagne-20252026-de-commercialisation-du-soja\/#breadcrumb\",\"itemListElement\":[{\"@type\":\"ListItem\",\"position\":1,\"name\":\"Accueil\",\"item\":\"https:\/\/lavoixdelanation.tg\/\"},{\"@type\":\"ListItem\",\"position\":2,\"name\":\"Togo\u00a0: Top d\u00e9part pour la campagne 20252026 de commercialisation du Soja\"}]},{\"@type\":\"WebSite\",\"@id\":\"https:\/\/lavoixdelanation.tg\/#website\",\"url\":\"https:\/\/lavoixdelanation.tg\/\",\"name\":\"La Voix de la Nation\",\"description\":\"R\u00e9c\u00e9piss\u00e9 n\u00b00108\/HAAC\/01-2024\/pl\/P\",\"publisher\":{\"@id\":\"https:\/\/lavoixdelanation.tg\/#organization\"},\"alternateName\":\"VON\",\"potentialAction\":[{\"@type\":\"SearchAction\",\"target\":{\"@type\":\"EntryPoint\",\"urlTemplate\":\"https:\/\/lavoixdelanation.tg\/?s={search_term_string}\"},\"query-input\":{\"@type\":\"PropertyValueSpecification\",\"valueRequired\":true,\"valueName\":\"search_term_string\"}}],\"inLanguage\":\"fr-FR\"},{\"@type\":\"Organization\",\"@id\":\"https:\/\/lavoixdelanation.tg\/#organization\",\"name\":\"La Voix de la Nation\",\"url\":\"https:\/\/lavoixdelanation.tg\/\",\"logo\":{\"@type\":\"ImageObject\",\"inLanguage\":\"fr-FR\",\"@id\":\"https:\/\/lavoixdelanation.tg\/#\/schema\/logo\/image\/\",\"url\":\"https:\/\/lavoixdelanation.tg\/wp-content\/uploads\/2024\/12\/lavn-1.png\",\"contentUrl\":\"https:\/\/lavoixdelanation.tg\/wp-content\/uploads\/2024\/12\/lavn-1.png\",\"width\":1024,\"height\":464,\"caption\":\"La Voix de la Nation\"},\"image\":{\"@id\":\"https:\/\/lavoixdelanation.tg\/#\/schema\/logo\/image\/\"},\"sameAs\":[\"https:\/\/www.facebook.com\/lavoixdelanation\"]},{\"@type\":\"Person\",\"@id\":\"https:\/\/lavoixdelanation.tg\/#\/schema\/person\/6c489293aa38053673a9e554acb6e224\",\"name\":\"La voix de la nation\",\"image\":{\"@type\":\"ImageObject\",\"inLanguage\":\"fr-FR\",\"@id\":\"https:\/\/lavoixdelanation.tg\/#\/schema\/person\/image\/\",\"url\":\"https:\/\/secure.gravatar.com\/avatar\/8aa135d4bbc794494cecaa8d483f6d6cc1023624868deaff686baed5e727a5a1?s=96&d=mm&r=g\",\"contentUrl\":\"https:\/\/secure.gravatar.com\/avatar\/8aa135d4bbc794494cecaa8d483f6d6cc1023624868deaff686baed5e727a5a1?s=96&d=mm&r=g\",\"caption\":\"La voix de la nation\"},\"sameAs\":[\"https:\/\/lavoixdelanation.tg\"],\"url\":\"https:\/\/lavoixdelanation.tg\/index.php\/author\/lavn\/\"}]}<\/script>\n<!-- \/ Yoast SEO plugin. -->","yoast_head_json":{"title":"Togo\u00a0: Top d\u00e9part pour la campagne 20252026 de commercialisation du Soja - La Voix de la Nation","robots":{"index":"index","follow":"follow","max-snippet":"max-snippet:-1","max-image-preview":"max-image-preview:large","max-video-preview":"max-video-preview:-1"},"canonical":"https:\/\/lavoixdelanation.tg\/index.php\/2025\/10\/24\/togo-top-depart-pour-la-campagne-20252026-de-commercialisation-du-soja\/","og_locale":"fr_FR","og_type":"article","og_title":"Togo\u00a0: Top d\u00e9part pour la campagne 20252026 de commercialisation du Soja - La Voix de la Nation","og_description":"C\u2019est parti pour la campagne 2025-2026 de commercialisation du Soja au Togo. Elle a \u00e9t\u00e9 officiellement lanc\u00e9e ce jeudi 23 octobre \u00e0 Lom\u00e9, avec le prix plancher bord champ du&hellip;","og_url":"https:\/\/lavoixdelanation.tg\/index.php\/2025\/10\/24\/togo-top-depart-pour-la-campagne-20252026-de-commercialisation-du-soja\/","og_site_name":"La Voix de la Nation","article_publisher":"https:\/\/www.facebook.com\/lavoixdelanation","article_published_time":"2025-10-24T10:45:15+00:00","article_modified_time":"2025-10-28T11:48:09+00:00","og_image":[{"width":600,"height":401,"url":"https:\/\/lavoixdelanation.tg\/wp-content\/uploads\/2025\/10\/commercialisation-du-Soja-au-Togo.jpg","type":"image\/jpeg"}],"author":"La voix de la nation","twitter_card":"summary_large_image","twitter_misc":{"\u00c9crit par":"La voix de la nation","Dur\u00e9e de lecture estim\u00e9e":"2 minutes"},"schema":{"@context":"https:\/\/schema.org","@graph":[{"@type":"Article","@id":"https:\/\/lavoixdelanation.tg\/index.php\/2025\/10\/24\/togo-top-depart-pour-la-campagne-20252026-de-commercialisation-du-soja\/#article","isPartOf":{"@id":"https:\/\/lavoixdelanation.tg\/index.php\/2025\/10\/24\/togo-top-depart-pour-la-campagne-20252026-de-commercialisation-du-soja\/"},"author":{"name":"La voix de la nation","@id":"https:\/\/lavoixdelanation.tg\/#\/schema\/person\/6c489293aa38053673a9e554acb6e224"},"headline":"Togo\u00a0: Top d\u00e9part pour la campagne 20252026 de commercialisation du Soja","datePublished":"2025-10-24T10:45:15+00:00","dateModified":"2025-10-28T11:48:09+00:00","mainEntityOfPage":{"@id":"https:\/\/lavoixdelanation.tg\/index.php\/2025\/10\/24\/togo-top-depart-pour-la-campagne-20252026-de-commercialisation-du-soja\/"},"wordCount":400,"commentCount":0,"publisher":{"@id":"https:\/\/lavoixdelanation.tg\/#organization"},"image":{"@id":"https:\/\/lavoixdelanation.tg\/index.php\/2025\/10\/24\/togo-top-depart-pour-la-campagne-20252026-de-commercialisation-du-soja\/#primaryimage"},"thumbnailUrl":"https:\/\/lavoixdelanation.tg\/wp-content\/uploads\/2025\/10\/commercialisation-du-Soja-au-Togo.jpg","keywords":["CIFS Togo","commercialisation du Soja","Togo"],"articleSection":["Economie"],"inLanguage":"fr-FR","potentialAction":[{"@type":"CommentAction","name":"Comment","target":["https:\/\/lavoixdelanation.tg\/index.php\/2025\/10\/24\/togo-top-depart-pour-la-campagne-20252026-de-commercialisation-du-soja\/#respond"]}]},{"@type":"WebPage","@id":"https:\/\/lavoixdelanation.tg\/index.php\/2025\/10\/24\/togo-top-depart-pour-la-campagne-20252026-de-commercialisation-du-soja\/","url":"https:\/\/lavoixdelanation.tg\/index.php\/2025\/10\/24\/togo-top-depart-pour-la-campagne-20252026-de-commercialisation-du-soja\/","name":"Togo\u00a0: Top d\u00e9part pour la campagne 20252026 de commercialisation du Soja - La Voix de la Nation","isPartOf":{"@id":"https:\/\/lavoixdelanation.tg\/#website"},"primaryImageOfPage":{"@id":"https:\/\/lavoixdelanation.tg\/index.php\/2025\/10\/24\/togo-top-depart-pour-la-campagne-20252026-de-commercialisation-du-soja\/#primaryimage"},"image":{"@id":"https:\/\/lavoixdelanation.tg\/index.php\/2025\/10\/24\/togo-top-depart-pour-la-campagne-20252026-de-commercialisation-du-soja\/#primaryimage"},"thumbnailUrl":"https:\/\/lavoixdelanation.tg\/wp-content\/uploads\/2025\/10\/commercialisation-du-Soja-au-Togo.jpg","datePublished":"2025-10-24T10:45:15+00:00","dateModified":"2025-10-28T11:48:09+00:00","breadcrumb":{"@id":"https:\/\/lavoixdelanation.tg\/index.php\/2025\/10\/24\/togo-top-depart-pour-la-campagne-20252026-de-commercialisation-du-soja\/#breadcrumb"},"inLanguage":"fr-FR","potentialAction":[{"@type":"ReadAction","target":["https:\/\/lavoixdelanation.tg\/index.php\/2025\/10\/24\/togo-top-depart-pour-la-campagne-20252026-de-commercialisation-du-soja\/"]}]},{"@type":"ImageObject","inLanguage":"fr-FR","@id":"https:\/\/lavoixdelanation.tg\/index.php\/2025\/10\/24\/togo-top-depart-pour-la-campagne-20252026-de-commercialisation-du-soja\/#primaryimage","url":"https:\/\/lavoixdelanation.tg\/wp-content\/uploads\/2025\/10\/commercialisation-du-Soja-au-Togo.jpg","contentUrl":"https:\/\/lavoixdelanation.tg\/wp-content\/uploads\/2025\/10\/commercialisation-du-Soja-au-Togo.jpg","width":600,"height":401},{"@type":"BreadcrumbList","@id":"https:\/\/lavoixdelanation.tg\/index.php\/2025\/10\/24\/togo-top-depart-pour-la-campagne-20252026-de-commercialisation-du-soja\/#breadcrumb","itemListElement":[{"@type":"ListItem","position":1,"name":"Accueil","item":"https:\/\/lavoixdelanation.tg\/"},{"@type":"ListItem","position":2,"name":"Togo\u00a0: Top d\u00e9part pour la campagne 20252026 de commercialisation du Soja"}]},{"@type":"WebSite","@id":"https:\/\/lavoixdelanation.tg\/#website","url":"https:\/\/lavoixdelanation.tg\/","name":"La Voix de la Nation","description":"R\u00e9c\u00e9piss\u00e9 n\u00b00108\/HAAC\/01-2024\/pl\/P","publisher":{"@id":"https:\/\/lavoixdelanation.tg\/#organization"},"alternateName":"VON","potentialAction":[{"@type":"SearchAction","target":{"@type":"EntryPoint","urlTemplate":"https:\/\/lavoixdelanation.tg\/?s={search_term_string}"},"query-input":{"@type":"PropertyValueSpecification","valueRequired":true,"valueName":"search_term_string"}}],"inLanguage":"fr-FR"},{"@type":"Organization","@id":"https:\/\/lavoixdelanation.tg\/#organization","name":"La Voix de la Nation","url":"https:\/\/lavoixdelanation.tg\/","logo":{"@type":"ImageObject","inLanguage":"fr-FR","@id":"https:\/\/lavoixdelanation.tg\/#\/schema\/logo\/image\/","url":"https:\/\/lavoixdelanation.tg\/wp-content\/uploads\/2024\/12\/lavn-1.png","contentUrl":"https:\/\/lavoixdelanation.tg\/wp-content\/uploads\/2024\/12\/lavn-1.png","width":1024,"height":464,"caption":"La Voix de la Nation"},"image":{"@id":"https:\/\/lavoixdelanation.tg\/#\/schema\/logo\/image\/"},"sameAs":["https:\/\/www.facebook.com\/lavoixdelanation"]},{"@type":"Person","@id":"https:\/\/lavoixdelanation.tg\/#\/schema\/person\/6c489293aa38053673a9e554acb6e224","name":"La voix de la nation","image":{"@type":"ImageObject","inLanguage":"fr-FR","@id":"https:\/\/lavoixdelanation.tg\/#\/schema\/person\/image\/","url":"https:\/\/secure.gravatar.com\/avatar\/8aa135d4bbc794494cecaa8d483f6d6cc1023624868deaff686baed5e727a5a1?s=96&d=mm&r=g","contentUrl":"https:\/\/secure.gravatar.com\/avatar\/8aa135d4bbc794494cecaa8d483f6d6cc1023624868deaff686baed5e727a5a1?s=96&d=mm&r=g","caption":"La voix de la nation"},"sameAs":["https:\/\/lavoixdelanation.tg"],"url":"https:\/\/lavoixdelanation.tg\/index.php\/author\/lavn\/"}]}},"_links":{"self":[{"href":"https:\/\/lavoixdelanation.tg\/index.php\/wp-json\/wp\/v2\/posts\/14610","targetHints":{"allow":["GET"]}}],"collection":[{"href":"https:\/\/lavoixdelanation.tg\/index.php\/wp-json\/wp\/v2\/posts"}],"about":[{"href":"https:\/\/lavoixdelanation.tg\/index.php\/wp-json\/wp\/v2\/types\/post"}],"author":[{"embeddable":true,"href":"https:\/\/lavoixdelanation.tg\/index.php\/wp-json\/wp\/v2\/users\/1"}],"replies":[{"embeddable":true,"href":"https:\/\/lavoixdelanation.tg\/index.php\/wp-json\/wp\/v2\/comments?post=14610"}],"version-history":[{"count":1,"href":"https:\/\/lavoixdelanation.tg\/index.php\/wp-json\/wp\/v2\/posts\/14610\/revisions"}],"predecessor-version":[{"id":14612,"href":"https:\/\/lavoixdelanation.tg\/index.php\/wp-json\/wp\/v2\/posts\/14610\/revisions\/14612"}],"wp:featuredmedia":[{"embeddable":true,"href":"https:\/\/lavoixdelanation.tg\/index.php\/wp-json\/wp\/v2\/media\/14611"}],"wp:attachment":[{"href":"https:\/\/lavoixdelanation.tg\/index.php\/wp-json\/wp\/v2\/media?parent=14610"}],"wp:term":[{"taxonomy":"category","embeddable":true,"href":"https:\/\/lavoixdelanation.tg\/index.php\/wp-json\/wp\/v2\/categories?post=14610"},{"taxonomy":"post_tag","embeddable":true,"href":"https:\/\/lavoixdelanation.tg\/index.php\/wp-json\/wp\/v2\/tags?post=14610"}],"curies":[{"name":"wp","href":"https:\/\/api.w.org\/{rel}","templated":true}]}}