{"id":14597,"date":"2025-10-28T11:40:00","date_gmt":"2025-10-28T10:40:00","guid":{"rendered":"https:\/\/lavoixdelanation.tg\/?p=14597"},"modified":"2025-10-28T12:49:47","modified_gmt":"2025-10-28T11:49:47","slug":"economie-le-cout-moyen-du-credit-en-recul-au-togo","status":"publish","type":"post","link":"https:\/\/lavoixdelanation.tg\/index.php\/2025\/10\/28\/economie-le-cout-moyen-du-credit-en-recul-au-togo\/","title":{"rendered":"Economie\u00a0: Le co\u00fbt moyen du cr\u00e9dit en recul au Togo"},"content":{"rendered":"\n<p><strong>C\u2019est une bonne nouvelle pour les entreprises et les m\u00e9nages togolais. Le co\u00fbt moyen du cr\u00e9dit est en recul dans le pays. Un fl\u00e9chissement qui exprime une \u00e9volution significative dans la dynamique \u00e9conomique nationale.<\/strong><\/p>\n\n\n\n<p>En effet, le taux de d\u00e9gradation des cr\u00e9dits bancaires, selon les pr\u00e9cisions faites par le Conseil national du cr\u00e9dit (CNC) au d\u00e9but du mois d&rsquo;octobre 2025, est pass\u00e9 de 7,6 % \u00e0 7 %.<\/p>\n\n\n\n<p>D&rsquo;apr\u00e8s les calculs, le co\u00fbt du cr\u00e9dit a recul\u00e9 \u00e0 7,5 %. Une ann\u00e9e plus t\u00f4t, il \u00e9tait question de 8 %. Aussi, en ce qui concerne les taux d&rsquo;int\u00e9r\u00eat pour les micros et les moyennes entreprises, ils ont respectivement baiss\u00e9 \u00e0 8,5 % et \u00e0 8 %.<\/p>\n\n\n\n<p>La baisse du co\u00fbt du cr\u00e9dit refl\u00e8te avant tout une d\u00e9tente dans les conditions d&#8217;emprunt sur le march\u00e9 national. En clair, il devient moins co\u00fbteux pour les particuliers, les entreprises et les institutions d&rsquo;acc\u00e9der aux financements bancaires.<\/p>\n\n\n\n<p>Cette baisse traduit non seulement une am\u00e9lioration des conditions mon\u00e9taires et financi\u00e8res, mais aussi la confiance croissante des banques et des institutions de micro finance dans la solidit\u00e9 du tissu \u00e9conomique du pays.<\/p>\n\n\n\n<p>Les \u00e9tablissements bancaires, encourag\u00e9s par la solidit\u00e9 macro\u00e9conomique du pays et la qualit\u00e9 am\u00e9lior\u00e9e de leurs portefeuilles, consentent d\u00e9sormais \u00e0 pr\u00eater \u00e0 des taux plus avantageux.<\/p>\n\n\n\n<p>Pour les entreprises, cette r\u00e9duction des taux d&rsquo;int\u00e9r\u00eat signifie un acc\u00e8s facilit\u00e9 au financement de l&rsquo;investissement productif : achat d&rsquo;\u00e9quipements, extension d&rsquo;usines, modernisation des outils de production ou renforcement des capacit\u00e9s de stockage. Les petites et moyennes entreprises (PME), souvent frein\u00e9es par le co\u00fbt \u00e9lev\u00e9 de l&rsquo;argent, peuvent d\u00e9sormais envisager des projets plus ambitieux.<\/p>\n\n\n\n<p>Du c\u00f4t\u00e9 des particuliers, l&rsquo;assouplissement des taux favorise la consommation, notamment dans les secteurs du logement, de l&rsquo;automobile ou des services. En r\u00e9duisant la charge des emprunts, il am\u00e9liore le pouvoir d&rsquo;achat et lib\u00e8re des marges financi\u00e8res pour d&rsquo;autres besoins.<\/p>\n\n\n\n<p>Cette \u00e9volution r\u00e9sulte des efforts des autorit\u00e9s \u00e0 maintenir une politique mon\u00e9taire prudente, \u00e9quilibr\u00e9e entre la ma\u00eetrise de l&rsquo;inflation et le soutien \u00e0 la croissance. Les r\u00e9formes engag\u00e9es dans les domaines fiscal, douanier et logistique font par ailleurs leurs effets. Sans oublier la mise en \u0153uvre de la Feuille de route gouvernementale qui fait du bien.<\/p>\n\n\n\n<p>La diminution du co\u00fbt du cr\u00e9dit s&rsquo;inscrit selon le gouvernement dans un contexte de croissance soutenue et de discipline budg\u00e9taire ma\u00eetris\u00e9e. L&rsquo;\u00e9conomie togolaise affiche, depuis plusieurs ann\u00e9es, une trajectoire ascendante, avec un taux de croissance sup\u00e9rieur \u00e0 la moyenne r\u00e9gionale.<\/p>\n\n\n\n<p>Au demeurant, cette baisse du co\u00fbt du cr\u00e9dit agit comme un multiplicateur \u00e9conomique : elle soutient la demande, encourage la production et cr\u00e9e un environnement plus propice \u00e0 la croissance.<\/p>\n\n\n\n<p><strong>Cris DADA<\/strong><\/p>\n","protected":false},"excerpt":{"rendered":"<p>C\u2019est une bonne nouvelle pour les entreprises et les m\u00e9nages togolais. Le co\u00fbt moyen du cr\u00e9dit est en recul dans le pays. Un fl\u00e9chissement qui exprime une \u00e9volution significative dans&hellip; <\/p>\n","protected":false},"author":1,"featured_media":14598,"comment_status":"open","ping_status":"closed","sticky":false,"template":"","format":"standard","meta":{"footnotes":""},"categories":[8],"tags":[],"class_list":["post-14597","post","type-post","status-publish","format-standard","has-post-thumbnail","hentry","category-economie"],"yoast_head":"<!-- This site is optimized with the Yoast SEO plugin v26.4 - https:\/\/yoast.com\/wordpress\/plugins\/seo\/ -->\n<title>Economie\u00a0: Le co\u00fbt moyen du cr\u00e9dit en recul au Togo - La Voix de la Nation<\/title>\n<meta name=\"robots\" content=\"index, follow, max-snippet:-1, max-image-preview:large, max-video-preview:-1\" \/>\n<link rel=\"canonical\" href=\"https:\/\/lavoixdelanation.tg\/index.php\/2025\/10\/28\/economie-le-cout-moyen-du-credit-en-recul-au-togo\/\" \/>\n<meta property=\"og:locale\" content=\"fr_FR\" \/>\n<meta property=\"og:type\" content=\"article\" \/>\n<meta property=\"og:title\" content=\"Economie\u00a0: Le co\u00fbt moyen du cr\u00e9dit en recul au Togo - La Voix de la Nation\" \/>\n<meta property=\"og:description\" content=\"C\u2019est une bonne nouvelle pour les entreprises et les m\u00e9nages togolais. Le co\u00fbt moyen du cr\u00e9dit est en recul dans le pays. Un fl\u00e9chissement qui exprime une \u00e9volution significative dans&hellip;\" \/>\n<meta property=\"og:url\" content=\"https:\/\/lavoixdelanation.tg\/index.php\/2025\/10\/28\/economie-le-cout-moyen-du-credit-en-recul-au-togo\/\" \/>\n<meta property=\"og:site_name\" content=\"La Voix de la Nation\" \/>\n<meta property=\"article:publisher\" content=\"https:\/\/www.facebook.com\/lavoixdelanation\" \/>\n<meta property=\"article:published_time\" content=\"2025-10-28T10:40:00+00:00\" \/>\n<meta property=\"article:modified_time\" content=\"2025-10-28T11:49:47+00:00\" \/>\n<meta property=\"og:image\" content=\"https:\/\/lavoixdelanation.tg\/wp-content\/uploads\/2025\/10\/Le-cout-moyen-du-credit-en-recul-au-Togo.png\" \/>\n\t<meta property=\"og:image:width\" content=\"548\" \/>\n\t<meta property=\"og:image:height\" content=\"349\" \/>\n\t<meta property=\"og:image:type\" content=\"image\/png\" \/>\n<meta name=\"author\" content=\"La voix de la nation\" \/>\n<meta name=\"twitter:card\" content=\"summary_large_image\" \/>\n<meta name=\"twitter:label1\" content=\"\u00c9crit par\" \/>\n\t<meta name=\"twitter:data1\" content=\"La voix de la nation\" \/>\n\t<meta name=\"twitter:label2\" content=\"Dur\u00e9e de lecture estim\u00e9e\" \/>\n\t<meta name=\"twitter:data2\" content=\"2 minutes\" \/>\n<script type=\"application\/ld+json\" class=\"yoast-schema-graph\">{\"@context\":\"https:\/\/schema.org\",\"@graph\":[{\"@type\":\"Article\",\"@id\":\"https:\/\/lavoixdelanation.tg\/index.php\/2025\/10\/28\/economie-le-cout-moyen-du-credit-en-recul-au-togo\/#article\",\"isPartOf\":{\"@id\":\"https:\/\/lavoixdelanation.tg\/index.php\/2025\/10\/28\/economie-le-cout-moyen-du-credit-en-recul-au-togo\/\"},\"author\":{\"name\":\"La voix de la nation\",\"@id\":\"https:\/\/lavoixdelanation.tg\/#\/schema\/person\/6c489293aa38053673a9e554acb6e224\"},\"headline\":\"Economie\u00a0: Le co\u00fbt moyen du cr\u00e9dit en recul au Togo\",\"datePublished\":\"2025-10-28T10:40:00+00:00\",\"dateModified\":\"2025-10-28T11:49:47+00:00\",\"mainEntityOfPage\":{\"@id\":\"https:\/\/lavoixdelanation.tg\/index.php\/2025\/10\/28\/economie-le-cout-moyen-du-credit-en-recul-au-togo\/\"},\"wordCount\":501,\"commentCount\":0,\"publisher\":{\"@id\":\"https:\/\/lavoixdelanation.tg\/#organization\"},\"image\":{\"@id\":\"https:\/\/lavoixdelanation.tg\/index.php\/2025\/10\/28\/economie-le-cout-moyen-du-credit-en-recul-au-togo\/#primaryimage\"},\"thumbnailUrl\":\"https:\/\/lavoixdelanation.tg\/wp-content\/uploads\/2025\/10\/Le-cout-moyen-du-credit-en-recul-au-Togo.png\",\"articleSection\":[\"Economie\"],\"inLanguage\":\"fr-FR\",\"potentialAction\":[{\"@type\":\"CommentAction\",\"name\":\"Comment\",\"target\":[\"https:\/\/lavoixdelanation.tg\/index.php\/2025\/10\/28\/economie-le-cout-moyen-du-credit-en-recul-au-togo\/#respond\"]}]},{\"@type\":\"WebPage\",\"@id\":\"https:\/\/lavoixdelanation.tg\/index.php\/2025\/10\/28\/economie-le-cout-moyen-du-credit-en-recul-au-togo\/\",\"url\":\"https:\/\/lavoixdelanation.tg\/index.php\/2025\/10\/28\/economie-le-cout-moyen-du-credit-en-recul-au-togo\/\",\"name\":\"Economie\u00a0: Le co\u00fbt moyen du cr\u00e9dit en recul au Togo - La Voix de la Nation\",\"isPartOf\":{\"@id\":\"https:\/\/lavoixdelanation.tg\/#website\"},\"primaryImageOfPage\":{\"@id\":\"https:\/\/lavoixdelanation.tg\/index.php\/2025\/10\/28\/economie-le-cout-moyen-du-credit-en-recul-au-togo\/#primaryimage\"},\"image\":{\"@id\":\"https:\/\/lavoixdelanation.tg\/index.php\/2025\/10\/28\/economie-le-cout-moyen-du-credit-en-recul-au-togo\/#primaryimage\"},\"thumbnailUrl\":\"https:\/\/lavoixdelanation.tg\/wp-content\/uploads\/2025\/10\/Le-cout-moyen-du-credit-en-recul-au-Togo.png\",\"datePublished\":\"2025-10-28T10:40:00+00:00\",\"dateModified\":\"2025-10-28T11:49:47+00:00\",\"breadcrumb\":{\"@id\":\"https:\/\/lavoixdelanation.tg\/index.php\/2025\/10\/28\/economie-le-cout-moyen-du-credit-en-recul-au-togo\/#breadcrumb\"},\"inLanguage\":\"fr-FR\",\"potentialAction\":[{\"@type\":\"ReadAction\",\"target\":[\"https:\/\/lavoixdelanation.tg\/index.php\/2025\/10\/28\/economie-le-cout-moyen-du-credit-en-recul-au-togo\/\"]}]},{\"@type\":\"ImageObject\",\"inLanguage\":\"fr-FR\",\"@id\":\"https:\/\/lavoixdelanation.tg\/index.php\/2025\/10\/28\/economie-le-cout-moyen-du-credit-en-recul-au-togo\/#primaryimage\",\"url\":\"https:\/\/lavoixdelanation.tg\/wp-content\/uploads\/2025\/10\/Le-cout-moyen-du-credit-en-recul-au-Togo.png\",\"contentUrl\":\"https:\/\/lavoixdelanation.tg\/wp-content\/uploads\/2025\/10\/Le-cout-moyen-du-credit-en-recul-au-Togo.png\",\"width\":548,\"height\":349},{\"@type\":\"BreadcrumbList\",\"@id\":\"https:\/\/lavoixdelanation.tg\/index.php\/2025\/10\/28\/economie-le-cout-moyen-du-credit-en-recul-au-togo\/#breadcrumb\",\"itemListElement\":[{\"@type\":\"ListItem\",\"position\":1,\"name\":\"Accueil\",\"item\":\"https:\/\/lavoixdelanation.tg\/\"},{\"@type\":\"ListItem\",\"position\":2,\"name\":\"Economie\u00a0: Le co\u00fbt moyen du cr\u00e9dit en recul au Togo\"}]},{\"@type\":\"WebSite\",\"@id\":\"https:\/\/lavoixdelanation.tg\/#website\",\"url\":\"https:\/\/lavoixdelanation.tg\/\",\"name\":\"La Voix de la Nation\",\"description\":\"R\u00e9c\u00e9piss\u00e9 n\u00b00108\/HAAC\/01-2024\/pl\/P\",\"publisher\":{\"@id\":\"https:\/\/lavoixdelanation.tg\/#organization\"},\"alternateName\":\"VON\",\"potentialAction\":[{\"@type\":\"SearchAction\",\"target\":{\"@type\":\"EntryPoint\",\"urlTemplate\":\"https:\/\/lavoixdelanation.tg\/?s={search_term_string}\"},\"query-input\":{\"@type\":\"PropertyValueSpecification\",\"valueRequired\":true,\"valueName\":\"search_term_string\"}}],\"inLanguage\":\"fr-FR\"},{\"@type\":\"Organization\",\"@id\":\"https:\/\/lavoixdelanation.tg\/#organization\",\"name\":\"La Voix de la Nation\",\"url\":\"https:\/\/lavoixdelanation.tg\/\",\"logo\":{\"@type\":\"ImageObject\",\"inLanguage\":\"fr-FR\",\"@id\":\"https:\/\/lavoixdelanation.tg\/#\/schema\/logo\/image\/\",\"url\":\"https:\/\/lavoixdelanation.tg\/wp-content\/uploads\/2024\/12\/lavn-1.png\",\"contentUrl\":\"https:\/\/lavoixdelanation.tg\/wp-content\/uploads\/2024\/12\/lavn-1.png\",\"width\":1024,\"height\":464,\"caption\":\"La Voix de la Nation\"},\"image\":{\"@id\":\"https:\/\/lavoixdelanation.tg\/#\/schema\/logo\/image\/\"},\"sameAs\":[\"https:\/\/www.facebook.com\/lavoixdelanation\"]},{\"@type\":\"Person\",\"@id\":\"https:\/\/lavoixdelanation.tg\/#\/schema\/person\/6c489293aa38053673a9e554acb6e224\",\"name\":\"La voix de la nation\",\"image\":{\"@type\":\"ImageObject\",\"inLanguage\":\"fr-FR\",\"@id\":\"https:\/\/lavoixdelanation.tg\/#\/schema\/person\/image\/\",\"url\":\"https:\/\/secure.gravatar.com\/avatar\/8aa135d4bbc794494cecaa8d483f6d6cc1023624868deaff686baed5e727a5a1?s=96&d=mm&r=g\",\"contentUrl\":\"https:\/\/secure.gravatar.com\/avatar\/8aa135d4bbc794494cecaa8d483f6d6cc1023624868deaff686baed5e727a5a1?s=96&d=mm&r=g\",\"caption\":\"La voix de la nation\"},\"sameAs\":[\"https:\/\/lavoixdelanation.tg\"],\"url\":\"https:\/\/lavoixdelanation.tg\/index.php\/author\/lavn\/\"}]}<\/script>\n<!-- \/ Yoast SEO plugin. -->","yoast_head_json":{"title":"Economie\u00a0: Le co\u00fbt moyen du cr\u00e9dit en recul au Togo - La Voix de la Nation","robots":{"index":"index","follow":"follow","max-snippet":"max-snippet:-1","max-image-preview":"max-image-preview:large","max-video-preview":"max-video-preview:-1"},"canonical":"https:\/\/lavoixdelanation.tg\/index.php\/2025\/10\/28\/economie-le-cout-moyen-du-credit-en-recul-au-togo\/","og_locale":"fr_FR","og_type":"article","og_title":"Economie\u00a0: Le co\u00fbt moyen du cr\u00e9dit en recul au Togo - La Voix de la Nation","og_description":"C\u2019est une bonne nouvelle pour les entreprises et les m\u00e9nages togolais. Le co\u00fbt moyen du cr\u00e9dit est en recul dans le pays. Un fl\u00e9chissement qui exprime une \u00e9volution significative dans&hellip;","og_url":"https:\/\/lavoixdelanation.tg\/index.php\/2025\/10\/28\/economie-le-cout-moyen-du-credit-en-recul-au-togo\/","og_site_name":"La Voix de la Nation","article_publisher":"https:\/\/www.facebook.com\/lavoixdelanation","article_published_time":"2025-10-28T10:40:00+00:00","article_modified_time":"2025-10-28T11:49:47+00:00","og_image":[{"width":548,"height":349,"url":"https:\/\/lavoixdelanation.tg\/wp-content\/uploads\/2025\/10\/Le-cout-moyen-du-credit-en-recul-au-Togo.png","type":"image\/png"}],"author":"La voix de la nation","twitter_card":"summary_large_image","twitter_misc":{"\u00c9crit par":"La voix de la nation","Dur\u00e9e de lecture estim\u00e9e":"2 minutes"},"schema":{"@context":"https:\/\/schema.org","@graph":[{"@type":"Article","@id":"https:\/\/lavoixdelanation.tg\/index.php\/2025\/10\/28\/economie-le-cout-moyen-du-credit-en-recul-au-togo\/#article","isPartOf":{"@id":"https:\/\/lavoixdelanation.tg\/index.php\/2025\/10\/28\/economie-le-cout-moyen-du-credit-en-recul-au-togo\/"},"author":{"name":"La voix de la nation","@id":"https:\/\/lavoixdelanation.tg\/#\/schema\/person\/6c489293aa38053673a9e554acb6e224"},"headline":"Economie\u00a0: Le co\u00fbt moyen du cr\u00e9dit en recul au Togo","datePublished":"2025-10-28T10:40:00+00:00","dateModified":"2025-10-28T11:49:47+00:00","mainEntityOfPage":{"@id":"https:\/\/lavoixdelanation.tg\/index.php\/2025\/10\/28\/economie-le-cout-moyen-du-credit-en-recul-au-togo\/"},"wordCount":501,"commentCount":0,"publisher":{"@id":"https:\/\/lavoixdelanation.tg\/#organization"},"image":{"@id":"https:\/\/lavoixdelanation.tg\/index.php\/2025\/10\/28\/economie-le-cout-moyen-du-credit-en-recul-au-togo\/#primaryimage"},"thumbnailUrl":"https:\/\/lavoixdelanation.tg\/wp-content\/uploads\/2025\/10\/Le-cout-moyen-du-credit-en-recul-au-Togo.png","articleSection":["Economie"],"inLanguage":"fr-FR","potentialAction":[{"@type":"CommentAction","name":"Comment","target":["https:\/\/lavoixdelanation.tg\/index.php\/2025\/10\/28\/economie-le-cout-moyen-du-credit-en-recul-au-togo\/#respond"]}]},{"@type":"WebPage","@id":"https:\/\/lavoixdelanation.tg\/index.php\/2025\/10\/28\/economie-le-cout-moyen-du-credit-en-recul-au-togo\/","url":"https:\/\/lavoixdelanation.tg\/index.php\/2025\/10\/28\/economie-le-cout-moyen-du-credit-en-recul-au-togo\/","name":"Economie\u00a0: Le co\u00fbt moyen du cr\u00e9dit en recul au Togo - La Voix de la Nation","isPartOf":{"@id":"https:\/\/lavoixdelanation.tg\/#website"},"primaryImageOfPage":{"@id":"https:\/\/lavoixdelanation.tg\/index.php\/2025\/10\/28\/economie-le-cout-moyen-du-credit-en-recul-au-togo\/#primaryimage"},"image":{"@id":"https:\/\/lavoixdelanation.tg\/index.php\/2025\/10\/28\/economie-le-cout-moyen-du-credit-en-recul-au-togo\/#primaryimage"},"thumbnailUrl":"https:\/\/lavoixdelanation.tg\/wp-content\/uploads\/2025\/10\/Le-cout-moyen-du-credit-en-recul-au-Togo.png","datePublished":"2025-10-28T10:40:00+00:00","dateModified":"2025-10-28T11:49:47+00:00","breadcrumb":{"@id":"https:\/\/lavoixdelanation.tg\/index.php\/2025\/10\/28\/economie-le-cout-moyen-du-credit-en-recul-au-togo\/#breadcrumb"},"inLanguage":"fr-FR","potentialAction":[{"@type":"ReadAction","target":["https:\/\/lavoixdelanation.tg\/index.php\/2025\/10\/28\/economie-le-cout-moyen-du-credit-en-recul-au-togo\/"]}]},{"@type":"ImageObject","inLanguage":"fr-FR","@id":"https:\/\/lavoixdelanation.tg\/index.php\/2025\/10\/28\/economie-le-cout-moyen-du-credit-en-recul-au-togo\/#primaryimage","url":"https:\/\/lavoixdelanation.tg\/wp-content\/uploads\/2025\/10\/Le-cout-moyen-du-credit-en-recul-au-Togo.png","contentUrl":"https:\/\/lavoixdelanation.tg\/wp-content\/uploads\/2025\/10\/Le-cout-moyen-du-credit-en-recul-au-Togo.png","width":548,"height":349},{"@type":"BreadcrumbList","@id":"https:\/\/lavoixdelanation.tg\/index.php\/2025\/10\/28\/economie-le-cout-moyen-du-credit-en-recul-au-togo\/#breadcrumb","itemListElement":[{"@type":"ListItem","position":1,"name":"Accueil","item":"https:\/\/lavoixdelanation.tg\/"},{"@type":"ListItem","position":2,"name":"Economie\u00a0: Le co\u00fbt moyen du cr\u00e9dit en recul au Togo"}]},{"@type":"WebSite","@id":"https:\/\/lavoixdelanation.tg\/#website","url":"https:\/\/lavoixdelanation.tg\/","name":"La Voix de la Nation","description":"R\u00e9c\u00e9piss\u00e9 n\u00b00108\/HAAC\/01-2024\/pl\/P","publisher":{"@id":"https:\/\/lavoixdelanation.tg\/#organization"},"alternateName":"VON","potentialAction":[{"@type":"SearchAction","target":{"@type":"EntryPoint","urlTemplate":"https:\/\/lavoixdelanation.tg\/?s={search_term_string}"},"query-input":{"@type":"PropertyValueSpecification","valueRequired":true,"valueName":"search_term_string"}}],"inLanguage":"fr-FR"},{"@type":"Organization","@id":"https:\/\/lavoixdelanation.tg\/#organization","name":"La Voix de la Nation","url":"https:\/\/lavoixdelanation.tg\/","logo":{"@type":"ImageObject","inLanguage":"fr-FR","@id":"https:\/\/lavoixdelanation.tg\/#\/schema\/logo\/image\/","url":"https:\/\/lavoixdelanation.tg\/wp-content\/uploads\/2024\/12\/lavn-1.png","contentUrl":"https:\/\/lavoixdelanation.tg\/wp-content\/uploads\/2024\/12\/lavn-1.png","width":1024,"height":464,"caption":"La Voix de la Nation"},"image":{"@id":"https:\/\/lavoixdelanation.tg\/#\/schema\/logo\/image\/"},"sameAs":["https:\/\/www.facebook.com\/lavoixdelanation"]},{"@type":"Person","@id":"https:\/\/lavoixdelanation.tg\/#\/schema\/person\/6c489293aa38053673a9e554acb6e224","name":"La voix de la nation","image":{"@type":"ImageObject","inLanguage":"fr-FR","@id":"https:\/\/lavoixdelanation.tg\/#\/schema\/person\/image\/","url":"https:\/\/secure.gravatar.com\/avatar\/8aa135d4bbc794494cecaa8d483f6d6cc1023624868deaff686baed5e727a5a1?s=96&d=mm&r=g","contentUrl":"https:\/\/secure.gravatar.com\/avatar\/8aa135d4bbc794494cecaa8d483f6d6cc1023624868deaff686baed5e727a5a1?s=96&d=mm&r=g","caption":"La voix de la nation"},"sameAs":["https:\/\/lavoixdelanation.tg"],"url":"https:\/\/lavoixdelanation.tg\/index.php\/author\/lavn\/"}]}},"_links":{"self":[{"href":"https:\/\/lavoixdelanation.tg\/index.php\/wp-json\/wp\/v2\/posts\/14597","targetHints":{"allow":["GET"]}}],"collection":[{"href":"https:\/\/lavoixdelanation.tg\/index.php\/wp-json\/wp\/v2\/posts"}],"about":[{"href":"https:\/\/lavoixdelanation.tg\/index.php\/wp-json\/wp\/v2\/types\/post"}],"author":[{"embeddable":true,"href":"https:\/\/lavoixdelanation.tg\/index.php\/wp-json\/wp\/v2\/users\/1"}],"replies":[{"embeddable":true,"href":"https:\/\/lavoixdelanation.tg\/index.php\/wp-json\/wp\/v2\/comments?post=14597"}],"version-history":[{"count":1,"href":"https:\/\/lavoixdelanation.tg\/index.php\/wp-json\/wp\/v2\/posts\/14597\/revisions"}],"predecessor-version":[{"id":14599,"href":"https:\/\/lavoixdelanation.tg\/index.php\/wp-json\/wp\/v2\/posts\/14597\/revisions\/14599"}],"wp:featuredmedia":[{"embeddable":true,"href":"https:\/\/lavoixdelanation.tg\/index.php\/wp-json\/wp\/v2\/media\/14598"}],"wp:attachment":[{"href":"https:\/\/lavoixdelanation.tg\/index.php\/wp-json\/wp\/v2\/media?parent=14597"}],"wp:term":[{"taxonomy":"category","embeddable":true,"href":"https:\/\/lavoixdelanation.tg\/index.php\/wp-json\/wp\/v2\/categories?post=14597"},{"taxonomy":"post_tag","embeddable":true,"href":"https:\/\/lavoixdelanation.tg\/index.php\/wp-json\/wp\/v2\/tags?post=14597"}],"curies":[{"name":"wp","href":"https:\/\/api.w.org\/{rel}","templated":true}]}}