{"id":14574,"date":"2025-10-27T07:29:00","date_gmt":"2025-10-27T06:29:00","guid":{"rendered":"https:\/\/lavoixdelanation.tg\/?p=14574"},"modified":"2025-10-27T08:30:36","modified_gmt":"2025-10-27T07:30:36","slug":"des-parlementaires-togolais-distingues-pour-leur-engagement-pour-la-paix","status":"publish","type":"post","link":"https:\/\/lavoixdelanation.tg\/index.php\/2025\/10\/27\/des-parlementaires-togolais-distingues-pour-leur-engagement-pour-la-paix\/","title":{"rendered":"Des parlementaires togolais distingu\u00e9s pour leur engagement pour la paix"},"content":{"rendered":"\n<p><strong>Des parlementaires togolais ont \u00e9t\u00e9 distingu\u00e9s ce vendredi 24 octobre 2025 \u00e0 Lom\u00e9, pour leur engagement en faveur de la paix, \u00e0 l\u2019occasion du lancement de la campagne de 100 jours pour l\u2019harmonie et l\u2019espoir, et de la c\u00e9l\u00e9bration de la Journ\u00e9e des Nations Unies.<\/strong><\/p>\n\n\n\n<p>Il s\u2019agit notamment de l\u2019honorable Ayao Dzreke, 4\u1d49 vice-pr\u00e9sident de l\u2019Assembl\u00e9e nationale, et de M. Kissao Tchourou, directeur de cabinet du pr\u00e9sident de l\u2019Assembl\u00e9e nationale, tous deux couronn\u00e9s en tant qu\u2019ambassadeurs de la paix.<\/p>\n\n\n\n<p>L\u2019ancien d\u00e9put\u00e9 Yaowa\u00ef Nambou a \u00e9galement re\u00e7u cette prestigieuse distinction lors de cette c\u00e9r\u00e9monie organis\u00e9e par la F\u00e9d\u00e9ration pour la Paix Universelle Afrique (FPU).<\/p>\n\n\n\n<p>Les r\u00e9cipiendaires se sont r\u00e9jouis de cette distinction et ont r\u00e9affirm\u00e9 leur disponibilit\u00e9 \u00e0 poursuivre leur \u0153uvrer avec engagement en faveur de la paix qui selon eux, \u00ab&nbsp;demeure une valeur ch\u00e8re aux plus hautes autorit\u00e9s du Togo&nbsp;\u00bb.<\/p>\n\n\n\n<p>\u00ab Nous exprimons notre gratitude \u00e0 l\u2019ancien pr\u00e9sident de l\u2019Assembl\u00e9e nationale, Son Excellence Monsieur Sevon-T\u00e9p\u00e9 Kodjo Ad\u00e9dz\u00e9, qui nous a donn\u00e9 l\u2019occasion de<\/p>\n\n\n\n<p>Ces parlementaires ont \u00e9t\u00e9 distingu\u00e9s pour avoir activement pris part prendre part aux travaux du Sommet mondial de la paix tenus en avril dernier \u00e0 S\u00e9oul, en Cor\u00e9e du Sud.<\/p>\n\n\n\n<p>\u00ab&nbsp;C\u2019est notre participation active \u00e0 cette rencontre qui a conduit \u00e0 notre identification et \u00e0 cette distinction en tant qu\u2019ambassadeurs de la paix \u00bb, a expliqu\u00e9 le Directeur de cabinet du pr\u00e9sident de l\u2019Assembl\u00e9e nationale.<\/p>\n\n\n\n<p>Le secr\u00e9taire g\u00e9n\u00e9ral de la FPU Dr Paterne Zinsou a f\u00e9licit\u00e9 les nouveaux ambassadeurs de la paix.<\/p>\n\n\n\n<p>Il a soulign\u00e9 que le Togo a \u00e9t\u00e9 choisi pour abriter les activit\u00e9s du lancement de la campagne de 100 jours pour l\u2019harmonie et l\u2019espoir afin d\u2019exprimer la gratitude de la F\u00e9d\u00e9ration pour la Paix Universelle et de l\u2019Association internationale des parlementaires pour la paix \u00e0 l\u2019endroit du pr\u00e9sident de l\u2019Assembl\u00e9e nationale et du 4\u1d49 vice-pr\u00e9sident, qui ont pris part au Sommet mondial en Cor\u00e9e, et dont la pr\u00e9sence a permis de lancer la conf\u00e9rence interparlementaire des pr\u00e9sidents de parlements.<\/p>\n\n\n\n<p>Pour rappel, la F\u00e9d\u00e9ration pour la Paix Universelle (FPU) est une organisation non gouvernementale internationale fond\u00e9e en 2005. Elle \u0153uvre pour la paix durable, la coop\u00e9ration interreligieuse et le d\u00e9veloppement humain \u00e0 travers le dialogue, l\u2019\u00e9ducation et la collaboration entre dirigeants politiques, religieux, communautaires et \u00e9conomiques.<\/p>\n\n\n\n<p><strong>David S.<\/strong><\/p>\n","protected":false},"excerpt":{"rendered":"<p>Des parlementaires togolais ont \u00e9t\u00e9 distingu\u00e9s ce vendredi 24 octobre 2025 \u00e0 Lom\u00e9, pour leur engagement en faveur de la paix, \u00e0 l\u2019occasion du lancement de la campagne de 100&hellip; <\/p>\n","protected":false},"author":1,"featured_media":14575,"comment_status":"open","ping_status":"closed","sticky":false,"template":"","format":"standard","meta":{"footnotes":""},"categories":[29],"tags":[],"class_list":["post-14574","post","type-post","status-publish","format-standard","has-post-thumbnail","hentry","category-societe"],"yoast_head":"<!-- This site is optimized with the Yoast SEO plugin v26.4 - https:\/\/yoast.com\/wordpress\/plugins\/seo\/ -->\n<title>Des parlementaires togolais distingu\u00e9s pour leur engagement pour la paix - La Voix de la Nation<\/title>\n<meta name=\"robots\" content=\"index, follow, max-snippet:-1, max-image-preview:large, max-video-preview:-1\" \/>\n<link rel=\"canonical\" href=\"https:\/\/lavoixdelanation.tg\/index.php\/2025\/10\/27\/des-parlementaires-togolais-distingues-pour-leur-engagement-pour-la-paix\/\" \/>\n<meta property=\"og:locale\" content=\"fr_FR\" \/>\n<meta property=\"og:type\" content=\"article\" \/>\n<meta property=\"og:title\" content=\"Des parlementaires togolais distingu\u00e9s pour leur engagement pour la paix - La Voix de la Nation\" \/>\n<meta property=\"og:description\" content=\"Des parlementaires togolais ont \u00e9t\u00e9 distingu\u00e9s ce vendredi 24 octobre 2025 \u00e0 Lom\u00e9, pour leur engagement en faveur de la paix, \u00e0 l\u2019occasion du lancement de la campagne de 100&hellip;\" \/>\n<meta property=\"og:url\" content=\"https:\/\/lavoixdelanation.tg\/index.php\/2025\/10\/27\/des-parlementaires-togolais-distingues-pour-leur-engagement-pour-la-paix\/\" \/>\n<meta property=\"og:site_name\" content=\"La Voix de la Nation\" \/>\n<meta property=\"article:publisher\" content=\"https:\/\/www.facebook.com\/lavoixdelanation\" \/>\n<meta property=\"article:published_time\" content=\"2025-10-27T06:29:00+00:00\" \/>\n<meta property=\"article:modified_time\" content=\"2025-10-27T07:30:36+00:00\" \/>\n<meta property=\"og:image\" content=\"https:\/\/lavoixdelanation.tg\/wp-content\/uploads\/2025\/10\/Des-parlementaires-togolais-distingues-pour-leur-engagement-pour-la-paix.jpg\" \/>\n\t<meta property=\"og:image:width\" content=\"768\" \/>\n\t<meta property=\"og:image:height\" content=\"520\" \/>\n\t<meta property=\"og:image:type\" content=\"image\/jpeg\" \/>\n<meta name=\"author\" content=\"La voix de la nation\" \/>\n<meta name=\"twitter:card\" content=\"summary_large_image\" \/>\n<meta name=\"twitter:label1\" content=\"\u00c9crit par\" \/>\n\t<meta name=\"twitter:data1\" content=\"La voix de la nation\" \/>\n\t<meta name=\"twitter:label2\" content=\"Dur\u00e9e de lecture estim\u00e9e\" \/>\n\t<meta name=\"twitter:data2\" content=\"2 minutes\" \/>\n<script type=\"application\/ld+json\" class=\"yoast-schema-graph\">{\"@context\":\"https:\/\/schema.org\",\"@graph\":[{\"@type\":\"Article\",\"@id\":\"https:\/\/lavoixdelanation.tg\/index.php\/2025\/10\/27\/des-parlementaires-togolais-distingues-pour-leur-engagement-pour-la-paix\/#article\",\"isPartOf\":{\"@id\":\"https:\/\/lavoixdelanation.tg\/index.php\/2025\/10\/27\/des-parlementaires-togolais-distingues-pour-leur-engagement-pour-la-paix\/\"},\"author\":{\"name\":\"La voix de la nation\",\"@id\":\"https:\/\/lavoixdelanation.tg\/#\/schema\/person\/6c489293aa38053673a9e554acb6e224\"},\"headline\":\"Des parlementaires togolais distingu\u00e9s pour leur engagement pour la paix\",\"datePublished\":\"2025-10-27T06:29:00+00:00\",\"dateModified\":\"2025-10-27T07:30:36+00:00\",\"mainEntityOfPage\":{\"@id\":\"https:\/\/lavoixdelanation.tg\/index.php\/2025\/10\/27\/des-parlementaires-togolais-distingues-pour-leur-engagement-pour-la-paix\/\"},\"wordCount\":439,\"commentCount\":0,\"publisher\":{\"@id\":\"https:\/\/lavoixdelanation.tg\/#organization\"},\"image\":{\"@id\":\"https:\/\/lavoixdelanation.tg\/index.php\/2025\/10\/27\/des-parlementaires-togolais-distingues-pour-leur-engagement-pour-la-paix\/#primaryimage\"},\"thumbnailUrl\":\"https:\/\/lavoixdelanation.tg\/wp-content\/uploads\/2025\/10\/Des-parlementaires-togolais-distingues-pour-leur-engagement-pour-la-paix.jpg\",\"articleSection\":[\"Soci\u00e9t\u00e9\"],\"inLanguage\":\"fr-FR\",\"potentialAction\":[{\"@type\":\"CommentAction\",\"name\":\"Comment\",\"target\":[\"https:\/\/lavoixdelanation.tg\/index.php\/2025\/10\/27\/des-parlementaires-togolais-distingues-pour-leur-engagement-pour-la-paix\/#respond\"]}]},{\"@type\":\"WebPage\",\"@id\":\"https:\/\/lavoixdelanation.tg\/index.php\/2025\/10\/27\/des-parlementaires-togolais-distingues-pour-leur-engagement-pour-la-paix\/\",\"url\":\"https:\/\/lavoixdelanation.tg\/index.php\/2025\/10\/27\/des-parlementaires-togolais-distingues-pour-leur-engagement-pour-la-paix\/\",\"name\":\"Des parlementaires togolais distingu\u00e9s pour leur engagement pour la paix - La Voix de la Nation\",\"isPartOf\":{\"@id\":\"https:\/\/lavoixdelanation.tg\/#website\"},\"primaryImageOfPage\":{\"@id\":\"https:\/\/lavoixdelanation.tg\/index.php\/2025\/10\/27\/des-parlementaires-togolais-distingues-pour-leur-engagement-pour-la-paix\/#primaryimage\"},\"image\":{\"@id\":\"https:\/\/lavoixdelanation.tg\/index.php\/2025\/10\/27\/des-parlementaires-togolais-distingues-pour-leur-engagement-pour-la-paix\/#primaryimage\"},\"thumbnailUrl\":\"https:\/\/lavoixdelanation.tg\/wp-content\/uploads\/2025\/10\/Des-parlementaires-togolais-distingues-pour-leur-engagement-pour-la-paix.jpg\",\"datePublished\":\"2025-10-27T06:29:00+00:00\",\"dateModified\":\"2025-10-27T07:30:36+00:00\",\"breadcrumb\":{\"@id\":\"https:\/\/lavoixdelanation.tg\/index.php\/2025\/10\/27\/des-parlementaires-togolais-distingues-pour-leur-engagement-pour-la-paix\/#breadcrumb\"},\"inLanguage\":\"fr-FR\",\"potentialAction\":[{\"@type\":\"ReadAction\",\"target\":[\"https:\/\/lavoixdelanation.tg\/index.php\/2025\/10\/27\/des-parlementaires-togolais-distingues-pour-leur-engagement-pour-la-paix\/\"]}]},{\"@type\":\"ImageObject\",\"inLanguage\":\"fr-FR\",\"@id\":\"https:\/\/lavoixdelanation.tg\/index.php\/2025\/10\/27\/des-parlementaires-togolais-distingues-pour-leur-engagement-pour-la-paix\/#primaryimage\",\"url\":\"https:\/\/lavoixdelanation.tg\/wp-content\/uploads\/2025\/10\/Des-parlementaires-togolais-distingues-pour-leur-engagement-pour-la-paix.jpg\",\"contentUrl\":\"https:\/\/lavoixdelanation.tg\/wp-content\/uploads\/2025\/10\/Des-parlementaires-togolais-distingues-pour-leur-engagement-pour-la-paix.jpg\",\"width\":768,\"height\":520},{\"@type\":\"BreadcrumbList\",\"@id\":\"https:\/\/lavoixdelanation.tg\/index.php\/2025\/10\/27\/des-parlementaires-togolais-distingues-pour-leur-engagement-pour-la-paix\/#breadcrumb\",\"itemListElement\":[{\"@type\":\"ListItem\",\"position\":1,\"name\":\"Accueil\",\"item\":\"https:\/\/lavoixdelanation.tg\/\"},{\"@type\":\"ListItem\",\"position\":2,\"name\":\"Des parlementaires togolais distingu\u00e9s pour leur engagement pour la paix\"}]},{\"@type\":\"WebSite\",\"@id\":\"https:\/\/lavoixdelanation.tg\/#website\",\"url\":\"https:\/\/lavoixdelanation.tg\/\",\"name\":\"La Voix de la Nation\",\"description\":\"R\u00e9c\u00e9piss\u00e9 n\u00b00108\/HAAC\/01-2024\/pl\/P\",\"publisher\":{\"@id\":\"https:\/\/lavoixdelanation.tg\/#organization\"},\"alternateName\":\"VON\",\"potentialAction\":[{\"@type\":\"SearchAction\",\"target\":{\"@type\":\"EntryPoint\",\"urlTemplate\":\"https:\/\/lavoixdelanation.tg\/?s={search_term_string}\"},\"query-input\":{\"@type\":\"PropertyValueSpecification\",\"valueRequired\":true,\"valueName\":\"search_term_string\"}}],\"inLanguage\":\"fr-FR\"},{\"@type\":\"Organization\",\"@id\":\"https:\/\/lavoixdelanation.tg\/#organization\",\"name\":\"La Voix de la Nation\",\"url\":\"https:\/\/lavoixdelanation.tg\/\",\"logo\":{\"@type\":\"ImageObject\",\"inLanguage\":\"fr-FR\",\"@id\":\"https:\/\/lavoixdelanation.tg\/#\/schema\/logo\/image\/\",\"url\":\"https:\/\/lavoixdelanation.tg\/wp-content\/uploads\/2024\/12\/lavn-1.png\",\"contentUrl\":\"https:\/\/lavoixdelanation.tg\/wp-content\/uploads\/2024\/12\/lavn-1.png\",\"width\":1024,\"height\":464,\"caption\":\"La Voix de la Nation\"},\"image\":{\"@id\":\"https:\/\/lavoixdelanation.tg\/#\/schema\/logo\/image\/\"},\"sameAs\":[\"https:\/\/www.facebook.com\/lavoixdelanation\"]},{\"@type\":\"Person\",\"@id\":\"https:\/\/lavoixdelanation.tg\/#\/schema\/person\/6c489293aa38053673a9e554acb6e224\",\"name\":\"La voix de la nation\",\"image\":{\"@type\":\"ImageObject\",\"inLanguage\":\"fr-FR\",\"@id\":\"https:\/\/lavoixdelanation.tg\/#\/schema\/person\/image\/\",\"url\":\"https:\/\/secure.gravatar.com\/avatar\/8aa135d4bbc794494cecaa8d483f6d6cc1023624868deaff686baed5e727a5a1?s=96&d=mm&r=g\",\"contentUrl\":\"https:\/\/secure.gravatar.com\/avatar\/8aa135d4bbc794494cecaa8d483f6d6cc1023624868deaff686baed5e727a5a1?s=96&d=mm&r=g\",\"caption\":\"La voix de la nation\"},\"sameAs\":[\"https:\/\/lavoixdelanation.tg\"],\"url\":\"https:\/\/lavoixdelanation.tg\/index.php\/author\/lavn\/\"}]}<\/script>\n<!-- \/ Yoast SEO plugin. -->","yoast_head_json":{"title":"Des parlementaires togolais distingu\u00e9s pour leur engagement pour la paix - La Voix de la Nation","robots":{"index":"index","follow":"follow","max-snippet":"max-snippet:-1","max-image-preview":"max-image-preview:large","max-video-preview":"max-video-preview:-1"},"canonical":"https:\/\/lavoixdelanation.tg\/index.php\/2025\/10\/27\/des-parlementaires-togolais-distingues-pour-leur-engagement-pour-la-paix\/","og_locale":"fr_FR","og_type":"article","og_title":"Des parlementaires togolais distingu\u00e9s pour leur engagement pour la paix - La Voix de la Nation","og_description":"Des parlementaires togolais ont \u00e9t\u00e9 distingu\u00e9s ce vendredi 24 octobre 2025 \u00e0 Lom\u00e9, pour leur engagement en faveur de la paix, \u00e0 l\u2019occasion du lancement de la campagne de 100&hellip;","og_url":"https:\/\/lavoixdelanation.tg\/index.php\/2025\/10\/27\/des-parlementaires-togolais-distingues-pour-leur-engagement-pour-la-paix\/","og_site_name":"La Voix de la Nation","article_publisher":"https:\/\/www.facebook.com\/lavoixdelanation","article_published_time":"2025-10-27T06:29:00+00:00","article_modified_time":"2025-10-27T07:30:36+00:00","og_image":[{"width":768,"height":520,"url":"https:\/\/lavoixdelanation.tg\/wp-content\/uploads\/2025\/10\/Des-parlementaires-togolais-distingues-pour-leur-engagement-pour-la-paix.jpg","type":"image\/jpeg"}],"author":"La voix de la nation","twitter_card":"summary_large_image","twitter_misc":{"\u00c9crit par":"La voix de la nation","Dur\u00e9e de lecture estim\u00e9e":"2 minutes"},"schema":{"@context":"https:\/\/schema.org","@graph":[{"@type":"Article","@id":"https:\/\/lavoixdelanation.tg\/index.php\/2025\/10\/27\/des-parlementaires-togolais-distingues-pour-leur-engagement-pour-la-paix\/#article","isPartOf":{"@id":"https:\/\/lavoixdelanation.tg\/index.php\/2025\/10\/27\/des-parlementaires-togolais-distingues-pour-leur-engagement-pour-la-paix\/"},"author":{"name":"La voix de la nation","@id":"https:\/\/lavoixdelanation.tg\/#\/schema\/person\/6c489293aa38053673a9e554acb6e224"},"headline":"Des parlementaires togolais distingu\u00e9s pour leur engagement pour la paix","datePublished":"2025-10-27T06:29:00+00:00","dateModified":"2025-10-27T07:30:36+00:00","mainEntityOfPage":{"@id":"https:\/\/lavoixdelanation.tg\/index.php\/2025\/10\/27\/des-parlementaires-togolais-distingues-pour-leur-engagement-pour-la-paix\/"},"wordCount":439,"commentCount":0,"publisher":{"@id":"https:\/\/lavoixdelanation.tg\/#organization"},"image":{"@id":"https:\/\/lavoixdelanation.tg\/index.php\/2025\/10\/27\/des-parlementaires-togolais-distingues-pour-leur-engagement-pour-la-paix\/#primaryimage"},"thumbnailUrl":"https:\/\/lavoixdelanation.tg\/wp-content\/uploads\/2025\/10\/Des-parlementaires-togolais-distingues-pour-leur-engagement-pour-la-paix.jpg","articleSection":["Soci\u00e9t\u00e9"],"inLanguage":"fr-FR","potentialAction":[{"@type":"CommentAction","name":"Comment","target":["https:\/\/lavoixdelanation.tg\/index.php\/2025\/10\/27\/des-parlementaires-togolais-distingues-pour-leur-engagement-pour-la-paix\/#respond"]}]},{"@type":"WebPage","@id":"https:\/\/lavoixdelanation.tg\/index.php\/2025\/10\/27\/des-parlementaires-togolais-distingues-pour-leur-engagement-pour-la-paix\/","url":"https:\/\/lavoixdelanation.tg\/index.php\/2025\/10\/27\/des-parlementaires-togolais-distingues-pour-leur-engagement-pour-la-paix\/","name":"Des parlementaires togolais distingu\u00e9s pour leur engagement pour la paix - La Voix de la Nation","isPartOf":{"@id":"https:\/\/lavoixdelanation.tg\/#website"},"primaryImageOfPage":{"@id":"https:\/\/lavoixdelanation.tg\/index.php\/2025\/10\/27\/des-parlementaires-togolais-distingues-pour-leur-engagement-pour-la-paix\/#primaryimage"},"image":{"@id":"https:\/\/lavoixdelanation.tg\/index.php\/2025\/10\/27\/des-parlementaires-togolais-distingues-pour-leur-engagement-pour-la-paix\/#primaryimage"},"thumbnailUrl":"https:\/\/lavoixdelanation.tg\/wp-content\/uploads\/2025\/10\/Des-parlementaires-togolais-distingues-pour-leur-engagement-pour-la-paix.jpg","datePublished":"2025-10-27T06:29:00+00:00","dateModified":"2025-10-27T07:30:36+00:00","breadcrumb":{"@id":"https:\/\/lavoixdelanation.tg\/index.php\/2025\/10\/27\/des-parlementaires-togolais-distingues-pour-leur-engagement-pour-la-paix\/#breadcrumb"},"inLanguage":"fr-FR","potentialAction":[{"@type":"ReadAction","target":["https:\/\/lavoixdelanation.tg\/index.php\/2025\/10\/27\/des-parlementaires-togolais-distingues-pour-leur-engagement-pour-la-paix\/"]}]},{"@type":"ImageObject","inLanguage":"fr-FR","@id":"https:\/\/lavoixdelanation.tg\/index.php\/2025\/10\/27\/des-parlementaires-togolais-distingues-pour-leur-engagement-pour-la-paix\/#primaryimage","url":"https:\/\/lavoixdelanation.tg\/wp-content\/uploads\/2025\/10\/Des-parlementaires-togolais-distingues-pour-leur-engagement-pour-la-paix.jpg","contentUrl":"https:\/\/lavoixdelanation.tg\/wp-content\/uploads\/2025\/10\/Des-parlementaires-togolais-distingues-pour-leur-engagement-pour-la-paix.jpg","width":768,"height":520},{"@type":"BreadcrumbList","@id":"https:\/\/lavoixdelanation.tg\/index.php\/2025\/10\/27\/des-parlementaires-togolais-distingues-pour-leur-engagement-pour-la-paix\/#breadcrumb","itemListElement":[{"@type":"ListItem","position":1,"name":"Accueil","item":"https:\/\/lavoixdelanation.tg\/"},{"@type":"ListItem","position":2,"name":"Des parlementaires togolais distingu\u00e9s pour leur engagement pour la paix"}]},{"@type":"WebSite","@id":"https:\/\/lavoixdelanation.tg\/#website","url":"https:\/\/lavoixdelanation.tg\/","name":"La Voix de la Nation","description":"R\u00e9c\u00e9piss\u00e9 n\u00b00108\/HAAC\/01-2024\/pl\/P","publisher":{"@id":"https:\/\/lavoixdelanation.tg\/#organization"},"alternateName":"VON","potentialAction":[{"@type":"SearchAction","target":{"@type":"EntryPoint","urlTemplate":"https:\/\/lavoixdelanation.tg\/?s={search_term_string}"},"query-input":{"@type":"PropertyValueSpecification","valueRequired":true,"valueName":"search_term_string"}}],"inLanguage":"fr-FR"},{"@type":"Organization","@id":"https:\/\/lavoixdelanation.tg\/#organization","name":"La Voix de la Nation","url":"https:\/\/lavoixdelanation.tg\/","logo":{"@type":"ImageObject","inLanguage":"fr-FR","@id":"https:\/\/lavoixdelanation.tg\/#\/schema\/logo\/image\/","url":"https:\/\/lavoixdelanation.tg\/wp-content\/uploads\/2024\/12\/lavn-1.png","contentUrl":"https:\/\/lavoixdelanation.tg\/wp-content\/uploads\/2024\/12\/lavn-1.png","width":1024,"height":464,"caption":"La Voix de la Nation"},"image":{"@id":"https:\/\/lavoixdelanation.tg\/#\/schema\/logo\/image\/"},"sameAs":["https:\/\/www.facebook.com\/lavoixdelanation"]},{"@type":"Person","@id":"https:\/\/lavoixdelanation.tg\/#\/schema\/person\/6c489293aa38053673a9e554acb6e224","name":"La voix de la nation","image":{"@type":"ImageObject","inLanguage":"fr-FR","@id":"https:\/\/lavoixdelanation.tg\/#\/schema\/person\/image\/","url":"https:\/\/secure.gravatar.com\/avatar\/8aa135d4bbc794494cecaa8d483f6d6cc1023624868deaff686baed5e727a5a1?s=96&d=mm&r=g","contentUrl":"https:\/\/secure.gravatar.com\/avatar\/8aa135d4bbc794494cecaa8d483f6d6cc1023624868deaff686baed5e727a5a1?s=96&d=mm&r=g","caption":"La voix de la nation"},"sameAs":["https:\/\/lavoixdelanation.tg"],"url":"https:\/\/lavoixdelanation.tg\/index.php\/author\/lavn\/"}]}},"_links":{"self":[{"href":"https:\/\/lavoixdelanation.tg\/index.php\/wp-json\/wp\/v2\/posts\/14574","targetHints":{"allow":["GET"]}}],"collection":[{"href":"https:\/\/lavoixdelanation.tg\/index.php\/wp-json\/wp\/v2\/posts"}],"about":[{"href":"https:\/\/lavoixdelanation.tg\/index.php\/wp-json\/wp\/v2\/types\/post"}],"author":[{"embeddable":true,"href":"https:\/\/lavoixdelanation.tg\/index.php\/wp-json\/wp\/v2\/users\/1"}],"replies":[{"embeddable":true,"href":"https:\/\/lavoixdelanation.tg\/index.php\/wp-json\/wp\/v2\/comments?post=14574"}],"version-history":[{"count":1,"href":"https:\/\/lavoixdelanation.tg\/index.php\/wp-json\/wp\/v2\/posts\/14574\/revisions"}],"predecessor-version":[{"id":14576,"href":"https:\/\/lavoixdelanation.tg\/index.php\/wp-json\/wp\/v2\/posts\/14574\/revisions\/14576"}],"wp:featuredmedia":[{"embeddable":true,"href":"https:\/\/lavoixdelanation.tg\/index.php\/wp-json\/wp\/v2\/media\/14575"}],"wp:attachment":[{"href":"https:\/\/lavoixdelanation.tg\/index.php\/wp-json\/wp\/v2\/media?parent=14574"}],"wp:term":[{"taxonomy":"category","embeddable":true,"href":"https:\/\/lavoixdelanation.tg\/index.php\/wp-json\/wp\/v2\/categories?post=14574"},{"taxonomy":"post_tag","embeddable":true,"href":"https:\/\/lavoixdelanation.tg\/index.php\/wp-json\/wp\/v2\/tags?post=14574"}],"curies":[{"name":"wp","href":"https:\/\/api.w.org\/{rel}","templated":true}]}}