{"id":14546,"date":"2025-10-22T23:42:00","date_gmt":"2025-10-22T21:42:00","guid":{"rendered":"https:\/\/lavoixdelanation.tg\/?p=14546"},"modified":"2025-10-23T14:50:53","modified_gmt":"2025-10-23T12:50:53","slug":"la-gestion-des-espaces-maritimes-au-centre-dun-atelier-regional-a-lome","status":"publish","type":"post","link":"https:\/\/lavoixdelanation.tg\/index.php\/2025\/10\/22\/la-gestion-des-espaces-maritimes-au-centre-dun-atelier-regional-a-lome\/","title":{"rendered":"La gestion des espaces maritimes au centre d\u2019un atelier r\u00e9gional \u00e0 Lom\u00e9"},"content":{"rendered":"\n<p><strong>Lom\u00e9 la capitale togolaise accueille depuis ce <\/strong><strong>21 octobre 2025, un atelier r\u00e9gional sur la d\u00e9limitation des fronti\u00e8res et la gestion des espaces maritimes. Les assises sont organis\u00e9es par le Haut Conseil pour la Mer, en partenariat avec la Coop\u00e9ration allemande (GIZ).<\/strong><strong><\/strong><\/p>\n\n\n\n<p>Pr\u00e9vus pour quatre (04), les travaux devront aboutir \u00e0 une plateforme d\u2019\u00e9change entre les parties prenantes frontali\u00e8res sur les exp\u00e9riences v\u00e9cues et les enseignements tir\u00e9s de la d\u00e9limitation et la gestion des espaces maritimes.<\/p>\n\n\n\n<p>Il s\u2019agit de recueillir des contributions, afin de parvenir \u00e0 un guide consensuel sur la gestion des fronti\u00e8res et espaces maritimes en cours d\u2019\u00e9laboration conform\u00e9ment \u00e0 la volont\u00e9 de l\u2019Union africaine.<\/p>\n\n\n\n<p>\u00ab\u00a0Nous nous effor\u00e7ons de faire de nos espaces maritimes, non pas des nids de division, mais des espaces de paix et de coop\u00e9ration\u00a0\u00bb, a indiqu\u00e9 Stanislas Bamouni Baba, ministre conseiller \u00e0 la Pr\u00e9sidence du Conseil, charg\u00e9 des affaires maritimes.<\/p>\n\n\n\n<p>\u00ab\u202fL\u2019Afrique compte 39 pays c\u00f4tiers, mais tr\u00e8s peu ont d\u00e9limit\u00e9 leurs espaces maritimes. Nous devons parler, n\u00e9gocier et coop\u00e9rer pour \u00e9viter les tensions. Les fronti\u00e8res bien d\u00e9finies ne s\u00e9parent pas les peuples, elles les rapprochent\u202f\u00bb, a-t-il ajout\u00e9.<\/p>\n\n\n\n<p>Il a expliqu\u00e9 que le Togo est un Etat-partie \u00e0 la Convention de Montego Bay, une convention qui pr\u00e9conise des fronti\u00e8res justes et \u00e9quitables pour tous les pays c\u00f4tiers et insulaires.<\/p>\n\n\n\n<p>Afin de traduire dans les faits cet engagement, le pays a, depuis dix ans, mis en place une commission d\u00e9di\u00e9e \u00e0 la trac\u00e9e des fronti\u00e8res maritimes, selon des principes pr\u00e9conisant des m\u00e9thodes qui peuvent impliquer des pays lointains.<\/p>\n\n\n\n<p>Ce projet de guide sur les fronti\u00e8res maritimes a \u00e9t\u00e9 salu\u00e9 par l\u2019ambassadeur d\u2019Allemagne au Togo, Dr. Claudius Fischbach.<\/p>\n\n\n\n<p>Le document est appel\u00e9 \u00e0 \u00eatre un outil pr\u00e9cieux pour les Etats c\u00f4tiers, tout permettant de renforcer la coop\u00e9ration, le dialogue et la gestion pacifique des ressources partag\u00e9es.<\/p>\n","protected":false},"excerpt":{"rendered":"<p>Lom\u00e9 la capitale togolaise accueille depuis ce 21 octobre 2025, un atelier r\u00e9gional sur la d\u00e9limitation des fronti\u00e8res et la gestion des espaces maritimes. Les assises sont organis\u00e9es par le&hellip; <\/p>\n","protected":false},"author":1,"featured_media":14547,"comment_status":"open","ping_status":"closed","sticky":false,"template":"","format":"standard","meta":{"footnotes":""},"categories":[8],"tags":[1023,1024,1025,39],"class_list":["post-14546","post","type-post","status-publish","format-standard","has-post-thumbnail","hentry","category-economie","tag-espaces-maritimes","tag-haut-conseil-pour-la-mer","tag-stanislas-bamouni-baba","tag-togo"],"yoast_head":"<!-- This site is optimized with the Yoast SEO plugin v26.4 - https:\/\/yoast.com\/wordpress\/plugins\/seo\/ -->\n<title>La gestion des espaces maritimes au centre d\u2019un atelier r\u00e9gional \u00e0 Lom\u00e9 - La Voix de la Nation<\/title>\n<meta name=\"robots\" content=\"index, follow, max-snippet:-1, max-image-preview:large, max-video-preview:-1\" \/>\n<link rel=\"canonical\" href=\"https:\/\/lavoixdelanation.tg\/index.php\/2025\/10\/22\/la-gestion-des-espaces-maritimes-au-centre-dun-atelier-regional-a-lome\/\" \/>\n<meta property=\"og:locale\" content=\"fr_FR\" \/>\n<meta property=\"og:type\" content=\"article\" \/>\n<meta property=\"og:title\" content=\"La gestion des espaces maritimes au centre d\u2019un atelier r\u00e9gional \u00e0 Lom\u00e9 - La Voix de la Nation\" \/>\n<meta property=\"og:description\" content=\"Lom\u00e9 la capitale togolaise accueille depuis ce 21 octobre 2025, un atelier r\u00e9gional sur la d\u00e9limitation des fronti\u00e8res et la gestion des espaces maritimes. Les assises sont organis\u00e9es par le&hellip;\" \/>\n<meta property=\"og:url\" content=\"https:\/\/lavoixdelanation.tg\/index.php\/2025\/10\/22\/la-gestion-des-espaces-maritimes-au-centre-dun-atelier-regional-a-lome\/\" \/>\n<meta property=\"og:site_name\" content=\"La Voix de la Nation\" \/>\n<meta property=\"article:publisher\" content=\"https:\/\/www.facebook.com\/lavoixdelanation\" \/>\n<meta property=\"article:published_time\" content=\"2025-10-22T21:42:00+00:00\" \/>\n<meta property=\"article:modified_time\" content=\"2025-10-23T12:50:53+00:00\" \/>\n<meta property=\"og:image\" content=\"https:\/\/lavoixdelanation.tg\/wp-content\/uploads\/2025\/10\/Stanislas-Bamouni-Baba-ministre-conseiller-a-la-Presidence-du-Conseil-charge-des-affaires-maritimes.jpg\" \/>\n\t<meta property=\"og:image:width\" content=\"637\" \/>\n\t<meta property=\"og:image:height\" content=\"394\" \/>\n\t<meta property=\"og:image:type\" content=\"image\/jpeg\" \/>\n<meta name=\"author\" content=\"La voix de la nation\" \/>\n<meta name=\"twitter:card\" content=\"summary_large_image\" \/>\n<meta name=\"twitter:label1\" content=\"\u00c9crit par\" \/>\n\t<meta name=\"twitter:data1\" content=\"La voix de la nation\" \/>\n\t<meta name=\"twitter:label2\" content=\"Dur\u00e9e de lecture estim\u00e9e\" \/>\n\t<meta name=\"twitter:data2\" content=\"2 minutes\" \/>\n<script type=\"application\/ld+json\" class=\"yoast-schema-graph\">{\"@context\":\"https:\/\/schema.org\",\"@graph\":[{\"@type\":\"Article\",\"@id\":\"https:\/\/lavoixdelanation.tg\/index.php\/2025\/10\/22\/la-gestion-des-espaces-maritimes-au-centre-dun-atelier-regional-a-lome\/#article\",\"isPartOf\":{\"@id\":\"https:\/\/lavoixdelanation.tg\/index.php\/2025\/10\/22\/la-gestion-des-espaces-maritimes-au-centre-dun-atelier-regional-a-lome\/\"},\"author\":{\"name\":\"La voix de la nation\",\"@id\":\"https:\/\/lavoixdelanation.tg\/#\/schema\/person\/6c489293aa38053673a9e554acb6e224\"},\"headline\":\"La gestion des espaces maritimes au centre d\u2019un atelier r\u00e9gional \u00e0 Lom\u00e9\",\"datePublished\":\"2025-10-22T21:42:00+00:00\",\"dateModified\":\"2025-10-23T12:50:53+00:00\",\"mainEntityOfPage\":{\"@id\":\"https:\/\/lavoixdelanation.tg\/index.php\/2025\/10\/22\/la-gestion-des-espaces-maritimes-au-centre-dun-atelier-regional-a-lome\/\"},\"wordCount\":346,\"commentCount\":0,\"publisher\":{\"@id\":\"https:\/\/lavoixdelanation.tg\/#organization\"},\"image\":{\"@id\":\"https:\/\/lavoixdelanation.tg\/index.php\/2025\/10\/22\/la-gestion-des-espaces-maritimes-au-centre-dun-atelier-regional-a-lome\/#primaryimage\"},\"thumbnailUrl\":\"https:\/\/lavoixdelanation.tg\/wp-content\/uploads\/2025\/10\/Stanislas-Bamouni-Baba-ministre-conseiller-a-la-Presidence-du-Conseil-charge-des-affaires-maritimes.jpg\",\"keywords\":[\"espaces maritimes\",\"Haut Conseil pour la Mer\",\"Stanislas Bamouni Baba\",\"Togo\"],\"articleSection\":[\"Economie\"],\"inLanguage\":\"fr-FR\",\"potentialAction\":[{\"@type\":\"CommentAction\",\"name\":\"Comment\",\"target\":[\"https:\/\/lavoixdelanation.tg\/index.php\/2025\/10\/22\/la-gestion-des-espaces-maritimes-au-centre-dun-atelier-regional-a-lome\/#respond\"]}]},{\"@type\":\"WebPage\",\"@id\":\"https:\/\/lavoixdelanation.tg\/index.php\/2025\/10\/22\/la-gestion-des-espaces-maritimes-au-centre-dun-atelier-regional-a-lome\/\",\"url\":\"https:\/\/lavoixdelanation.tg\/index.php\/2025\/10\/22\/la-gestion-des-espaces-maritimes-au-centre-dun-atelier-regional-a-lome\/\",\"name\":\"La gestion des espaces maritimes au centre d\u2019un atelier r\u00e9gional \u00e0 Lom\u00e9 - La Voix de la Nation\",\"isPartOf\":{\"@id\":\"https:\/\/lavoixdelanation.tg\/#website\"},\"primaryImageOfPage\":{\"@id\":\"https:\/\/lavoixdelanation.tg\/index.php\/2025\/10\/22\/la-gestion-des-espaces-maritimes-au-centre-dun-atelier-regional-a-lome\/#primaryimage\"},\"image\":{\"@id\":\"https:\/\/lavoixdelanation.tg\/index.php\/2025\/10\/22\/la-gestion-des-espaces-maritimes-au-centre-dun-atelier-regional-a-lome\/#primaryimage\"},\"thumbnailUrl\":\"https:\/\/lavoixdelanation.tg\/wp-content\/uploads\/2025\/10\/Stanislas-Bamouni-Baba-ministre-conseiller-a-la-Presidence-du-Conseil-charge-des-affaires-maritimes.jpg\",\"datePublished\":\"2025-10-22T21:42:00+00:00\",\"dateModified\":\"2025-10-23T12:50:53+00:00\",\"breadcrumb\":{\"@id\":\"https:\/\/lavoixdelanation.tg\/index.php\/2025\/10\/22\/la-gestion-des-espaces-maritimes-au-centre-dun-atelier-regional-a-lome\/#breadcrumb\"},\"inLanguage\":\"fr-FR\",\"potentialAction\":[{\"@type\":\"ReadAction\",\"target\":[\"https:\/\/lavoixdelanation.tg\/index.php\/2025\/10\/22\/la-gestion-des-espaces-maritimes-au-centre-dun-atelier-regional-a-lome\/\"]}]},{\"@type\":\"ImageObject\",\"inLanguage\":\"fr-FR\",\"@id\":\"https:\/\/lavoixdelanation.tg\/index.php\/2025\/10\/22\/la-gestion-des-espaces-maritimes-au-centre-dun-atelier-regional-a-lome\/#primaryimage\",\"url\":\"https:\/\/lavoixdelanation.tg\/wp-content\/uploads\/2025\/10\/Stanislas-Bamouni-Baba-ministre-conseiller-a-la-Presidence-du-Conseil-charge-des-affaires-maritimes.jpg\",\"contentUrl\":\"https:\/\/lavoixdelanation.tg\/wp-content\/uploads\/2025\/10\/Stanislas-Bamouni-Baba-ministre-conseiller-a-la-Presidence-du-Conseil-charge-des-affaires-maritimes.jpg\",\"width\":637,\"height\":394,\"caption\":\"Stanislas Bamouni Baba, ministre conseiller \u00e0 la Pr\u00e9sidence du Conseil, charg\u00e9 des affaires maritimes\"},{\"@type\":\"BreadcrumbList\",\"@id\":\"https:\/\/lavoixdelanation.tg\/index.php\/2025\/10\/22\/la-gestion-des-espaces-maritimes-au-centre-dun-atelier-regional-a-lome\/#breadcrumb\",\"itemListElement\":[{\"@type\":\"ListItem\",\"position\":1,\"name\":\"Accueil\",\"item\":\"https:\/\/lavoixdelanation.tg\/\"},{\"@type\":\"ListItem\",\"position\":2,\"name\":\"La gestion des espaces maritimes au centre d\u2019un atelier r\u00e9gional \u00e0 Lom\u00e9\"}]},{\"@type\":\"WebSite\",\"@id\":\"https:\/\/lavoixdelanation.tg\/#website\",\"url\":\"https:\/\/lavoixdelanation.tg\/\",\"name\":\"La Voix de la Nation\",\"description\":\"R\u00e9c\u00e9piss\u00e9 n\u00b00108\/HAAC\/01-2024\/pl\/P\",\"publisher\":{\"@id\":\"https:\/\/lavoixdelanation.tg\/#organization\"},\"alternateName\":\"VON\",\"potentialAction\":[{\"@type\":\"SearchAction\",\"target\":{\"@type\":\"EntryPoint\",\"urlTemplate\":\"https:\/\/lavoixdelanation.tg\/?s={search_term_string}\"},\"query-input\":{\"@type\":\"PropertyValueSpecification\",\"valueRequired\":true,\"valueName\":\"search_term_string\"}}],\"inLanguage\":\"fr-FR\"},{\"@type\":\"Organization\",\"@id\":\"https:\/\/lavoixdelanation.tg\/#organization\",\"name\":\"La Voix de la Nation\",\"url\":\"https:\/\/lavoixdelanation.tg\/\",\"logo\":{\"@type\":\"ImageObject\",\"inLanguage\":\"fr-FR\",\"@id\":\"https:\/\/lavoixdelanation.tg\/#\/schema\/logo\/image\/\",\"url\":\"https:\/\/lavoixdelanation.tg\/wp-content\/uploads\/2024\/12\/lavn-1.png\",\"contentUrl\":\"https:\/\/lavoixdelanation.tg\/wp-content\/uploads\/2024\/12\/lavn-1.png\",\"width\":1024,\"height\":464,\"caption\":\"La Voix de la Nation\"},\"image\":{\"@id\":\"https:\/\/lavoixdelanation.tg\/#\/schema\/logo\/image\/\"},\"sameAs\":[\"https:\/\/www.facebook.com\/lavoixdelanation\"]},{\"@type\":\"Person\",\"@id\":\"https:\/\/lavoixdelanation.tg\/#\/schema\/person\/6c489293aa38053673a9e554acb6e224\",\"name\":\"La voix de la nation\",\"image\":{\"@type\":\"ImageObject\",\"inLanguage\":\"fr-FR\",\"@id\":\"https:\/\/lavoixdelanation.tg\/#\/schema\/person\/image\/\",\"url\":\"https:\/\/secure.gravatar.com\/avatar\/8aa135d4bbc794494cecaa8d483f6d6cc1023624868deaff686baed5e727a5a1?s=96&d=mm&r=g\",\"contentUrl\":\"https:\/\/secure.gravatar.com\/avatar\/8aa135d4bbc794494cecaa8d483f6d6cc1023624868deaff686baed5e727a5a1?s=96&d=mm&r=g\",\"caption\":\"La voix de la nation\"},\"sameAs\":[\"https:\/\/lavoixdelanation.tg\"],\"url\":\"https:\/\/lavoixdelanation.tg\/index.php\/author\/lavn\/\"}]}<\/script>\n<!-- \/ Yoast SEO plugin. -->","yoast_head_json":{"title":"La gestion des espaces maritimes au centre d\u2019un atelier r\u00e9gional \u00e0 Lom\u00e9 - La Voix de la Nation","robots":{"index":"index","follow":"follow","max-snippet":"max-snippet:-1","max-image-preview":"max-image-preview:large","max-video-preview":"max-video-preview:-1"},"canonical":"https:\/\/lavoixdelanation.tg\/index.php\/2025\/10\/22\/la-gestion-des-espaces-maritimes-au-centre-dun-atelier-regional-a-lome\/","og_locale":"fr_FR","og_type":"article","og_title":"La gestion des espaces maritimes au centre d\u2019un atelier r\u00e9gional \u00e0 Lom\u00e9 - La Voix de la Nation","og_description":"Lom\u00e9 la capitale togolaise accueille depuis ce 21 octobre 2025, un atelier r\u00e9gional sur la d\u00e9limitation des fronti\u00e8res et la gestion des espaces maritimes. Les assises sont organis\u00e9es par le&hellip;","og_url":"https:\/\/lavoixdelanation.tg\/index.php\/2025\/10\/22\/la-gestion-des-espaces-maritimes-au-centre-dun-atelier-regional-a-lome\/","og_site_name":"La Voix de la Nation","article_publisher":"https:\/\/www.facebook.com\/lavoixdelanation","article_published_time":"2025-10-22T21:42:00+00:00","article_modified_time":"2025-10-23T12:50:53+00:00","og_image":[{"width":637,"height":394,"url":"https:\/\/lavoixdelanation.tg\/wp-content\/uploads\/2025\/10\/Stanislas-Bamouni-Baba-ministre-conseiller-a-la-Presidence-du-Conseil-charge-des-affaires-maritimes.jpg","type":"image\/jpeg"}],"author":"La voix de la nation","twitter_card":"summary_large_image","twitter_misc":{"\u00c9crit par":"La voix de la nation","Dur\u00e9e de lecture estim\u00e9e":"2 minutes"},"schema":{"@context":"https:\/\/schema.org","@graph":[{"@type":"Article","@id":"https:\/\/lavoixdelanation.tg\/index.php\/2025\/10\/22\/la-gestion-des-espaces-maritimes-au-centre-dun-atelier-regional-a-lome\/#article","isPartOf":{"@id":"https:\/\/lavoixdelanation.tg\/index.php\/2025\/10\/22\/la-gestion-des-espaces-maritimes-au-centre-dun-atelier-regional-a-lome\/"},"author":{"name":"La voix de la nation","@id":"https:\/\/lavoixdelanation.tg\/#\/schema\/person\/6c489293aa38053673a9e554acb6e224"},"headline":"La gestion des espaces maritimes au centre d\u2019un atelier r\u00e9gional \u00e0 Lom\u00e9","datePublished":"2025-10-22T21:42:00+00:00","dateModified":"2025-10-23T12:50:53+00:00","mainEntityOfPage":{"@id":"https:\/\/lavoixdelanation.tg\/index.php\/2025\/10\/22\/la-gestion-des-espaces-maritimes-au-centre-dun-atelier-regional-a-lome\/"},"wordCount":346,"commentCount":0,"publisher":{"@id":"https:\/\/lavoixdelanation.tg\/#organization"},"image":{"@id":"https:\/\/lavoixdelanation.tg\/index.php\/2025\/10\/22\/la-gestion-des-espaces-maritimes-au-centre-dun-atelier-regional-a-lome\/#primaryimage"},"thumbnailUrl":"https:\/\/lavoixdelanation.tg\/wp-content\/uploads\/2025\/10\/Stanislas-Bamouni-Baba-ministre-conseiller-a-la-Presidence-du-Conseil-charge-des-affaires-maritimes.jpg","keywords":["espaces maritimes","Haut Conseil pour la Mer","Stanislas Bamouni Baba","Togo"],"articleSection":["Economie"],"inLanguage":"fr-FR","potentialAction":[{"@type":"CommentAction","name":"Comment","target":["https:\/\/lavoixdelanation.tg\/index.php\/2025\/10\/22\/la-gestion-des-espaces-maritimes-au-centre-dun-atelier-regional-a-lome\/#respond"]}]},{"@type":"WebPage","@id":"https:\/\/lavoixdelanation.tg\/index.php\/2025\/10\/22\/la-gestion-des-espaces-maritimes-au-centre-dun-atelier-regional-a-lome\/","url":"https:\/\/lavoixdelanation.tg\/index.php\/2025\/10\/22\/la-gestion-des-espaces-maritimes-au-centre-dun-atelier-regional-a-lome\/","name":"La gestion des espaces maritimes au centre d\u2019un atelier r\u00e9gional \u00e0 Lom\u00e9 - La Voix de la Nation","isPartOf":{"@id":"https:\/\/lavoixdelanation.tg\/#website"},"primaryImageOfPage":{"@id":"https:\/\/lavoixdelanation.tg\/index.php\/2025\/10\/22\/la-gestion-des-espaces-maritimes-au-centre-dun-atelier-regional-a-lome\/#primaryimage"},"image":{"@id":"https:\/\/lavoixdelanation.tg\/index.php\/2025\/10\/22\/la-gestion-des-espaces-maritimes-au-centre-dun-atelier-regional-a-lome\/#primaryimage"},"thumbnailUrl":"https:\/\/lavoixdelanation.tg\/wp-content\/uploads\/2025\/10\/Stanislas-Bamouni-Baba-ministre-conseiller-a-la-Presidence-du-Conseil-charge-des-affaires-maritimes.jpg","datePublished":"2025-10-22T21:42:00+00:00","dateModified":"2025-10-23T12:50:53+00:00","breadcrumb":{"@id":"https:\/\/lavoixdelanation.tg\/index.php\/2025\/10\/22\/la-gestion-des-espaces-maritimes-au-centre-dun-atelier-regional-a-lome\/#breadcrumb"},"inLanguage":"fr-FR","potentialAction":[{"@type":"ReadAction","target":["https:\/\/lavoixdelanation.tg\/index.php\/2025\/10\/22\/la-gestion-des-espaces-maritimes-au-centre-dun-atelier-regional-a-lome\/"]}]},{"@type":"ImageObject","inLanguage":"fr-FR","@id":"https:\/\/lavoixdelanation.tg\/index.php\/2025\/10\/22\/la-gestion-des-espaces-maritimes-au-centre-dun-atelier-regional-a-lome\/#primaryimage","url":"https:\/\/lavoixdelanation.tg\/wp-content\/uploads\/2025\/10\/Stanislas-Bamouni-Baba-ministre-conseiller-a-la-Presidence-du-Conseil-charge-des-affaires-maritimes.jpg","contentUrl":"https:\/\/lavoixdelanation.tg\/wp-content\/uploads\/2025\/10\/Stanislas-Bamouni-Baba-ministre-conseiller-a-la-Presidence-du-Conseil-charge-des-affaires-maritimes.jpg","width":637,"height":394,"caption":"Stanislas Bamouni Baba, ministre conseiller \u00e0 la Pr\u00e9sidence du Conseil, charg\u00e9 des affaires maritimes"},{"@type":"BreadcrumbList","@id":"https:\/\/lavoixdelanation.tg\/index.php\/2025\/10\/22\/la-gestion-des-espaces-maritimes-au-centre-dun-atelier-regional-a-lome\/#breadcrumb","itemListElement":[{"@type":"ListItem","position":1,"name":"Accueil","item":"https:\/\/lavoixdelanation.tg\/"},{"@type":"ListItem","position":2,"name":"La gestion des espaces maritimes au centre d\u2019un atelier r\u00e9gional \u00e0 Lom\u00e9"}]},{"@type":"WebSite","@id":"https:\/\/lavoixdelanation.tg\/#website","url":"https:\/\/lavoixdelanation.tg\/","name":"La Voix de la Nation","description":"R\u00e9c\u00e9piss\u00e9 n\u00b00108\/HAAC\/01-2024\/pl\/P","publisher":{"@id":"https:\/\/lavoixdelanation.tg\/#organization"},"alternateName":"VON","potentialAction":[{"@type":"SearchAction","target":{"@type":"EntryPoint","urlTemplate":"https:\/\/lavoixdelanation.tg\/?s={search_term_string}"},"query-input":{"@type":"PropertyValueSpecification","valueRequired":true,"valueName":"search_term_string"}}],"inLanguage":"fr-FR"},{"@type":"Organization","@id":"https:\/\/lavoixdelanation.tg\/#organization","name":"La Voix de la Nation","url":"https:\/\/lavoixdelanation.tg\/","logo":{"@type":"ImageObject","inLanguage":"fr-FR","@id":"https:\/\/lavoixdelanation.tg\/#\/schema\/logo\/image\/","url":"https:\/\/lavoixdelanation.tg\/wp-content\/uploads\/2024\/12\/lavn-1.png","contentUrl":"https:\/\/lavoixdelanation.tg\/wp-content\/uploads\/2024\/12\/lavn-1.png","width":1024,"height":464,"caption":"La Voix de la Nation"},"image":{"@id":"https:\/\/lavoixdelanation.tg\/#\/schema\/logo\/image\/"},"sameAs":["https:\/\/www.facebook.com\/lavoixdelanation"]},{"@type":"Person","@id":"https:\/\/lavoixdelanation.tg\/#\/schema\/person\/6c489293aa38053673a9e554acb6e224","name":"La voix de la nation","image":{"@type":"ImageObject","inLanguage":"fr-FR","@id":"https:\/\/lavoixdelanation.tg\/#\/schema\/person\/image\/","url":"https:\/\/secure.gravatar.com\/avatar\/8aa135d4bbc794494cecaa8d483f6d6cc1023624868deaff686baed5e727a5a1?s=96&d=mm&r=g","contentUrl":"https:\/\/secure.gravatar.com\/avatar\/8aa135d4bbc794494cecaa8d483f6d6cc1023624868deaff686baed5e727a5a1?s=96&d=mm&r=g","caption":"La voix de la nation"},"sameAs":["https:\/\/lavoixdelanation.tg"],"url":"https:\/\/lavoixdelanation.tg\/index.php\/author\/lavn\/"}]}},"_links":{"self":[{"href":"https:\/\/lavoixdelanation.tg\/index.php\/wp-json\/wp\/v2\/posts\/14546","targetHints":{"allow":["GET"]}}],"collection":[{"href":"https:\/\/lavoixdelanation.tg\/index.php\/wp-json\/wp\/v2\/posts"}],"about":[{"href":"https:\/\/lavoixdelanation.tg\/index.php\/wp-json\/wp\/v2\/types\/post"}],"author":[{"embeddable":true,"href":"https:\/\/lavoixdelanation.tg\/index.php\/wp-json\/wp\/v2\/users\/1"}],"replies":[{"embeddable":true,"href":"https:\/\/lavoixdelanation.tg\/index.php\/wp-json\/wp\/v2\/comments?post=14546"}],"version-history":[{"count":1,"href":"https:\/\/lavoixdelanation.tg\/index.php\/wp-json\/wp\/v2\/posts\/14546\/revisions"}],"predecessor-version":[{"id":14548,"href":"https:\/\/lavoixdelanation.tg\/index.php\/wp-json\/wp\/v2\/posts\/14546\/revisions\/14548"}],"wp:featuredmedia":[{"embeddable":true,"href":"https:\/\/lavoixdelanation.tg\/index.php\/wp-json\/wp\/v2\/media\/14547"}],"wp:attachment":[{"href":"https:\/\/lavoixdelanation.tg\/index.php\/wp-json\/wp\/v2\/media?parent=14546"}],"wp:term":[{"taxonomy":"category","embeddable":true,"href":"https:\/\/lavoixdelanation.tg\/index.php\/wp-json\/wp\/v2\/categories?post=14546"},{"taxonomy":"post_tag","embeddable":true,"href":"https:\/\/lavoixdelanation.tg\/index.php\/wp-json\/wp\/v2\/tags?post=14546"}],"curies":[{"name":"wp","href":"https:\/\/api.w.org\/{rel}","templated":true}]}}