{"id":14517,"date":"2025-10-22T10:05:00","date_gmt":"2025-10-22T08:05:00","guid":{"rendered":"https:\/\/lavoixdelanation.tg\/?p=14517"},"modified":"2025-10-22T13:16:24","modified_gmt":"2025-10-22T11:16:24","slug":"developpement-humain-le-togo-signe-une-nouvelle-avancee-historique","status":"publish","type":"post","link":"https:\/\/lavoixdelanation.tg\/index.php\/2025\/10\/22\/developpement-humain-le-togo-signe-une-nouvelle-avancee-historique\/","title":{"rendered":"D\u00e9veloppement humain\u00a0: Le Togo signe une nouvelle avanc\u00e9e historique"},"content":{"rendered":"\n<p><strong>Dans son parcours de d\u00e9veloppement, le pays signe une nouvelle avanc\u00e9e historique. En effet, selon le dernier rapport 2025 sur l&rsquo;Indice de d\u00e9veloppement humain (IDH), le pays se hisse \u00e0 la deuxi\u00e8me place du classement dans l&rsquo;espace UEMOA et devient, avec la C\u00f4te d&rsquo;Ivoire, l&rsquo;un des deux seuls pays de la zone \u00e0 figurer dans la cat\u00e9gorie des nations \u00e0 \u00ab&nbsp;d\u00e9veloppement humain moyen&nbsp;\u00bb.<\/strong><\/p>\n\n\n\n<p>Sur le plan sous r\u00e9gional, le Togo occupe la quatri\u00e8me position dans la CEDEAO, derri\u00e8re le Cap-Vert, le Ghana et la C\u00f4te d&rsquo;Ivoire, mais devant le Nig\u00e9ria, g\u00e9ant \u00e9conomique du continent. Ces r\u00e9sultats soulignent que la dynamique enclench\u00e9e porte ses fruits et que le Togo s&rsquo;affirme de plus en plus comme un acteur cr\u00e9dible en mati\u00e8re de d\u00e9veloppement humain.<\/p>\n\n\n\n<p>Jusqu&rsquo;au rapport pr\u00e9c\u00e9dent (2023-2024), le Togo faisait encore partie du groupe des pays \u00e0 d\u00e9veloppement humain faible. Avec un IDH de 0,571 dans le rapport 2025, contre 0,547 dans le pr\u00e9c\u00e9dent, le pays franchit le seuil de 0,550 qui marque l&rsquo;entr\u00e9e dans la cat\u00e9gorie des pays \u00e0 d\u00e9veloppement humain moyen.<\/p>\n\n\n\n<p>Ce bond r\u00e9sulte d&rsquo;une s\u00e9rie de r\u00e9formes ambitieuses mises en \u0153uvre dans le cadre de la Feuille de route gouvernementale 2020-2025, impuls\u00e9e par le Pr\u00e9sident du Conseil Faure Gnassingb\u00e9. Ces r\u00e9formes ont cibl\u00e9 les secteurs sociaux essentiels, en particulier la sant\u00e9 et l&rsquo;\u00e9ducation, tout en consolidant la croissance \u00e9conomique.<\/p>\n\n\n\n<figure class=\"wp-block-image size-large\"><img loading=\"lazy\" decoding=\"async\" width=\"1024\" height=\"1024\" src=\"https:\/\/lavoixdelanation.tg\/wp-content\/uploads\/2025\/10\/Developpement-humain-2025-du-Togo-1024x1024.jpg\" alt=\"\" class=\"wp-image-14520\" srcset=\"https:\/\/lavoixdelanation.tg\/wp-content\/uploads\/2025\/10\/Developpement-humain-2025-du-Togo-1024x1024.jpg 1024w, https:\/\/lavoixdelanation.tg\/wp-content\/uploads\/2025\/10\/Developpement-humain-2025-du-Togo-300x300.jpg 300w, https:\/\/lavoixdelanation.tg\/wp-content\/uploads\/2025\/10\/Developpement-humain-2025-du-Togo-150x150.jpg 150w, https:\/\/lavoixdelanation.tg\/wp-content\/uploads\/2025\/10\/Developpement-humain-2025-du-Togo-768x768.jpg 768w, https:\/\/lavoixdelanation.tg\/wp-content\/uploads\/2025\/10\/Developpement-humain-2025-du-Togo.jpg 1080w\" sizes=\"auto, (max-width: 1024px) 100vw, 1024px\" \/><\/figure>\n\n\n\n<p>Sur le plan \u00e9conomique, le revenu national brut par habitant a progress\u00e9 de mani\u00e8re significative, passant de 2 748 dollars am\u00e9ricains dans le rapport 2023-2024 \u00e0 2 856 dollars dans le rapport 2025.<\/p>\n\n\n\n<p>\u00c0 titre d&rsquo;exemple dans le domaine de la sant\u00e9, le programme Wezou, lanc\u00e9 pour soutenir les femmes enceintes, a d\u00e9j\u00e0 b\u00e9n\u00e9fici\u00e9 \u00e0 plus de 633 000 femmes \u00e0 fin septembre 2024, facilitant le suivi des grossesses et r\u00e9duisant les risques li\u00e9s \u00e0 la maternit\u00e9. Le dispositif School Amu, a quant \u00e0 lui, permis plus de 4,5 millions de prises en charge m\u00e9dicales pour les \u00e9l\u00e8ves, garantissant une couverture sanitaire aux plus jeunes et contribuant \u00e0 la r\u00e9tention scolaire.<\/p>\n\n\n\n<p>Plus r\u00e9cemment, l&rsquo;Assurance maladie universelle (AMU) lanc\u00e9e en d\u00e9but d&rsquo;ann\u00e9e 2024 dans sa pleine mesure, vise \u00e0 offrir une couverture sanitaire \u00e0 l&rsquo;ensemble de la population, y compris aux travailleurs du secteur informel, renfor\u00e7ant ainsi la r\u00e9silience sociale.<\/p>\n\n\n\n<p>Au demeurant, la sortie du Togo de la cat\u00e9gorie des pays \u00e0 d\u00e9veloppement humain faible pour rejoindre celle des pays \u00e0 d\u00e9veloppement humain moyen constitue une \u00e9tape majeure. Elle marque une consolidation des acquis et ouvre la voie \u00e0 de nouveaux d\u00e9fis.<\/p>\n\n\n\n<p>La p\u00e9rennisation de ces r\u00e9sultats exigera la poursuite des r\u00e9formes structurelles et un renforcement des investissements dans le capital humain.<\/p>\n\n\n\n<p>Mis en place par le Programme des Nations unies pour le d\u00e9veloppement (PNUD), l&rsquo;Indice de d\u00e9veloppement humain mesure les progr\u00e8s d&rsquo;un pays \u00e0 travers trois dimensions cl\u00e9s : la sant\u00e9, l&rsquo;\u00e9ducation et le revenu national par habitant. Il classe les pays en quatre grandes cat\u00e9gories : d\u00e9veloppement humain faible, moyen, \u00e9lev\u00e9 et tr\u00e8s \u00e9lev\u00e9.<\/p>\n","protected":false},"excerpt":{"rendered":"<p>Dans son parcours de d\u00e9veloppement, le pays signe une nouvelle avanc\u00e9e historique. En effet, selon le dernier rapport 2025 sur l&rsquo;Indice de d\u00e9veloppement humain (IDH), le pays se hisse \u00e0&hellip; <\/p>\n","protected":false},"author":1,"featured_media":14518,"comment_status":"open","ping_status":"closed","sticky":false,"template":"","format":"standard","meta":{"footnotes":""},"categories":[29],"tags":[1006,1007],"class_list":["post-14517","post","type-post","status-publish","format-standard","has-post-thumbnail","hentry","category-societe","tag-developpement-humain-au-togo","tag-idh"],"yoast_head":"<!-- This site is optimized with the Yoast SEO plugin v26.4 - https:\/\/yoast.com\/wordpress\/plugins\/seo\/ -->\n<title>D\u00e9veloppement humain\u00a0: Le Togo signe une nouvelle avanc\u00e9e historique - La Voix de la Nation<\/title>\n<meta name=\"robots\" content=\"index, follow, max-snippet:-1, max-image-preview:large, max-video-preview:-1\" \/>\n<link rel=\"canonical\" href=\"https:\/\/lavoixdelanation.tg\/index.php\/2025\/10\/22\/developpement-humain-le-togo-signe-une-nouvelle-avancee-historique\/\" \/>\n<meta property=\"og:locale\" content=\"fr_FR\" \/>\n<meta property=\"og:type\" content=\"article\" \/>\n<meta property=\"og:title\" content=\"D\u00e9veloppement humain\u00a0: Le Togo signe une nouvelle avanc\u00e9e historique - La Voix de la Nation\" \/>\n<meta property=\"og:description\" content=\"Dans son parcours de d\u00e9veloppement, le pays signe une nouvelle avanc\u00e9e historique. En effet, selon le dernier rapport 2025 sur l&rsquo;Indice de d\u00e9veloppement humain (IDH), le pays se hisse \u00e0&hellip;\" \/>\n<meta property=\"og:url\" content=\"https:\/\/lavoixdelanation.tg\/index.php\/2025\/10\/22\/developpement-humain-le-togo-signe-une-nouvelle-avancee-historique\/\" \/>\n<meta property=\"og:site_name\" content=\"La Voix de la Nation\" \/>\n<meta property=\"article:publisher\" content=\"https:\/\/www.facebook.com\/lavoixdelanation\" \/>\n<meta property=\"article:published_time\" content=\"2025-10-22T08:05:00+00:00\" \/>\n<meta property=\"article:modified_time\" content=\"2025-10-22T11:16:24+00:00\" \/>\n<meta property=\"og:image\" content=\"https:\/\/lavoixdelanation.tg\/wp-content\/uploads\/2025\/10\/Developpement-humain-2025-au-Togo.jpg\" \/>\n\t<meta property=\"og:image:width\" content=\"684\" \/>\n\t<meta property=\"og:image:height\" content=\"394\" \/>\n\t<meta property=\"og:image:type\" content=\"image\/jpeg\" \/>\n<meta name=\"author\" content=\"La voix de la nation\" \/>\n<meta name=\"twitter:card\" content=\"summary_large_image\" \/>\n<meta name=\"twitter:label1\" content=\"\u00c9crit par\" \/>\n\t<meta name=\"twitter:data1\" content=\"La voix de la nation\" \/>\n\t<meta name=\"twitter:label2\" content=\"Dur\u00e9e de lecture estim\u00e9e\" \/>\n\t<meta name=\"twitter:data2\" content=\"3 minutes\" \/>\n<script type=\"application\/ld+json\" class=\"yoast-schema-graph\">{\"@context\":\"https:\/\/schema.org\",\"@graph\":[{\"@type\":\"Article\",\"@id\":\"https:\/\/lavoixdelanation.tg\/index.php\/2025\/10\/22\/developpement-humain-le-togo-signe-une-nouvelle-avancee-historique\/#article\",\"isPartOf\":{\"@id\":\"https:\/\/lavoixdelanation.tg\/index.php\/2025\/10\/22\/developpement-humain-le-togo-signe-une-nouvelle-avancee-historique\/\"},\"author\":{\"name\":\"La voix de la nation\",\"@id\":\"https:\/\/lavoixdelanation.tg\/#\/schema\/person\/6c489293aa38053673a9e554acb6e224\"},\"headline\":\"D\u00e9veloppement humain\u00a0: Le Togo signe une nouvelle avanc\u00e9e historique\",\"datePublished\":\"2025-10-22T08:05:00+00:00\",\"dateModified\":\"2025-10-22T11:16:24+00:00\",\"mainEntityOfPage\":{\"@id\":\"https:\/\/lavoixdelanation.tg\/index.php\/2025\/10\/22\/developpement-humain-le-togo-signe-une-nouvelle-avancee-historique\/\"},\"wordCount\":543,\"commentCount\":0,\"publisher\":{\"@id\":\"https:\/\/lavoixdelanation.tg\/#organization\"},\"image\":{\"@id\":\"https:\/\/lavoixdelanation.tg\/index.php\/2025\/10\/22\/developpement-humain-le-togo-signe-une-nouvelle-avancee-historique\/#primaryimage\"},\"thumbnailUrl\":\"https:\/\/lavoixdelanation.tg\/wp-content\/uploads\/2025\/10\/Developpement-humain-2025-au-Togo.jpg\",\"keywords\":[\"D\u00e9veloppement humain\u00a0au Togo\",\"IDH\"],\"articleSection\":[\"Soci\u00e9t\u00e9\"],\"inLanguage\":\"fr-FR\",\"potentialAction\":[{\"@type\":\"CommentAction\",\"name\":\"Comment\",\"target\":[\"https:\/\/lavoixdelanation.tg\/index.php\/2025\/10\/22\/developpement-humain-le-togo-signe-une-nouvelle-avancee-historique\/#respond\"]}]},{\"@type\":\"WebPage\",\"@id\":\"https:\/\/lavoixdelanation.tg\/index.php\/2025\/10\/22\/developpement-humain-le-togo-signe-une-nouvelle-avancee-historique\/\",\"url\":\"https:\/\/lavoixdelanation.tg\/index.php\/2025\/10\/22\/developpement-humain-le-togo-signe-une-nouvelle-avancee-historique\/\",\"name\":\"D\u00e9veloppement humain\u00a0: Le Togo signe une nouvelle avanc\u00e9e historique - La Voix de la Nation\",\"isPartOf\":{\"@id\":\"https:\/\/lavoixdelanation.tg\/#website\"},\"primaryImageOfPage\":{\"@id\":\"https:\/\/lavoixdelanation.tg\/index.php\/2025\/10\/22\/developpement-humain-le-togo-signe-une-nouvelle-avancee-historique\/#primaryimage\"},\"image\":{\"@id\":\"https:\/\/lavoixdelanation.tg\/index.php\/2025\/10\/22\/developpement-humain-le-togo-signe-une-nouvelle-avancee-historique\/#primaryimage\"},\"thumbnailUrl\":\"https:\/\/lavoixdelanation.tg\/wp-content\/uploads\/2025\/10\/Developpement-humain-2025-au-Togo.jpg\",\"datePublished\":\"2025-10-22T08:05:00+00:00\",\"dateModified\":\"2025-10-22T11:16:24+00:00\",\"breadcrumb\":{\"@id\":\"https:\/\/lavoixdelanation.tg\/index.php\/2025\/10\/22\/developpement-humain-le-togo-signe-une-nouvelle-avancee-historique\/#breadcrumb\"},\"inLanguage\":\"fr-FR\",\"potentialAction\":[{\"@type\":\"ReadAction\",\"target\":[\"https:\/\/lavoixdelanation.tg\/index.php\/2025\/10\/22\/developpement-humain-le-togo-signe-une-nouvelle-avancee-historique\/\"]}]},{\"@type\":\"ImageObject\",\"inLanguage\":\"fr-FR\",\"@id\":\"https:\/\/lavoixdelanation.tg\/index.php\/2025\/10\/22\/developpement-humain-le-togo-signe-une-nouvelle-avancee-historique\/#primaryimage\",\"url\":\"https:\/\/lavoixdelanation.tg\/wp-content\/uploads\/2025\/10\/Developpement-humain-2025-au-Togo.jpg\",\"contentUrl\":\"https:\/\/lavoixdelanation.tg\/wp-content\/uploads\/2025\/10\/Developpement-humain-2025-au-Togo.jpg\",\"width\":684,\"height\":394},{\"@type\":\"BreadcrumbList\",\"@id\":\"https:\/\/lavoixdelanation.tg\/index.php\/2025\/10\/22\/developpement-humain-le-togo-signe-une-nouvelle-avancee-historique\/#breadcrumb\",\"itemListElement\":[{\"@type\":\"ListItem\",\"position\":1,\"name\":\"Accueil\",\"item\":\"https:\/\/lavoixdelanation.tg\/\"},{\"@type\":\"ListItem\",\"position\":2,\"name\":\"D\u00e9veloppement humain\u00a0: Le Togo signe une nouvelle avanc\u00e9e historique\"}]},{\"@type\":\"WebSite\",\"@id\":\"https:\/\/lavoixdelanation.tg\/#website\",\"url\":\"https:\/\/lavoixdelanation.tg\/\",\"name\":\"La Voix de la Nation\",\"description\":\"R\u00e9c\u00e9piss\u00e9 n\u00b00108\/HAAC\/01-2024\/pl\/P\",\"publisher\":{\"@id\":\"https:\/\/lavoixdelanation.tg\/#organization\"},\"alternateName\":\"VON\",\"potentialAction\":[{\"@type\":\"SearchAction\",\"target\":{\"@type\":\"EntryPoint\",\"urlTemplate\":\"https:\/\/lavoixdelanation.tg\/?s={search_term_string}\"},\"query-input\":{\"@type\":\"PropertyValueSpecification\",\"valueRequired\":true,\"valueName\":\"search_term_string\"}}],\"inLanguage\":\"fr-FR\"},{\"@type\":\"Organization\",\"@id\":\"https:\/\/lavoixdelanation.tg\/#organization\",\"name\":\"La Voix de la Nation\",\"url\":\"https:\/\/lavoixdelanation.tg\/\",\"logo\":{\"@type\":\"ImageObject\",\"inLanguage\":\"fr-FR\",\"@id\":\"https:\/\/lavoixdelanation.tg\/#\/schema\/logo\/image\/\",\"url\":\"https:\/\/lavoixdelanation.tg\/wp-content\/uploads\/2024\/12\/lavn-1.png\",\"contentUrl\":\"https:\/\/lavoixdelanation.tg\/wp-content\/uploads\/2024\/12\/lavn-1.png\",\"width\":1024,\"height\":464,\"caption\":\"La Voix de la Nation\"},\"image\":{\"@id\":\"https:\/\/lavoixdelanation.tg\/#\/schema\/logo\/image\/\"},\"sameAs\":[\"https:\/\/www.facebook.com\/lavoixdelanation\"]},{\"@type\":\"Person\",\"@id\":\"https:\/\/lavoixdelanation.tg\/#\/schema\/person\/6c489293aa38053673a9e554acb6e224\",\"name\":\"La voix de la nation\",\"image\":{\"@type\":\"ImageObject\",\"inLanguage\":\"fr-FR\",\"@id\":\"https:\/\/lavoixdelanation.tg\/#\/schema\/person\/image\/\",\"url\":\"https:\/\/secure.gravatar.com\/avatar\/8aa135d4bbc794494cecaa8d483f6d6cc1023624868deaff686baed5e727a5a1?s=96&d=mm&r=g\",\"contentUrl\":\"https:\/\/secure.gravatar.com\/avatar\/8aa135d4bbc794494cecaa8d483f6d6cc1023624868deaff686baed5e727a5a1?s=96&d=mm&r=g\",\"caption\":\"La voix de la nation\"},\"sameAs\":[\"https:\/\/lavoixdelanation.tg\"],\"url\":\"https:\/\/lavoixdelanation.tg\/index.php\/author\/lavn\/\"}]}<\/script>\n<!-- \/ Yoast SEO plugin. -->","yoast_head_json":{"title":"D\u00e9veloppement humain\u00a0: Le Togo signe une nouvelle avanc\u00e9e historique - La Voix de la Nation","robots":{"index":"index","follow":"follow","max-snippet":"max-snippet:-1","max-image-preview":"max-image-preview:large","max-video-preview":"max-video-preview:-1"},"canonical":"https:\/\/lavoixdelanation.tg\/index.php\/2025\/10\/22\/developpement-humain-le-togo-signe-une-nouvelle-avancee-historique\/","og_locale":"fr_FR","og_type":"article","og_title":"D\u00e9veloppement humain\u00a0: Le Togo signe une nouvelle avanc\u00e9e historique - La Voix de la Nation","og_description":"Dans son parcours de d\u00e9veloppement, le pays signe une nouvelle avanc\u00e9e historique. En effet, selon le dernier rapport 2025 sur l&rsquo;Indice de d\u00e9veloppement humain (IDH), le pays se hisse \u00e0&hellip;","og_url":"https:\/\/lavoixdelanation.tg\/index.php\/2025\/10\/22\/developpement-humain-le-togo-signe-une-nouvelle-avancee-historique\/","og_site_name":"La Voix de la Nation","article_publisher":"https:\/\/www.facebook.com\/lavoixdelanation","article_published_time":"2025-10-22T08:05:00+00:00","article_modified_time":"2025-10-22T11:16:24+00:00","og_image":[{"width":684,"height":394,"url":"https:\/\/lavoixdelanation.tg\/wp-content\/uploads\/2025\/10\/Developpement-humain-2025-au-Togo.jpg","type":"image\/jpeg"}],"author":"La voix de la nation","twitter_card":"summary_large_image","twitter_misc":{"\u00c9crit par":"La voix de la nation","Dur\u00e9e de lecture estim\u00e9e":"3 minutes"},"schema":{"@context":"https:\/\/schema.org","@graph":[{"@type":"Article","@id":"https:\/\/lavoixdelanation.tg\/index.php\/2025\/10\/22\/developpement-humain-le-togo-signe-une-nouvelle-avancee-historique\/#article","isPartOf":{"@id":"https:\/\/lavoixdelanation.tg\/index.php\/2025\/10\/22\/developpement-humain-le-togo-signe-une-nouvelle-avancee-historique\/"},"author":{"name":"La voix de la nation","@id":"https:\/\/lavoixdelanation.tg\/#\/schema\/person\/6c489293aa38053673a9e554acb6e224"},"headline":"D\u00e9veloppement humain\u00a0: Le Togo signe une nouvelle avanc\u00e9e historique","datePublished":"2025-10-22T08:05:00+00:00","dateModified":"2025-10-22T11:16:24+00:00","mainEntityOfPage":{"@id":"https:\/\/lavoixdelanation.tg\/index.php\/2025\/10\/22\/developpement-humain-le-togo-signe-une-nouvelle-avancee-historique\/"},"wordCount":543,"commentCount":0,"publisher":{"@id":"https:\/\/lavoixdelanation.tg\/#organization"},"image":{"@id":"https:\/\/lavoixdelanation.tg\/index.php\/2025\/10\/22\/developpement-humain-le-togo-signe-une-nouvelle-avancee-historique\/#primaryimage"},"thumbnailUrl":"https:\/\/lavoixdelanation.tg\/wp-content\/uploads\/2025\/10\/Developpement-humain-2025-au-Togo.jpg","keywords":["D\u00e9veloppement humain\u00a0au Togo","IDH"],"articleSection":["Soci\u00e9t\u00e9"],"inLanguage":"fr-FR","potentialAction":[{"@type":"CommentAction","name":"Comment","target":["https:\/\/lavoixdelanation.tg\/index.php\/2025\/10\/22\/developpement-humain-le-togo-signe-une-nouvelle-avancee-historique\/#respond"]}]},{"@type":"WebPage","@id":"https:\/\/lavoixdelanation.tg\/index.php\/2025\/10\/22\/developpement-humain-le-togo-signe-une-nouvelle-avancee-historique\/","url":"https:\/\/lavoixdelanation.tg\/index.php\/2025\/10\/22\/developpement-humain-le-togo-signe-une-nouvelle-avancee-historique\/","name":"D\u00e9veloppement humain\u00a0: Le Togo signe une nouvelle avanc\u00e9e historique - La Voix de la Nation","isPartOf":{"@id":"https:\/\/lavoixdelanation.tg\/#website"},"primaryImageOfPage":{"@id":"https:\/\/lavoixdelanation.tg\/index.php\/2025\/10\/22\/developpement-humain-le-togo-signe-une-nouvelle-avancee-historique\/#primaryimage"},"image":{"@id":"https:\/\/lavoixdelanation.tg\/index.php\/2025\/10\/22\/developpement-humain-le-togo-signe-une-nouvelle-avancee-historique\/#primaryimage"},"thumbnailUrl":"https:\/\/lavoixdelanation.tg\/wp-content\/uploads\/2025\/10\/Developpement-humain-2025-au-Togo.jpg","datePublished":"2025-10-22T08:05:00+00:00","dateModified":"2025-10-22T11:16:24+00:00","breadcrumb":{"@id":"https:\/\/lavoixdelanation.tg\/index.php\/2025\/10\/22\/developpement-humain-le-togo-signe-une-nouvelle-avancee-historique\/#breadcrumb"},"inLanguage":"fr-FR","potentialAction":[{"@type":"ReadAction","target":["https:\/\/lavoixdelanation.tg\/index.php\/2025\/10\/22\/developpement-humain-le-togo-signe-une-nouvelle-avancee-historique\/"]}]},{"@type":"ImageObject","inLanguage":"fr-FR","@id":"https:\/\/lavoixdelanation.tg\/index.php\/2025\/10\/22\/developpement-humain-le-togo-signe-une-nouvelle-avancee-historique\/#primaryimage","url":"https:\/\/lavoixdelanation.tg\/wp-content\/uploads\/2025\/10\/Developpement-humain-2025-au-Togo.jpg","contentUrl":"https:\/\/lavoixdelanation.tg\/wp-content\/uploads\/2025\/10\/Developpement-humain-2025-au-Togo.jpg","width":684,"height":394},{"@type":"BreadcrumbList","@id":"https:\/\/lavoixdelanation.tg\/index.php\/2025\/10\/22\/developpement-humain-le-togo-signe-une-nouvelle-avancee-historique\/#breadcrumb","itemListElement":[{"@type":"ListItem","position":1,"name":"Accueil","item":"https:\/\/lavoixdelanation.tg\/"},{"@type":"ListItem","position":2,"name":"D\u00e9veloppement humain\u00a0: Le Togo signe une nouvelle avanc\u00e9e historique"}]},{"@type":"WebSite","@id":"https:\/\/lavoixdelanation.tg\/#website","url":"https:\/\/lavoixdelanation.tg\/","name":"La Voix de la Nation","description":"R\u00e9c\u00e9piss\u00e9 n\u00b00108\/HAAC\/01-2024\/pl\/P","publisher":{"@id":"https:\/\/lavoixdelanation.tg\/#organization"},"alternateName":"VON","potentialAction":[{"@type":"SearchAction","target":{"@type":"EntryPoint","urlTemplate":"https:\/\/lavoixdelanation.tg\/?s={search_term_string}"},"query-input":{"@type":"PropertyValueSpecification","valueRequired":true,"valueName":"search_term_string"}}],"inLanguage":"fr-FR"},{"@type":"Organization","@id":"https:\/\/lavoixdelanation.tg\/#organization","name":"La Voix de la Nation","url":"https:\/\/lavoixdelanation.tg\/","logo":{"@type":"ImageObject","inLanguage":"fr-FR","@id":"https:\/\/lavoixdelanation.tg\/#\/schema\/logo\/image\/","url":"https:\/\/lavoixdelanation.tg\/wp-content\/uploads\/2024\/12\/lavn-1.png","contentUrl":"https:\/\/lavoixdelanation.tg\/wp-content\/uploads\/2024\/12\/lavn-1.png","width":1024,"height":464,"caption":"La Voix de la Nation"},"image":{"@id":"https:\/\/lavoixdelanation.tg\/#\/schema\/logo\/image\/"},"sameAs":["https:\/\/www.facebook.com\/lavoixdelanation"]},{"@type":"Person","@id":"https:\/\/lavoixdelanation.tg\/#\/schema\/person\/6c489293aa38053673a9e554acb6e224","name":"La voix de la nation","image":{"@type":"ImageObject","inLanguage":"fr-FR","@id":"https:\/\/lavoixdelanation.tg\/#\/schema\/person\/image\/","url":"https:\/\/secure.gravatar.com\/avatar\/8aa135d4bbc794494cecaa8d483f6d6cc1023624868deaff686baed5e727a5a1?s=96&d=mm&r=g","contentUrl":"https:\/\/secure.gravatar.com\/avatar\/8aa135d4bbc794494cecaa8d483f6d6cc1023624868deaff686baed5e727a5a1?s=96&d=mm&r=g","caption":"La voix de la nation"},"sameAs":["https:\/\/lavoixdelanation.tg"],"url":"https:\/\/lavoixdelanation.tg\/index.php\/author\/lavn\/"}]}},"_links":{"self":[{"href":"https:\/\/lavoixdelanation.tg\/index.php\/wp-json\/wp\/v2\/posts\/14517","targetHints":{"allow":["GET"]}}],"collection":[{"href":"https:\/\/lavoixdelanation.tg\/index.php\/wp-json\/wp\/v2\/posts"}],"about":[{"href":"https:\/\/lavoixdelanation.tg\/index.php\/wp-json\/wp\/v2\/types\/post"}],"author":[{"embeddable":true,"href":"https:\/\/lavoixdelanation.tg\/index.php\/wp-json\/wp\/v2\/users\/1"}],"replies":[{"embeddable":true,"href":"https:\/\/lavoixdelanation.tg\/index.php\/wp-json\/wp\/v2\/comments?post=14517"}],"version-history":[{"count":3,"href":"https:\/\/lavoixdelanation.tg\/index.php\/wp-json\/wp\/v2\/posts\/14517\/revisions"}],"predecessor-version":[{"id":14526,"href":"https:\/\/lavoixdelanation.tg\/index.php\/wp-json\/wp\/v2\/posts\/14517\/revisions\/14526"}],"wp:featuredmedia":[{"embeddable":true,"href":"https:\/\/lavoixdelanation.tg\/index.php\/wp-json\/wp\/v2\/media\/14518"}],"wp:attachment":[{"href":"https:\/\/lavoixdelanation.tg\/index.php\/wp-json\/wp\/v2\/media?parent=14517"}],"wp:term":[{"taxonomy":"category","embeddable":true,"href":"https:\/\/lavoixdelanation.tg\/index.php\/wp-json\/wp\/v2\/categories?post=14517"},{"taxonomy":"post_tag","embeddable":true,"href":"https:\/\/lavoixdelanation.tg\/index.php\/wp-json\/wp\/v2\/tags?post=14517"}],"curies":[{"name":"wp","href":"https:\/\/api.w.org\/{rel}","templated":true}]}}