{"id":14501,"date":"2025-10-21T09:58:42","date_gmt":"2025-10-21T07:58:42","guid":{"rendered":"https:\/\/lavoixdelanation.tg\/?p=14501"},"modified":"2025-10-21T10:01:32","modified_gmt":"2025-10-21T08:01:32","slug":"lome-accueille-la-121eme-session-ordinaire-de-la-commission-regionale-de-controle-des-assurances","status":"publish","type":"post","link":"https:\/\/lavoixdelanation.tg\/index.php\/2025\/10\/21\/lome-accueille-la-121eme-session-ordinaire-de-la-commission-regionale-de-controle-des-assurances\/","title":{"rendered":"Lom\u00e9 accueille la 121\u00e8me session ordinaire de la Commission R\u00e9gionale de Contr\u00f4le des Assurances"},"content":{"rendered":"\n<p><strong>Les travaux de la 121\u1d49 session ordinaire de la Commission R\u00e9gionale de Contr\u00f4le des Assurances (CRCA) se sont ouverts ce lundi 20 octobre 2025 \u00e0 Lom\u00e9. Il s\u2019agit d\u2019un rendez-vous majeur du secteur assurantiel, et un v\u00e9ritable cadre d\u2019\u00e9changes techniques et de d\u00e9cisions strat\u00e9giques, essentielles \u00e0 la stabilit\u00e9 et \u00e0 la cr\u00e9dibilit\u00e9 du secteur.<\/strong><\/p>\n\n\n\n<p>La c\u00e9r\u00e9monie d\u2019ouverture a \u00e9t\u00e9 pr\u00e9sid\u00e9e par le Ministre togolais de la Sant\u00e9, de l\u2019Hygi\u00e8ne publique, de la Couverture Sanitaire Universelle et des Assurances, Jean-Marie Koffi TESSI.<\/p>\n\n\n\n<p>Pendant six jours, les experts venus des 14 pays membres de la Conf\u00e9rence interafricaine des march\u00e9s d\u2019assurances (CIMA) auront \u00e0 examiner les demandes d\u2019agr\u00e9ment, les plans de redressement et le fonctionnement technique des compagnies d\u2019assurance.<\/p>\n\n\n\n<p>L\u2019objectif est d\u2019assainir le march\u00e9, renforcer la solidit\u00e9 financi\u00e8re des acteurs et restaurer la confiance des assur\u00e9s. Les discussions de Lom\u00e9 porteront \u00e9galement sur les risques climatiques, la digitalisation, et l\u2019int\u00e9gration progressive de l\u2019intelligence artificielle dans la gestion des assurances.<\/p>\n\n\n\n<figure class=\"wp-block-image size-full is-resized\"><img loading=\"lazy\" decoding=\"async\" width=\"700\" height=\"393\" src=\"https:\/\/lavoixdelanation.tg\/wp-content\/uploads\/2025\/10\/121eme-session-ordinaire-de-la-Commission-Regionale-de-Controle-des-Assurances-a-Lome.png\" alt=\"\" class=\"wp-image-14504\" style=\"width:840px;height:auto\" srcset=\"https:\/\/lavoixdelanation.tg\/wp-content\/uploads\/2025\/10\/121eme-session-ordinaire-de-la-Commission-Regionale-de-Controle-des-Assurances-a-Lome.png 700w, https:\/\/lavoixdelanation.tg\/wp-content\/uploads\/2025\/10\/121eme-session-ordinaire-de-la-Commission-Regionale-de-Controle-des-Assurances-a-Lome-300x168.png 300w\" sizes=\"auto, (max-width: 700px) 100vw, 700px\" \/><\/figure>\n\n\n\n<p>Le Ministre Jean-Marie TESSI a dans son intervention soulign\u00e9 que le secteur des assurances est confront\u00e9 \u00e0 de nouveaux d\u00e9fis tels que : l\u2019aggravation des risques climatiques, la digitalisation acc\u00e9l\u00e9r\u00e9e, l\u2019\u00e9mergence de l\u2019intelligence artificielle et les mutations des mod\u00e8les \u00e9conomiques. \u00c0 cela s\u2019ajoutent des pratiques contraires \u00e0 l\u2019\u00e9thique qui fragilisent la confiance.&nbsp; Il a particuli\u00e8rement insist\u00e9 sur le non-paiement diligent des sinistres.<\/p>\n\n\n\n<p>&nbsp;\u00ab L\u2019assurance n\u2019a de sens que si la promesse d\u2019indemnisation se traduit par des actes concrets, de r\u00e8glements et de paiements rapides \u00bb, a rappel\u00e9 le Ministre, appelant \u00e0 la fermet\u00e9 des organes de supervision et \u00e0 un renforcement des sanctions \u00e0 l\u2019encontre des entreprises d\u00e9faillantes.<\/p>\n\n\n\n<p>Il a r\u00e9affirm\u00e9 la d\u00e9termination du Gouvernement togolais \u00e0 promouvoir un march\u00e9 des assurances plus int\u00e8gre et r\u00e9silient, tout en rassurant du plein soutien du Togo \u00e0 la Conf\u00e9rence Interafricaine des March\u00e9s d\u2019Assurances (CIMA) et \u00e0 la CRCA dans leur mission de r\u00e9gulation, de surveillance et de consolidation des march\u00e9s.<\/p>\n\n\n\n<p><strong>La R\u00e9daction<\/strong><\/p>\n","protected":false},"excerpt":{"rendered":"<p>Les travaux de la 121\u1d49 session ordinaire de la Commission R\u00e9gionale de Contr\u00f4le des Assurances (CRCA) se sont ouverts ce lundi 20 octobre 2025 \u00e0 Lom\u00e9. Il s\u2019agit d\u2019un rendez-vous&hellip; <\/p>\n","protected":false},"author":1,"featured_media":14502,"comment_status":"open","ping_status":"closed","sticky":false,"template":"","format":"standard","meta":{"footnotes":""},"categories":[7],"tags":[],"class_list":["post-14501","post","type-post","status-publish","format-standard","has-post-thumbnail","hentry","category-sante"],"yoast_head":"<!-- This site is optimized with the Yoast SEO plugin v26.4 - https:\/\/yoast.com\/wordpress\/plugins\/seo\/ -->\n<title>Lom\u00e9 accueille la 121\u00e8me session ordinaire de la Commission R\u00e9gionale de Contr\u00f4le des Assurances - La Voix de la Nation<\/title>\n<meta name=\"robots\" content=\"index, follow, max-snippet:-1, max-image-preview:large, max-video-preview:-1\" \/>\n<link rel=\"canonical\" href=\"https:\/\/lavoixdelanation.tg\/index.php\/2025\/10\/21\/lome-accueille-la-121eme-session-ordinaire-de-la-commission-regionale-de-controle-des-assurances\/\" \/>\n<meta property=\"og:locale\" content=\"fr_FR\" \/>\n<meta property=\"og:type\" content=\"article\" \/>\n<meta property=\"og:title\" content=\"Lom\u00e9 accueille la 121\u00e8me session ordinaire de la Commission R\u00e9gionale de Contr\u00f4le des Assurances - La Voix de la Nation\" \/>\n<meta property=\"og:description\" content=\"Les travaux de la 121\u1d49 session ordinaire de la Commission R\u00e9gionale de Contr\u00f4le des Assurances (CRCA) se sont ouverts ce lundi 20 octobre 2025 \u00e0 Lom\u00e9. Il s\u2019agit d\u2019un rendez-vous&hellip;\" \/>\n<meta property=\"og:url\" content=\"https:\/\/lavoixdelanation.tg\/index.php\/2025\/10\/21\/lome-accueille-la-121eme-session-ordinaire-de-la-commission-regionale-de-controle-des-assurances\/\" \/>\n<meta property=\"og:site_name\" content=\"La Voix de la Nation\" \/>\n<meta property=\"article:publisher\" content=\"https:\/\/www.facebook.com\/lavoixdelanation\" \/>\n<meta property=\"article:published_time\" content=\"2025-10-21T07:58:42+00:00\" \/>\n<meta property=\"article:modified_time\" content=\"2025-10-21T08:01:32+00:00\" \/>\n<meta property=\"og:image\" content=\"https:\/\/lavoixdelanation.tg\/wp-content\/uploads\/2025\/10\/Session-ordinaire-de-la-Commission-Regionale-de-Controle-des-Assurances-a-Lome-au-Togo.jpg\" \/>\n\t<meta property=\"og:image:width\" content=\"700\" \/>\n\t<meta property=\"og:image:height\" content=\"403\" \/>\n\t<meta property=\"og:image:type\" content=\"image\/jpeg\" \/>\n<meta name=\"author\" content=\"La voix de la nation\" \/>\n<meta name=\"twitter:card\" content=\"summary_large_image\" \/>\n<meta name=\"twitter:label1\" content=\"\u00c9crit par\" \/>\n\t<meta name=\"twitter:data1\" content=\"La voix de la nation\" \/>\n\t<meta name=\"twitter:label2\" content=\"Dur\u00e9e de lecture estim\u00e9e\" \/>\n\t<meta name=\"twitter:data2\" content=\"2 minutes\" \/>\n<script type=\"application\/ld+json\" class=\"yoast-schema-graph\">{\"@context\":\"https:\/\/schema.org\",\"@graph\":[{\"@type\":\"Article\",\"@id\":\"https:\/\/lavoixdelanation.tg\/index.php\/2025\/10\/21\/lome-accueille-la-121eme-session-ordinaire-de-la-commission-regionale-de-controle-des-assurances\/#article\",\"isPartOf\":{\"@id\":\"https:\/\/lavoixdelanation.tg\/index.php\/2025\/10\/21\/lome-accueille-la-121eme-session-ordinaire-de-la-commission-regionale-de-controle-des-assurances\/\"},\"author\":{\"name\":\"La voix de la nation\",\"@id\":\"https:\/\/lavoixdelanation.tg\/#\/schema\/person\/6c489293aa38053673a9e554acb6e224\"},\"headline\":\"Lom\u00e9 accueille la 121\u00e8me session ordinaire de la Commission R\u00e9gionale de Contr\u00f4le des Assurances\",\"datePublished\":\"2025-10-21T07:58:42+00:00\",\"dateModified\":\"2025-10-21T08:01:32+00:00\",\"mainEntityOfPage\":{\"@id\":\"https:\/\/lavoixdelanation.tg\/index.php\/2025\/10\/21\/lome-accueille-la-121eme-session-ordinaire-de-la-commission-regionale-de-controle-des-assurances\/\"},\"wordCount\":370,\"commentCount\":0,\"publisher\":{\"@id\":\"https:\/\/lavoixdelanation.tg\/#organization\"},\"image\":{\"@id\":\"https:\/\/lavoixdelanation.tg\/index.php\/2025\/10\/21\/lome-accueille-la-121eme-session-ordinaire-de-la-commission-regionale-de-controle-des-assurances\/#primaryimage\"},\"thumbnailUrl\":\"https:\/\/lavoixdelanation.tg\/wp-content\/uploads\/2025\/10\/Session-ordinaire-de-la-Commission-Regionale-de-Controle-des-Assurances-a-Lome-au-Togo.jpg\",\"articleSection\":[\"Sant\u00e9\"],\"inLanguage\":\"fr-FR\",\"potentialAction\":[{\"@type\":\"CommentAction\",\"name\":\"Comment\",\"target\":[\"https:\/\/lavoixdelanation.tg\/index.php\/2025\/10\/21\/lome-accueille-la-121eme-session-ordinaire-de-la-commission-regionale-de-controle-des-assurances\/#respond\"]}]},{\"@type\":\"WebPage\",\"@id\":\"https:\/\/lavoixdelanation.tg\/index.php\/2025\/10\/21\/lome-accueille-la-121eme-session-ordinaire-de-la-commission-regionale-de-controle-des-assurances\/\",\"url\":\"https:\/\/lavoixdelanation.tg\/index.php\/2025\/10\/21\/lome-accueille-la-121eme-session-ordinaire-de-la-commission-regionale-de-controle-des-assurances\/\",\"name\":\"Lom\u00e9 accueille la 121\u00e8me session ordinaire de la Commission R\u00e9gionale de Contr\u00f4le des Assurances - La Voix de la Nation\",\"isPartOf\":{\"@id\":\"https:\/\/lavoixdelanation.tg\/#website\"},\"primaryImageOfPage\":{\"@id\":\"https:\/\/lavoixdelanation.tg\/index.php\/2025\/10\/21\/lome-accueille-la-121eme-session-ordinaire-de-la-commission-regionale-de-controle-des-assurances\/#primaryimage\"},\"image\":{\"@id\":\"https:\/\/lavoixdelanation.tg\/index.php\/2025\/10\/21\/lome-accueille-la-121eme-session-ordinaire-de-la-commission-regionale-de-controle-des-assurances\/#primaryimage\"},\"thumbnailUrl\":\"https:\/\/lavoixdelanation.tg\/wp-content\/uploads\/2025\/10\/Session-ordinaire-de-la-Commission-Regionale-de-Controle-des-Assurances-a-Lome-au-Togo.jpg\",\"datePublished\":\"2025-10-21T07:58:42+00:00\",\"dateModified\":\"2025-10-21T08:01:32+00:00\",\"breadcrumb\":{\"@id\":\"https:\/\/lavoixdelanation.tg\/index.php\/2025\/10\/21\/lome-accueille-la-121eme-session-ordinaire-de-la-commission-regionale-de-controle-des-assurances\/#breadcrumb\"},\"inLanguage\":\"fr-FR\",\"potentialAction\":[{\"@type\":\"ReadAction\",\"target\":[\"https:\/\/lavoixdelanation.tg\/index.php\/2025\/10\/21\/lome-accueille-la-121eme-session-ordinaire-de-la-commission-regionale-de-controle-des-assurances\/\"]}]},{\"@type\":\"ImageObject\",\"inLanguage\":\"fr-FR\",\"@id\":\"https:\/\/lavoixdelanation.tg\/index.php\/2025\/10\/21\/lome-accueille-la-121eme-session-ordinaire-de-la-commission-regionale-de-controle-des-assurances\/#primaryimage\",\"url\":\"https:\/\/lavoixdelanation.tg\/wp-content\/uploads\/2025\/10\/Session-ordinaire-de-la-Commission-Regionale-de-Controle-des-Assurances-a-Lome-au-Togo.jpg\",\"contentUrl\":\"https:\/\/lavoixdelanation.tg\/wp-content\/uploads\/2025\/10\/Session-ordinaire-de-la-Commission-Regionale-de-Controle-des-Assurances-a-Lome-au-Togo.jpg\",\"width\":700,\"height\":403,\"caption\":\"121\u00e8me Session ordinaire de la Commission R\u00e9gionale de Contr\u00f4le des Assurances \u00e0 Lom\u00e9 au Togo\"},{\"@type\":\"BreadcrumbList\",\"@id\":\"https:\/\/lavoixdelanation.tg\/index.php\/2025\/10\/21\/lome-accueille-la-121eme-session-ordinaire-de-la-commission-regionale-de-controle-des-assurances\/#breadcrumb\",\"itemListElement\":[{\"@type\":\"ListItem\",\"position\":1,\"name\":\"Accueil\",\"item\":\"https:\/\/lavoixdelanation.tg\/\"},{\"@type\":\"ListItem\",\"position\":2,\"name\":\"Lom\u00e9 accueille la 121\u00e8me session ordinaire de la Commission R\u00e9gionale de Contr\u00f4le des Assurances\"}]},{\"@type\":\"WebSite\",\"@id\":\"https:\/\/lavoixdelanation.tg\/#website\",\"url\":\"https:\/\/lavoixdelanation.tg\/\",\"name\":\"La Voix de la Nation\",\"description\":\"R\u00e9c\u00e9piss\u00e9 n\u00b00108\/HAAC\/01-2024\/pl\/P\",\"publisher\":{\"@id\":\"https:\/\/lavoixdelanation.tg\/#organization\"},\"alternateName\":\"VON\",\"potentialAction\":[{\"@type\":\"SearchAction\",\"target\":{\"@type\":\"EntryPoint\",\"urlTemplate\":\"https:\/\/lavoixdelanation.tg\/?s={search_term_string}\"},\"query-input\":{\"@type\":\"PropertyValueSpecification\",\"valueRequired\":true,\"valueName\":\"search_term_string\"}}],\"inLanguage\":\"fr-FR\"},{\"@type\":\"Organization\",\"@id\":\"https:\/\/lavoixdelanation.tg\/#organization\",\"name\":\"La Voix de la Nation\",\"url\":\"https:\/\/lavoixdelanation.tg\/\",\"logo\":{\"@type\":\"ImageObject\",\"inLanguage\":\"fr-FR\",\"@id\":\"https:\/\/lavoixdelanation.tg\/#\/schema\/logo\/image\/\",\"url\":\"https:\/\/lavoixdelanation.tg\/wp-content\/uploads\/2024\/12\/lavn-1.png\",\"contentUrl\":\"https:\/\/lavoixdelanation.tg\/wp-content\/uploads\/2024\/12\/lavn-1.png\",\"width\":1024,\"height\":464,\"caption\":\"La Voix de la Nation\"},\"image\":{\"@id\":\"https:\/\/lavoixdelanation.tg\/#\/schema\/logo\/image\/\"},\"sameAs\":[\"https:\/\/www.facebook.com\/lavoixdelanation\"]},{\"@type\":\"Person\",\"@id\":\"https:\/\/lavoixdelanation.tg\/#\/schema\/person\/6c489293aa38053673a9e554acb6e224\",\"name\":\"La voix de la nation\",\"image\":{\"@type\":\"ImageObject\",\"inLanguage\":\"fr-FR\",\"@id\":\"https:\/\/lavoixdelanation.tg\/#\/schema\/person\/image\/\",\"url\":\"https:\/\/secure.gravatar.com\/avatar\/8aa135d4bbc794494cecaa8d483f6d6cc1023624868deaff686baed5e727a5a1?s=96&d=mm&r=g\",\"contentUrl\":\"https:\/\/secure.gravatar.com\/avatar\/8aa135d4bbc794494cecaa8d483f6d6cc1023624868deaff686baed5e727a5a1?s=96&d=mm&r=g\",\"caption\":\"La voix de la nation\"},\"sameAs\":[\"https:\/\/lavoixdelanation.tg\"],\"url\":\"https:\/\/lavoixdelanation.tg\/index.php\/author\/lavn\/\"}]}<\/script>\n<!-- \/ Yoast SEO plugin. -->","yoast_head_json":{"title":"Lom\u00e9 accueille la 121\u00e8me session ordinaire de la Commission R\u00e9gionale de Contr\u00f4le des Assurances - La Voix de la Nation","robots":{"index":"index","follow":"follow","max-snippet":"max-snippet:-1","max-image-preview":"max-image-preview:large","max-video-preview":"max-video-preview:-1"},"canonical":"https:\/\/lavoixdelanation.tg\/index.php\/2025\/10\/21\/lome-accueille-la-121eme-session-ordinaire-de-la-commission-regionale-de-controle-des-assurances\/","og_locale":"fr_FR","og_type":"article","og_title":"Lom\u00e9 accueille la 121\u00e8me session ordinaire de la Commission R\u00e9gionale de Contr\u00f4le des Assurances - La Voix de la Nation","og_description":"Les travaux de la 121\u1d49 session ordinaire de la Commission R\u00e9gionale de Contr\u00f4le des Assurances (CRCA) se sont ouverts ce lundi 20 octobre 2025 \u00e0 Lom\u00e9. Il s\u2019agit d\u2019un rendez-vous&hellip;","og_url":"https:\/\/lavoixdelanation.tg\/index.php\/2025\/10\/21\/lome-accueille-la-121eme-session-ordinaire-de-la-commission-regionale-de-controle-des-assurances\/","og_site_name":"La Voix de la Nation","article_publisher":"https:\/\/www.facebook.com\/lavoixdelanation","article_published_time":"2025-10-21T07:58:42+00:00","article_modified_time":"2025-10-21T08:01:32+00:00","og_image":[{"width":700,"height":403,"url":"https:\/\/lavoixdelanation.tg\/wp-content\/uploads\/2025\/10\/Session-ordinaire-de-la-Commission-Regionale-de-Controle-des-Assurances-a-Lome-au-Togo.jpg","type":"image\/jpeg"}],"author":"La voix de la nation","twitter_card":"summary_large_image","twitter_misc":{"\u00c9crit par":"La voix de la nation","Dur\u00e9e de lecture estim\u00e9e":"2 minutes"},"schema":{"@context":"https:\/\/schema.org","@graph":[{"@type":"Article","@id":"https:\/\/lavoixdelanation.tg\/index.php\/2025\/10\/21\/lome-accueille-la-121eme-session-ordinaire-de-la-commission-regionale-de-controle-des-assurances\/#article","isPartOf":{"@id":"https:\/\/lavoixdelanation.tg\/index.php\/2025\/10\/21\/lome-accueille-la-121eme-session-ordinaire-de-la-commission-regionale-de-controle-des-assurances\/"},"author":{"name":"La voix de la nation","@id":"https:\/\/lavoixdelanation.tg\/#\/schema\/person\/6c489293aa38053673a9e554acb6e224"},"headline":"Lom\u00e9 accueille la 121\u00e8me session ordinaire de la Commission R\u00e9gionale de Contr\u00f4le des Assurances","datePublished":"2025-10-21T07:58:42+00:00","dateModified":"2025-10-21T08:01:32+00:00","mainEntityOfPage":{"@id":"https:\/\/lavoixdelanation.tg\/index.php\/2025\/10\/21\/lome-accueille-la-121eme-session-ordinaire-de-la-commission-regionale-de-controle-des-assurances\/"},"wordCount":370,"commentCount":0,"publisher":{"@id":"https:\/\/lavoixdelanation.tg\/#organization"},"image":{"@id":"https:\/\/lavoixdelanation.tg\/index.php\/2025\/10\/21\/lome-accueille-la-121eme-session-ordinaire-de-la-commission-regionale-de-controle-des-assurances\/#primaryimage"},"thumbnailUrl":"https:\/\/lavoixdelanation.tg\/wp-content\/uploads\/2025\/10\/Session-ordinaire-de-la-Commission-Regionale-de-Controle-des-Assurances-a-Lome-au-Togo.jpg","articleSection":["Sant\u00e9"],"inLanguage":"fr-FR","potentialAction":[{"@type":"CommentAction","name":"Comment","target":["https:\/\/lavoixdelanation.tg\/index.php\/2025\/10\/21\/lome-accueille-la-121eme-session-ordinaire-de-la-commission-regionale-de-controle-des-assurances\/#respond"]}]},{"@type":"WebPage","@id":"https:\/\/lavoixdelanation.tg\/index.php\/2025\/10\/21\/lome-accueille-la-121eme-session-ordinaire-de-la-commission-regionale-de-controle-des-assurances\/","url":"https:\/\/lavoixdelanation.tg\/index.php\/2025\/10\/21\/lome-accueille-la-121eme-session-ordinaire-de-la-commission-regionale-de-controle-des-assurances\/","name":"Lom\u00e9 accueille la 121\u00e8me session ordinaire de la Commission R\u00e9gionale de Contr\u00f4le des Assurances - La Voix de la Nation","isPartOf":{"@id":"https:\/\/lavoixdelanation.tg\/#website"},"primaryImageOfPage":{"@id":"https:\/\/lavoixdelanation.tg\/index.php\/2025\/10\/21\/lome-accueille-la-121eme-session-ordinaire-de-la-commission-regionale-de-controle-des-assurances\/#primaryimage"},"image":{"@id":"https:\/\/lavoixdelanation.tg\/index.php\/2025\/10\/21\/lome-accueille-la-121eme-session-ordinaire-de-la-commission-regionale-de-controle-des-assurances\/#primaryimage"},"thumbnailUrl":"https:\/\/lavoixdelanation.tg\/wp-content\/uploads\/2025\/10\/Session-ordinaire-de-la-Commission-Regionale-de-Controle-des-Assurances-a-Lome-au-Togo.jpg","datePublished":"2025-10-21T07:58:42+00:00","dateModified":"2025-10-21T08:01:32+00:00","breadcrumb":{"@id":"https:\/\/lavoixdelanation.tg\/index.php\/2025\/10\/21\/lome-accueille-la-121eme-session-ordinaire-de-la-commission-regionale-de-controle-des-assurances\/#breadcrumb"},"inLanguage":"fr-FR","potentialAction":[{"@type":"ReadAction","target":["https:\/\/lavoixdelanation.tg\/index.php\/2025\/10\/21\/lome-accueille-la-121eme-session-ordinaire-de-la-commission-regionale-de-controle-des-assurances\/"]}]},{"@type":"ImageObject","inLanguage":"fr-FR","@id":"https:\/\/lavoixdelanation.tg\/index.php\/2025\/10\/21\/lome-accueille-la-121eme-session-ordinaire-de-la-commission-regionale-de-controle-des-assurances\/#primaryimage","url":"https:\/\/lavoixdelanation.tg\/wp-content\/uploads\/2025\/10\/Session-ordinaire-de-la-Commission-Regionale-de-Controle-des-Assurances-a-Lome-au-Togo.jpg","contentUrl":"https:\/\/lavoixdelanation.tg\/wp-content\/uploads\/2025\/10\/Session-ordinaire-de-la-Commission-Regionale-de-Controle-des-Assurances-a-Lome-au-Togo.jpg","width":700,"height":403,"caption":"121\u00e8me Session ordinaire de la Commission R\u00e9gionale de Contr\u00f4le des Assurances \u00e0 Lom\u00e9 au Togo"},{"@type":"BreadcrumbList","@id":"https:\/\/lavoixdelanation.tg\/index.php\/2025\/10\/21\/lome-accueille-la-121eme-session-ordinaire-de-la-commission-regionale-de-controle-des-assurances\/#breadcrumb","itemListElement":[{"@type":"ListItem","position":1,"name":"Accueil","item":"https:\/\/lavoixdelanation.tg\/"},{"@type":"ListItem","position":2,"name":"Lom\u00e9 accueille la 121\u00e8me session ordinaire de la Commission R\u00e9gionale de Contr\u00f4le des Assurances"}]},{"@type":"WebSite","@id":"https:\/\/lavoixdelanation.tg\/#website","url":"https:\/\/lavoixdelanation.tg\/","name":"La Voix de la Nation","description":"R\u00e9c\u00e9piss\u00e9 n\u00b00108\/HAAC\/01-2024\/pl\/P","publisher":{"@id":"https:\/\/lavoixdelanation.tg\/#organization"},"alternateName":"VON","potentialAction":[{"@type":"SearchAction","target":{"@type":"EntryPoint","urlTemplate":"https:\/\/lavoixdelanation.tg\/?s={search_term_string}"},"query-input":{"@type":"PropertyValueSpecification","valueRequired":true,"valueName":"search_term_string"}}],"inLanguage":"fr-FR"},{"@type":"Organization","@id":"https:\/\/lavoixdelanation.tg\/#organization","name":"La Voix de la Nation","url":"https:\/\/lavoixdelanation.tg\/","logo":{"@type":"ImageObject","inLanguage":"fr-FR","@id":"https:\/\/lavoixdelanation.tg\/#\/schema\/logo\/image\/","url":"https:\/\/lavoixdelanation.tg\/wp-content\/uploads\/2024\/12\/lavn-1.png","contentUrl":"https:\/\/lavoixdelanation.tg\/wp-content\/uploads\/2024\/12\/lavn-1.png","width":1024,"height":464,"caption":"La Voix de la Nation"},"image":{"@id":"https:\/\/lavoixdelanation.tg\/#\/schema\/logo\/image\/"},"sameAs":["https:\/\/www.facebook.com\/lavoixdelanation"]},{"@type":"Person","@id":"https:\/\/lavoixdelanation.tg\/#\/schema\/person\/6c489293aa38053673a9e554acb6e224","name":"La voix de la nation","image":{"@type":"ImageObject","inLanguage":"fr-FR","@id":"https:\/\/lavoixdelanation.tg\/#\/schema\/person\/image\/","url":"https:\/\/secure.gravatar.com\/avatar\/8aa135d4bbc794494cecaa8d483f6d6cc1023624868deaff686baed5e727a5a1?s=96&d=mm&r=g","contentUrl":"https:\/\/secure.gravatar.com\/avatar\/8aa135d4bbc794494cecaa8d483f6d6cc1023624868deaff686baed5e727a5a1?s=96&d=mm&r=g","caption":"La voix de la nation"},"sameAs":["https:\/\/lavoixdelanation.tg"],"url":"https:\/\/lavoixdelanation.tg\/index.php\/author\/lavn\/"}]}},"_links":{"self":[{"href":"https:\/\/lavoixdelanation.tg\/index.php\/wp-json\/wp\/v2\/posts\/14501","targetHints":{"allow":["GET"]}}],"collection":[{"href":"https:\/\/lavoixdelanation.tg\/index.php\/wp-json\/wp\/v2\/posts"}],"about":[{"href":"https:\/\/lavoixdelanation.tg\/index.php\/wp-json\/wp\/v2\/types\/post"}],"author":[{"embeddable":true,"href":"https:\/\/lavoixdelanation.tg\/index.php\/wp-json\/wp\/v2\/users\/1"}],"replies":[{"embeddable":true,"href":"https:\/\/lavoixdelanation.tg\/index.php\/wp-json\/wp\/v2\/comments?post=14501"}],"version-history":[{"count":2,"href":"https:\/\/lavoixdelanation.tg\/index.php\/wp-json\/wp\/v2\/posts\/14501\/revisions"}],"predecessor-version":[{"id":14505,"href":"https:\/\/lavoixdelanation.tg\/index.php\/wp-json\/wp\/v2\/posts\/14501\/revisions\/14505"}],"wp:featuredmedia":[{"embeddable":true,"href":"https:\/\/lavoixdelanation.tg\/index.php\/wp-json\/wp\/v2\/media\/14502"}],"wp:attachment":[{"href":"https:\/\/lavoixdelanation.tg\/index.php\/wp-json\/wp\/v2\/media?parent=14501"}],"wp:term":[{"taxonomy":"category","embeddable":true,"href":"https:\/\/lavoixdelanation.tg\/index.php\/wp-json\/wp\/v2\/categories?post=14501"},{"taxonomy":"post_tag","embeddable":true,"href":"https:\/\/lavoixdelanation.tg\/index.php\/wp-json\/wp\/v2\/tags?post=14501"}],"curies":[{"name":"wp","href":"https:\/\/api.w.org\/{rel}","templated":true}]}}