{"id":14480,"date":"2025-10-20T09:24:59","date_gmt":"2025-10-20T07:24:59","guid":{"rendered":"https:\/\/lavoixdelanation.tg\/?p=14480"},"modified":"2025-10-20T11:20:12","modified_gmt":"2025-10-20T09:20:12","slug":"zlecaf-la-3eme-edition-du-forum-biashara-africa-prevue-du-3-au-5-novembre-2025-a-lome","status":"publish","type":"post","link":"https:\/\/lavoixdelanation.tg\/index.php\/2025\/10\/20\/zlecaf-la-3eme-edition-du-forum-biashara-africa-prevue-du-3-au-5-novembre-2025-a-lome\/","title":{"rendered":"ZLECAF\u00a0: La 3\u00e8me \u00e9dition du Forum \u00ab\u00a0Biashara Africa\u00a0\u00bb pr\u00e9vue du 3 au 5 novembre 2025 \u00e0 Lom\u00e9"},"content":{"rendered":"\n<p><strong>Lom\u00e9 la capitale togolaise accueille du 3 au 5 novembre 2025, la troisi\u00e8me \u00e9dition du \u00ab&nbsp;Biashara Africa&nbsp;\u00bb, un forum de commerce et d\u2019investissement de la Zone de libre-\u00e9change continentale africaine (ZLECAf).<\/strong><\/p>\n\n\n\n<p>Organis\u00e9 en collaboration avec le secr\u00e9tariat de la ZLECAf, le forum servira de plateforme de partage d\u2019exp\u00e9riences et de promotion des \u00e9changes intra-africains. Il mettra un accent particulier sur le d\u00e9veloppement des cha\u00eenes de valeur r\u00e9gionales et continentales, la connectivit\u00e9 logistique et la diversification des partenariats \u00e9conomiques entre les pays membres de l\u2019Union africaine.<\/p>\n\n\n\n<p>Pendant trois jours, d\u00e9cideurs publics, op\u00e9rateurs \u00e9conomiques, investisseurs et acteurs du secteur priv\u00e9 africain se retrouveront pour \u00e9changer sur les d\u00e9fis et opportunit\u00e9s li\u00e9s \u00e0 la mise en \u0153uvre effective de la ZLECAf.<\/p>\n\n\n\n<p>Les travaux seront marqu\u00e9s par des sessions pl\u00e9ni\u00e8res de haut niveau, ateliers th\u00e9matiques et rencontres B2B visant \u00e0 renforcer la coop\u00e9ration entre acteurs publics et priv\u00e9s.<\/p>\n\n\n\n<p>Ce forum constitue pour me Togo, une occasion strat\u00e9gique de mettre en lumi\u00e8re ses atouts \u00e9conomiques, d\u2019attirer des partenaires d\u2019affaires et de consolider sa position sur le march\u00e9 continental.<\/p>\n\n\n\n<p>Le minist\u00e8re d\u00e9l\u00e9gu\u00e9 aupr\u00e8s du ministre de l\u2019\u00c9conomie et de la Veille strat\u00e9gique, charg\u00e9 du Commerce et du Contr\u00f4le de la qualit\u00e9, invite d\u2019ores et d\u00e9j\u00e0 les op\u00e9rateurs \u00e9conomiques \u00e0 prendre part \u00e0 la rencontre en s\u2019inscrivant en ligne pour sur le lien d\u2019inscription <a href=\"https:\/\/bit.ly\/3Ld5tDK\">https:\/\/bit.ly\/3Ld5tDK<\/a>.<\/p>\n\n\n\n<p>Pour rappel, Biashara Africa a \u00e9t\u00e9 cr\u00e9\u00e9e pour am\u00e9liorer la croissance des entreprises en Afrique en organisant des conf\u00e9rences, des s\u00e9minaires, des formations et en offrant des opportunit\u00e9s de r\u00e9seautage aux entreprises en Afrique.<\/p>\n\n\n\n<p>La mission est de stimuler les \u00e9changes commerciaux, les investissements et l&rsquo;activit\u00e9 \u00e9conomique entre l&rsquo;Afrique et le reste du monde en favorisant un environnement collaboratif o\u00f9 les entreprises peuvent se connecter, partager leurs connaissances et identifier de nouvelles opportunit\u00e9s.<\/p>\n\n\n\n<p><strong>DKS<\/strong><strong><\/strong><\/p>\n","protected":false},"excerpt":{"rendered":"<p>Lom\u00e9 la capitale togolaise accueille du 3 au 5 novembre 2025, la troisi\u00e8me \u00e9dition du \u00ab&nbsp;Biashara Africa&nbsp;\u00bb, un forum de commerce et d\u2019investissement de la Zone de libre-\u00e9change continentale africaine&hellip; <\/p>\n","protected":false},"author":1,"featured_media":14481,"comment_status":"open","ping_status":"closed","sticky":false,"template":"","format":"standard","meta":{"footnotes":""},"categories":[8],"tags":[996,39,161],"class_list":["post-14480","post","type-post","status-publish","format-standard","has-post-thumbnail","hentry","category-economie","tag-biashara-africa","tag-togo","tag-zlecaf"],"yoast_head":"<!-- This site is optimized with the Yoast SEO plugin v26.4 - https:\/\/yoast.com\/wordpress\/plugins\/seo\/ -->\n<title>ZLECAF\u00a0: La 3\u00e8me \u00e9dition du Forum \u00ab\u00a0Biashara Africa\u00a0\u00bb pr\u00e9vue du 3 au 5 novembre 2025 \u00e0 Lom\u00e9 - La Voix de la Nation<\/title>\n<meta name=\"robots\" content=\"index, follow, max-snippet:-1, max-image-preview:large, max-video-preview:-1\" \/>\n<link rel=\"canonical\" href=\"https:\/\/lavoixdelanation.tg\/index.php\/2025\/10\/20\/zlecaf-la-3eme-edition-du-forum-biashara-africa-prevue-du-3-au-5-novembre-2025-a-lome\/\" \/>\n<meta property=\"og:locale\" content=\"fr_FR\" \/>\n<meta property=\"og:type\" content=\"article\" \/>\n<meta property=\"og:title\" content=\"ZLECAF\u00a0: La 3\u00e8me \u00e9dition du Forum \u00ab\u00a0Biashara Africa\u00a0\u00bb pr\u00e9vue du 3 au 5 novembre 2025 \u00e0 Lom\u00e9 - La Voix de la Nation\" \/>\n<meta property=\"og:description\" content=\"Lom\u00e9 la capitale togolaise accueille du 3 au 5 novembre 2025, la troisi\u00e8me \u00e9dition du \u00ab&nbsp;Biashara Africa&nbsp;\u00bb, un forum de commerce et d\u2019investissement de la Zone de libre-\u00e9change continentale africaine&hellip;\" \/>\n<meta property=\"og:url\" content=\"https:\/\/lavoixdelanation.tg\/index.php\/2025\/10\/20\/zlecaf-la-3eme-edition-du-forum-biashara-africa-prevue-du-3-au-5-novembre-2025-a-lome\/\" \/>\n<meta property=\"og:site_name\" content=\"La Voix de la Nation\" \/>\n<meta property=\"article:publisher\" content=\"https:\/\/www.facebook.com\/lavoixdelanation\" \/>\n<meta property=\"article:published_time\" content=\"2025-10-20T07:24:59+00:00\" \/>\n<meta property=\"article:modified_time\" content=\"2025-10-20T09:20:12+00:00\" \/>\n<meta property=\"og:image\" content=\"https:\/\/lavoixdelanation.tg\/wp-content\/uploads\/2025\/10\/Biashara-Africa-2025-a-Lome-au-Togo.jpg\" \/>\n\t<meta property=\"og:image:width\" content=\"700\" \/>\n\t<meta property=\"og:image:height\" content=\"535\" \/>\n\t<meta property=\"og:image:type\" content=\"image\/jpeg\" \/>\n<meta name=\"author\" content=\"La voix de la nation\" \/>\n<meta name=\"twitter:card\" content=\"summary_large_image\" \/>\n<meta name=\"twitter:label1\" content=\"\u00c9crit par\" \/>\n\t<meta name=\"twitter:data1\" content=\"La voix de la nation\" \/>\n\t<meta name=\"twitter:label2\" content=\"Dur\u00e9e de lecture estim\u00e9e\" \/>\n\t<meta name=\"twitter:data2\" content=\"2 minutes\" \/>\n<script type=\"application\/ld+json\" class=\"yoast-schema-graph\">{\"@context\":\"https:\/\/schema.org\",\"@graph\":[{\"@type\":\"Article\",\"@id\":\"https:\/\/lavoixdelanation.tg\/index.php\/2025\/10\/20\/zlecaf-la-3eme-edition-du-forum-biashara-africa-prevue-du-3-au-5-novembre-2025-a-lome\/#article\",\"isPartOf\":{\"@id\":\"https:\/\/lavoixdelanation.tg\/index.php\/2025\/10\/20\/zlecaf-la-3eme-edition-du-forum-biashara-africa-prevue-du-3-au-5-novembre-2025-a-lome\/\"},\"author\":{\"name\":\"La voix de la nation\",\"@id\":\"https:\/\/lavoixdelanation.tg\/#\/schema\/person\/6c489293aa38053673a9e554acb6e224\"},\"headline\":\"ZLECAF\u00a0: La 3\u00e8me \u00e9dition du Forum \u00ab\u00a0Biashara Africa\u00a0\u00bb pr\u00e9vue du 3 au 5 novembre 2025 \u00e0 Lom\u00e9\",\"datePublished\":\"2025-10-20T07:24:59+00:00\",\"dateModified\":\"2025-10-20T09:20:12+00:00\",\"mainEntityOfPage\":{\"@id\":\"https:\/\/lavoixdelanation.tg\/index.php\/2025\/10\/20\/zlecaf-la-3eme-edition-du-forum-biashara-africa-prevue-du-3-au-5-novembre-2025-a-lome\/\"},\"wordCount\":352,\"commentCount\":0,\"publisher\":{\"@id\":\"https:\/\/lavoixdelanation.tg\/#organization\"},\"image\":{\"@id\":\"https:\/\/lavoixdelanation.tg\/index.php\/2025\/10\/20\/zlecaf-la-3eme-edition-du-forum-biashara-africa-prevue-du-3-au-5-novembre-2025-a-lome\/#primaryimage\"},\"thumbnailUrl\":\"https:\/\/lavoixdelanation.tg\/wp-content\/uploads\/2025\/10\/Biashara-Africa-2025-a-Lome-au-Togo.jpg\",\"keywords\":[\"Biashara Africa\",\"Togo\",\"ZLECAf\"],\"articleSection\":[\"Economie\"],\"inLanguage\":\"fr-FR\",\"potentialAction\":[{\"@type\":\"CommentAction\",\"name\":\"Comment\",\"target\":[\"https:\/\/lavoixdelanation.tg\/index.php\/2025\/10\/20\/zlecaf-la-3eme-edition-du-forum-biashara-africa-prevue-du-3-au-5-novembre-2025-a-lome\/#respond\"]}]},{\"@type\":\"WebPage\",\"@id\":\"https:\/\/lavoixdelanation.tg\/index.php\/2025\/10\/20\/zlecaf-la-3eme-edition-du-forum-biashara-africa-prevue-du-3-au-5-novembre-2025-a-lome\/\",\"url\":\"https:\/\/lavoixdelanation.tg\/index.php\/2025\/10\/20\/zlecaf-la-3eme-edition-du-forum-biashara-africa-prevue-du-3-au-5-novembre-2025-a-lome\/\",\"name\":\"ZLECAF\u00a0: La 3\u00e8me \u00e9dition du Forum \u00ab\u00a0Biashara Africa\u00a0\u00bb pr\u00e9vue du 3 au 5 novembre 2025 \u00e0 Lom\u00e9 - La Voix de la Nation\",\"isPartOf\":{\"@id\":\"https:\/\/lavoixdelanation.tg\/#website\"},\"primaryImageOfPage\":{\"@id\":\"https:\/\/lavoixdelanation.tg\/index.php\/2025\/10\/20\/zlecaf-la-3eme-edition-du-forum-biashara-africa-prevue-du-3-au-5-novembre-2025-a-lome\/#primaryimage\"},\"image\":{\"@id\":\"https:\/\/lavoixdelanation.tg\/index.php\/2025\/10\/20\/zlecaf-la-3eme-edition-du-forum-biashara-africa-prevue-du-3-au-5-novembre-2025-a-lome\/#primaryimage\"},\"thumbnailUrl\":\"https:\/\/lavoixdelanation.tg\/wp-content\/uploads\/2025\/10\/Biashara-Africa-2025-a-Lome-au-Togo.jpg\",\"datePublished\":\"2025-10-20T07:24:59+00:00\",\"dateModified\":\"2025-10-20T09:20:12+00:00\",\"breadcrumb\":{\"@id\":\"https:\/\/lavoixdelanation.tg\/index.php\/2025\/10\/20\/zlecaf-la-3eme-edition-du-forum-biashara-africa-prevue-du-3-au-5-novembre-2025-a-lome\/#breadcrumb\"},\"inLanguage\":\"fr-FR\",\"potentialAction\":[{\"@type\":\"ReadAction\",\"target\":[\"https:\/\/lavoixdelanation.tg\/index.php\/2025\/10\/20\/zlecaf-la-3eme-edition-du-forum-biashara-africa-prevue-du-3-au-5-novembre-2025-a-lome\/\"]}]},{\"@type\":\"ImageObject\",\"inLanguage\":\"fr-FR\",\"@id\":\"https:\/\/lavoixdelanation.tg\/index.php\/2025\/10\/20\/zlecaf-la-3eme-edition-du-forum-biashara-africa-prevue-du-3-au-5-novembre-2025-a-lome\/#primaryimage\",\"url\":\"https:\/\/lavoixdelanation.tg\/wp-content\/uploads\/2025\/10\/Biashara-Africa-2025-a-Lome-au-Togo.jpg\",\"contentUrl\":\"https:\/\/lavoixdelanation.tg\/wp-content\/uploads\/2025\/10\/Biashara-Africa-2025-a-Lome-au-Togo.jpg\",\"width\":700,\"height\":535},{\"@type\":\"BreadcrumbList\",\"@id\":\"https:\/\/lavoixdelanation.tg\/index.php\/2025\/10\/20\/zlecaf-la-3eme-edition-du-forum-biashara-africa-prevue-du-3-au-5-novembre-2025-a-lome\/#breadcrumb\",\"itemListElement\":[{\"@type\":\"ListItem\",\"position\":1,\"name\":\"Accueil\",\"item\":\"https:\/\/lavoixdelanation.tg\/\"},{\"@type\":\"ListItem\",\"position\":2,\"name\":\"ZLECAF\u00a0: La 3\u00e8me \u00e9dition du Forum \u00ab\u00a0Biashara Africa\u00a0\u00bb pr\u00e9vue du 3 au 5 novembre 2025 \u00e0 Lom\u00e9\"}]},{\"@type\":\"WebSite\",\"@id\":\"https:\/\/lavoixdelanation.tg\/#website\",\"url\":\"https:\/\/lavoixdelanation.tg\/\",\"name\":\"La Voix de la Nation\",\"description\":\"R\u00e9c\u00e9piss\u00e9 n\u00b00108\/HAAC\/01-2024\/pl\/P\",\"publisher\":{\"@id\":\"https:\/\/lavoixdelanation.tg\/#organization\"},\"alternateName\":\"VON\",\"potentialAction\":[{\"@type\":\"SearchAction\",\"target\":{\"@type\":\"EntryPoint\",\"urlTemplate\":\"https:\/\/lavoixdelanation.tg\/?s={search_term_string}\"},\"query-input\":{\"@type\":\"PropertyValueSpecification\",\"valueRequired\":true,\"valueName\":\"search_term_string\"}}],\"inLanguage\":\"fr-FR\"},{\"@type\":\"Organization\",\"@id\":\"https:\/\/lavoixdelanation.tg\/#organization\",\"name\":\"La Voix de la Nation\",\"url\":\"https:\/\/lavoixdelanation.tg\/\",\"logo\":{\"@type\":\"ImageObject\",\"inLanguage\":\"fr-FR\",\"@id\":\"https:\/\/lavoixdelanation.tg\/#\/schema\/logo\/image\/\",\"url\":\"https:\/\/lavoixdelanation.tg\/wp-content\/uploads\/2024\/12\/lavn-1.png\",\"contentUrl\":\"https:\/\/lavoixdelanation.tg\/wp-content\/uploads\/2024\/12\/lavn-1.png\",\"width\":1024,\"height\":464,\"caption\":\"La Voix de la Nation\"},\"image\":{\"@id\":\"https:\/\/lavoixdelanation.tg\/#\/schema\/logo\/image\/\"},\"sameAs\":[\"https:\/\/www.facebook.com\/lavoixdelanation\"]},{\"@type\":\"Person\",\"@id\":\"https:\/\/lavoixdelanation.tg\/#\/schema\/person\/6c489293aa38053673a9e554acb6e224\",\"name\":\"La voix de la nation\",\"image\":{\"@type\":\"ImageObject\",\"inLanguage\":\"fr-FR\",\"@id\":\"https:\/\/lavoixdelanation.tg\/#\/schema\/person\/image\/\",\"url\":\"https:\/\/secure.gravatar.com\/avatar\/8aa135d4bbc794494cecaa8d483f6d6cc1023624868deaff686baed5e727a5a1?s=96&d=mm&r=g\",\"contentUrl\":\"https:\/\/secure.gravatar.com\/avatar\/8aa135d4bbc794494cecaa8d483f6d6cc1023624868deaff686baed5e727a5a1?s=96&d=mm&r=g\",\"caption\":\"La voix de la nation\"},\"sameAs\":[\"https:\/\/lavoixdelanation.tg\"],\"url\":\"https:\/\/lavoixdelanation.tg\/index.php\/author\/lavn\/\"}]}<\/script>\n<!-- \/ Yoast SEO plugin. -->","yoast_head_json":{"title":"ZLECAF\u00a0: La 3\u00e8me \u00e9dition du Forum \u00ab\u00a0Biashara Africa\u00a0\u00bb pr\u00e9vue du 3 au 5 novembre 2025 \u00e0 Lom\u00e9 - La Voix de la Nation","robots":{"index":"index","follow":"follow","max-snippet":"max-snippet:-1","max-image-preview":"max-image-preview:large","max-video-preview":"max-video-preview:-1"},"canonical":"https:\/\/lavoixdelanation.tg\/index.php\/2025\/10\/20\/zlecaf-la-3eme-edition-du-forum-biashara-africa-prevue-du-3-au-5-novembre-2025-a-lome\/","og_locale":"fr_FR","og_type":"article","og_title":"ZLECAF\u00a0: La 3\u00e8me \u00e9dition du Forum \u00ab\u00a0Biashara Africa\u00a0\u00bb pr\u00e9vue du 3 au 5 novembre 2025 \u00e0 Lom\u00e9 - La Voix de la Nation","og_description":"Lom\u00e9 la capitale togolaise accueille du 3 au 5 novembre 2025, la troisi\u00e8me \u00e9dition du \u00ab&nbsp;Biashara Africa&nbsp;\u00bb, un forum de commerce et d\u2019investissement de la Zone de libre-\u00e9change continentale africaine&hellip;","og_url":"https:\/\/lavoixdelanation.tg\/index.php\/2025\/10\/20\/zlecaf-la-3eme-edition-du-forum-biashara-africa-prevue-du-3-au-5-novembre-2025-a-lome\/","og_site_name":"La Voix de la Nation","article_publisher":"https:\/\/www.facebook.com\/lavoixdelanation","article_published_time":"2025-10-20T07:24:59+00:00","article_modified_time":"2025-10-20T09:20:12+00:00","og_image":[{"width":700,"height":535,"url":"https:\/\/lavoixdelanation.tg\/wp-content\/uploads\/2025\/10\/Biashara-Africa-2025-a-Lome-au-Togo.jpg","type":"image\/jpeg"}],"author":"La voix de la nation","twitter_card":"summary_large_image","twitter_misc":{"\u00c9crit par":"La voix de la nation","Dur\u00e9e de lecture estim\u00e9e":"2 minutes"},"schema":{"@context":"https:\/\/schema.org","@graph":[{"@type":"Article","@id":"https:\/\/lavoixdelanation.tg\/index.php\/2025\/10\/20\/zlecaf-la-3eme-edition-du-forum-biashara-africa-prevue-du-3-au-5-novembre-2025-a-lome\/#article","isPartOf":{"@id":"https:\/\/lavoixdelanation.tg\/index.php\/2025\/10\/20\/zlecaf-la-3eme-edition-du-forum-biashara-africa-prevue-du-3-au-5-novembre-2025-a-lome\/"},"author":{"name":"La voix de la nation","@id":"https:\/\/lavoixdelanation.tg\/#\/schema\/person\/6c489293aa38053673a9e554acb6e224"},"headline":"ZLECAF\u00a0: La 3\u00e8me \u00e9dition du Forum \u00ab\u00a0Biashara Africa\u00a0\u00bb pr\u00e9vue du 3 au 5 novembre 2025 \u00e0 Lom\u00e9","datePublished":"2025-10-20T07:24:59+00:00","dateModified":"2025-10-20T09:20:12+00:00","mainEntityOfPage":{"@id":"https:\/\/lavoixdelanation.tg\/index.php\/2025\/10\/20\/zlecaf-la-3eme-edition-du-forum-biashara-africa-prevue-du-3-au-5-novembre-2025-a-lome\/"},"wordCount":352,"commentCount":0,"publisher":{"@id":"https:\/\/lavoixdelanation.tg\/#organization"},"image":{"@id":"https:\/\/lavoixdelanation.tg\/index.php\/2025\/10\/20\/zlecaf-la-3eme-edition-du-forum-biashara-africa-prevue-du-3-au-5-novembre-2025-a-lome\/#primaryimage"},"thumbnailUrl":"https:\/\/lavoixdelanation.tg\/wp-content\/uploads\/2025\/10\/Biashara-Africa-2025-a-Lome-au-Togo.jpg","keywords":["Biashara Africa","Togo","ZLECAf"],"articleSection":["Economie"],"inLanguage":"fr-FR","potentialAction":[{"@type":"CommentAction","name":"Comment","target":["https:\/\/lavoixdelanation.tg\/index.php\/2025\/10\/20\/zlecaf-la-3eme-edition-du-forum-biashara-africa-prevue-du-3-au-5-novembre-2025-a-lome\/#respond"]}]},{"@type":"WebPage","@id":"https:\/\/lavoixdelanation.tg\/index.php\/2025\/10\/20\/zlecaf-la-3eme-edition-du-forum-biashara-africa-prevue-du-3-au-5-novembre-2025-a-lome\/","url":"https:\/\/lavoixdelanation.tg\/index.php\/2025\/10\/20\/zlecaf-la-3eme-edition-du-forum-biashara-africa-prevue-du-3-au-5-novembre-2025-a-lome\/","name":"ZLECAF\u00a0: La 3\u00e8me \u00e9dition du Forum \u00ab\u00a0Biashara Africa\u00a0\u00bb pr\u00e9vue du 3 au 5 novembre 2025 \u00e0 Lom\u00e9 - La Voix de la Nation","isPartOf":{"@id":"https:\/\/lavoixdelanation.tg\/#website"},"primaryImageOfPage":{"@id":"https:\/\/lavoixdelanation.tg\/index.php\/2025\/10\/20\/zlecaf-la-3eme-edition-du-forum-biashara-africa-prevue-du-3-au-5-novembre-2025-a-lome\/#primaryimage"},"image":{"@id":"https:\/\/lavoixdelanation.tg\/index.php\/2025\/10\/20\/zlecaf-la-3eme-edition-du-forum-biashara-africa-prevue-du-3-au-5-novembre-2025-a-lome\/#primaryimage"},"thumbnailUrl":"https:\/\/lavoixdelanation.tg\/wp-content\/uploads\/2025\/10\/Biashara-Africa-2025-a-Lome-au-Togo.jpg","datePublished":"2025-10-20T07:24:59+00:00","dateModified":"2025-10-20T09:20:12+00:00","breadcrumb":{"@id":"https:\/\/lavoixdelanation.tg\/index.php\/2025\/10\/20\/zlecaf-la-3eme-edition-du-forum-biashara-africa-prevue-du-3-au-5-novembre-2025-a-lome\/#breadcrumb"},"inLanguage":"fr-FR","potentialAction":[{"@type":"ReadAction","target":["https:\/\/lavoixdelanation.tg\/index.php\/2025\/10\/20\/zlecaf-la-3eme-edition-du-forum-biashara-africa-prevue-du-3-au-5-novembre-2025-a-lome\/"]}]},{"@type":"ImageObject","inLanguage":"fr-FR","@id":"https:\/\/lavoixdelanation.tg\/index.php\/2025\/10\/20\/zlecaf-la-3eme-edition-du-forum-biashara-africa-prevue-du-3-au-5-novembre-2025-a-lome\/#primaryimage","url":"https:\/\/lavoixdelanation.tg\/wp-content\/uploads\/2025\/10\/Biashara-Africa-2025-a-Lome-au-Togo.jpg","contentUrl":"https:\/\/lavoixdelanation.tg\/wp-content\/uploads\/2025\/10\/Biashara-Africa-2025-a-Lome-au-Togo.jpg","width":700,"height":535},{"@type":"BreadcrumbList","@id":"https:\/\/lavoixdelanation.tg\/index.php\/2025\/10\/20\/zlecaf-la-3eme-edition-du-forum-biashara-africa-prevue-du-3-au-5-novembre-2025-a-lome\/#breadcrumb","itemListElement":[{"@type":"ListItem","position":1,"name":"Accueil","item":"https:\/\/lavoixdelanation.tg\/"},{"@type":"ListItem","position":2,"name":"ZLECAF\u00a0: La 3\u00e8me \u00e9dition du Forum \u00ab\u00a0Biashara Africa\u00a0\u00bb pr\u00e9vue du 3 au 5 novembre 2025 \u00e0 Lom\u00e9"}]},{"@type":"WebSite","@id":"https:\/\/lavoixdelanation.tg\/#website","url":"https:\/\/lavoixdelanation.tg\/","name":"La Voix de la Nation","description":"R\u00e9c\u00e9piss\u00e9 n\u00b00108\/HAAC\/01-2024\/pl\/P","publisher":{"@id":"https:\/\/lavoixdelanation.tg\/#organization"},"alternateName":"VON","potentialAction":[{"@type":"SearchAction","target":{"@type":"EntryPoint","urlTemplate":"https:\/\/lavoixdelanation.tg\/?s={search_term_string}"},"query-input":{"@type":"PropertyValueSpecification","valueRequired":true,"valueName":"search_term_string"}}],"inLanguage":"fr-FR"},{"@type":"Organization","@id":"https:\/\/lavoixdelanation.tg\/#organization","name":"La Voix de la Nation","url":"https:\/\/lavoixdelanation.tg\/","logo":{"@type":"ImageObject","inLanguage":"fr-FR","@id":"https:\/\/lavoixdelanation.tg\/#\/schema\/logo\/image\/","url":"https:\/\/lavoixdelanation.tg\/wp-content\/uploads\/2024\/12\/lavn-1.png","contentUrl":"https:\/\/lavoixdelanation.tg\/wp-content\/uploads\/2024\/12\/lavn-1.png","width":1024,"height":464,"caption":"La Voix de la Nation"},"image":{"@id":"https:\/\/lavoixdelanation.tg\/#\/schema\/logo\/image\/"},"sameAs":["https:\/\/www.facebook.com\/lavoixdelanation"]},{"@type":"Person","@id":"https:\/\/lavoixdelanation.tg\/#\/schema\/person\/6c489293aa38053673a9e554acb6e224","name":"La voix de la nation","image":{"@type":"ImageObject","inLanguage":"fr-FR","@id":"https:\/\/lavoixdelanation.tg\/#\/schema\/person\/image\/","url":"https:\/\/secure.gravatar.com\/avatar\/8aa135d4bbc794494cecaa8d483f6d6cc1023624868deaff686baed5e727a5a1?s=96&d=mm&r=g","contentUrl":"https:\/\/secure.gravatar.com\/avatar\/8aa135d4bbc794494cecaa8d483f6d6cc1023624868deaff686baed5e727a5a1?s=96&d=mm&r=g","caption":"La voix de la nation"},"sameAs":["https:\/\/lavoixdelanation.tg"],"url":"https:\/\/lavoixdelanation.tg\/index.php\/author\/lavn\/"}]}},"_links":{"self":[{"href":"https:\/\/lavoixdelanation.tg\/index.php\/wp-json\/wp\/v2\/posts\/14480","targetHints":{"allow":["GET"]}}],"collection":[{"href":"https:\/\/lavoixdelanation.tg\/index.php\/wp-json\/wp\/v2\/posts"}],"about":[{"href":"https:\/\/lavoixdelanation.tg\/index.php\/wp-json\/wp\/v2\/types\/post"}],"author":[{"embeddable":true,"href":"https:\/\/lavoixdelanation.tg\/index.php\/wp-json\/wp\/v2\/users\/1"}],"replies":[{"embeddable":true,"href":"https:\/\/lavoixdelanation.tg\/index.php\/wp-json\/wp\/v2\/comments?post=14480"}],"version-history":[{"count":2,"href":"https:\/\/lavoixdelanation.tg\/index.php\/wp-json\/wp\/v2\/posts\/14480\/revisions"}],"predecessor-version":[{"id":14491,"href":"https:\/\/lavoixdelanation.tg\/index.php\/wp-json\/wp\/v2\/posts\/14480\/revisions\/14491"}],"wp:featuredmedia":[{"embeddable":true,"href":"https:\/\/lavoixdelanation.tg\/index.php\/wp-json\/wp\/v2\/media\/14481"}],"wp:attachment":[{"href":"https:\/\/lavoixdelanation.tg\/index.php\/wp-json\/wp\/v2\/media?parent=14480"}],"wp:term":[{"taxonomy":"category","embeddable":true,"href":"https:\/\/lavoixdelanation.tg\/index.php\/wp-json\/wp\/v2\/categories?post=14480"},{"taxonomy":"post_tag","embeddable":true,"href":"https:\/\/lavoixdelanation.tg\/index.php\/wp-json\/wp\/v2\/tags?post=14480"}],"curies":[{"name":"wp","href":"https:\/\/api.w.org\/{rel}","templated":true}]}}