{"id":14467,"date":"2025-10-16T16:00:35","date_gmt":"2025-10-16T14:00:35","guid":{"rendered":"https:\/\/lavoixdelanation.tg\/?p=14467"},"modified":"2025-10-18T16:02:36","modified_gmt":"2025-10-18T14:02:36","slug":"faure-gnassingbe-sest-entretenu-avec-le-roi-abdallah-ii-de-jordanie","status":"publish","type":"post","link":"https:\/\/lavoixdelanation.tg\/index.php\/2025\/10\/16\/faure-gnassingbe-sest-entretenu-avec-le-roi-abdallah-ii-de-jordanie\/","title":{"rendered":"Faure Gnassingb\u00e9 s\u2019est entretenu avec le Roi Abdallah II de Jordanie"},"content":{"rendered":"\n<p><strong>En s\u00e9jour \u00e0 Rome dans le cadre de la r\u00e9union Aqaba, le Pr\u00e9sident du Conseil Faure Gnassingb\u00e9 s\u2019est entretenu ce 15 octobre 2025 avec le Roi Abdallah II de Jordanie.<\/strong><\/p>\n\n\n\n<p>Au menu des \u00e9changes entre les deux personnalit\u00e9s, les d\u00e9fis s\u00e9curitaires en Afrique de l\u2019ouest et des r\u00e9flexions sur les solutions durables \u00e0 y apporter pour un d\u00e9veloppement durable.<\/p>\n\n\n\n<p>Le Roi Abdallah II s\u2019est f\u00e9licit\u00e9 de l\u2019engagement constant du Pr\u00e9sident du Conseil en faveur de la paix en Afrique, ainsi que ses pr\u00e9cieuses contractions dans les r\u00e9solutions des conflits et la lutte contre des menaces s\u00e9curitaires de tous ordres.<\/p>\n\n\n\n<p>Pour sa part, le Pr\u00e9sident Faure Gnassingb\u00e9 a r\u00e9affirm\u00e9 la volont\u00e9 ferme du Togo de poursuivre avec dext\u00e9rit\u00e9 ce combat noble au service de la paix, de la s\u00e9curit\u00e9 et de la stabilit\u00e9 en synergie avec toutes les initiatives r\u00e9gionales et internationales.<\/p>\n\n\n\n<p>Faure Gnassingb\u00e9 et le Roi Abdallah II de Jordanie ont \u00e9galement \u00e9voqu\u00e9 les relations entre Lom\u00e9 et Amman, r\u00e9affirmant leur disponibilit\u00e9 commune de d\u00e9velopper un partenariat mutuellement b\u00e9n\u00e9fique notamment des perspectives de coop\u00e9ration \u00e9conomique, diplomatique et s\u00e9curitaire.<\/p>\n","protected":false},"excerpt":{"rendered":"<p>En s\u00e9jour \u00e0 Rome dans le cadre de la r\u00e9union Aqaba, le Pr\u00e9sident du Conseil Faure Gnassingb\u00e9 s\u2019est entretenu ce 15 octobre 2025 avec le Roi Abdallah II de Jordanie.&hellip; <\/p>\n","protected":false},"author":1,"featured_media":14468,"comment_status":"open","ping_status":"closed","sticky":false,"template":"","format":"standard","meta":{"footnotes":""},"categories":[12],"tags":[45,993,992],"class_list":["post-14467","post","type-post","status-publish","format-standard","has-post-thumbnail","hentry","category-diplomatie","tag-faure-gnassingbe","tag-jordanie","tag-le-roi-abdallah-ii"],"yoast_head":"<!-- This site is optimized with the Yoast SEO plugin v26.4 - https:\/\/yoast.com\/wordpress\/plugins\/seo\/ -->\n<title>Faure Gnassingb\u00e9 s\u2019est entretenu avec le Roi Abdallah II de Jordanie - La Voix de la Nation<\/title>\n<meta name=\"robots\" content=\"index, follow, max-snippet:-1, max-image-preview:large, max-video-preview:-1\" \/>\n<link rel=\"canonical\" href=\"https:\/\/lavoixdelanation.tg\/index.php\/2025\/10\/16\/faure-gnassingbe-sest-entretenu-avec-le-roi-abdallah-ii-de-jordanie\/\" \/>\n<meta property=\"og:locale\" content=\"fr_FR\" \/>\n<meta property=\"og:type\" content=\"article\" \/>\n<meta property=\"og:title\" content=\"Faure Gnassingb\u00e9 s\u2019est entretenu avec le Roi Abdallah II de Jordanie - La Voix de la Nation\" \/>\n<meta property=\"og:description\" content=\"En s\u00e9jour \u00e0 Rome dans le cadre de la r\u00e9union Aqaba, le Pr\u00e9sident du Conseil Faure Gnassingb\u00e9 s\u2019est entretenu ce 15 octobre 2025 avec le Roi Abdallah II de Jordanie.&hellip;\" \/>\n<meta property=\"og:url\" content=\"https:\/\/lavoixdelanation.tg\/index.php\/2025\/10\/16\/faure-gnassingbe-sest-entretenu-avec-le-roi-abdallah-ii-de-jordanie\/\" \/>\n<meta property=\"og:site_name\" content=\"La Voix de la Nation\" \/>\n<meta property=\"article:publisher\" content=\"https:\/\/www.facebook.com\/lavoixdelanation\" \/>\n<meta property=\"article:published_time\" content=\"2025-10-16T14:00:35+00:00\" \/>\n<meta property=\"article:modified_time\" content=\"2025-10-18T14:02:36+00:00\" \/>\n<meta property=\"og:image\" content=\"https:\/\/lavoixdelanation.tg\/wp-content\/uploads\/2025\/10\/Faure-Gnassingbe-et-le-Roi-Abdallah-II-de-Jordanie.jpg\" \/>\n\t<meta property=\"og:image:width\" content=\"800\" \/>\n\t<meta property=\"og:image:height\" content=\"450\" \/>\n\t<meta property=\"og:image:type\" content=\"image\/jpeg\" \/>\n<meta name=\"author\" content=\"La voix de la nation\" \/>\n<meta name=\"twitter:card\" content=\"summary_large_image\" \/>\n<meta name=\"twitter:label1\" content=\"\u00c9crit par\" \/>\n\t<meta name=\"twitter:data1\" content=\"La voix de la nation\" \/>\n\t<meta name=\"twitter:label2\" content=\"Dur\u00e9e de lecture estim\u00e9e\" \/>\n\t<meta name=\"twitter:data2\" content=\"1 minute\" \/>\n<script type=\"application\/ld+json\" class=\"yoast-schema-graph\">{\"@context\":\"https:\/\/schema.org\",\"@graph\":[{\"@type\":\"Article\",\"@id\":\"https:\/\/lavoixdelanation.tg\/index.php\/2025\/10\/16\/faure-gnassingbe-sest-entretenu-avec-le-roi-abdallah-ii-de-jordanie\/#article\",\"isPartOf\":{\"@id\":\"https:\/\/lavoixdelanation.tg\/index.php\/2025\/10\/16\/faure-gnassingbe-sest-entretenu-avec-le-roi-abdallah-ii-de-jordanie\/\"},\"author\":{\"name\":\"La voix de la nation\",\"@id\":\"https:\/\/lavoixdelanation.tg\/#\/schema\/person\/6c489293aa38053673a9e554acb6e224\"},\"headline\":\"Faure Gnassingb\u00e9 s\u2019est entretenu avec le Roi Abdallah II de Jordanie\",\"datePublished\":\"2025-10-16T14:00:35+00:00\",\"dateModified\":\"2025-10-18T14:02:36+00:00\",\"mainEntityOfPage\":{\"@id\":\"https:\/\/lavoixdelanation.tg\/index.php\/2025\/10\/16\/faure-gnassingbe-sest-entretenu-avec-le-roi-abdallah-ii-de-jordanie\/\"},\"wordCount\":214,\"commentCount\":0,\"publisher\":{\"@id\":\"https:\/\/lavoixdelanation.tg\/#organization\"},\"image\":{\"@id\":\"https:\/\/lavoixdelanation.tg\/index.php\/2025\/10\/16\/faure-gnassingbe-sest-entretenu-avec-le-roi-abdallah-ii-de-jordanie\/#primaryimage\"},\"thumbnailUrl\":\"https:\/\/lavoixdelanation.tg\/wp-content\/uploads\/2025\/10\/Faure-Gnassingbe-et-le-Roi-Abdallah-II-de-Jordanie.jpg\",\"keywords\":[\"Faure Gnassingb\u00e9\",\"Jordanie\",\"le Roi Abdallah II\"],\"articleSection\":[\"Diplomatie\"],\"inLanguage\":\"fr-FR\",\"potentialAction\":[{\"@type\":\"CommentAction\",\"name\":\"Comment\",\"target\":[\"https:\/\/lavoixdelanation.tg\/index.php\/2025\/10\/16\/faure-gnassingbe-sest-entretenu-avec-le-roi-abdallah-ii-de-jordanie\/#respond\"]}]},{\"@type\":\"WebPage\",\"@id\":\"https:\/\/lavoixdelanation.tg\/index.php\/2025\/10\/16\/faure-gnassingbe-sest-entretenu-avec-le-roi-abdallah-ii-de-jordanie\/\",\"url\":\"https:\/\/lavoixdelanation.tg\/index.php\/2025\/10\/16\/faure-gnassingbe-sest-entretenu-avec-le-roi-abdallah-ii-de-jordanie\/\",\"name\":\"Faure Gnassingb\u00e9 s\u2019est entretenu avec le Roi Abdallah II de Jordanie - La Voix de la Nation\",\"isPartOf\":{\"@id\":\"https:\/\/lavoixdelanation.tg\/#website\"},\"primaryImageOfPage\":{\"@id\":\"https:\/\/lavoixdelanation.tg\/index.php\/2025\/10\/16\/faure-gnassingbe-sest-entretenu-avec-le-roi-abdallah-ii-de-jordanie\/#primaryimage\"},\"image\":{\"@id\":\"https:\/\/lavoixdelanation.tg\/index.php\/2025\/10\/16\/faure-gnassingbe-sest-entretenu-avec-le-roi-abdallah-ii-de-jordanie\/#primaryimage\"},\"thumbnailUrl\":\"https:\/\/lavoixdelanation.tg\/wp-content\/uploads\/2025\/10\/Faure-Gnassingbe-et-le-Roi-Abdallah-II-de-Jordanie.jpg\",\"datePublished\":\"2025-10-16T14:00:35+00:00\",\"dateModified\":\"2025-10-18T14:02:36+00:00\",\"breadcrumb\":{\"@id\":\"https:\/\/lavoixdelanation.tg\/index.php\/2025\/10\/16\/faure-gnassingbe-sest-entretenu-avec-le-roi-abdallah-ii-de-jordanie\/#breadcrumb\"},\"inLanguage\":\"fr-FR\",\"potentialAction\":[{\"@type\":\"ReadAction\",\"target\":[\"https:\/\/lavoixdelanation.tg\/index.php\/2025\/10\/16\/faure-gnassingbe-sest-entretenu-avec-le-roi-abdallah-ii-de-jordanie\/\"]}]},{\"@type\":\"ImageObject\",\"inLanguage\":\"fr-FR\",\"@id\":\"https:\/\/lavoixdelanation.tg\/index.php\/2025\/10\/16\/faure-gnassingbe-sest-entretenu-avec-le-roi-abdallah-ii-de-jordanie\/#primaryimage\",\"url\":\"https:\/\/lavoixdelanation.tg\/wp-content\/uploads\/2025\/10\/Faure-Gnassingbe-et-le-Roi-Abdallah-II-de-Jordanie.jpg\",\"contentUrl\":\"https:\/\/lavoixdelanation.tg\/wp-content\/uploads\/2025\/10\/Faure-Gnassingbe-et-le-Roi-Abdallah-II-de-Jordanie.jpg\",\"width\":800,\"height\":450,\"caption\":\"Faure Gnassingb\u00e9 et le Roi Abdallah II de Jordanie\"},{\"@type\":\"BreadcrumbList\",\"@id\":\"https:\/\/lavoixdelanation.tg\/index.php\/2025\/10\/16\/faure-gnassingbe-sest-entretenu-avec-le-roi-abdallah-ii-de-jordanie\/#breadcrumb\",\"itemListElement\":[{\"@type\":\"ListItem\",\"position\":1,\"name\":\"Accueil\",\"item\":\"https:\/\/lavoixdelanation.tg\/\"},{\"@type\":\"ListItem\",\"position\":2,\"name\":\"Faure Gnassingb\u00e9 s\u2019est entretenu avec le Roi Abdallah II de Jordanie\"}]},{\"@type\":\"WebSite\",\"@id\":\"https:\/\/lavoixdelanation.tg\/#website\",\"url\":\"https:\/\/lavoixdelanation.tg\/\",\"name\":\"La Voix de la Nation\",\"description\":\"R\u00e9c\u00e9piss\u00e9 n\u00b00108\/HAAC\/01-2024\/pl\/P\",\"publisher\":{\"@id\":\"https:\/\/lavoixdelanation.tg\/#organization\"},\"alternateName\":\"VON\",\"potentialAction\":[{\"@type\":\"SearchAction\",\"target\":{\"@type\":\"EntryPoint\",\"urlTemplate\":\"https:\/\/lavoixdelanation.tg\/?s={search_term_string}\"},\"query-input\":{\"@type\":\"PropertyValueSpecification\",\"valueRequired\":true,\"valueName\":\"search_term_string\"}}],\"inLanguage\":\"fr-FR\"},{\"@type\":\"Organization\",\"@id\":\"https:\/\/lavoixdelanation.tg\/#organization\",\"name\":\"La Voix de la Nation\",\"url\":\"https:\/\/lavoixdelanation.tg\/\",\"logo\":{\"@type\":\"ImageObject\",\"inLanguage\":\"fr-FR\",\"@id\":\"https:\/\/lavoixdelanation.tg\/#\/schema\/logo\/image\/\",\"url\":\"https:\/\/lavoixdelanation.tg\/wp-content\/uploads\/2024\/12\/lavn-1.png\",\"contentUrl\":\"https:\/\/lavoixdelanation.tg\/wp-content\/uploads\/2024\/12\/lavn-1.png\",\"width\":1024,\"height\":464,\"caption\":\"La Voix de la Nation\"},\"image\":{\"@id\":\"https:\/\/lavoixdelanation.tg\/#\/schema\/logo\/image\/\"},\"sameAs\":[\"https:\/\/www.facebook.com\/lavoixdelanation\"]},{\"@type\":\"Person\",\"@id\":\"https:\/\/lavoixdelanation.tg\/#\/schema\/person\/6c489293aa38053673a9e554acb6e224\",\"name\":\"La voix de la nation\",\"image\":{\"@type\":\"ImageObject\",\"inLanguage\":\"fr-FR\",\"@id\":\"https:\/\/lavoixdelanation.tg\/#\/schema\/person\/image\/\",\"url\":\"https:\/\/secure.gravatar.com\/avatar\/8aa135d4bbc794494cecaa8d483f6d6cc1023624868deaff686baed5e727a5a1?s=96&d=mm&r=g\",\"contentUrl\":\"https:\/\/secure.gravatar.com\/avatar\/8aa135d4bbc794494cecaa8d483f6d6cc1023624868deaff686baed5e727a5a1?s=96&d=mm&r=g\",\"caption\":\"La voix de la nation\"},\"sameAs\":[\"https:\/\/lavoixdelanation.tg\"],\"url\":\"https:\/\/lavoixdelanation.tg\/index.php\/author\/lavn\/\"}]}<\/script>\n<!-- \/ Yoast SEO plugin. -->","yoast_head_json":{"title":"Faure Gnassingb\u00e9 s\u2019est entretenu avec le Roi Abdallah II de Jordanie - La Voix de la Nation","robots":{"index":"index","follow":"follow","max-snippet":"max-snippet:-1","max-image-preview":"max-image-preview:large","max-video-preview":"max-video-preview:-1"},"canonical":"https:\/\/lavoixdelanation.tg\/index.php\/2025\/10\/16\/faure-gnassingbe-sest-entretenu-avec-le-roi-abdallah-ii-de-jordanie\/","og_locale":"fr_FR","og_type":"article","og_title":"Faure Gnassingb\u00e9 s\u2019est entretenu avec le Roi Abdallah II de Jordanie - La Voix de la Nation","og_description":"En s\u00e9jour \u00e0 Rome dans le cadre de la r\u00e9union Aqaba, le Pr\u00e9sident du Conseil Faure Gnassingb\u00e9 s\u2019est entretenu ce 15 octobre 2025 avec le Roi Abdallah II de Jordanie.&hellip;","og_url":"https:\/\/lavoixdelanation.tg\/index.php\/2025\/10\/16\/faure-gnassingbe-sest-entretenu-avec-le-roi-abdallah-ii-de-jordanie\/","og_site_name":"La Voix de la Nation","article_publisher":"https:\/\/www.facebook.com\/lavoixdelanation","article_published_time":"2025-10-16T14:00:35+00:00","article_modified_time":"2025-10-18T14:02:36+00:00","og_image":[{"width":800,"height":450,"url":"https:\/\/lavoixdelanation.tg\/wp-content\/uploads\/2025\/10\/Faure-Gnassingbe-et-le-Roi-Abdallah-II-de-Jordanie.jpg","type":"image\/jpeg"}],"author":"La voix de la nation","twitter_card":"summary_large_image","twitter_misc":{"\u00c9crit par":"La voix de la nation","Dur\u00e9e de lecture estim\u00e9e":"1 minute"},"schema":{"@context":"https:\/\/schema.org","@graph":[{"@type":"Article","@id":"https:\/\/lavoixdelanation.tg\/index.php\/2025\/10\/16\/faure-gnassingbe-sest-entretenu-avec-le-roi-abdallah-ii-de-jordanie\/#article","isPartOf":{"@id":"https:\/\/lavoixdelanation.tg\/index.php\/2025\/10\/16\/faure-gnassingbe-sest-entretenu-avec-le-roi-abdallah-ii-de-jordanie\/"},"author":{"name":"La voix de la nation","@id":"https:\/\/lavoixdelanation.tg\/#\/schema\/person\/6c489293aa38053673a9e554acb6e224"},"headline":"Faure Gnassingb\u00e9 s\u2019est entretenu avec le Roi Abdallah II de Jordanie","datePublished":"2025-10-16T14:00:35+00:00","dateModified":"2025-10-18T14:02:36+00:00","mainEntityOfPage":{"@id":"https:\/\/lavoixdelanation.tg\/index.php\/2025\/10\/16\/faure-gnassingbe-sest-entretenu-avec-le-roi-abdallah-ii-de-jordanie\/"},"wordCount":214,"commentCount":0,"publisher":{"@id":"https:\/\/lavoixdelanation.tg\/#organization"},"image":{"@id":"https:\/\/lavoixdelanation.tg\/index.php\/2025\/10\/16\/faure-gnassingbe-sest-entretenu-avec-le-roi-abdallah-ii-de-jordanie\/#primaryimage"},"thumbnailUrl":"https:\/\/lavoixdelanation.tg\/wp-content\/uploads\/2025\/10\/Faure-Gnassingbe-et-le-Roi-Abdallah-II-de-Jordanie.jpg","keywords":["Faure Gnassingb\u00e9","Jordanie","le Roi Abdallah II"],"articleSection":["Diplomatie"],"inLanguage":"fr-FR","potentialAction":[{"@type":"CommentAction","name":"Comment","target":["https:\/\/lavoixdelanation.tg\/index.php\/2025\/10\/16\/faure-gnassingbe-sest-entretenu-avec-le-roi-abdallah-ii-de-jordanie\/#respond"]}]},{"@type":"WebPage","@id":"https:\/\/lavoixdelanation.tg\/index.php\/2025\/10\/16\/faure-gnassingbe-sest-entretenu-avec-le-roi-abdallah-ii-de-jordanie\/","url":"https:\/\/lavoixdelanation.tg\/index.php\/2025\/10\/16\/faure-gnassingbe-sest-entretenu-avec-le-roi-abdallah-ii-de-jordanie\/","name":"Faure Gnassingb\u00e9 s\u2019est entretenu avec le Roi Abdallah II de Jordanie - La Voix de la Nation","isPartOf":{"@id":"https:\/\/lavoixdelanation.tg\/#website"},"primaryImageOfPage":{"@id":"https:\/\/lavoixdelanation.tg\/index.php\/2025\/10\/16\/faure-gnassingbe-sest-entretenu-avec-le-roi-abdallah-ii-de-jordanie\/#primaryimage"},"image":{"@id":"https:\/\/lavoixdelanation.tg\/index.php\/2025\/10\/16\/faure-gnassingbe-sest-entretenu-avec-le-roi-abdallah-ii-de-jordanie\/#primaryimage"},"thumbnailUrl":"https:\/\/lavoixdelanation.tg\/wp-content\/uploads\/2025\/10\/Faure-Gnassingbe-et-le-Roi-Abdallah-II-de-Jordanie.jpg","datePublished":"2025-10-16T14:00:35+00:00","dateModified":"2025-10-18T14:02:36+00:00","breadcrumb":{"@id":"https:\/\/lavoixdelanation.tg\/index.php\/2025\/10\/16\/faure-gnassingbe-sest-entretenu-avec-le-roi-abdallah-ii-de-jordanie\/#breadcrumb"},"inLanguage":"fr-FR","potentialAction":[{"@type":"ReadAction","target":["https:\/\/lavoixdelanation.tg\/index.php\/2025\/10\/16\/faure-gnassingbe-sest-entretenu-avec-le-roi-abdallah-ii-de-jordanie\/"]}]},{"@type":"ImageObject","inLanguage":"fr-FR","@id":"https:\/\/lavoixdelanation.tg\/index.php\/2025\/10\/16\/faure-gnassingbe-sest-entretenu-avec-le-roi-abdallah-ii-de-jordanie\/#primaryimage","url":"https:\/\/lavoixdelanation.tg\/wp-content\/uploads\/2025\/10\/Faure-Gnassingbe-et-le-Roi-Abdallah-II-de-Jordanie.jpg","contentUrl":"https:\/\/lavoixdelanation.tg\/wp-content\/uploads\/2025\/10\/Faure-Gnassingbe-et-le-Roi-Abdallah-II-de-Jordanie.jpg","width":800,"height":450,"caption":"Faure Gnassingb\u00e9 et le Roi Abdallah II de Jordanie"},{"@type":"BreadcrumbList","@id":"https:\/\/lavoixdelanation.tg\/index.php\/2025\/10\/16\/faure-gnassingbe-sest-entretenu-avec-le-roi-abdallah-ii-de-jordanie\/#breadcrumb","itemListElement":[{"@type":"ListItem","position":1,"name":"Accueil","item":"https:\/\/lavoixdelanation.tg\/"},{"@type":"ListItem","position":2,"name":"Faure Gnassingb\u00e9 s\u2019est entretenu avec le Roi Abdallah II de Jordanie"}]},{"@type":"WebSite","@id":"https:\/\/lavoixdelanation.tg\/#website","url":"https:\/\/lavoixdelanation.tg\/","name":"La Voix de la Nation","description":"R\u00e9c\u00e9piss\u00e9 n\u00b00108\/HAAC\/01-2024\/pl\/P","publisher":{"@id":"https:\/\/lavoixdelanation.tg\/#organization"},"alternateName":"VON","potentialAction":[{"@type":"SearchAction","target":{"@type":"EntryPoint","urlTemplate":"https:\/\/lavoixdelanation.tg\/?s={search_term_string}"},"query-input":{"@type":"PropertyValueSpecification","valueRequired":true,"valueName":"search_term_string"}}],"inLanguage":"fr-FR"},{"@type":"Organization","@id":"https:\/\/lavoixdelanation.tg\/#organization","name":"La Voix de la Nation","url":"https:\/\/lavoixdelanation.tg\/","logo":{"@type":"ImageObject","inLanguage":"fr-FR","@id":"https:\/\/lavoixdelanation.tg\/#\/schema\/logo\/image\/","url":"https:\/\/lavoixdelanation.tg\/wp-content\/uploads\/2024\/12\/lavn-1.png","contentUrl":"https:\/\/lavoixdelanation.tg\/wp-content\/uploads\/2024\/12\/lavn-1.png","width":1024,"height":464,"caption":"La Voix de la Nation"},"image":{"@id":"https:\/\/lavoixdelanation.tg\/#\/schema\/logo\/image\/"},"sameAs":["https:\/\/www.facebook.com\/lavoixdelanation"]},{"@type":"Person","@id":"https:\/\/lavoixdelanation.tg\/#\/schema\/person\/6c489293aa38053673a9e554acb6e224","name":"La voix de la nation","image":{"@type":"ImageObject","inLanguage":"fr-FR","@id":"https:\/\/lavoixdelanation.tg\/#\/schema\/person\/image\/","url":"https:\/\/secure.gravatar.com\/avatar\/8aa135d4bbc794494cecaa8d483f6d6cc1023624868deaff686baed5e727a5a1?s=96&d=mm&r=g","contentUrl":"https:\/\/secure.gravatar.com\/avatar\/8aa135d4bbc794494cecaa8d483f6d6cc1023624868deaff686baed5e727a5a1?s=96&d=mm&r=g","caption":"La voix de la nation"},"sameAs":["https:\/\/lavoixdelanation.tg"],"url":"https:\/\/lavoixdelanation.tg\/index.php\/author\/lavn\/"}]}},"_links":{"self":[{"href":"https:\/\/lavoixdelanation.tg\/index.php\/wp-json\/wp\/v2\/posts\/14467","targetHints":{"allow":["GET"]}}],"collection":[{"href":"https:\/\/lavoixdelanation.tg\/index.php\/wp-json\/wp\/v2\/posts"}],"about":[{"href":"https:\/\/lavoixdelanation.tg\/index.php\/wp-json\/wp\/v2\/types\/post"}],"author":[{"embeddable":true,"href":"https:\/\/lavoixdelanation.tg\/index.php\/wp-json\/wp\/v2\/users\/1"}],"replies":[{"embeddable":true,"href":"https:\/\/lavoixdelanation.tg\/index.php\/wp-json\/wp\/v2\/comments?post=14467"}],"version-history":[{"count":1,"href":"https:\/\/lavoixdelanation.tg\/index.php\/wp-json\/wp\/v2\/posts\/14467\/revisions"}],"predecessor-version":[{"id":14469,"href":"https:\/\/lavoixdelanation.tg\/index.php\/wp-json\/wp\/v2\/posts\/14467\/revisions\/14469"}],"wp:featuredmedia":[{"embeddable":true,"href":"https:\/\/lavoixdelanation.tg\/index.php\/wp-json\/wp\/v2\/media\/14468"}],"wp:attachment":[{"href":"https:\/\/lavoixdelanation.tg\/index.php\/wp-json\/wp\/v2\/media?parent=14467"}],"wp:term":[{"taxonomy":"category","embeddable":true,"href":"https:\/\/lavoixdelanation.tg\/index.php\/wp-json\/wp\/v2\/categories?post=14467"},{"taxonomy":"post_tag","embeddable":true,"href":"https:\/\/lavoixdelanation.tg\/index.php\/wp-json\/wp\/v2\/tags?post=14467"}],"curies":[{"name":"wp","href":"https:\/\/api.w.org\/{rel}","templated":true}]}}