{"id":14463,"date":"2025-10-17T15:39:41","date_gmt":"2025-10-17T13:39:41","guid":{"rendered":"https:\/\/lavoixdelanation.tg\/?p=14463"},"modified":"2025-10-18T15:52:59","modified_gmt":"2025-10-18T13:52:59","slug":"togo-651-fonctionnaires-admis-a-la-retraite-des-le-1er-janvier-2026","status":"publish","type":"post","link":"https:\/\/lavoixdelanation.tg\/index.php\/2025\/10\/17\/togo-651-fonctionnaires-admis-a-la-retraite-des-le-1er-janvier-2026\/","title":{"rendered":"Togo\u00a0: 651 fonctionnaires admis \u00e0 la retraite d\u00e8s le 1er Janvier 2026"},"content":{"rendered":"\n<p>De nouveaux fonctionnaires de l\u2019administration publique togolaise seront admis \u00e0 la retraite \u00e0 compter du 1er janvier 2026, selon un arr\u00eat\u00e9 du ministre en charge du Travail.<\/p>\n\n\n\n<p>Ils sont en tout 651 fonctionnaires appel\u00e9s \u00ab\u00a0\u00e0 faire valoir leurs droits \u00e0 une pension de retraite pour compter du 1er janvier 2026\u00a0\u00bb. Ces agents relevant des institutions de la R\u00e9publique et minist\u00e8res ont atteint la limite d\u2019\u00e2ge, fix\u00e9e \u00e0 60 ans.<\/p>\n\n\n\n<p>Pour rappel, plus de 3000 nouveaux fonctionnaires avaient pris fonction en mars dernier \u00e0 la suite d\u2019un concours g\u00e9n\u00e9ral de recrutement \u00e0 la fonction publique.<\/p>\n\n\n\n<p>Il faut souligner qu\u2019au Togo, le gouvernement affiche ses ambitions en termes de renforcement du personnel de l\u2019administration publique. Il est \u00e0 cet effet annonc\u00e9 le recrutement d\u2019un total de 14 120 nouveaux fonctionnaires pour le compte de cette ann\u00e9e 2025.<\/p>\n\n\n\n<p>Pour rappel, l\u2019effectif global du personnel de l\u2019administration publique \u00e0 fin d\u00e9cembre 2024 est \u00e9valu\u00e9 70 984 agents. Les d\u00e9parts \u00e0 la retraite dans la fonction publique sont \u00e9valu\u00e9s cette ann\u00e9e \u00e0 1309 agents.<\/p>\n\n\n\n<p>La liste des fonctionnaires concern\u00e9s sont consultables dans le document PDF ci-dessous :<\/p>\n\n\n\n<div data-wp-interactive=\"core\/file\" class=\"wp-block-file\"><object data-wp-bind--hidden=\"!state.hasPdfPreview\" hidden class=\"wp-block-file__embed\" data=\"https:\/\/lavoixdelanation.tg\/wp-content\/uploads\/2025\/10\/DEPART-A-LA-RETRAITE-1er-JANVIER-2026_compressed.pdf\" type=\"application\/pdf\" style=\"width:100%;height:600px\" aria-label=\"Contenu embarqu\u00e9 D\u00c9PART \u00c0 LA RETRAITE 1er JANVIER 2026_compressed.\"><\/object><a id=\"wp-block-file--media-c5827464-2478-4adf-a197-c82934d19e89\" href=\"https:\/\/lavoixdelanation.tg\/wp-content\/uploads\/2025\/10\/DEPART-A-LA-RETRAITE-1er-JANVIER-2026_compressed.pdf\">D\u00c9PART \u00c0 LA RETRAITE 1er JANVIER 2026_compressed<\/a><a href=\"https:\/\/lavoixdelanation.tg\/wp-content\/uploads\/2025\/10\/DEPART-A-LA-RETRAITE-1er-JANVIER-2026_compressed.pdf\" class=\"wp-block-file__button wp-element-button\" download aria-describedby=\"wp-block-file--media-c5827464-2478-4adf-a197-c82934d19e89\">T\u00e9l\u00e9charger<\/a><\/div>\n","protected":false},"excerpt":{"rendered":"<p>De nouveaux fonctionnaires de l\u2019administration publique togolaise seront admis \u00e0 la retraite \u00e0 compter du 1er janvier 2026, selon un arr\u00eat\u00e9 du ministre en charge du Travail. Ils sont en&hellip; <\/p>\n","protected":false},"author":1,"featured_media":14465,"comment_status":"open","ping_status":"closed","sticky":false,"template":"","format":"standard","meta":{"footnotes":""},"categories":[29],"tags":[],"class_list":["post-14463","post","type-post","status-publish","format-standard","has-post-thumbnail","hentry","category-societe"],"yoast_head":"<!-- This site is optimized with the Yoast SEO plugin v26.4 - https:\/\/yoast.com\/wordpress\/plugins\/seo\/ -->\n<title>Togo\u00a0: 651 fonctionnaires admis \u00e0 la retraite d\u00e8s le 1er Janvier 2026 - La Voix de la Nation<\/title>\n<meta name=\"robots\" content=\"index, follow, max-snippet:-1, max-image-preview:large, max-video-preview:-1\" \/>\n<link rel=\"canonical\" href=\"https:\/\/lavoixdelanation.tg\/index.php\/2025\/10\/17\/togo-651-fonctionnaires-admis-a-la-retraite-des-le-1er-janvier-2026\/\" \/>\n<meta property=\"og:locale\" content=\"fr_FR\" \/>\n<meta property=\"og:type\" content=\"article\" \/>\n<meta property=\"og:title\" content=\"Togo\u00a0: 651 fonctionnaires admis \u00e0 la retraite d\u00e8s le 1er Janvier 2026 - La Voix de la Nation\" \/>\n<meta property=\"og:description\" content=\"De nouveaux fonctionnaires de l\u2019administration publique togolaise seront admis \u00e0 la retraite \u00e0 compter du 1er janvier 2026, selon un arr\u00eat\u00e9 du ministre en charge du Travail. Ils sont en&hellip;\" \/>\n<meta property=\"og:url\" content=\"https:\/\/lavoixdelanation.tg\/index.php\/2025\/10\/17\/togo-651-fonctionnaires-admis-a-la-retraite-des-le-1er-janvier-2026\/\" \/>\n<meta property=\"og:site_name\" content=\"La Voix de la Nation\" \/>\n<meta property=\"article:publisher\" content=\"https:\/\/www.facebook.com\/lavoixdelanation\" \/>\n<meta property=\"article:published_time\" content=\"2025-10-17T13:39:41+00:00\" \/>\n<meta property=\"article:modified_time\" content=\"2025-10-18T13:52:59+00:00\" \/>\n<meta property=\"og:image\" content=\"https:\/\/lavoixdelanation.tg\/wp-content\/uploads\/2025\/10\/Fonction-publique-au-Togo.jpg\" \/>\n\t<meta property=\"og:image:width\" content=\"770\" \/>\n\t<meta property=\"og:image:height\" content=\"433\" \/>\n\t<meta property=\"og:image:type\" content=\"image\/jpeg\" \/>\n<meta name=\"author\" content=\"La voix de la nation\" \/>\n<meta name=\"twitter:card\" content=\"summary_large_image\" \/>\n<meta name=\"twitter:label1\" content=\"\u00c9crit par\" \/>\n\t<meta name=\"twitter:data1\" content=\"La voix de la nation\" \/>\n\t<meta name=\"twitter:label2\" content=\"Dur\u00e9e de lecture estim\u00e9e\" \/>\n\t<meta name=\"twitter:data2\" content=\"1 minute\" \/>\n<script type=\"application\/ld+json\" class=\"yoast-schema-graph\">{\"@context\":\"https:\/\/schema.org\",\"@graph\":[{\"@type\":\"Article\",\"@id\":\"https:\/\/lavoixdelanation.tg\/index.php\/2025\/10\/17\/togo-651-fonctionnaires-admis-a-la-retraite-des-le-1er-janvier-2026\/#article\",\"isPartOf\":{\"@id\":\"https:\/\/lavoixdelanation.tg\/index.php\/2025\/10\/17\/togo-651-fonctionnaires-admis-a-la-retraite-des-le-1er-janvier-2026\/\"},\"author\":{\"name\":\"La voix de la nation\",\"@id\":\"https:\/\/lavoixdelanation.tg\/#\/schema\/person\/6c489293aa38053673a9e554acb6e224\"},\"headline\":\"Togo\u00a0: 651 fonctionnaires admis \u00e0 la retraite d\u00e8s le 1er Janvier 2026\",\"datePublished\":\"2025-10-17T13:39:41+00:00\",\"dateModified\":\"2025-10-18T13:52:59+00:00\",\"mainEntityOfPage\":{\"@id\":\"https:\/\/lavoixdelanation.tg\/index.php\/2025\/10\/17\/togo-651-fonctionnaires-admis-a-la-retraite-des-le-1er-janvier-2026\/\"},\"wordCount\":199,\"commentCount\":0,\"publisher\":{\"@id\":\"https:\/\/lavoixdelanation.tg\/#organization\"},\"image\":{\"@id\":\"https:\/\/lavoixdelanation.tg\/index.php\/2025\/10\/17\/togo-651-fonctionnaires-admis-a-la-retraite-des-le-1er-janvier-2026\/#primaryimage\"},\"thumbnailUrl\":\"https:\/\/lavoixdelanation.tg\/wp-content\/uploads\/2025\/10\/Fonction-publique-au-Togo.jpg\",\"articleSection\":[\"Soci\u00e9t\u00e9\"],\"inLanguage\":\"fr-FR\",\"potentialAction\":[{\"@type\":\"CommentAction\",\"name\":\"Comment\",\"target\":[\"https:\/\/lavoixdelanation.tg\/index.php\/2025\/10\/17\/togo-651-fonctionnaires-admis-a-la-retraite-des-le-1er-janvier-2026\/#respond\"]}]},{\"@type\":\"WebPage\",\"@id\":\"https:\/\/lavoixdelanation.tg\/index.php\/2025\/10\/17\/togo-651-fonctionnaires-admis-a-la-retraite-des-le-1er-janvier-2026\/\",\"url\":\"https:\/\/lavoixdelanation.tg\/index.php\/2025\/10\/17\/togo-651-fonctionnaires-admis-a-la-retraite-des-le-1er-janvier-2026\/\",\"name\":\"Togo\u00a0: 651 fonctionnaires admis \u00e0 la retraite d\u00e8s le 1er Janvier 2026 - La Voix de la Nation\",\"isPartOf\":{\"@id\":\"https:\/\/lavoixdelanation.tg\/#website\"},\"primaryImageOfPage\":{\"@id\":\"https:\/\/lavoixdelanation.tg\/index.php\/2025\/10\/17\/togo-651-fonctionnaires-admis-a-la-retraite-des-le-1er-janvier-2026\/#primaryimage\"},\"image\":{\"@id\":\"https:\/\/lavoixdelanation.tg\/index.php\/2025\/10\/17\/togo-651-fonctionnaires-admis-a-la-retraite-des-le-1er-janvier-2026\/#primaryimage\"},\"thumbnailUrl\":\"https:\/\/lavoixdelanation.tg\/wp-content\/uploads\/2025\/10\/Fonction-publique-au-Togo.jpg\",\"datePublished\":\"2025-10-17T13:39:41+00:00\",\"dateModified\":\"2025-10-18T13:52:59+00:00\",\"breadcrumb\":{\"@id\":\"https:\/\/lavoixdelanation.tg\/index.php\/2025\/10\/17\/togo-651-fonctionnaires-admis-a-la-retraite-des-le-1er-janvier-2026\/#breadcrumb\"},\"inLanguage\":\"fr-FR\",\"potentialAction\":[{\"@type\":\"ReadAction\",\"target\":[\"https:\/\/lavoixdelanation.tg\/index.php\/2025\/10\/17\/togo-651-fonctionnaires-admis-a-la-retraite-des-le-1er-janvier-2026\/\"]}]},{\"@type\":\"ImageObject\",\"inLanguage\":\"fr-FR\",\"@id\":\"https:\/\/lavoixdelanation.tg\/index.php\/2025\/10\/17\/togo-651-fonctionnaires-admis-a-la-retraite-des-le-1er-janvier-2026\/#primaryimage\",\"url\":\"https:\/\/lavoixdelanation.tg\/wp-content\/uploads\/2025\/10\/Fonction-publique-au-Togo.jpg\",\"contentUrl\":\"https:\/\/lavoixdelanation.tg\/wp-content\/uploads\/2025\/10\/Fonction-publique-au-Togo.jpg\",\"width\":770,\"height\":433},{\"@type\":\"BreadcrumbList\",\"@id\":\"https:\/\/lavoixdelanation.tg\/index.php\/2025\/10\/17\/togo-651-fonctionnaires-admis-a-la-retraite-des-le-1er-janvier-2026\/#breadcrumb\",\"itemListElement\":[{\"@type\":\"ListItem\",\"position\":1,\"name\":\"Accueil\",\"item\":\"https:\/\/lavoixdelanation.tg\/\"},{\"@type\":\"ListItem\",\"position\":2,\"name\":\"Togo\u00a0: 651 fonctionnaires admis \u00e0 la retraite d\u00e8s le 1er Janvier 2026\"}]},{\"@type\":\"WebSite\",\"@id\":\"https:\/\/lavoixdelanation.tg\/#website\",\"url\":\"https:\/\/lavoixdelanation.tg\/\",\"name\":\"La Voix de la Nation\",\"description\":\"R\u00e9c\u00e9piss\u00e9 n\u00b00108\/HAAC\/01-2024\/pl\/P\",\"publisher\":{\"@id\":\"https:\/\/lavoixdelanation.tg\/#organization\"},\"alternateName\":\"VON\",\"potentialAction\":[{\"@type\":\"SearchAction\",\"target\":{\"@type\":\"EntryPoint\",\"urlTemplate\":\"https:\/\/lavoixdelanation.tg\/?s={search_term_string}\"},\"query-input\":{\"@type\":\"PropertyValueSpecification\",\"valueRequired\":true,\"valueName\":\"search_term_string\"}}],\"inLanguage\":\"fr-FR\"},{\"@type\":\"Organization\",\"@id\":\"https:\/\/lavoixdelanation.tg\/#organization\",\"name\":\"La Voix de la Nation\",\"url\":\"https:\/\/lavoixdelanation.tg\/\",\"logo\":{\"@type\":\"ImageObject\",\"inLanguage\":\"fr-FR\",\"@id\":\"https:\/\/lavoixdelanation.tg\/#\/schema\/logo\/image\/\",\"url\":\"https:\/\/lavoixdelanation.tg\/wp-content\/uploads\/2024\/12\/lavn-1.png\",\"contentUrl\":\"https:\/\/lavoixdelanation.tg\/wp-content\/uploads\/2024\/12\/lavn-1.png\",\"width\":1024,\"height\":464,\"caption\":\"La Voix de la Nation\"},\"image\":{\"@id\":\"https:\/\/lavoixdelanation.tg\/#\/schema\/logo\/image\/\"},\"sameAs\":[\"https:\/\/www.facebook.com\/lavoixdelanation\"]},{\"@type\":\"Person\",\"@id\":\"https:\/\/lavoixdelanation.tg\/#\/schema\/person\/6c489293aa38053673a9e554acb6e224\",\"name\":\"La voix de la nation\",\"image\":{\"@type\":\"ImageObject\",\"inLanguage\":\"fr-FR\",\"@id\":\"https:\/\/lavoixdelanation.tg\/#\/schema\/person\/image\/\",\"url\":\"https:\/\/secure.gravatar.com\/avatar\/8aa135d4bbc794494cecaa8d483f6d6cc1023624868deaff686baed5e727a5a1?s=96&d=mm&r=g\",\"contentUrl\":\"https:\/\/secure.gravatar.com\/avatar\/8aa135d4bbc794494cecaa8d483f6d6cc1023624868deaff686baed5e727a5a1?s=96&d=mm&r=g\",\"caption\":\"La voix de la nation\"},\"sameAs\":[\"https:\/\/lavoixdelanation.tg\"],\"url\":\"https:\/\/lavoixdelanation.tg\/index.php\/author\/lavn\/\"}]}<\/script>\n<!-- \/ Yoast SEO plugin. -->","yoast_head_json":{"title":"Togo\u00a0: 651 fonctionnaires admis \u00e0 la retraite d\u00e8s le 1er Janvier 2026 - La Voix de la Nation","robots":{"index":"index","follow":"follow","max-snippet":"max-snippet:-1","max-image-preview":"max-image-preview:large","max-video-preview":"max-video-preview:-1"},"canonical":"https:\/\/lavoixdelanation.tg\/index.php\/2025\/10\/17\/togo-651-fonctionnaires-admis-a-la-retraite-des-le-1er-janvier-2026\/","og_locale":"fr_FR","og_type":"article","og_title":"Togo\u00a0: 651 fonctionnaires admis \u00e0 la retraite d\u00e8s le 1er Janvier 2026 - La Voix de la Nation","og_description":"De nouveaux fonctionnaires de l\u2019administration publique togolaise seront admis \u00e0 la retraite \u00e0 compter du 1er janvier 2026, selon un arr\u00eat\u00e9 du ministre en charge du Travail. Ils sont en&hellip;","og_url":"https:\/\/lavoixdelanation.tg\/index.php\/2025\/10\/17\/togo-651-fonctionnaires-admis-a-la-retraite-des-le-1er-janvier-2026\/","og_site_name":"La Voix de la Nation","article_publisher":"https:\/\/www.facebook.com\/lavoixdelanation","article_published_time":"2025-10-17T13:39:41+00:00","article_modified_time":"2025-10-18T13:52:59+00:00","og_image":[{"width":770,"height":433,"url":"https:\/\/lavoixdelanation.tg\/wp-content\/uploads\/2025\/10\/Fonction-publique-au-Togo.jpg","type":"image\/jpeg"}],"author":"La voix de la nation","twitter_card":"summary_large_image","twitter_misc":{"\u00c9crit par":"La voix de la nation","Dur\u00e9e de lecture estim\u00e9e":"1 minute"},"schema":{"@context":"https:\/\/schema.org","@graph":[{"@type":"Article","@id":"https:\/\/lavoixdelanation.tg\/index.php\/2025\/10\/17\/togo-651-fonctionnaires-admis-a-la-retraite-des-le-1er-janvier-2026\/#article","isPartOf":{"@id":"https:\/\/lavoixdelanation.tg\/index.php\/2025\/10\/17\/togo-651-fonctionnaires-admis-a-la-retraite-des-le-1er-janvier-2026\/"},"author":{"name":"La voix de la nation","@id":"https:\/\/lavoixdelanation.tg\/#\/schema\/person\/6c489293aa38053673a9e554acb6e224"},"headline":"Togo\u00a0: 651 fonctionnaires admis \u00e0 la retraite d\u00e8s le 1er Janvier 2026","datePublished":"2025-10-17T13:39:41+00:00","dateModified":"2025-10-18T13:52:59+00:00","mainEntityOfPage":{"@id":"https:\/\/lavoixdelanation.tg\/index.php\/2025\/10\/17\/togo-651-fonctionnaires-admis-a-la-retraite-des-le-1er-janvier-2026\/"},"wordCount":199,"commentCount":0,"publisher":{"@id":"https:\/\/lavoixdelanation.tg\/#organization"},"image":{"@id":"https:\/\/lavoixdelanation.tg\/index.php\/2025\/10\/17\/togo-651-fonctionnaires-admis-a-la-retraite-des-le-1er-janvier-2026\/#primaryimage"},"thumbnailUrl":"https:\/\/lavoixdelanation.tg\/wp-content\/uploads\/2025\/10\/Fonction-publique-au-Togo.jpg","articleSection":["Soci\u00e9t\u00e9"],"inLanguage":"fr-FR","potentialAction":[{"@type":"CommentAction","name":"Comment","target":["https:\/\/lavoixdelanation.tg\/index.php\/2025\/10\/17\/togo-651-fonctionnaires-admis-a-la-retraite-des-le-1er-janvier-2026\/#respond"]}]},{"@type":"WebPage","@id":"https:\/\/lavoixdelanation.tg\/index.php\/2025\/10\/17\/togo-651-fonctionnaires-admis-a-la-retraite-des-le-1er-janvier-2026\/","url":"https:\/\/lavoixdelanation.tg\/index.php\/2025\/10\/17\/togo-651-fonctionnaires-admis-a-la-retraite-des-le-1er-janvier-2026\/","name":"Togo\u00a0: 651 fonctionnaires admis \u00e0 la retraite d\u00e8s le 1er Janvier 2026 - La Voix de la Nation","isPartOf":{"@id":"https:\/\/lavoixdelanation.tg\/#website"},"primaryImageOfPage":{"@id":"https:\/\/lavoixdelanation.tg\/index.php\/2025\/10\/17\/togo-651-fonctionnaires-admis-a-la-retraite-des-le-1er-janvier-2026\/#primaryimage"},"image":{"@id":"https:\/\/lavoixdelanation.tg\/index.php\/2025\/10\/17\/togo-651-fonctionnaires-admis-a-la-retraite-des-le-1er-janvier-2026\/#primaryimage"},"thumbnailUrl":"https:\/\/lavoixdelanation.tg\/wp-content\/uploads\/2025\/10\/Fonction-publique-au-Togo.jpg","datePublished":"2025-10-17T13:39:41+00:00","dateModified":"2025-10-18T13:52:59+00:00","breadcrumb":{"@id":"https:\/\/lavoixdelanation.tg\/index.php\/2025\/10\/17\/togo-651-fonctionnaires-admis-a-la-retraite-des-le-1er-janvier-2026\/#breadcrumb"},"inLanguage":"fr-FR","potentialAction":[{"@type":"ReadAction","target":["https:\/\/lavoixdelanation.tg\/index.php\/2025\/10\/17\/togo-651-fonctionnaires-admis-a-la-retraite-des-le-1er-janvier-2026\/"]}]},{"@type":"ImageObject","inLanguage":"fr-FR","@id":"https:\/\/lavoixdelanation.tg\/index.php\/2025\/10\/17\/togo-651-fonctionnaires-admis-a-la-retraite-des-le-1er-janvier-2026\/#primaryimage","url":"https:\/\/lavoixdelanation.tg\/wp-content\/uploads\/2025\/10\/Fonction-publique-au-Togo.jpg","contentUrl":"https:\/\/lavoixdelanation.tg\/wp-content\/uploads\/2025\/10\/Fonction-publique-au-Togo.jpg","width":770,"height":433},{"@type":"BreadcrumbList","@id":"https:\/\/lavoixdelanation.tg\/index.php\/2025\/10\/17\/togo-651-fonctionnaires-admis-a-la-retraite-des-le-1er-janvier-2026\/#breadcrumb","itemListElement":[{"@type":"ListItem","position":1,"name":"Accueil","item":"https:\/\/lavoixdelanation.tg\/"},{"@type":"ListItem","position":2,"name":"Togo\u00a0: 651 fonctionnaires admis \u00e0 la retraite d\u00e8s le 1er Janvier 2026"}]},{"@type":"WebSite","@id":"https:\/\/lavoixdelanation.tg\/#website","url":"https:\/\/lavoixdelanation.tg\/","name":"La Voix de la Nation","description":"R\u00e9c\u00e9piss\u00e9 n\u00b00108\/HAAC\/01-2024\/pl\/P","publisher":{"@id":"https:\/\/lavoixdelanation.tg\/#organization"},"alternateName":"VON","potentialAction":[{"@type":"SearchAction","target":{"@type":"EntryPoint","urlTemplate":"https:\/\/lavoixdelanation.tg\/?s={search_term_string}"},"query-input":{"@type":"PropertyValueSpecification","valueRequired":true,"valueName":"search_term_string"}}],"inLanguage":"fr-FR"},{"@type":"Organization","@id":"https:\/\/lavoixdelanation.tg\/#organization","name":"La Voix de la Nation","url":"https:\/\/lavoixdelanation.tg\/","logo":{"@type":"ImageObject","inLanguage":"fr-FR","@id":"https:\/\/lavoixdelanation.tg\/#\/schema\/logo\/image\/","url":"https:\/\/lavoixdelanation.tg\/wp-content\/uploads\/2024\/12\/lavn-1.png","contentUrl":"https:\/\/lavoixdelanation.tg\/wp-content\/uploads\/2024\/12\/lavn-1.png","width":1024,"height":464,"caption":"La Voix de la Nation"},"image":{"@id":"https:\/\/lavoixdelanation.tg\/#\/schema\/logo\/image\/"},"sameAs":["https:\/\/www.facebook.com\/lavoixdelanation"]},{"@type":"Person","@id":"https:\/\/lavoixdelanation.tg\/#\/schema\/person\/6c489293aa38053673a9e554acb6e224","name":"La voix de la nation","image":{"@type":"ImageObject","inLanguage":"fr-FR","@id":"https:\/\/lavoixdelanation.tg\/#\/schema\/person\/image\/","url":"https:\/\/secure.gravatar.com\/avatar\/8aa135d4bbc794494cecaa8d483f6d6cc1023624868deaff686baed5e727a5a1?s=96&d=mm&r=g","contentUrl":"https:\/\/secure.gravatar.com\/avatar\/8aa135d4bbc794494cecaa8d483f6d6cc1023624868deaff686baed5e727a5a1?s=96&d=mm&r=g","caption":"La voix de la nation"},"sameAs":["https:\/\/lavoixdelanation.tg"],"url":"https:\/\/lavoixdelanation.tg\/index.php\/author\/lavn\/"}]}},"_links":{"self":[{"href":"https:\/\/lavoixdelanation.tg\/index.php\/wp-json\/wp\/v2\/posts\/14463","targetHints":{"allow":["GET"]}}],"collection":[{"href":"https:\/\/lavoixdelanation.tg\/index.php\/wp-json\/wp\/v2\/posts"}],"about":[{"href":"https:\/\/lavoixdelanation.tg\/index.php\/wp-json\/wp\/v2\/types\/post"}],"author":[{"embeddable":true,"href":"https:\/\/lavoixdelanation.tg\/index.php\/wp-json\/wp\/v2\/users\/1"}],"replies":[{"embeddable":true,"href":"https:\/\/lavoixdelanation.tg\/index.php\/wp-json\/wp\/v2\/comments?post=14463"}],"version-history":[{"count":1,"href":"https:\/\/lavoixdelanation.tg\/index.php\/wp-json\/wp\/v2\/posts\/14463\/revisions"}],"predecessor-version":[{"id":14466,"href":"https:\/\/lavoixdelanation.tg\/index.php\/wp-json\/wp\/v2\/posts\/14463\/revisions\/14466"}],"wp:featuredmedia":[{"embeddable":true,"href":"https:\/\/lavoixdelanation.tg\/index.php\/wp-json\/wp\/v2\/media\/14465"}],"wp:attachment":[{"href":"https:\/\/lavoixdelanation.tg\/index.php\/wp-json\/wp\/v2\/media?parent=14463"}],"wp:term":[{"taxonomy":"category","embeddable":true,"href":"https:\/\/lavoixdelanation.tg\/index.php\/wp-json\/wp\/v2\/categories?post=14463"},{"taxonomy":"post_tag","embeddable":true,"href":"https:\/\/lavoixdelanation.tg\/index.php\/wp-json\/wp\/v2\/tags?post=14463"}],"curies":[{"name":"wp","href":"https:\/\/api.w.org\/{rel}","templated":true}]}}