{"id":14450,"date":"2025-10-14T10:35:05","date_gmt":"2025-10-14T08:35:05","guid":{"rendered":"https:\/\/lavoixdelanation.tg\/?p=14450"},"modified":"2025-10-14T10:36:20","modified_gmt":"2025-10-14T08:36:20","slug":"togo-les-deputes-a-lecole-de-la-budgetisation-axee-sur-les-besoins-des-enfants","status":"publish","type":"post","link":"https:\/\/lavoixdelanation.tg\/index.php\/2025\/10\/14\/togo-les-deputes-a-lecole-de-la-budgetisation-axee-sur-les-besoins-des-enfants\/","title":{"rendered":"Togo\u00a0: Les d\u00e9put\u00e9s \u00e0 l\u2019\u00e9cole de la budg\u00e9tisation ax\u00e9e sur les besoins des enfants"},"content":{"rendered":"\n<p><strong>Les d\u00e9put\u00e9s togolais ont entam\u00e9 ce 13 octobre 2025 \u00e0 Lom\u00e9, un <\/strong><strong>s\u00e9minaire parlementaire de deux jours en mati\u00e8re de budg\u00e9tisation ax\u00e9e sur les besoins des enfants.<\/strong><strong><\/strong><\/p>\n\n\n\n<p>Organis\u00e9 en collaboration avec le Fonds des Nations Unies pour l\u2019enfance (UNICEF), les travaux visent \u00e0 renforcer les comp\u00e9tences des d\u00e9put\u00e9s pour un meilleur suivi et une analyse efficace des d\u00e9penses publiques li\u00e9es \u00e0 l\u2019enfance, en conformit\u00e9 avec les engagements du Togo en faveur des droits de l\u2019enfant.<\/p>\n\n\n\n<p>Le Directeur de cabinet du pr\u00e9sident de l\u2019Assembl\u00e9e nationale, Kissao Tchourou a indiqu\u00e9 qu\u2019\u00e0 travers ce s\u00e9minaire, les d\u00e9put\u00e9s pourront mieux cerner les m\u00e9canismes budg\u00e9taires en faveur de l\u2019enfance et assurer un suivi efficace des d\u00e9penses publiques qui leur sont destin\u00e9es.<\/p>\n\n\n\n<p>Il a salu\u00e9 le leadership du Pr\u00e9sident du Conseil Faure Gnassingb\u00e9 qui a fait de l\u2019investissement dans le capital humain, et particuli\u00e8rement dans l\u2019enfance, une priorit\u00e9 nationale.<\/p>\n\n\n\n<figure class=\"wp-block-image size-full\"><img loading=\"lazy\" decoding=\"async\" width=\"768\" height=\"512\" src=\"https:\/\/lavoixdelanation.tg\/wp-content\/uploads\/2025\/10\/Les-deputes-du-Togo-a-lecole-de-la-budgetisation-axee-sur-les-besoins-des-enfants.jpg\" alt=\"\" class=\"wp-image-14454\" srcset=\"https:\/\/lavoixdelanation.tg\/wp-content\/uploads\/2025\/10\/Les-deputes-du-Togo-a-lecole-de-la-budgetisation-axee-sur-les-besoins-des-enfants.jpg 768w, https:\/\/lavoixdelanation.tg\/wp-content\/uploads\/2025\/10\/Les-deputes-du-Togo-a-lecole-de-la-budgetisation-axee-sur-les-besoins-des-enfants-300x200.jpg 300w\" sizes=\"auto, (max-width: 768px) 100vw, 768px\" \/><\/figure>\n\n\n\n<p>Pour sa part, le Repr\u00e9sentant-r\u00e9sident adjoint de l\u2019UNICEF, Xavier Sire a salu\u00e9 l\u2019engagement du Parlement togolais et la collaboration exemplaire avec le Minist\u00e8re de l\u2019\u00c9conomie et des Finances pour l\u2019organisation de ce s\u00e9minaire au service de l\u2019enfant.<\/p>\n\n\n\n<p>Au cours du s\u00e9minaire, d\u00e9put\u00e9s, assistants parlementaires et cadres minist\u00e9riels suivront des modules sur les cadres l\u00e9gaux relatifs aux droits de l\u2019enfant, le cycle budg\u00e9taire, l\u2019analyse et le contr\u00f4le des d\u00e9penses publiques ax\u00e9es sur l\u2019enfance.<\/p>\n\n\n\n<p><strong>David S.<\/strong><\/p>\n","protected":false},"excerpt":{"rendered":"<p>Les d\u00e9put\u00e9s togolais ont entam\u00e9 ce 13 octobre 2025 \u00e0 Lom\u00e9, un s\u00e9minaire parlementaire de deux jours en mati\u00e8re de budg\u00e9tisation ax\u00e9e sur les besoins des enfants. Organis\u00e9 en collaboration&hellip; <\/p>\n","protected":false},"author":1,"featured_media":14451,"comment_status":"open","ping_status":"closed","sticky":false,"template":"","format":"standard","meta":{"footnotes":""},"categories":[21],"tags":[987,986,128,39,988],"class_list":["post-14450","post","type-post","status-publish","format-standard","has-post-thumbnail","hentry","category-politique","tag-besoins-des-enfants","tag-budgetisation","tag-deputes","tag-togo","tag-unicef"],"yoast_head":"<!-- This site is optimized with the Yoast SEO plugin v26.4 - https:\/\/yoast.com\/wordpress\/plugins\/seo\/ -->\n<title>Togo\u00a0: Les d\u00e9put\u00e9s \u00e0 l\u2019\u00e9cole de la budg\u00e9tisation ax\u00e9e sur les besoins des enfants - La Voix de la Nation<\/title>\n<meta name=\"robots\" content=\"index, follow, max-snippet:-1, max-image-preview:large, max-video-preview:-1\" \/>\n<link rel=\"canonical\" href=\"https:\/\/lavoixdelanation.tg\/index.php\/2025\/10\/14\/togo-les-deputes-a-lecole-de-la-budgetisation-axee-sur-les-besoins-des-enfants\/\" \/>\n<meta property=\"og:locale\" content=\"fr_FR\" \/>\n<meta property=\"og:type\" content=\"article\" \/>\n<meta property=\"og:title\" content=\"Togo\u00a0: Les d\u00e9put\u00e9s \u00e0 l\u2019\u00e9cole de la budg\u00e9tisation ax\u00e9e sur les besoins des enfants - La Voix de la Nation\" \/>\n<meta property=\"og:description\" content=\"Les d\u00e9put\u00e9s togolais ont entam\u00e9 ce 13 octobre 2025 \u00e0 Lom\u00e9, un s\u00e9minaire parlementaire de deux jours en mati\u00e8re de budg\u00e9tisation ax\u00e9e sur les besoins des enfants. Organis\u00e9 en collaboration&hellip;\" \/>\n<meta property=\"og:url\" content=\"https:\/\/lavoixdelanation.tg\/index.php\/2025\/10\/14\/togo-les-deputes-a-lecole-de-la-budgetisation-axee-sur-les-besoins-des-enfants\/\" \/>\n<meta property=\"og:site_name\" content=\"La Voix de la Nation\" \/>\n<meta property=\"article:publisher\" content=\"https:\/\/www.facebook.com\/lavoixdelanation\" \/>\n<meta property=\"article:published_time\" content=\"2025-10-14T08:35:05+00:00\" \/>\n<meta property=\"article:modified_time\" content=\"2025-10-14T08:36:20+00:00\" \/>\n<meta property=\"og:image\" content=\"https:\/\/lavoixdelanation.tg\/wp-content\/uploads\/2025\/10\/Les-deputes-togolais-a-lecole-de-la-budgetisation-axee-sur-les-besoins-des-enfants.jpg\" \/>\n\t<meta property=\"og:image:width\" content=\"768\" \/>\n\t<meta property=\"og:image:height\" content=\"525\" \/>\n\t<meta property=\"og:image:type\" content=\"image\/jpeg\" \/>\n<meta name=\"author\" content=\"La voix de la nation\" \/>\n<meta name=\"twitter:card\" content=\"summary_large_image\" \/>\n<meta name=\"twitter:label1\" content=\"\u00c9crit par\" \/>\n\t<meta name=\"twitter:data1\" content=\"La voix de la nation\" \/>\n\t<meta name=\"twitter:label2\" content=\"Dur\u00e9e de lecture estim\u00e9e\" \/>\n\t<meta name=\"twitter:data2\" content=\"1 minute\" \/>\n<script type=\"application\/ld+json\" class=\"yoast-schema-graph\">{\"@context\":\"https:\/\/schema.org\",\"@graph\":[{\"@type\":\"Article\",\"@id\":\"https:\/\/lavoixdelanation.tg\/index.php\/2025\/10\/14\/togo-les-deputes-a-lecole-de-la-budgetisation-axee-sur-les-besoins-des-enfants\/#article\",\"isPartOf\":{\"@id\":\"https:\/\/lavoixdelanation.tg\/index.php\/2025\/10\/14\/togo-les-deputes-a-lecole-de-la-budgetisation-axee-sur-les-besoins-des-enfants\/\"},\"author\":{\"name\":\"La voix de la nation\",\"@id\":\"https:\/\/lavoixdelanation.tg\/#\/schema\/person\/6c489293aa38053673a9e554acb6e224\"},\"headline\":\"Togo\u00a0: Les d\u00e9put\u00e9s \u00e0 l\u2019\u00e9cole de la budg\u00e9tisation ax\u00e9e sur les besoins des enfants\",\"datePublished\":\"2025-10-14T08:35:05+00:00\",\"dateModified\":\"2025-10-14T08:36:20+00:00\",\"mainEntityOfPage\":{\"@id\":\"https:\/\/lavoixdelanation.tg\/index.php\/2025\/10\/14\/togo-les-deputes-a-lecole-de-la-budgetisation-axee-sur-les-besoins-des-enfants\/\"},\"wordCount\":280,\"commentCount\":0,\"publisher\":{\"@id\":\"https:\/\/lavoixdelanation.tg\/#organization\"},\"image\":{\"@id\":\"https:\/\/lavoixdelanation.tg\/index.php\/2025\/10\/14\/togo-les-deputes-a-lecole-de-la-budgetisation-axee-sur-les-besoins-des-enfants\/#primaryimage\"},\"thumbnailUrl\":\"https:\/\/lavoixdelanation.tg\/wp-content\/uploads\/2025\/10\/Les-deputes-togolais-a-lecole-de-la-budgetisation-axee-sur-les-besoins-des-enfants.jpg\",\"keywords\":[\"besoins des enfants\",\"budg\u00e9tisation\",\"D\u00e9put\u00e9s\",\"Togo\",\"UNICEF\"],\"articleSection\":[\"Politique\"],\"inLanguage\":\"fr-FR\",\"potentialAction\":[{\"@type\":\"CommentAction\",\"name\":\"Comment\",\"target\":[\"https:\/\/lavoixdelanation.tg\/index.php\/2025\/10\/14\/togo-les-deputes-a-lecole-de-la-budgetisation-axee-sur-les-besoins-des-enfants\/#respond\"]}]},{\"@type\":\"WebPage\",\"@id\":\"https:\/\/lavoixdelanation.tg\/index.php\/2025\/10\/14\/togo-les-deputes-a-lecole-de-la-budgetisation-axee-sur-les-besoins-des-enfants\/\",\"url\":\"https:\/\/lavoixdelanation.tg\/index.php\/2025\/10\/14\/togo-les-deputes-a-lecole-de-la-budgetisation-axee-sur-les-besoins-des-enfants\/\",\"name\":\"Togo\u00a0: Les d\u00e9put\u00e9s \u00e0 l\u2019\u00e9cole de la budg\u00e9tisation ax\u00e9e sur les besoins des enfants - La Voix de la Nation\",\"isPartOf\":{\"@id\":\"https:\/\/lavoixdelanation.tg\/#website\"},\"primaryImageOfPage\":{\"@id\":\"https:\/\/lavoixdelanation.tg\/index.php\/2025\/10\/14\/togo-les-deputes-a-lecole-de-la-budgetisation-axee-sur-les-besoins-des-enfants\/#primaryimage\"},\"image\":{\"@id\":\"https:\/\/lavoixdelanation.tg\/index.php\/2025\/10\/14\/togo-les-deputes-a-lecole-de-la-budgetisation-axee-sur-les-besoins-des-enfants\/#primaryimage\"},\"thumbnailUrl\":\"https:\/\/lavoixdelanation.tg\/wp-content\/uploads\/2025\/10\/Les-deputes-togolais-a-lecole-de-la-budgetisation-axee-sur-les-besoins-des-enfants.jpg\",\"datePublished\":\"2025-10-14T08:35:05+00:00\",\"dateModified\":\"2025-10-14T08:36:20+00:00\",\"breadcrumb\":{\"@id\":\"https:\/\/lavoixdelanation.tg\/index.php\/2025\/10\/14\/togo-les-deputes-a-lecole-de-la-budgetisation-axee-sur-les-besoins-des-enfants\/#breadcrumb\"},\"inLanguage\":\"fr-FR\",\"potentialAction\":[{\"@type\":\"ReadAction\",\"target\":[\"https:\/\/lavoixdelanation.tg\/index.php\/2025\/10\/14\/togo-les-deputes-a-lecole-de-la-budgetisation-axee-sur-les-besoins-des-enfants\/\"]}]},{\"@type\":\"ImageObject\",\"inLanguage\":\"fr-FR\",\"@id\":\"https:\/\/lavoixdelanation.tg\/index.php\/2025\/10\/14\/togo-les-deputes-a-lecole-de-la-budgetisation-axee-sur-les-besoins-des-enfants\/#primaryimage\",\"url\":\"https:\/\/lavoixdelanation.tg\/wp-content\/uploads\/2025\/10\/Les-deputes-togolais-a-lecole-de-la-budgetisation-axee-sur-les-besoins-des-enfants.jpg\",\"contentUrl\":\"https:\/\/lavoixdelanation.tg\/wp-content\/uploads\/2025\/10\/Les-deputes-togolais-a-lecole-de-la-budgetisation-axee-sur-les-besoins-des-enfants.jpg\",\"width\":768,\"height\":525},{\"@type\":\"BreadcrumbList\",\"@id\":\"https:\/\/lavoixdelanation.tg\/index.php\/2025\/10\/14\/togo-les-deputes-a-lecole-de-la-budgetisation-axee-sur-les-besoins-des-enfants\/#breadcrumb\",\"itemListElement\":[{\"@type\":\"ListItem\",\"position\":1,\"name\":\"Accueil\",\"item\":\"https:\/\/lavoixdelanation.tg\/\"},{\"@type\":\"ListItem\",\"position\":2,\"name\":\"Togo\u00a0: Les d\u00e9put\u00e9s \u00e0 l\u2019\u00e9cole de la budg\u00e9tisation ax\u00e9e sur les besoins des enfants\"}]},{\"@type\":\"WebSite\",\"@id\":\"https:\/\/lavoixdelanation.tg\/#website\",\"url\":\"https:\/\/lavoixdelanation.tg\/\",\"name\":\"La Voix de la Nation\",\"description\":\"R\u00e9c\u00e9piss\u00e9 n\u00b00108\/HAAC\/01-2024\/pl\/P\",\"publisher\":{\"@id\":\"https:\/\/lavoixdelanation.tg\/#organization\"},\"alternateName\":\"VON\",\"potentialAction\":[{\"@type\":\"SearchAction\",\"target\":{\"@type\":\"EntryPoint\",\"urlTemplate\":\"https:\/\/lavoixdelanation.tg\/?s={search_term_string}\"},\"query-input\":{\"@type\":\"PropertyValueSpecification\",\"valueRequired\":true,\"valueName\":\"search_term_string\"}}],\"inLanguage\":\"fr-FR\"},{\"@type\":\"Organization\",\"@id\":\"https:\/\/lavoixdelanation.tg\/#organization\",\"name\":\"La Voix de la Nation\",\"url\":\"https:\/\/lavoixdelanation.tg\/\",\"logo\":{\"@type\":\"ImageObject\",\"inLanguage\":\"fr-FR\",\"@id\":\"https:\/\/lavoixdelanation.tg\/#\/schema\/logo\/image\/\",\"url\":\"https:\/\/lavoixdelanation.tg\/wp-content\/uploads\/2024\/12\/lavn-1.png\",\"contentUrl\":\"https:\/\/lavoixdelanation.tg\/wp-content\/uploads\/2024\/12\/lavn-1.png\",\"width\":1024,\"height\":464,\"caption\":\"La Voix de la Nation\"},\"image\":{\"@id\":\"https:\/\/lavoixdelanation.tg\/#\/schema\/logo\/image\/\"},\"sameAs\":[\"https:\/\/www.facebook.com\/lavoixdelanation\"]},{\"@type\":\"Person\",\"@id\":\"https:\/\/lavoixdelanation.tg\/#\/schema\/person\/6c489293aa38053673a9e554acb6e224\",\"name\":\"La voix de la nation\",\"image\":{\"@type\":\"ImageObject\",\"inLanguage\":\"fr-FR\",\"@id\":\"https:\/\/lavoixdelanation.tg\/#\/schema\/person\/image\/\",\"url\":\"https:\/\/secure.gravatar.com\/avatar\/8aa135d4bbc794494cecaa8d483f6d6cc1023624868deaff686baed5e727a5a1?s=96&d=mm&r=g\",\"contentUrl\":\"https:\/\/secure.gravatar.com\/avatar\/8aa135d4bbc794494cecaa8d483f6d6cc1023624868deaff686baed5e727a5a1?s=96&d=mm&r=g\",\"caption\":\"La voix de la nation\"},\"sameAs\":[\"https:\/\/lavoixdelanation.tg\"],\"url\":\"https:\/\/lavoixdelanation.tg\/index.php\/author\/lavn\/\"}]}<\/script>\n<!-- \/ Yoast SEO plugin. -->","yoast_head_json":{"title":"Togo\u00a0: Les d\u00e9put\u00e9s \u00e0 l\u2019\u00e9cole de la budg\u00e9tisation ax\u00e9e sur les besoins des enfants - La Voix de la Nation","robots":{"index":"index","follow":"follow","max-snippet":"max-snippet:-1","max-image-preview":"max-image-preview:large","max-video-preview":"max-video-preview:-1"},"canonical":"https:\/\/lavoixdelanation.tg\/index.php\/2025\/10\/14\/togo-les-deputes-a-lecole-de-la-budgetisation-axee-sur-les-besoins-des-enfants\/","og_locale":"fr_FR","og_type":"article","og_title":"Togo\u00a0: Les d\u00e9put\u00e9s \u00e0 l\u2019\u00e9cole de la budg\u00e9tisation ax\u00e9e sur les besoins des enfants - La Voix de la Nation","og_description":"Les d\u00e9put\u00e9s togolais ont entam\u00e9 ce 13 octobre 2025 \u00e0 Lom\u00e9, un s\u00e9minaire parlementaire de deux jours en mati\u00e8re de budg\u00e9tisation ax\u00e9e sur les besoins des enfants. Organis\u00e9 en collaboration&hellip;","og_url":"https:\/\/lavoixdelanation.tg\/index.php\/2025\/10\/14\/togo-les-deputes-a-lecole-de-la-budgetisation-axee-sur-les-besoins-des-enfants\/","og_site_name":"La Voix de la Nation","article_publisher":"https:\/\/www.facebook.com\/lavoixdelanation","article_published_time":"2025-10-14T08:35:05+00:00","article_modified_time":"2025-10-14T08:36:20+00:00","og_image":[{"width":768,"height":525,"url":"https:\/\/lavoixdelanation.tg\/wp-content\/uploads\/2025\/10\/Les-deputes-togolais-a-lecole-de-la-budgetisation-axee-sur-les-besoins-des-enfants.jpg","type":"image\/jpeg"}],"author":"La voix de la nation","twitter_card":"summary_large_image","twitter_misc":{"\u00c9crit par":"La voix de la nation","Dur\u00e9e de lecture estim\u00e9e":"1 minute"},"schema":{"@context":"https:\/\/schema.org","@graph":[{"@type":"Article","@id":"https:\/\/lavoixdelanation.tg\/index.php\/2025\/10\/14\/togo-les-deputes-a-lecole-de-la-budgetisation-axee-sur-les-besoins-des-enfants\/#article","isPartOf":{"@id":"https:\/\/lavoixdelanation.tg\/index.php\/2025\/10\/14\/togo-les-deputes-a-lecole-de-la-budgetisation-axee-sur-les-besoins-des-enfants\/"},"author":{"name":"La voix de la nation","@id":"https:\/\/lavoixdelanation.tg\/#\/schema\/person\/6c489293aa38053673a9e554acb6e224"},"headline":"Togo\u00a0: Les d\u00e9put\u00e9s \u00e0 l\u2019\u00e9cole de la budg\u00e9tisation ax\u00e9e sur les besoins des enfants","datePublished":"2025-10-14T08:35:05+00:00","dateModified":"2025-10-14T08:36:20+00:00","mainEntityOfPage":{"@id":"https:\/\/lavoixdelanation.tg\/index.php\/2025\/10\/14\/togo-les-deputes-a-lecole-de-la-budgetisation-axee-sur-les-besoins-des-enfants\/"},"wordCount":280,"commentCount":0,"publisher":{"@id":"https:\/\/lavoixdelanation.tg\/#organization"},"image":{"@id":"https:\/\/lavoixdelanation.tg\/index.php\/2025\/10\/14\/togo-les-deputes-a-lecole-de-la-budgetisation-axee-sur-les-besoins-des-enfants\/#primaryimage"},"thumbnailUrl":"https:\/\/lavoixdelanation.tg\/wp-content\/uploads\/2025\/10\/Les-deputes-togolais-a-lecole-de-la-budgetisation-axee-sur-les-besoins-des-enfants.jpg","keywords":["besoins des enfants","budg\u00e9tisation","D\u00e9put\u00e9s","Togo","UNICEF"],"articleSection":["Politique"],"inLanguage":"fr-FR","potentialAction":[{"@type":"CommentAction","name":"Comment","target":["https:\/\/lavoixdelanation.tg\/index.php\/2025\/10\/14\/togo-les-deputes-a-lecole-de-la-budgetisation-axee-sur-les-besoins-des-enfants\/#respond"]}]},{"@type":"WebPage","@id":"https:\/\/lavoixdelanation.tg\/index.php\/2025\/10\/14\/togo-les-deputes-a-lecole-de-la-budgetisation-axee-sur-les-besoins-des-enfants\/","url":"https:\/\/lavoixdelanation.tg\/index.php\/2025\/10\/14\/togo-les-deputes-a-lecole-de-la-budgetisation-axee-sur-les-besoins-des-enfants\/","name":"Togo\u00a0: Les d\u00e9put\u00e9s \u00e0 l\u2019\u00e9cole de la budg\u00e9tisation ax\u00e9e sur les besoins des enfants - La Voix de la Nation","isPartOf":{"@id":"https:\/\/lavoixdelanation.tg\/#website"},"primaryImageOfPage":{"@id":"https:\/\/lavoixdelanation.tg\/index.php\/2025\/10\/14\/togo-les-deputes-a-lecole-de-la-budgetisation-axee-sur-les-besoins-des-enfants\/#primaryimage"},"image":{"@id":"https:\/\/lavoixdelanation.tg\/index.php\/2025\/10\/14\/togo-les-deputes-a-lecole-de-la-budgetisation-axee-sur-les-besoins-des-enfants\/#primaryimage"},"thumbnailUrl":"https:\/\/lavoixdelanation.tg\/wp-content\/uploads\/2025\/10\/Les-deputes-togolais-a-lecole-de-la-budgetisation-axee-sur-les-besoins-des-enfants.jpg","datePublished":"2025-10-14T08:35:05+00:00","dateModified":"2025-10-14T08:36:20+00:00","breadcrumb":{"@id":"https:\/\/lavoixdelanation.tg\/index.php\/2025\/10\/14\/togo-les-deputes-a-lecole-de-la-budgetisation-axee-sur-les-besoins-des-enfants\/#breadcrumb"},"inLanguage":"fr-FR","potentialAction":[{"@type":"ReadAction","target":["https:\/\/lavoixdelanation.tg\/index.php\/2025\/10\/14\/togo-les-deputes-a-lecole-de-la-budgetisation-axee-sur-les-besoins-des-enfants\/"]}]},{"@type":"ImageObject","inLanguage":"fr-FR","@id":"https:\/\/lavoixdelanation.tg\/index.php\/2025\/10\/14\/togo-les-deputes-a-lecole-de-la-budgetisation-axee-sur-les-besoins-des-enfants\/#primaryimage","url":"https:\/\/lavoixdelanation.tg\/wp-content\/uploads\/2025\/10\/Les-deputes-togolais-a-lecole-de-la-budgetisation-axee-sur-les-besoins-des-enfants.jpg","contentUrl":"https:\/\/lavoixdelanation.tg\/wp-content\/uploads\/2025\/10\/Les-deputes-togolais-a-lecole-de-la-budgetisation-axee-sur-les-besoins-des-enfants.jpg","width":768,"height":525},{"@type":"BreadcrumbList","@id":"https:\/\/lavoixdelanation.tg\/index.php\/2025\/10\/14\/togo-les-deputes-a-lecole-de-la-budgetisation-axee-sur-les-besoins-des-enfants\/#breadcrumb","itemListElement":[{"@type":"ListItem","position":1,"name":"Accueil","item":"https:\/\/lavoixdelanation.tg\/"},{"@type":"ListItem","position":2,"name":"Togo\u00a0: Les d\u00e9put\u00e9s \u00e0 l\u2019\u00e9cole de la budg\u00e9tisation ax\u00e9e sur les besoins des enfants"}]},{"@type":"WebSite","@id":"https:\/\/lavoixdelanation.tg\/#website","url":"https:\/\/lavoixdelanation.tg\/","name":"La Voix de la Nation","description":"R\u00e9c\u00e9piss\u00e9 n\u00b00108\/HAAC\/01-2024\/pl\/P","publisher":{"@id":"https:\/\/lavoixdelanation.tg\/#organization"},"alternateName":"VON","potentialAction":[{"@type":"SearchAction","target":{"@type":"EntryPoint","urlTemplate":"https:\/\/lavoixdelanation.tg\/?s={search_term_string}"},"query-input":{"@type":"PropertyValueSpecification","valueRequired":true,"valueName":"search_term_string"}}],"inLanguage":"fr-FR"},{"@type":"Organization","@id":"https:\/\/lavoixdelanation.tg\/#organization","name":"La Voix de la Nation","url":"https:\/\/lavoixdelanation.tg\/","logo":{"@type":"ImageObject","inLanguage":"fr-FR","@id":"https:\/\/lavoixdelanation.tg\/#\/schema\/logo\/image\/","url":"https:\/\/lavoixdelanation.tg\/wp-content\/uploads\/2024\/12\/lavn-1.png","contentUrl":"https:\/\/lavoixdelanation.tg\/wp-content\/uploads\/2024\/12\/lavn-1.png","width":1024,"height":464,"caption":"La Voix de la Nation"},"image":{"@id":"https:\/\/lavoixdelanation.tg\/#\/schema\/logo\/image\/"},"sameAs":["https:\/\/www.facebook.com\/lavoixdelanation"]},{"@type":"Person","@id":"https:\/\/lavoixdelanation.tg\/#\/schema\/person\/6c489293aa38053673a9e554acb6e224","name":"La voix de la nation","image":{"@type":"ImageObject","inLanguage":"fr-FR","@id":"https:\/\/lavoixdelanation.tg\/#\/schema\/person\/image\/","url":"https:\/\/secure.gravatar.com\/avatar\/8aa135d4bbc794494cecaa8d483f6d6cc1023624868deaff686baed5e727a5a1?s=96&d=mm&r=g","contentUrl":"https:\/\/secure.gravatar.com\/avatar\/8aa135d4bbc794494cecaa8d483f6d6cc1023624868deaff686baed5e727a5a1?s=96&d=mm&r=g","caption":"La voix de la nation"},"sameAs":["https:\/\/lavoixdelanation.tg"],"url":"https:\/\/lavoixdelanation.tg\/index.php\/author\/lavn\/"}]}},"_links":{"self":[{"href":"https:\/\/lavoixdelanation.tg\/index.php\/wp-json\/wp\/v2\/posts\/14450","targetHints":{"allow":["GET"]}}],"collection":[{"href":"https:\/\/lavoixdelanation.tg\/index.php\/wp-json\/wp\/v2\/posts"}],"about":[{"href":"https:\/\/lavoixdelanation.tg\/index.php\/wp-json\/wp\/v2\/types\/post"}],"author":[{"embeddable":true,"href":"https:\/\/lavoixdelanation.tg\/index.php\/wp-json\/wp\/v2\/users\/1"}],"replies":[{"embeddable":true,"href":"https:\/\/lavoixdelanation.tg\/index.php\/wp-json\/wp\/v2\/comments?post=14450"}],"version-history":[{"count":2,"href":"https:\/\/lavoixdelanation.tg\/index.php\/wp-json\/wp\/v2\/posts\/14450\/revisions"}],"predecessor-version":[{"id":14455,"href":"https:\/\/lavoixdelanation.tg\/index.php\/wp-json\/wp\/v2\/posts\/14450\/revisions\/14455"}],"wp:featuredmedia":[{"embeddable":true,"href":"https:\/\/lavoixdelanation.tg\/index.php\/wp-json\/wp\/v2\/media\/14451"}],"wp:attachment":[{"href":"https:\/\/lavoixdelanation.tg\/index.php\/wp-json\/wp\/v2\/media?parent=14450"}],"wp:term":[{"taxonomy":"category","embeddable":true,"href":"https:\/\/lavoixdelanation.tg\/index.php\/wp-json\/wp\/v2\/categories?post=14450"},{"taxonomy":"post_tag","embeddable":true,"href":"https:\/\/lavoixdelanation.tg\/index.php\/wp-json\/wp\/v2\/tags?post=14450"}],"curies":[{"name":"wp","href":"https:\/\/api.w.org\/{rel}","templated":true}]}}