{"id":14389,"date":"2025-09-29T18:55:15","date_gmt":"2025-09-29T16:55:15","guid":{"rendered":"https:\/\/lavoixdelanation.tg\/?p=14389"},"modified":"2025-10-04T18:59:12","modified_gmt":"2025-10-04T16:59:12","slug":"togo-des-reformes-et-programmes-cibles-au-service-du-developpement-agricole","status":"publish","type":"post","link":"https:\/\/lavoixdelanation.tg\/index.php\/2025\/09\/29\/togo-des-reformes-et-programmes-cibles-au-service-du-developpement-agricole\/","title":{"rendered":"Togo\u00a0: Des r\u00e9formes et programmes cibl\u00e9s au service du d\u00e9veloppement agricole"},"content":{"rendered":"\n<p><strong>Conscient de l\u2019enjeu selon lequel l\u2019agriculture reste le pilier du d\u00e9veloppement et le moteur de la croissance \u00e9conomique du Togo, le pr\u00e9sident du Conseil Faure Gnassingb\u00e9 fait multiplier r\u00e9formes et programmes cibl\u00e9s, avec pour ambition de r\u00e9pondre aux besoins urgents de financement, de modernisation et de formation. Objectif, b\u00e2tir une nouvelle g\u00e9n\u00e9ration de producteurs capables de relever les d\u00e9fis de demain.<\/strong><\/p>\n\n\n\n<p>Le financement \u00e9tant l&rsquo;un des piliers majeurs du d\u00e9veloppement agricole. Pour y r\u00e9pondre, l&rsquo;\u00c9tat a cr\u00e9\u00e9 en 2018 le M\u00e9canisme incitatif de financement agricole (Mifa). La m\u00eame ann\u00e9e, les Zones d&rsquo;am\u00e9nagement agricole planifi\u00e9es (Zaap) ont vu le jour, offrant une organisation structur\u00e9e de la production. Ces blocs d&rsquo;au moins 100 hectares r\u00e9unissent producteurs, encadrement technique, m\u00e9canisation et acc\u00e8s facilit\u00e9 aux march\u00e9s.<\/p>\n\n\n\n<p>\u00c0 fin novembre 2023, 222 Zaap \u00e9taient op\u00e9rationnelles, couvrant 32 230 hectares. Elles se r\u00e9partissent en deux principales fili\u00e8res : 10 900 hectares d\u00e9di\u00e9s aux produits vivriers et 900 hectares \u00e0 l&rsquo;anacarde. Lors de la campagne agricole 2023-2024, 2 176 producteurs, dont 485 femmes, ont exploit\u00e9 ces sites.<\/p>\n\n\n\n<p>Au total, 6 175 hectares ont \u00e9t\u00e9 am\u00e9nag\u00e9s, dont 1 960 hectares pour le ma\u00efs, 1 780 pour le soja, 980 pour le riz, 110 pour le s\u00e9same et 900 pour l&rsquo;anacarde. Dans le m\u00eame \u00e9lan, le Mifa a mobilis\u00e9 1,33 milliard de francs CFA, permettant l&rsquo;acquisition de 24 tracteurs, 2 400 tonnes de semences de soja et 20 000 litres de biostimulants.<\/p>\n\n\n\n<p>La r\u00e9ussite de cette transformation repose \u00e9galement sur la formation. L&rsquo;enseignement technique et la formation professionnelle comptent environ 75 300 apprenants pour l&rsquo;ann\u00e9e 2024-2025, r\u00e9partis dans diff\u00e9rentes fili\u00e8res. En ao\u00fbt 2025, 400 jeunes ont particip\u00e9 au bootcamp agribusiness de Kp\u00e8l\u00e8, une initiative visant \u00e0 renforcer leurs comp\u00e9tences pratiques en agriculture, \u00e9levage, pisciculture et aviculture.<\/p>\n\n\n\n<p>Des programmes compl\u00e9mentaires viennent \u00e9galement en appui \u00e0 ces efforts. Le Programme r\u00e9gional d&rsquo;int\u00e9gration des march\u00e9s agricoles (Prima), pr\u00e9vu sur la p\u00e9riode 2021-2026, facilite l&rsquo;acc\u00e8s aux march\u00e9s r\u00e9gionaux. Le Programme d&rsquo;appui au Mifa (Promifa), pour sa part, soutient la production et la commercialisation.<\/p>\n\n\n\n<p>En septembre 2024, 300 producteurs, dont 200 femmes, ont \u00e9t\u00e9 form\u00e9s \u00e0 la gestion des semences communautaires. De plus, 200 b\u00e9n\u00e9ficiaires, parmi lesquels 116 femmes, ont suivi une formation sur le cycle financier de l&rsquo;agriculteur.<\/p>\n\n\n\n<p>En mai 2025, 300 agents techniques recrut\u00e9s par le Promifa ont \u00e9t\u00e9 form\u00e9s sur les cha\u00eenes de valeur, l&rsquo;appui aux ZAAP et les outils de vulgarisation. Parall\u00e8lement, la Direction de l&rsquo;entrepreneuriat et du financement agricole (Defa), cr\u00e9\u00e9e le 19 mai 2023, a pour mission de structurer et d&rsquo;ancrer localement les m\u00e9canismes de financement.<\/p>\n\n\n\n<p>Ces programmes pris dans leur ensemble, t\u00e9moignent d&rsquo;une approche int\u00e9gr\u00e9e : la Defa structure le financement \u00e0 l&rsquo;\u00e9chelle locale, le Promifa soutient la production et la commercialisation, le Prima ouvre les portes des march\u00e9s r\u00e9gionaux.<\/p>\n\n\n\n<p><strong>David S.<\/strong><\/p>\n","protected":false},"excerpt":{"rendered":"<p>Conscient de l\u2019enjeu selon lequel l\u2019agriculture reste le pilier du d\u00e9veloppement et le moteur de la croissance \u00e9conomique du Togo, le pr\u00e9sident du Conseil Faure Gnassingb\u00e9 fait multiplier r\u00e9formes et&hellip; <\/p>\n","protected":false},"author":1,"featured_media":14390,"comment_status":"open","ping_status":"closed","sticky":false,"template":"","format":"standard","meta":{"footnotes":""},"categories":[8],"tags":[],"class_list":["post-14389","post","type-post","status-publish","format-standard","has-post-thumbnail","hentry","category-economie"],"yoast_head":"<!-- This site is optimized with the Yoast SEO plugin v26.4 - https:\/\/yoast.com\/wordpress\/plugins\/seo\/ -->\n<title>Togo\u00a0: Des r\u00e9formes et programmes cibl\u00e9s au service du d\u00e9veloppement agricole - La Voix de la Nation<\/title>\n<meta name=\"robots\" content=\"index, follow, max-snippet:-1, max-image-preview:large, max-video-preview:-1\" \/>\n<link rel=\"canonical\" href=\"https:\/\/lavoixdelanation.tg\/index.php\/2025\/09\/29\/togo-des-reformes-et-programmes-cibles-au-service-du-developpement-agricole\/\" \/>\n<meta property=\"og:locale\" content=\"fr_FR\" \/>\n<meta property=\"og:type\" content=\"article\" \/>\n<meta property=\"og:title\" content=\"Togo\u00a0: Des r\u00e9formes et programmes cibl\u00e9s au service du d\u00e9veloppement agricole - La Voix de la Nation\" \/>\n<meta property=\"og:description\" content=\"Conscient de l\u2019enjeu selon lequel l\u2019agriculture reste le pilier du d\u00e9veloppement et le moteur de la croissance \u00e9conomique du Togo, le pr\u00e9sident du Conseil Faure Gnassingb\u00e9 fait multiplier r\u00e9formes et&hellip;\" \/>\n<meta property=\"og:url\" content=\"https:\/\/lavoixdelanation.tg\/index.php\/2025\/09\/29\/togo-des-reformes-et-programmes-cibles-au-service-du-developpement-agricole\/\" \/>\n<meta property=\"og:site_name\" content=\"La Voix de la Nation\" \/>\n<meta property=\"article:publisher\" content=\"https:\/\/www.facebook.com\/lavoixdelanation\" \/>\n<meta property=\"article:published_time\" content=\"2025-09-29T16:55:15+00:00\" \/>\n<meta property=\"article:modified_time\" content=\"2025-10-04T16:59:12+00:00\" \/>\n<meta property=\"og:image\" content=\"https:\/\/lavoixdelanation.tg\/wp-content\/uploads\/2025\/10\/Developpement-agricole-au-Togo.jpg\" \/>\n\t<meta property=\"og:image:width\" content=\"600\" \/>\n\t<meta property=\"og:image:height\" content=\"400\" \/>\n\t<meta property=\"og:image:type\" content=\"image\/jpeg\" \/>\n<meta name=\"author\" content=\"La voix de la nation\" \/>\n<meta name=\"twitter:card\" content=\"summary_large_image\" \/>\n<meta name=\"twitter:label1\" content=\"\u00c9crit par\" \/>\n\t<meta name=\"twitter:data1\" content=\"La voix de la nation\" \/>\n\t<meta name=\"twitter:label2\" content=\"Dur\u00e9e de lecture estim\u00e9e\" \/>\n\t<meta name=\"twitter:data2\" content=\"2 minutes\" \/>\n<script type=\"application\/ld+json\" class=\"yoast-schema-graph\">{\"@context\":\"https:\/\/schema.org\",\"@graph\":[{\"@type\":\"Article\",\"@id\":\"https:\/\/lavoixdelanation.tg\/index.php\/2025\/09\/29\/togo-des-reformes-et-programmes-cibles-au-service-du-developpement-agricole\/#article\",\"isPartOf\":{\"@id\":\"https:\/\/lavoixdelanation.tg\/index.php\/2025\/09\/29\/togo-des-reformes-et-programmes-cibles-au-service-du-developpement-agricole\/\"},\"author\":{\"name\":\"La voix de la nation\",\"@id\":\"https:\/\/lavoixdelanation.tg\/#\/schema\/person\/6c489293aa38053673a9e554acb6e224\"},\"headline\":\"Togo\u00a0: Des r\u00e9formes et programmes cibl\u00e9s au service du d\u00e9veloppement agricole\",\"datePublished\":\"2025-09-29T16:55:15+00:00\",\"dateModified\":\"2025-10-04T16:59:12+00:00\",\"mainEntityOfPage\":{\"@id\":\"https:\/\/lavoixdelanation.tg\/index.php\/2025\/09\/29\/togo-des-reformes-et-programmes-cibles-au-service-du-developpement-agricole\/\"},\"wordCount\":503,\"commentCount\":0,\"publisher\":{\"@id\":\"https:\/\/lavoixdelanation.tg\/#organization\"},\"image\":{\"@id\":\"https:\/\/lavoixdelanation.tg\/index.php\/2025\/09\/29\/togo-des-reformes-et-programmes-cibles-au-service-du-developpement-agricole\/#primaryimage\"},\"thumbnailUrl\":\"https:\/\/lavoixdelanation.tg\/wp-content\/uploads\/2025\/10\/Developpement-agricole-au-Togo.jpg\",\"articleSection\":[\"Economie\"],\"inLanguage\":\"fr-FR\",\"potentialAction\":[{\"@type\":\"CommentAction\",\"name\":\"Comment\",\"target\":[\"https:\/\/lavoixdelanation.tg\/index.php\/2025\/09\/29\/togo-des-reformes-et-programmes-cibles-au-service-du-developpement-agricole\/#respond\"]}]},{\"@type\":\"WebPage\",\"@id\":\"https:\/\/lavoixdelanation.tg\/index.php\/2025\/09\/29\/togo-des-reformes-et-programmes-cibles-au-service-du-developpement-agricole\/\",\"url\":\"https:\/\/lavoixdelanation.tg\/index.php\/2025\/09\/29\/togo-des-reformes-et-programmes-cibles-au-service-du-developpement-agricole\/\",\"name\":\"Togo\u00a0: Des r\u00e9formes et programmes cibl\u00e9s au service du d\u00e9veloppement agricole - La Voix de la Nation\",\"isPartOf\":{\"@id\":\"https:\/\/lavoixdelanation.tg\/#website\"},\"primaryImageOfPage\":{\"@id\":\"https:\/\/lavoixdelanation.tg\/index.php\/2025\/09\/29\/togo-des-reformes-et-programmes-cibles-au-service-du-developpement-agricole\/#primaryimage\"},\"image\":{\"@id\":\"https:\/\/lavoixdelanation.tg\/index.php\/2025\/09\/29\/togo-des-reformes-et-programmes-cibles-au-service-du-developpement-agricole\/#primaryimage\"},\"thumbnailUrl\":\"https:\/\/lavoixdelanation.tg\/wp-content\/uploads\/2025\/10\/Developpement-agricole-au-Togo.jpg\",\"datePublished\":\"2025-09-29T16:55:15+00:00\",\"dateModified\":\"2025-10-04T16:59:12+00:00\",\"breadcrumb\":{\"@id\":\"https:\/\/lavoixdelanation.tg\/index.php\/2025\/09\/29\/togo-des-reformes-et-programmes-cibles-au-service-du-developpement-agricole\/#breadcrumb\"},\"inLanguage\":\"fr-FR\",\"potentialAction\":[{\"@type\":\"ReadAction\",\"target\":[\"https:\/\/lavoixdelanation.tg\/index.php\/2025\/09\/29\/togo-des-reformes-et-programmes-cibles-au-service-du-developpement-agricole\/\"]}]},{\"@type\":\"ImageObject\",\"inLanguage\":\"fr-FR\",\"@id\":\"https:\/\/lavoixdelanation.tg\/index.php\/2025\/09\/29\/togo-des-reformes-et-programmes-cibles-au-service-du-developpement-agricole\/#primaryimage\",\"url\":\"https:\/\/lavoixdelanation.tg\/wp-content\/uploads\/2025\/10\/Developpement-agricole-au-Togo.jpg\",\"contentUrl\":\"https:\/\/lavoixdelanation.tg\/wp-content\/uploads\/2025\/10\/Developpement-agricole-au-Togo.jpg\",\"width\":600,\"height\":400},{\"@type\":\"BreadcrumbList\",\"@id\":\"https:\/\/lavoixdelanation.tg\/index.php\/2025\/09\/29\/togo-des-reformes-et-programmes-cibles-au-service-du-developpement-agricole\/#breadcrumb\",\"itemListElement\":[{\"@type\":\"ListItem\",\"position\":1,\"name\":\"Accueil\",\"item\":\"https:\/\/lavoixdelanation.tg\/\"},{\"@type\":\"ListItem\",\"position\":2,\"name\":\"Togo\u00a0: Des r\u00e9formes et programmes cibl\u00e9s au service du d\u00e9veloppement agricole\"}]},{\"@type\":\"WebSite\",\"@id\":\"https:\/\/lavoixdelanation.tg\/#website\",\"url\":\"https:\/\/lavoixdelanation.tg\/\",\"name\":\"La Voix de la Nation\",\"description\":\"R\u00e9c\u00e9piss\u00e9 n\u00b00108\/HAAC\/01-2024\/pl\/P\",\"publisher\":{\"@id\":\"https:\/\/lavoixdelanation.tg\/#organization\"},\"alternateName\":\"VON\",\"potentialAction\":[{\"@type\":\"SearchAction\",\"target\":{\"@type\":\"EntryPoint\",\"urlTemplate\":\"https:\/\/lavoixdelanation.tg\/?s={search_term_string}\"},\"query-input\":{\"@type\":\"PropertyValueSpecification\",\"valueRequired\":true,\"valueName\":\"search_term_string\"}}],\"inLanguage\":\"fr-FR\"},{\"@type\":\"Organization\",\"@id\":\"https:\/\/lavoixdelanation.tg\/#organization\",\"name\":\"La Voix de la Nation\",\"url\":\"https:\/\/lavoixdelanation.tg\/\",\"logo\":{\"@type\":\"ImageObject\",\"inLanguage\":\"fr-FR\",\"@id\":\"https:\/\/lavoixdelanation.tg\/#\/schema\/logo\/image\/\",\"url\":\"https:\/\/lavoixdelanation.tg\/wp-content\/uploads\/2024\/12\/lavn-1.png\",\"contentUrl\":\"https:\/\/lavoixdelanation.tg\/wp-content\/uploads\/2024\/12\/lavn-1.png\",\"width\":1024,\"height\":464,\"caption\":\"La Voix de la Nation\"},\"image\":{\"@id\":\"https:\/\/lavoixdelanation.tg\/#\/schema\/logo\/image\/\"},\"sameAs\":[\"https:\/\/www.facebook.com\/lavoixdelanation\"]},{\"@type\":\"Person\",\"@id\":\"https:\/\/lavoixdelanation.tg\/#\/schema\/person\/6c489293aa38053673a9e554acb6e224\",\"name\":\"La voix de la nation\",\"image\":{\"@type\":\"ImageObject\",\"inLanguage\":\"fr-FR\",\"@id\":\"https:\/\/lavoixdelanation.tg\/#\/schema\/person\/image\/\",\"url\":\"https:\/\/secure.gravatar.com\/avatar\/8aa135d4bbc794494cecaa8d483f6d6cc1023624868deaff686baed5e727a5a1?s=96&d=mm&r=g\",\"contentUrl\":\"https:\/\/secure.gravatar.com\/avatar\/8aa135d4bbc794494cecaa8d483f6d6cc1023624868deaff686baed5e727a5a1?s=96&d=mm&r=g\",\"caption\":\"La voix de la nation\"},\"sameAs\":[\"https:\/\/lavoixdelanation.tg\"],\"url\":\"https:\/\/lavoixdelanation.tg\/index.php\/author\/lavn\/\"}]}<\/script>\n<!-- \/ Yoast SEO plugin. -->","yoast_head_json":{"title":"Togo\u00a0: Des r\u00e9formes et programmes cibl\u00e9s au service du d\u00e9veloppement agricole - La Voix de la Nation","robots":{"index":"index","follow":"follow","max-snippet":"max-snippet:-1","max-image-preview":"max-image-preview:large","max-video-preview":"max-video-preview:-1"},"canonical":"https:\/\/lavoixdelanation.tg\/index.php\/2025\/09\/29\/togo-des-reformes-et-programmes-cibles-au-service-du-developpement-agricole\/","og_locale":"fr_FR","og_type":"article","og_title":"Togo\u00a0: Des r\u00e9formes et programmes cibl\u00e9s au service du d\u00e9veloppement agricole - La Voix de la Nation","og_description":"Conscient de l\u2019enjeu selon lequel l\u2019agriculture reste le pilier du d\u00e9veloppement et le moteur de la croissance \u00e9conomique du Togo, le pr\u00e9sident du Conseil Faure Gnassingb\u00e9 fait multiplier r\u00e9formes et&hellip;","og_url":"https:\/\/lavoixdelanation.tg\/index.php\/2025\/09\/29\/togo-des-reformes-et-programmes-cibles-au-service-du-developpement-agricole\/","og_site_name":"La Voix de la Nation","article_publisher":"https:\/\/www.facebook.com\/lavoixdelanation","article_published_time":"2025-09-29T16:55:15+00:00","article_modified_time":"2025-10-04T16:59:12+00:00","og_image":[{"width":600,"height":400,"url":"https:\/\/lavoixdelanation.tg\/wp-content\/uploads\/2025\/10\/Developpement-agricole-au-Togo.jpg","type":"image\/jpeg"}],"author":"La voix de la nation","twitter_card":"summary_large_image","twitter_misc":{"\u00c9crit par":"La voix de la nation","Dur\u00e9e de lecture estim\u00e9e":"2 minutes"},"schema":{"@context":"https:\/\/schema.org","@graph":[{"@type":"Article","@id":"https:\/\/lavoixdelanation.tg\/index.php\/2025\/09\/29\/togo-des-reformes-et-programmes-cibles-au-service-du-developpement-agricole\/#article","isPartOf":{"@id":"https:\/\/lavoixdelanation.tg\/index.php\/2025\/09\/29\/togo-des-reformes-et-programmes-cibles-au-service-du-developpement-agricole\/"},"author":{"name":"La voix de la nation","@id":"https:\/\/lavoixdelanation.tg\/#\/schema\/person\/6c489293aa38053673a9e554acb6e224"},"headline":"Togo\u00a0: Des r\u00e9formes et programmes cibl\u00e9s au service du d\u00e9veloppement agricole","datePublished":"2025-09-29T16:55:15+00:00","dateModified":"2025-10-04T16:59:12+00:00","mainEntityOfPage":{"@id":"https:\/\/lavoixdelanation.tg\/index.php\/2025\/09\/29\/togo-des-reformes-et-programmes-cibles-au-service-du-developpement-agricole\/"},"wordCount":503,"commentCount":0,"publisher":{"@id":"https:\/\/lavoixdelanation.tg\/#organization"},"image":{"@id":"https:\/\/lavoixdelanation.tg\/index.php\/2025\/09\/29\/togo-des-reformes-et-programmes-cibles-au-service-du-developpement-agricole\/#primaryimage"},"thumbnailUrl":"https:\/\/lavoixdelanation.tg\/wp-content\/uploads\/2025\/10\/Developpement-agricole-au-Togo.jpg","articleSection":["Economie"],"inLanguage":"fr-FR","potentialAction":[{"@type":"CommentAction","name":"Comment","target":["https:\/\/lavoixdelanation.tg\/index.php\/2025\/09\/29\/togo-des-reformes-et-programmes-cibles-au-service-du-developpement-agricole\/#respond"]}]},{"@type":"WebPage","@id":"https:\/\/lavoixdelanation.tg\/index.php\/2025\/09\/29\/togo-des-reformes-et-programmes-cibles-au-service-du-developpement-agricole\/","url":"https:\/\/lavoixdelanation.tg\/index.php\/2025\/09\/29\/togo-des-reformes-et-programmes-cibles-au-service-du-developpement-agricole\/","name":"Togo\u00a0: Des r\u00e9formes et programmes cibl\u00e9s au service du d\u00e9veloppement agricole - La Voix de la Nation","isPartOf":{"@id":"https:\/\/lavoixdelanation.tg\/#website"},"primaryImageOfPage":{"@id":"https:\/\/lavoixdelanation.tg\/index.php\/2025\/09\/29\/togo-des-reformes-et-programmes-cibles-au-service-du-developpement-agricole\/#primaryimage"},"image":{"@id":"https:\/\/lavoixdelanation.tg\/index.php\/2025\/09\/29\/togo-des-reformes-et-programmes-cibles-au-service-du-developpement-agricole\/#primaryimage"},"thumbnailUrl":"https:\/\/lavoixdelanation.tg\/wp-content\/uploads\/2025\/10\/Developpement-agricole-au-Togo.jpg","datePublished":"2025-09-29T16:55:15+00:00","dateModified":"2025-10-04T16:59:12+00:00","breadcrumb":{"@id":"https:\/\/lavoixdelanation.tg\/index.php\/2025\/09\/29\/togo-des-reformes-et-programmes-cibles-au-service-du-developpement-agricole\/#breadcrumb"},"inLanguage":"fr-FR","potentialAction":[{"@type":"ReadAction","target":["https:\/\/lavoixdelanation.tg\/index.php\/2025\/09\/29\/togo-des-reformes-et-programmes-cibles-au-service-du-developpement-agricole\/"]}]},{"@type":"ImageObject","inLanguage":"fr-FR","@id":"https:\/\/lavoixdelanation.tg\/index.php\/2025\/09\/29\/togo-des-reformes-et-programmes-cibles-au-service-du-developpement-agricole\/#primaryimage","url":"https:\/\/lavoixdelanation.tg\/wp-content\/uploads\/2025\/10\/Developpement-agricole-au-Togo.jpg","contentUrl":"https:\/\/lavoixdelanation.tg\/wp-content\/uploads\/2025\/10\/Developpement-agricole-au-Togo.jpg","width":600,"height":400},{"@type":"BreadcrumbList","@id":"https:\/\/lavoixdelanation.tg\/index.php\/2025\/09\/29\/togo-des-reformes-et-programmes-cibles-au-service-du-developpement-agricole\/#breadcrumb","itemListElement":[{"@type":"ListItem","position":1,"name":"Accueil","item":"https:\/\/lavoixdelanation.tg\/"},{"@type":"ListItem","position":2,"name":"Togo\u00a0: Des r\u00e9formes et programmes cibl\u00e9s au service du d\u00e9veloppement agricole"}]},{"@type":"WebSite","@id":"https:\/\/lavoixdelanation.tg\/#website","url":"https:\/\/lavoixdelanation.tg\/","name":"La Voix de la Nation","description":"R\u00e9c\u00e9piss\u00e9 n\u00b00108\/HAAC\/01-2024\/pl\/P","publisher":{"@id":"https:\/\/lavoixdelanation.tg\/#organization"},"alternateName":"VON","potentialAction":[{"@type":"SearchAction","target":{"@type":"EntryPoint","urlTemplate":"https:\/\/lavoixdelanation.tg\/?s={search_term_string}"},"query-input":{"@type":"PropertyValueSpecification","valueRequired":true,"valueName":"search_term_string"}}],"inLanguage":"fr-FR"},{"@type":"Organization","@id":"https:\/\/lavoixdelanation.tg\/#organization","name":"La Voix de la Nation","url":"https:\/\/lavoixdelanation.tg\/","logo":{"@type":"ImageObject","inLanguage":"fr-FR","@id":"https:\/\/lavoixdelanation.tg\/#\/schema\/logo\/image\/","url":"https:\/\/lavoixdelanation.tg\/wp-content\/uploads\/2024\/12\/lavn-1.png","contentUrl":"https:\/\/lavoixdelanation.tg\/wp-content\/uploads\/2024\/12\/lavn-1.png","width":1024,"height":464,"caption":"La Voix de la Nation"},"image":{"@id":"https:\/\/lavoixdelanation.tg\/#\/schema\/logo\/image\/"},"sameAs":["https:\/\/www.facebook.com\/lavoixdelanation"]},{"@type":"Person","@id":"https:\/\/lavoixdelanation.tg\/#\/schema\/person\/6c489293aa38053673a9e554acb6e224","name":"La voix de la nation","image":{"@type":"ImageObject","inLanguage":"fr-FR","@id":"https:\/\/lavoixdelanation.tg\/#\/schema\/person\/image\/","url":"https:\/\/secure.gravatar.com\/avatar\/8aa135d4bbc794494cecaa8d483f6d6cc1023624868deaff686baed5e727a5a1?s=96&d=mm&r=g","contentUrl":"https:\/\/secure.gravatar.com\/avatar\/8aa135d4bbc794494cecaa8d483f6d6cc1023624868deaff686baed5e727a5a1?s=96&d=mm&r=g","caption":"La voix de la nation"},"sameAs":["https:\/\/lavoixdelanation.tg"],"url":"https:\/\/lavoixdelanation.tg\/index.php\/author\/lavn\/"}]}},"_links":{"self":[{"href":"https:\/\/lavoixdelanation.tg\/index.php\/wp-json\/wp\/v2\/posts\/14389","targetHints":{"allow":["GET"]}}],"collection":[{"href":"https:\/\/lavoixdelanation.tg\/index.php\/wp-json\/wp\/v2\/posts"}],"about":[{"href":"https:\/\/lavoixdelanation.tg\/index.php\/wp-json\/wp\/v2\/types\/post"}],"author":[{"embeddable":true,"href":"https:\/\/lavoixdelanation.tg\/index.php\/wp-json\/wp\/v2\/users\/1"}],"replies":[{"embeddable":true,"href":"https:\/\/lavoixdelanation.tg\/index.php\/wp-json\/wp\/v2\/comments?post=14389"}],"version-history":[{"count":1,"href":"https:\/\/lavoixdelanation.tg\/index.php\/wp-json\/wp\/v2\/posts\/14389\/revisions"}],"predecessor-version":[{"id":14391,"href":"https:\/\/lavoixdelanation.tg\/index.php\/wp-json\/wp\/v2\/posts\/14389\/revisions\/14391"}],"wp:featuredmedia":[{"embeddable":true,"href":"https:\/\/lavoixdelanation.tg\/index.php\/wp-json\/wp\/v2\/media\/14390"}],"wp:attachment":[{"href":"https:\/\/lavoixdelanation.tg\/index.php\/wp-json\/wp\/v2\/media?parent=14389"}],"wp:term":[{"taxonomy":"category","embeddable":true,"href":"https:\/\/lavoixdelanation.tg\/index.php\/wp-json\/wp\/v2\/categories?post=14389"},{"taxonomy":"post_tag","embeddable":true,"href":"https:\/\/lavoixdelanation.tg\/index.php\/wp-json\/wp\/v2\/tags?post=14389"}],"curies":[{"name":"wp","href":"https:\/\/api.w.org\/{rel}","templated":true}]}}