{"id":14374,"date":"2025-09-18T18:06:57","date_gmt":"2025-09-18T16:06:57","guid":{"rendered":"https:\/\/lavoixdelanation.tg\/?p=14374"},"modified":"2025-10-04T18:10:33","modified_gmt":"2025-10-04T16:10:33","slug":"lutte-contre-le-changement-climatique-le-togo-franchit-une-etape-importante","status":"publish","type":"post","link":"https:\/\/lavoixdelanation.tg\/index.php\/2025\/09\/18\/lutte-contre-le-changement-climatique-le-togo-franchit-une-etape-importante\/","title":{"rendered":"Lutte contre le changement climatique\u00a0: Le Togo franchit une \u00e9tape importante"},"content":{"rendered":"\n<p><strong>Le Togo franchit une \u00e9tape importante dans la lutte contre le changement climatique avec l\u2019adoption et la diss\u00e9mination des Plans de d\u00e9veloppement r\u00e9gionaux (PDR). Il s\u2019agit d\u2019une approche novatrice de la planification territoriale initi\u00e9e par le Pr\u00e9sident du Conseil, Faure Gnassingb\u00e9 pour un d\u00e9veloppement plus r\u00e9silient et inclusif des territoires.<\/strong><\/p>\n\n\n\n<p>Une \u00e9tape majeure dans la planification territoriale a \u00e9t\u00e9 franchie avec le lancement officiel des Plans de d\u00e9veloppement r\u00e9gional (PDR) le 1er juillet 2025. Ce processus s\u2019inscrit dans la continuit\u00e9 de l\u2019actualisation du Plan national d\u2019adaptation au changement climatique amorc\u00e9e en d\u00e9cembre 2024.&nbsp;<\/p>\n\n\n\n<p>L\u2019enjeu est d\u2019int\u00e9grer de mani\u00e8re syst\u00e9matique les probl\u00e9matiques li\u00e9es au changement climatique dans les strat\u00e9gies de d\u00e9veloppement des territoires en tenant compte des vuln\u00e9rabilit\u00e9s des diff\u00e9rentes r\u00e9gions de notre pays.<\/p>\n\n\n\n<p>Cette nouvelle orientation du gouvernement marque un tournant dans la mani\u00e8re dont les territoires seront d\u00e9sormais pens\u00e9s et organis\u00e9s. Il ne s\u2019agit plus seulement de planifier selon des logiques \u00e9conomiques ou d\u00e9mographiques, mais d\u2019ancrer profond\u00e9ment les enjeux environnementaux au c\u0153ur de la planification des projets de d\u00e9veloppement des territoires<\/p>\n\n\n\n<p>Ce document, \u00e9labor\u00e9 en concertation avec les communaut\u00e9s \u00e0 la base, int\u00e8gre les r\u00e9alit\u00e9s socio-\u00e9conomiques sp\u00e9cifiques de chaque territoire, afin de garantir une r\u00e9silience adapt\u00e9e et efficace.<\/p>\n\n\n\n<p class=\"has-text-align-center\"><strong>Des ressources financi\u00e8res \u00e0 la hauteur des ambitions<\/strong><\/p>\n\n\n\n<p>Afin de concr\u00e9tiser cette strat\u00e9gie, le gouvernement a mobilis\u00e9 des ressources financi\u00e8res cons\u00e9quentes en vue de r\u00e9pondre de mani\u00e8re efficace aux multiples d\u00e9fis environnementaux. Dans cet \u00e9lan de renforcement de la r\u00e9silience des territoires, un montant de 305 milliards de FCA a \u00e9t\u00e9 allou\u00e9 \u00e0 la mise en \u0153uvre d\u2019un vaste Plan d\u2019adaptation et de gestion du Lac Togo.<\/p>\n\n\n\n<p>Ce programme comprend des actions de restauration \u00e9cologique, de protection des \u00e9cosyst\u00e8mes et de mise en place de syst\u00e8mes de surveillance environnementale pour mieux anticiper les risques.<\/p>\n\n\n\n<p>Par ailleurs, un financement de 25 millions de dollars US soit environ 8,5 milliards de FCFA, a \u00e9t\u00e9 mobilis\u00e9 pour le renforcement des capacit\u00e9s nationales et r\u00e9gionales en mati\u00e8re de gestion des risques climatiques. Ces fonds permettront notamment de former les acteurs locaux, d\u2019am\u00e9liorer les outils de planification et de renforcer les dispositifs de r\u00e9ponse rapide aux catastrophes.<\/p>\n\n\n\n<p>\u00c0 cela s\u2019ajoute un soutien financier de pr\u00e8s de 25 millions de dollars US suppl\u00e9mentaires soit plus de 17 milliards de FCFA obtenu aupr\u00e8s du Fonds vert pour le climat. Ce financement servira \u00e0 la mise en \u0153uvre d\u2019un projet d\u2019adaptation sur cinq ans, ax\u00e9 sur la r\u00e9silience des communaut\u00e9s vuln\u00e9rables et la pr\u00e9servation des ressources naturelles.<\/p>\n\n\n\n<p class=\"has-text-align-center\"><strong>Des actions concr\u00e8tes sur le terrain<\/strong><\/p>\n\n\n\n<p>Au-del\u00e0 des financements qui sont le fruit de la diplomatie du Pr\u00e9sident du Conseil Faure Gnassingb\u00e9, le Togo a mis en place des mesures juridiques pour encadrer et renforcer la politique climatique. Ces efforts s\u2019accompagnent d\u2019une vaste campagne de reboisement national, consid\u00e9r\u00e9e comme un levier strat\u00e9gique dans la lutte contre le changement climatique.<\/p>\n\n\n\n<p>\u00c0 fin ao\u00fbt 2025, les efforts de reboisement engag\u00e9s dans le cadre de la Campagne nationale de reboisement en lien avec la Strat\u00e9gie nationale d\u2019adaptation au changement climatique, ont permis d\u2019enregistrer des r\u00e9sultats significatifs. En effet, plus de 9 millions de plants ont d\u00e9j\u00e0 \u00e9t\u00e9 mis en terre, couvrant une superficie de 11 544 hectares.<\/p>\n\n\n\n<p>Au total, 21 millions de plants ont \u00e9t\u00e9 mobilis\u00e9s, permettant d\u2019atteindre 125 532 hectares de terres rebois\u00e9es \u00e0 travers le pays. Ces actions s\u2019inscrivent dans une vision \u00e0 long terme, avec un objectif ambitieux de porter la couverture foresti\u00e8re \u00e0 25 % du territoire national et planter un milliard d\u2019arbres \u00e0 l\u2019horizon 2030. Cette initiative vise non seulement \u00e0 lutter contre la d\u00e9forestation, mais aussi \u00e0 renforcer la r\u00e9silience des \u00e9cosyst\u00e8mes face aux effets du changement climatique.<\/p>\n\n\n\n<p>Au demeurant, ces diff\u00e9rentes initiatives t\u00e9moignent d\u2019un engagement pragmatique en faveur d\u2019une action climatique concr\u00e8te sur le terrain, avec des retomb\u00e9es attendues \u00e0 la fois pour les populations locales et pour la pr\u00e9servation des \u00e9cosyst\u00e8mes.&nbsp;<\/p>\n\n\n\n<p>\u00c0 travers ces r\u00e9sultats, le Pr\u00e9sident du Conseil, Faure Gnassingb\u00e9 confirme sa volont\u00e9 politique d\u2019aller au-del\u00e0 des simples mesures de planification et de gestion. Il s\u2019agit de prot\u00e9ger durablement les populations les plus expos\u00e9es aux effets du d\u00e9r\u00e8glement climatique, en faisant de l\u2019adaptation une priorit\u00e9 de d\u00e9veloppement.<\/p>\n\n\n\n<p><strong>La R\u00e9daction<\/strong><\/p>\n","protected":false},"excerpt":{"rendered":"<p>Le Togo franchit une \u00e9tape importante dans la lutte contre le changement climatique avec l\u2019adoption et la diss\u00e9mination des Plans de d\u00e9veloppement r\u00e9gionaux (PDR). Il s\u2019agit d\u2019une approche novatrice de&hellip; <\/p>\n","protected":false},"author":1,"featured_media":14375,"comment_status":"open","ping_status":"closed","sticky":false,"template":"","format":"standard","meta":{"footnotes":""},"categories":[9,29],"tags":[973,387,39],"class_list":["post-14374","post","type-post","status-publish","format-standard","has-post-thumbnail","hentry","category-environnement","category-societe","tag-changement-climatique","tag-environnement","tag-togo"],"yoast_head":"<!-- This site is optimized with the Yoast SEO plugin v26.4 - https:\/\/yoast.com\/wordpress\/plugins\/seo\/ -->\n<title>Lutte contre le changement climatique\u00a0: Le Togo franchit une \u00e9tape importante - La Voix de la Nation<\/title>\n<meta name=\"robots\" content=\"index, follow, max-snippet:-1, max-image-preview:large, max-video-preview:-1\" \/>\n<link rel=\"canonical\" href=\"https:\/\/lavoixdelanation.tg\/index.php\/2025\/09\/18\/lutte-contre-le-changement-climatique-le-togo-franchit-une-etape-importante\/\" \/>\n<meta property=\"og:locale\" content=\"fr_FR\" \/>\n<meta property=\"og:type\" content=\"article\" \/>\n<meta property=\"og:title\" content=\"Lutte contre le changement climatique\u00a0: Le Togo franchit une \u00e9tape importante - La Voix de la Nation\" \/>\n<meta property=\"og:description\" content=\"Le Togo franchit une \u00e9tape importante dans la lutte contre le changement climatique avec l\u2019adoption et la diss\u00e9mination des Plans de d\u00e9veloppement r\u00e9gionaux (PDR). Il s\u2019agit d\u2019une approche novatrice de&hellip;\" \/>\n<meta property=\"og:url\" content=\"https:\/\/lavoixdelanation.tg\/index.php\/2025\/09\/18\/lutte-contre-le-changement-climatique-le-togo-franchit-une-etape-importante\/\" \/>\n<meta property=\"og:site_name\" content=\"La Voix de la Nation\" \/>\n<meta property=\"article:publisher\" content=\"https:\/\/www.facebook.com\/lavoixdelanation\" \/>\n<meta property=\"article:published_time\" content=\"2025-09-18T16:06:57+00:00\" \/>\n<meta property=\"article:modified_time\" content=\"2025-10-04T16:10:33+00:00\" \/>\n<meta property=\"og:image\" content=\"https:\/\/lavoixdelanation.tg\/wp-content\/uploads\/2025\/10\/Lutte-contre-le-changement-climatique-au-Togo.jpg\" \/>\n\t<meta property=\"og:image:width\" content=\"900\" \/>\n\t<meta property=\"og:image:height\" content=\"600\" \/>\n\t<meta property=\"og:image:type\" content=\"image\/jpeg\" \/>\n<meta name=\"author\" content=\"La voix de la nation\" \/>\n<meta name=\"twitter:card\" content=\"summary_large_image\" \/>\n<meta name=\"twitter:label1\" content=\"\u00c9crit par\" \/>\n\t<meta name=\"twitter:data1\" content=\"La voix de la nation\" \/>\n\t<meta name=\"twitter:label2\" content=\"Dur\u00e9e de lecture estim\u00e9e\" \/>\n\t<meta name=\"twitter:data2\" content=\"4 minutes\" \/>\n<script type=\"application\/ld+json\" class=\"yoast-schema-graph\">{\"@context\":\"https:\/\/schema.org\",\"@graph\":[{\"@type\":\"Article\",\"@id\":\"https:\/\/lavoixdelanation.tg\/index.php\/2025\/09\/18\/lutte-contre-le-changement-climatique-le-togo-franchit-une-etape-importante\/#article\",\"isPartOf\":{\"@id\":\"https:\/\/lavoixdelanation.tg\/index.php\/2025\/09\/18\/lutte-contre-le-changement-climatique-le-togo-franchit-une-etape-importante\/\"},\"author\":{\"name\":\"La voix de la nation\",\"@id\":\"https:\/\/lavoixdelanation.tg\/#\/schema\/person\/6c489293aa38053673a9e554acb6e224\"},\"headline\":\"Lutte contre le changement climatique\u00a0: Le Togo franchit une \u00e9tape importante\",\"datePublished\":\"2025-09-18T16:06:57+00:00\",\"dateModified\":\"2025-10-04T16:10:33+00:00\",\"mainEntityOfPage\":{\"@id\":\"https:\/\/lavoixdelanation.tg\/index.php\/2025\/09\/18\/lutte-contre-le-changement-climatique-le-togo-franchit-une-etape-importante\/\"},\"wordCount\":785,\"commentCount\":0,\"publisher\":{\"@id\":\"https:\/\/lavoixdelanation.tg\/#organization\"},\"image\":{\"@id\":\"https:\/\/lavoixdelanation.tg\/index.php\/2025\/09\/18\/lutte-contre-le-changement-climatique-le-togo-franchit-une-etape-importante\/#primaryimage\"},\"thumbnailUrl\":\"https:\/\/lavoixdelanation.tg\/wp-content\/uploads\/2025\/10\/Lutte-contre-le-changement-climatique-au-Togo.jpg\",\"keywords\":[\"changement climatique\",\"Environnement\",\"Togo\"],\"articleSection\":[\"Environnement\",\"Soci\u00e9t\u00e9\"],\"inLanguage\":\"fr-FR\",\"potentialAction\":[{\"@type\":\"CommentAction\",\"name\":\"Comment\",\"target\":[\"https:\/\/lavoixdelanation.tg\/index.php\/2025\/09\/18\/lutte-contre-le-changement-climatique-le-togo-franchit-une-etape-importante\/#respond\"]}]},{\"@type\":\"WebPage\",\"@id\":\"https:\/\/lavoixdelanation.tg\/index.php\/2025\/09\/18\/lutte-contre-le-changement-climatique-le-togo-franchit-une-etape-importante\/\",\"url\":\"https:\/\/lavoixdelanation.tg\/index.php\/2025\/09\/18\/lutte-contre-le-changement-climatique-le-togo-franchit-une-etape-importante\/\",\"name\":\"Lutte contre le changement climatique\u00a0: Le Togo franchit une \u00e9tape importante - La Voix de la Nation\",\"isPartOf\":{\"@id\":\"https:\/\/lavoixdelanation.tg\/#website\"},\"primaryImageOfPage\":{\"@id\":\"https:\/\/lavoixdelanation.tg\/index.php\/2025\/09\/18\/lutte-contre-le-changement-climatique-le-togo-franchit-une-etape-importante\/#primaryimage\"},\"image\":{\"@id\":\"https:\/\/lavoixdelanation.tg\/index.php\/2025\/09\/18\/lutte-contre-le-changement-climatique-le-togo-franchit-une-etape-importante\/#primaryimage\"},\"thumbnailUrl\":\"https:\/\/lavoixdelanation.tg\/wp-content\/uploads\/2025\/10\/Lutte-contre-le-changement-climatique-au-Togo.jpg\",\"datePublished\":\"2025-09-18T16:06:57+00:00\",\"dateModified\":\"2025-10-04T16:10:33+00:00\",\"breadcrumb\":{\"@id\":\"https:\/\/lavoixdelanation.tg\/index.php\/2025\/09\/18\/lutte-contre-le-changement-climatique-le-togo-franchit-une-etape-importante\/#breadcrumb\"},\"inLanguage\":\"fr-FR\",\"potentialAction\":[{\"@type\":\"ReadAction\",\"target\":[\"https:\/\/lavoixdelanation.tg\/index.php\/2025\/09\/18\/lutte-contre-le-changement-climatique-le-togo-franchit-une-etape-importante\/\"]}]},{\"@type\":\"ImageObject\",\"inLanguage\":\"fr-FR\",\"@id\":\"https:\/\/lavoixdelanation.tg\/index.php\/2025\/09\/18\/lutte-contre-le-changement-climatique-le-togo-franchit-une-etape-importante\/#primaryimage\",\"url\":\"https:\/\/lavoixdelanation.tg\/wp-content\/uploads\/2025\/10\/Lutte-contre-le-changement-climatique-au-Togo.jpg\",\"contentUrl\":\"https:\/\/lavoixdelanation.tg\/wp-content\/uploads\/2025\/10\/Lutte-contre-le-changement-climatique-au-Togo.jpg\",\"width\":900,\"height\":600},{\"@type\":\"BreadcrumbList\",\"@id\":\"https:\/\/lavoixdelanation.tg\/index.php\/2025\/09\/18\/lutte-contre-le-changement-climatique-le-togo-franchit-une-etape-importante\/#breadcrumb\",\"itemListElement\":[{\"@type\":\"ListItem\",\"position\":1,\"name\":\"Accueil\",\"item\":\"https:\/\/lavoixdelanation.tg\/\"},{\"@type\":\"ListItem\",\"position\":2,\"name\":\"Lutte contre le changement climatique\u00a0: Le Togo franchit une \u00e9tape importante\"}]},{\"@type\":\"WebSite\",\"@id\":\"https:\/\/lavoixdelanation.tg\/#website\",\"url\":\"https:\/\/lavoixdelanation.tg\/\",\"name\":\"La Voix de la Nation\",\"description\":\"R\u00e9c\u00e9piss\u00e9 n\u00b00108\/HAAC\/01-2024\/pl\/P\",\"publisher\":{\"@id\":\"https:\/\/lavoixdelanation.tg\/#organization\"},\"alternateName\":\"VON\",\"potentialAction\":[{\"@type\":\"SearchAction\",\"target\":{\"@type\":\"EntryPoint\",\"urlTemplate\":\"https:\/\/lavoixdelanation.tg\/?s={search_term_string}\"},\"query-input\":{\"@type\":\"PropertyValueSpecification\",\"valueRequired\":true,\"valueName\":\"search_term_string\"}}],\"inLanguage\":\"fr-FR\"},{\"@type\":\"Organization\",\"@id\":\"https:\/\/lavoixdelanation.tg\/#organization\",\"name\":\"La Voix de la Nation\",\"url\":\"https:\/\/lavoixdelanation.tg\/\",\"logo\":{\"@type\":\"ImageObject\",\"inLanguage\":\"fr-FR\",\"@id\":\"https:\/\/lavoixdelanation.tg\/#\/schema\/logo\/image\/\",\"url\":\"https:\/\/lavoixdelanation.tg\/wp-content\/uploads\/2024\/12\/lavn-1.png\",\"contentUrl\":\"https:\/\/lavoixdelanation.tg\/wp-content\/uploads\/2024\/12\/lavn-1.png\",\"width\":1024,\"height\":464,\"caption\":\"La Voix de la Nation\"},\"image\":{\"@id\":\"https:\/\/lavoixdelanation.tg\/#\/schema\/logo\/image\/\"},\"sameAs\":[\"https:\/\/www.facebook.com\/lavoixdelanation\"]},{\"@type\":\"Person\",\"@id\":\"https:\/\/lavoixdelanation.tg\/#\/schema\/person\/6c489293aa38053673a9e554acb6e224\",\"name\":\"La voix de la nation\",\"image\":{\"@type\":\"ImageObject\",\"inLanguage\":\"fr-FR\",\"@id\":\"https:\/\/lavoixdelanation.tg\/#\/schema\/person\/image\/\",\"url\":\"https:\/\/secure.gravatar.com\/avatar\/8aa135d4bbc794494cecaa8d483f6d6cc1023624868deaff686baed5e727a5a1?s=96&d=mm&r=g\",\"contentUrl\":\"https:\/\/secure.gravatar.com\/avatar\/8aa135d4bbc794494cecaa8d483f6d6cc1023624868deaff686baed5e727a5a1?s=96&d=mm&r=g\",\"caption\":\"La voix de la nation\"},\"sameAs\":[\"https:\/\/lavoixdelanation.tg\"],\"url\":\"https:\/\/lavoixdelanation.tg\/index.php\/author\/lavn\/\"}]}<\/script>\n<!-- \/ Yoast SEO plugin. -->","yoast_head_json":{"title":"Lutte contre le changement climatique\u00a0: Le Togo franchit une \u00e9tape importante - La Voix de la Nation","robots":{"index":"index","follow":"follow","max-snippet":"max-snippet:-1","max-image-preview":"max-image-preview:large","max-video-preview":"max-video-preview:-1"},"canonical":"https:\/\/lavoixdelanation.tg\/index.php\/2025\/09\/18\/lutte-contre-le-changement-climatique-le-togo-franchit-une-etape-importante\/","og_locale":"fr_FR","og_type":"article","og_title":"Lutte contre le changement climatique\u00a0: Le Togo franchit une \u00e9tape importante - La Voix de la Nation","og_description":"Le Togo franchit une \u00e9tape importante dans la lutte contre le changement climatique avec l\u2019adoption et la diss\u00e9mination des Plans de d\u00e9veloppement r\u00e9gionaux (PDR). Il s\u2019agit d\u2019une approche novatrice de&hellip;","og_url":"https:\/\/lavoixdelanation.tg\/index.php\/2025\/09\/18\/lutte-contre-le-changement-climatique-le-togo-franchit-une-etape-importante\/","og_site_name":"La Voix de la Nation","article_publisher":"https:\/\/www.facebook.com\/lavoixdelanation","article_published_time":"2025-09-18T16:06:57+00:00","article_modified_time":"2025-10-04T16:10:33+00:00","og_image":[{"width":900,"height":600,"url":"https:\/\/lavoixdelanation.tg\/wp-content\/uploads\/2025\/10\/Lutte-contre-le-changement-climatique-au-Togo.jpg","type":"image\/jpeg"}],"author":"La voix de la nation","twitter_card":"summary_large_image","twitter_misc":{"\u00c9crit par":"La voix de la nation","Dur\u00e9e de lecture estim\u00e9e":"4 minutes"},"schema":{"@context":"https:\/\/schema.org","@graph":[{"@type":"Article","@id":"https:\/\/lavoixdelanation.tg\/index.php\/2025\/09\/18\/lutte-contre-le-changement-climatique-le-togo-franchit-une-etape-importante\/#article","isPartOf":{"@id":"https:\/\/lavoixdelanation.tg\/index.php\/2025\/09\/18\/lutte-contre-le-changement-climatique-le-togo-franchit-une-etape-importante\/"},"author":{"name":"La voix de la nation","@id":"https:\/\/lavoixdelanation.tg\/#\/schema\/person\/6c489293aa38053673a9e554acb6e224"},"headline":"Lutte contre le changement climatique\u00a0: Le Togo franchit une \u00e9tape importante","datePublished":"2025-09-18T16:06:57+00:00","dateModified":"2025-10-04T16:10:33+00:00","mainEntityOfPage":{"@id":"https:\/\/lavoixdelanation.tg\/index.php\/2025\/09\/18\/lutte-contre-le-changement-climatique-le-togo-franchit-une-etape-importante\/"},"wordCount":785,"commentCount":0,"publisher":{"@id":"https:\/\/lavoixdelanation.tg\/#organization"},"image":{"@id":"https:\/\/lavoixdelanation.tg\/index.php\/2025\/09\/18\/lutte-contre-le-changement-climatique-le-togo-franchit-une-etape-importante\/#primaryimage"},"thumbnailUrl":"https:\/\/lavoixdelanation.tg\/wp-content\/uploads\/2025\/10\/Lutte-contre-le-changement-climatique-au-Togo.jpg","keywords":["changement climatique","Environnement","Togo"],"articleSection":["Environnement","Soci\u00e9t\u00e9"],"inLanguage":"fr-FR","potentialAction":[{"@type":"CommentAction","name":"Comment","target":["https:\/\/lavoixdelanation.tg\/index.php\/2025\/09\/18\/lutte-contre-le-changement-climatique-le-togo-franchit-une-etape-importante\/#respond"]}]},{"@type":"WebPage","@id":"https:\/\/lavoixdelanation.tg\/index.php\/2025\/09\/18\/lutte-contre-le-changement-climatique-le-togo-franchit-une-etape-importante\/","url":"https:\/\/lavoixdelanation.tg\/index.php\/2025\/09\/18\/lutte-contre-le-changement-climatique-le-togo-franchit-une-etape-importante\/","name":"Lutte contre le changement climatique\u00a0: Le Togo franchit une \u00e9tape importante - La Voix de la Nation","isPartOf":{"@id":"https:\/\/lavoixdelanation.tg\/#website"},"primaryImageOfPage":{"@id":"https:\/\/lavoixdelanation.tg\/index.php\/2025\/09\/18\/lutte-contre-le-changement-climatique-le-togo-franchit-une-etape-importante\/#primaryimage"},"image":{"@id":"https:\/\/lavoixdelanation.tg\/index.php\/2025\/09\/18\/lutte-contre-le-changement-climatique-le-togo-franchit-une-etape-importante\/#primaryimage"},"thumbnailUrl":"https:\/\/lavoixdelanation.tg\/wp-content\/uploads\/2025\/10\/Lutte-contre-le-changement-climatique-au-Togo.jpg","datePublished":"2025-09-18T16:06:57+00:00","dateModified":"2025-10-04T16:10:33+00:00","breadcrumb":{"@id":"https:\/\/lavoixdelanation.tg\/index.php\/2025\/09\/18\/lutte-contre-le-changement-climatique-le-togo-franchit-une-etape-importante\/#breadcrumb"},"inLanguage":"fr-FR","potentialAction":[{"@type":"ReadAction","target":["https:\/\/lavoixdelanation.tg\/index.php\/2025\/09\/18\/lutte-contre-le-changement-climatique-le-togo-franchit-une-etape-importante\/"]}]},{"@type":"ImageObject","inLanguage":"fr-FR","@id":"https:\/\/lavoixdelanation.tg\/index.php\/2025\/09\/18\/lutte-contre-le-changement-climatique-le-togo-franchit-une-etape-importante\/#primaryimage","url":"https:\/\/lavoixdelanation.tg\/wp-content\/uploads\/2025\/10\/Lutte-contre-le-changement-climatique-au-Togo.jpg","contentUrl":"https:\/\/lavoixdelanation.tg\/wp-content\/uploads\/2025\/10\/Lutte-contre-le-changement-climatique-au-Togo.jpg","width":900,"height":600},{"@type":"BreadcrumbList","@id":"https:\/\/lavoixdelanation.tg\/index.php\/2025\/09\/18\/lutte-contre-le-changement-climatique-le-togo-franchit-une-etape-importante\/#breadcrumb","itemListElement":[{"@type":"ListItem","position":1,"name":"Accueil","item":"https:\/\/lavoixdelanation.tg\/"},{"@type":"ListItem","position":2,"name":"Lutte contre le changement climatique\u00a0: Le Togo franchit une \u00e9tape importante"}]},{"@type":"WebSite","@id":"https:\/\/lavoixdelanation.tg\/#website","url":"https:\/\/lavoixdelanation.tg\/","name":"La Voix de la Nation","description":"R\u00e9c\u00e9piss\u00e9 n\u00b00108\/HAAC\/01-2024\/pl\/P","publisher":{"@id":"https:\/\/lavoixdelanation.tg\/#organization"},"alternateName":"VON","potentialAction":[{"@type":"SearchAction","target":{"@type":"EntryPoint","urlTemplate":"https:\/\/lavoixdelanation.tg\/?s={search_term_string}"},"query-input":{"@type":"PropertyValueSpecification","valueRequired":true,"valueName":"search_term_string"}}],"inLanguage":"fr-FR"},{"@type":"Organization","@id":"https:\/\/lavoixdelanation.tg\/#organization","name":"La Voix de la Nation","url":"https:\/\/lavoixdelanation.tg\/","logo":{"@type":"ImageObject","inLanguage":"fr-FR","@id":"https:\/\/lavoixdelanation.tg\/#\/schema\/logo\/image\/","url":"https:\/\/lavoixdelanation.tg\/wp-content\/uploads\/2024\/12\/lavn-1.png","contentUrl":"https:\/\/lavoixdelanation.tg\/wp-content\/uploads\/2024\/12\/lavn-1.png","width":1024,"height":464,"caption":"La Voix de la Nation"},"image":{"@id":"https:\/\/lavoixdelanation.tg\/#\/schema\/logo\/image\/"},"sameAs":["https:\/\/www.facebook.com\/lavoixdelanation"]},{"@type":"Person","@id":"https:\/\/lavoixdelanation.tg\/#\/schema\/person\/6c489293aa38053673a9e554acb6e224","name":"La voix de la nation","image":{"@type":"ImageObject","inLanguage":"fr-FR","@id":"https:\/\/lavoixdelanation.tg\/#\/schema\/person\/image\/","url":"https:\/\/secure.gravatar.com\/avatar\/8aa135d4bbc794494cecaa8d483f6d6cc1023624868deaff686baed5e727a5a1?s=96&d=mm&r=g","contentUrl":"https:\/\/secure.gravatar.com\/avatar\/8aa135d4bbc794494cecaa8d483f6d6cc1023624868deaff686baed5e727a5a1?s=96&d=mm&r=g","caption":"La voix de la nation"},"sameAs":["https:\/\/lavoixdelanation.tg"],"url":"https:\/\/lavoixdelanation.tg\/index.php\/author\/lavn\/"}]}},"_links":{"self":[{"href":"https:\/\/lavoixdelanation.tg\/index.php\/wp-json\/wp\/v2\/posts\/14374","targetHints":{"allow":["GET"]}}],"collection":[{"href":"https:\/\/lavoixdelanation.tg\/index.php\/wp-json\/wp\/v2\/posts"}],"about":[{"href":"https:\/\/lavoixdelanation.tg\/index.php\/wp-json\/wp\/v2\/types\/post"}],"author":[{"embeddable":true,"href":"https:\/\/lavoixdelanation.tg\/index.php\/wp-json\/wp\/v2\/users\/1"}],"replies":[{"embeddable":true,"href":"https:\/\/lavoixdelanation.tg\/index.php\/wp-json\/wp\/v2\/comments?post=14374"}],"version-history":[{"count":1,"href":"https:\/\/lavoixdelanation.tg\/index.php\/wp-json\/wp\/v2\/posts\/14374\/revisions"}],"predecessor-version":[{"id":14376,"href":"https:\/\/lavoixdelanation.tg\/index.php\/wp-json\/wp\/v2\/posts\/14374\/revisions\/14376"}],"wp:featuredmedia":[{"embeddable":true,"href":"https:\/\/lavoixdelanation.tg\/index.php\/wp-json\/wp\/v2\/media\/14375"}],"wp:attachment":[{"href":"https:\/\/lavoixdelanation.tg\/index.php\/wp-json\/wp\/v2\/media?parent=14374"}],"wp:term":[{"taxonomy":"category","embeddable":true,"href":"https:\/\/lavoixdelanation.tg\/index.php\/wp-json\/wp\/v2\/categories?post=14374"},{"taxonomy":"post_tag","embeddable":true,"href":"https:\/\/lavoixdelanation.tg\/index.php\/wp-json\/wp\/v2\/tags?post=14374"}],"curies":[{"name":"wp","href":"https:\/\/api.w.org\/{rel}","templated":true}]}}