{"id":14371,"date":"2025-09-30T18:02:48","date_gmt":"2025-09-30T16:02:48","guid":{"rendered":"https:\/\/lavoixdelanation.tg\/?p=14371"},"modified":"2025-10-04T18:06:36","modified_gmt":"2025-10-04T16:06:36","slug":"cantines-scolaires-le-nombre-des-etablissements-beneficiaires-sagrandit","status":"publish","type":"post","link":"https:\/\/lavoixdelanation.tg\/index.php\/2025\/09\/30\/cantines-scolaires-le-nombre-des-etablissements-beneficiaires-sagrandit\/","title":{"rendered":"Cantines scolaires\u00a0: Le nombre des \u00e9tablissements b\u00e9n\u00e9ficiaires s\u2019agrandit"},"content":{"rendered":"\n<p><strong>Le programme des cantines scolaires d\u00e9ploy\u00e9 dans chaque r\u00e9gion du pays permet d&rsquo;am\u00e9liorer le taux de fr\u00e9quentation scolaire en offrant des repas \u00e9quilibr\u00e9s dans les \u00e9tablissements b\u00e9n\u00e9ficiaires.<\/strong><\/p>\n\n\n\n<p>De 158&nbsp;000 \u00e9tablissements scolaires qui en b\u00e9n\u00e9ficiaient en ao\u00fbt 2024, le nombre d&rsquo;\u00e9coles publiques qui en b\u00e9n\u00e9ficient aujourd&rsquo;hui est pass\u00e9 \u00e0 167&nbsp;000, soit une augmentation de 9 000 \u00e9coles suppl\u00e9mentaires, selon un bilan dress\u00e9 par le minist\u00e8re du D\u00e9veloppement \u00e0 la base, de l&rsquo;Inclusion financi\u00e8re, de la Jeunesse et de l&rsquo;Emploi des jeunes au cours des 12 derniers mois, soit d&rsquo;ao\u00fbt 2024 \u00e0 ao\u00fbt 2025.<\/p>\n\n\n\n<p>Mais encore, ce nombre va rapidement augmenter avec l&rsquo;appui du Programme alimentaire mondial (PAM), un des partenaires s\u00e9duits par le plan.<\/p>\n\n\n\n<p>Gr\u00e2ce aux cantines scolaires, des milliers d&rsquo;enfants re\u00e7oivent chaque jour dans les \u00e9coles cibl\u00e9es, un repas chaud, \u00e9quilibr\u00e9 et pr\u00e9par\u00e9 localement. Ce geste salvateur est en train de changer le visage de l&rsquo;\u00e9cole et de soulager les familles dont les moyens ne permettent pas toujours de garantir trois repas par jour.<\/p>\n\n\n\n<p>Pour de nombreux foyers, les cantines scolaires sont un soulagement financier. Elles permettent d&rsquo;\u00e9conomiser sur les d\u00e9penses alimentaires et lib\u00e8rent des ressources pour d&rsquo;autres besoins essentiels tels que les v\u00eatements, le mat\u00e9riel scolaire, la sant\u00e9 \u00e9tant d\u00e9j\u00e0 prise en charge par l&rsquo;\u00c9tat toujours \u00e0 travers le programme \u00ab&nbsp;School Amu&nbsp;\u00bb.<\/p>\n\n\n\n<p>Dans certaines communaut\u00e9s, les cantines scolaires sont m\u00eame devenues un facteur de coh\u00e9sion, mobilisant les parents autour de l&rsquo;approvisionnement en produits locaux et de la pr\u00e9paration des repas. C&rsquo;est tr\u00e8s vrai que les cantines scolaires ne nourrissent pas seulement les \u00e9l\u00e8ves, elles font aussi vivre les producteurs locaux.<\/p>\n","protected":false},"excerpt":{"rendered":"<p>Le programme des cantines scolaires d\u00e9ploy\u00e9 dans chaque r\u00e9gion du pays permet d&rsquo;am\u00e9liorer le taux de fr\u00e9quentation scolaire en offrant des repas \u00e9quilibr\u00e9s dans les \u00e9tablissements b\u00e9n\u00e9ficiaires. De 158&nbsp;000 \u00e9tablissements&hellip; <\/p>\n","protected":false},"author":1,"featured_media":14372,"comment_status":"open","ping_status":"closed","sticky":false,"template":"","format":"standard","meta":{"footnotes":""},"categories":[1],"tags":[972,39],"class_list":["post-14371","post","type-post","status-publish","format-standard","has-post-thumbnail","hentry","category-top-actualites","tag-cantines-scolaires","tag-togo"],"yoast_head":"<!-- This site is optimized with the Yoast SEO plugin v26.4 - https:\/\/yoast.com\/wordpress\/plugins\/seo\/ -->\n<title>Cantines scolaires\u00a0: Le nombre des \u00e9tablissements b\u00e9n\u00e9ficiaires s\u2019agrandit - La Voix de la Nation<\/title>\n<meta name=\"robots\" content=\"index, follow, max-snippet:-1, max-image-preview:large, max-video-preview:-1\" \/>\n<link rel=\"canonical\" href=\"https:\/\/lavoixdelanation.tg\/index.php\/2025\/09\/30\/cantines-scolaires-le-nombre-des-etablissements-beneficiaires-sagrandit\/\" \/>\n<meta property=\"og:locale\" content=\"fr_FR\" \/>\n<meta property=\"og:type\" content=\"article\" \/>\n<meta property=\"og:title\" content=\"Cantines scolaires\u00a0: Le nombre des \u00e9tablissements b\u00e9n\u00e9ficiaires s\u2019agrandit - La Voix de la Nation\" \/>\n<meta property=\"og:description\" content=\"Le programme des cantines scolaires d\u00e9ploy\u00e9 dans chaque r\u00e9gion du pays permet d&rsquo;am\u00e9liorer le taux de fr\u00e9quentation scolaire en offrant des repas \u00e9quilibr\u00e9s dans les \u00e9tablissements b\u00e9n\u00e9ficiaires. De 158&nbsp;000 \u00e9tablissements&hellip;\" \/>\n<meta property=\"og:url\" content=\"https:\/\/lavoixdelanation.tg\/index.php\/2025\/09\/30\/cantines-scolaires-le-nombre-des-etablissements-beneficiaires-sagrandit\/\" \/>\n<meta property=\"og:site_name\" content=\"La Voix de la Nation\" \/>\n<meta property=\"article:publisher\" content=\"https:\/\/www.facebook.com\/lavoixdelanation\" \/>\n<meta property=\"article:published_time\" content=\"2025-09-30T16:02:48+00:00\" \/>\n<meta property=\"article:modified_time\" content=\"2025-10-04T16:06:36+00:00\" \/>\n<meta property=\"og:image\" content=\"https:\/\/lavoixdelanation.tg\/wp-content\/uploads\/2025\/10\/cantine-scolaires-au-Togo.jpg\" \/>\n\t<meta property=\"og:image:width\" content=\"750\" \/>\n\t<meta property=\"og:image:height\" content=\"430\" \/>\n\t<meta property=\"og:image:type\" content=\"image\/jpeg\" \/>\n<meta name=\"author\" content=\"La voix de la nation\" \/>\n<meta name=\"twitter:card\" content=\"summary_large_image\" \/>\n<meta name=\"twitter:label1\" content=\"\u00c9crit par\" \/>\n\t<meta name=\"twitter:data1\" content=\"La voix de la nation\" \/>\n\t<meta name=\"twitter:label2\" content=\"Dur\u00e9e de lecture estim\u00e9e\" \/>\n\t<meta name=\"twitter:data2\" content=\"1 minute\" \/>\n<script type=\"application\/ld+json\" class=\"yoast-schema-graph\">{\"@context\":\"https:\/\/schema.org\",\"@graph\":[{\"@type\":\"Article\",\"@id\":\"https:\/\/lavoixdelanation.tg\/index.php\/2025\/09\/30\/cantines-scolaires-le-nombre-des-etablissements-beneficiaires-sagrandit\/#article\",\"isPartOf\":{\"@id\":\"https:\/\/lavoixdelanation.tg\/index.php\/2025\/09\/30\/cantines-scolaires-le-nombre-des-etablissements-beneficiaires-sagrandit\/\"},\"author\":{\"name\":\"La voix de la nation\",\"@id\":\"https:\/\/lavoixdelanation.tg\/#\/schema\/person\/6c489293aa38053673a9e554acb6e224\"},\"headline\":\"Cantines scolaires\u00a0: Le nombre des \u00e9tablissements b\u00e9n\u00e9ficiaires s\u2019agrandit\",\"datePublished\":\"2025-09-30T16:02:48+00:00\",\"dateModified\":\"2025-10-04T16:06:36+00:00\",\"mainEntityOfPage\":{\"@id\":\"https:\/\/lavoixdelanation.tg\/index.php\/2025\/09\/30\/cantines-scolaires-le-nombre-des-etablissements-beneficiaires-sagrandit\/\"},\"wordCount\":312,\"commentCount\":0,\"publisher\":{\"@id\":\"https:\/\/lavoixdelanation.tg\/#organization\"},\"image\":{\"@id\":\"https:\/\/lavoixdelanation.tg\/index.php\/2025\/09\/30\/cantines-scolaires-le-nombre-des-etablissements-beneficiaires-sagrandit\/#primaryimage\"},\"thumbnailUrl\":\"https:\/\/lavoixdelanation.tg\/wp-content\/uploads\/2025\/10\/cantine-scolaires-au-Togo.jpg\",\"keywords\":[\"Cantines scolaires\",\"Togo\"],\"articleSection\":[\"Top actualit\u00e9s\"],\"inLanguage\":\"fr-FR\",\"potentialAction\":[{\"@type\":\"CommentAction\",\"name\":\"Comment\",\"target\":[\"https:\/\/lavoixdelanation.tg\/index.php\/2025\/09\/30\/cantines-scolaires-le-nombre-des-etablissements-beneficiaires-sagrandit\/#respond\"]}]},{\"@type\":\"WebPage\",\"@id\":\"https:\/\/lavoixdelanation.tg\/index.php\/2025\/09\/30\/cantines-scolaires-le-nombre-des-etablissements-beneficiaires-sagrandit\/\",\"url\":\"https:\/\/lavoixdelanation.tg\/index.php\/2025\/09\/30\/cantines-scolaires-le-nombre-des-etablissements-beneficiaires-sagrandit\/\",\"name\":\"Cantines scolaires\u00a0: Le nombre des \u00e9tablissements b\u00e9n\u00e9ficiaires s\u2019agrandit - La Voix de la Nation\",\"isPartOf\":{\"@id\":\"https:\/\/lavoixdelanation.tg\/#website\"},\"primaryImageOfPage\":{\"@id\":\"https:\/\/lavoixdelanation.tg\/index.php\/2025\/09\/30\/cantines-scolaires-le-nombre-des-etablissements-beneficiaires-sagrandit\/#primaryimage\"},\"image\":{\"@id\":\"https:\/\/lavoixdelanation.tg\/index.php\/2025\/09\/30\/cantines-scolaires-le-nombre-des-etablissements-beneficiaires-sagrandit\/#primaryimage\"},\"thumbnailUrl\":\"https:\/\/lavoixdelanation.tg\/wp-content\/uploads\/2025\/10\/cantine-scolaires-au-Togo.jpg\",\"datePublished\":\"2025-09-30T16:02:48+00:00\",\"dateModified\":\"2025-10-04T16:06:36+00:00\",\"breadcrumb\":{\"@id\":\"https:\/\/lavoixdelanation.tg\/index.php\/2025\/09\/30\/cantines-scolaires-le-nombre-des-etablissements-beneficiaires-sagrandit\/#breadcrumb\"},\"inLanguage\":\"fr-FR\",\"potentialAction\":[{\"@type\":\"ReadAction\",\"target\":[\"https:\/\/lavoixdelanation.tg\/index.php\/2025\/09\/30\/cantines-scolaires-le-nombre-des-etablissements-beneficiaires-sagrandit\/\"]}]},{\"@type\":\"ImageObject\",\"inLanguage\":\"fr-FR\",\"@id\":\"https:\/\/lavoixdelanation.tg\/index.php\/2025\/09\/30\/cantines-scolaires-le-nombre-des-etablissements-beneficiaires-sagrandit\/#primaryimage\",\"url\":\"https:\/\/lavoixdelanation.tg\/wp-content\/uploads\/2025\/10\/cantine-scolaires-au-Togo.jpg\",\"contentUrl\":\"https:\/\/lavoixdelanation.tg\/wp-content\/uploads\/2025\/10\/cantine-scolaires-au-Togo.jpg\",\"width\":750,\"height\":430},{\"@type\":\"BreadcrumbList\",\"@id\":\"https:\/\/lavoixdelanation.tg\/index.php\/2025\/09\/30\/cantines-scolaires-le-nombre-des-etablissements-beneficiaires-sagrandit\/#breadcrumb\",\"itemListElement\":[{\"@type\":\"ListItem\",\"position\":1,\"name\":\"Accueil\",\"item\":\"https:\/\/lavoixdelanation.tg\/\"},{\"@type\":\"ListItem\",\"position\":2,\"name\":\"Cantines scolaires\u00a0: Le nombre des \u00e9tablissements b\u00e9n\u00e9ficiaires s\u2019agrandit\"}]},{\"@type\":\"WebSite\",\"@id\":\"https:\/\/lavoixdelanation.tg\/#website\",\"url\":\"https:\/\/lavoixdelanation.tg\/\",\"name\":\"La Voix de la Nation\",\"description\":\"R\u00e9c\u00e9piss\u00e9 n\u00b00108\/HAAC\/01-2024\/pl\/P\",\"publisher\":{\"@id\":\"https:\/\/lavoixdelanation.tg\/#organization\"},\"alternateName\":\"VON\",\"potentialAction\":[{\"@type\":\"SearchAction\",\"target\":{\"@type\":\"EntryPoint\",\"urlTemplate\":\"https:\/\/lavoixdelanation.tg\/?s={search_term_string}\"},\"query-input\":{\"@type\":\"PropertyValueSpecification\",\"valueRequired\":true,\"valueName\":\"search_term_string\"}}],\"inLanguage\":\"fr-FR\"},{\"@type\":\"Organization\",\"@id\":\"https:\/\/lavoixdelanation.tg\/#organization\",\"name\":\"La Voix de la Nation\",\"url\":\"https:\/\/lavoixdelanation.tg\/\",\"logo\":{\"@type\":\"ImageObject\",\"inLanguage\":\"fr-FR\",\"@id\":\"https:\/\/lavoixdelanation.tg\/#\/schema\/logo\/image\/\",\"url\":\"https:\/\/lavoixdelanation.tg\/wp-content\/uploads\/2024\/12\/lavn-1.png\",\"contentUrl\":\"https:\/\/lavoixdelanation.tg\/wp-content\/uploads\/2024\/12\/lavn-1.png\",\"width\":1024,\"height\":464,\"caption\":\"La Voix de la Nation\"},\"image\":{\"@id\":\"https:\/\/lavoixdelanation.tg\/#\/schema\/logo\/image\/\"},\"sameAs\":[\"https:\/\/www.facebook.com\/lavoixdelanation\"]},{\"@type\":\"Person\",\"@id\":\"https:\/\/lavoixdelanation.tg\/#\/schema\/person\/6c489293aa38053673a9e554acb6e224\",\"name\":\"La voix de la nation\",\"image\":{\"@type\":\"ImageObject\",\"inLanguage\":\"fr-FR\",\"@id\":\"https:\/\/lavoixdelanation.tg\/#\/schema\/person\/image\/\",\"url\":\"https:\/\/secure.gravatar.com\/avatar\/8aa135d4bbc794494cecaa8d483f6d6cc1023624868deaff686baed5e727a5a1?s=96&d=mm&r=g\",\"contentUrl\":\"https:\/\/secure.gravatar.com\/avatar\/8aa135d4bbc794494cecaa8d483f6d6cc1023624868deaff686baed5e727a5a1?s=96&d=mm&r=g\",\"caption\":\"La voix de la nation\"},\"sameAs\":[\"https:\/\/lavoixdelanation.tg\"],\"url\":\"https:\/\/lavoixdelanation.tg\/index.php\/author\/lavn\/\"}]}<\/script>\n<!-- \/ Yoast SEO plugin. -->","yoast_head_json":{"title":"Cantines scolaires\u00a0: Le nombre des \u00e9tablissements b\u00e9n\u00e9ficiaires s\u2019agrandit - La Voix de la Nation","robots":{"index":"index","follow":"follow","max-snippet":"max-snippet:-1","max-image-preview":"max-image-preview:large","max-video-preview":"max-video-preview:-1"},"canonical":"https:\/\/lavoixdelanation.tg\/index.php\/2025\/09\/30\/cantines-scolaires-le-nombre-des-etablissements-beneficiaires-sagrandit\/","og_locale":"fr_FR","og_type":"article","og_title":"Cantines scolaires\u00a0: Le nombre des \u00e9tablissements b\u00e9n\u00e9ficiaires s\u2019agrandit - La Voix de la Nation","og_description":"Le programme des cantines scolaires d\u00e9ploy\u00e9 dans chaque r\u00e9gion du pays permet d&rsquo;am\u00e9liorer le taux de fr\u00e9quentation scolaire en offrant des repas \u00e9quilibr\u00e9s dans les \u00e9tablissements b\u00e9n\u00e9ficiaires. De 158&nbsp;000 \u00e9tablissements&hellip;","og_url":"https:\/\/lavoixdelanation.tg\/index.php\/2025\/09\/30\/cantines-scolaires-le-nombre-des-etablissements-beneficiaires-sagrandit\/","og_site_name":"La Voix de la Nation","article_publisher":"https:\/\/www.facebook.com\/lavoixdelanation","article_published_time":"2025-09-30T16:02:48+00:00","article_modified_time":"2025-10-04T16:06:36+00:00","og_image":[{"width":750,"height":430,"url":"https:\/\/lavoixdelanation.tg\/wp-content\/uploads\/2025\/10\/cantine-scolaires-au-Togo.jpg","type":"image\/jpeg"}],"author":"La voix de la nation","twitter_card":"summary_large_image","twitter_misc":{"\u00c9crit par":"La voix de la nation","Dur\u00e9e de lecture estim\u00e9e":"1 minute"},"schema":{"@context":"https:\/\/schema.org","@graph":[{"@type":"Article","@id":"https:\/\/lavoixdelanation.tg\/index.php\/2025\/09\/30\/cantines-scolaires-le-nombre-des-etablissements-beneficiaires-sagrandit\/#article","isPartOf":{"@id":"https:\/\/lavoixdelanation.tg\/index.php\/2025\/09\/30\/cantines-scolaires-le-nombre-des-etablissements-beneficiaires-sagrandit\/"},"author":{"name":"La voix de la nation","@id":"https:\/\/lavoixdelanation.tg\/#\/schema\/person\/6c489293aa38053673a9e554acb6e224"},"headline":"Cantines scolaires\u00a0: Le nombre des \u00e9tablissements b\u00e9n\u00e9ficiaires s\u2019agrandit","datePublished":"2025-09-30T16:02:48+00:00","dateModified":"2025-10-04T16:06:36+00:00","mainEntityOfPage":{"@id":"https:\/\/lavoixdelanation.tg\/index.php\/2025\/09\/30\/cantines-scolaires-le-nombre-des-etablissements-beneficiaires-sagrandit\/"},"wordCount":312,"commentCount":0,"publisher":{"@id":"https:\/\/lavoixdelanation.tg\/#organization"},"image":{"@id":"https:\/\/lavoixdelanation.tg\/index.php\/2025\/09\/30\/cantines-scolaires-le-nombre-des-etablissements-beneficiaires-sagrandit\/#primaryimage"},"thumbnailUrl":"https:\/\/lavoixdelanation.tg\/wp-content\/uploads\/2025\/10\/cantine-scolaires-au-Togo.jpg","keywords":["Cantines scolaires","Togo"],"articleSection":["Top actualit\u00e9s"],"inLanguage":"fr-FR","potentialAction":[{"@type":"CommentAction","name":"Comment","target":["https:\/\/lavoixdelanation.tg\/index.php\/2025\/09\/30\/cantines-scolaires-le-nombre-des-etablissements-beneficiaires-sagrandit\/#respond"]}]},{"@type":"WebPage","@id":"https:\/\/lavoixdelanation.tg\/index.php\/2025\/09\/30\/cantines-scolaires-le-nombre-des-etablissements-beneficiaires-sagrandit\/","url":"https:\/\/lavoixdelanation.tg\/index.php\/2025\/09\/30\/cantines-scolaires-le-nombre-des-etablissements-beneficiaires-sagrandit\/","name":"Cantines scolaires\u00a0: Le nombre des \u00e9tablissements b\u00e9n\u00e9ficiaires s\u2019agrandit - La Voix de la Nation","isPartOf":{"@id":"https:\/\/lavoixdelanation.tg\/#website"},"primaryImageOfPage":{"@id":"https:\/\/lavoixdelanation.tg\/index.php\/2025\/09\/30\/cantines-scolaires-le-nombre-des-etablissements-beneficiaires-sagrandit\/#primaryimage"},"image":{"@id":"https:\/\/lavoixdelanation.tg\/index.php\/2025\/09\/30\/cantines-scolaires-le-nombre-des-etablissements-beneficiaires-sagrandit\/#primaryimage"},"thumbnailUrl":"https:\/\/lavoixdelanation.tg\/wp-content\/uploads\/2025\/10\/cantine-scolaires-au-Togo.jpg","datePublished":"2025-09-30T16:02:48+00:00","dateModified":"2025-10-04T16:06:36+00:00","breadcrumb":{"@id":"https:\/\/lavoixdelanation.tg\/index.php\/2025\/09\/30\/cantines-scolaires-le-nombre-des-etablissements-beneficiaires-sagrandit\/#breadcrumb"},"inLanguage":"fr-FR","potentialAction":[{"@type":"ReadAction","target":["https:\/\/lavoixdelanation.tg\/index.php\/2025\/09\/30\/cantines-scolaires-le-nombre-des-etablissements-beneficiaires-sagrandit\/"]}]},{"@type":"ImageObject","inLanguage":"fr-FR","@id":"https:\/\/lavoixdelanation.tg\/index.php\/2025\/09\/30\/cantines-scolaires-le-nombre-des-etablissements-beneficiaires-sagrandit\/#primaryimage","url":"https:\/\/lavoixdelanation.tg\/wp-content\/uploads\/2025\/10\/cantine-scolaires-au-Togo.jpg","contentUrl":"https:\/\/lavoixdelanation.tg\/wp-content\/uploads\/2025\/10\/cantine-scolaires-au-Togo.jpg","width":750,"height":430},{"@type":"BreadcrumbList","@id":"https:\/\/lavoixdelanation.tg\/index.php\/2025\/09\/30\/cantines-scolaires-le-nombre-des-etablissements-beneficiaires-sagrandit\/#breadcrumb","itemListElement":[{"@type":"ListItem","position":1,"name":"Accueil","item":"https:\/\/lavoixdelanation.tg\/"},{"@type":"ListItem","position":2,"name":"Cantines scolaires\u00a0: Le nombre des \u00e9tablissements b\u00e9n\u00e9ficiaires s\u2019agrandit"}]},{"@type":"WebSite","@id":"https:\/\/lavoixdelanation.tg\/#website","url":"https:\/\/lavoixdelanation.tg\/","name":"La Voix de la Nation","description":"R\u00e9c\u00e9piss\u00e9 n\u00b00108\/HAAC\/01-2024\/pl\/P","publisher":{"@id":"https:\/\/lavoixdelanation.tg\/#organization"},"alternateName":"VON","potentialAction":[{"@type":"SearchAction","target":{"@type":"EntryPoint","urlTemplate":"https:\/\/lavoixdelanation.tg\/?s={search_term_string}"},"query-input":{"@type":"PropertyValueSpecification","valueRequired":true,"valueName":"search_term_string"}}],"inLanguage":"fr-FR"},{"@type":"Organization","@id":"https:\/\/lavoixdelanation.tg\/#organization","name":"La Voix de la Nation","url":"https:\/\/lavoixdelanation.tg\/","logo":{"@type":"ImageObject","inLanguage":"fr-FR","@id":"https:\/\/lavoixdelanation.tg\/#\/schema\/logo\/image\/","url":"https:\/\/lavoixdelanation.tg\/wp-content\/uploads\/2024\/12\/lavn-1.png","contentUrl":"https:\/\/lavoixdelanation.tg\/wp-content\/uploads\/2024\/12\/lavn-1.png","width":1024,"height":464,"caption":"La Voix de la Nation"},"image":{"@id":"https:\/\/lavoixdelanation.tg\/#\/schema\/logo\/image\/"},"sameAs":["https:\/\/www.facebook.com\/lavoixdelanation"]},{"@type":"Person","@id":"https:\/\/lavoixdelanation.tg\/#\/schema\/person\/6c489293aa38053673a9e554acb6e224","name":"La voix de la nation","image":{"@type":"ImageObject","inLanguage":"fr-FR","@id":"https:\/\/lavoixdelanation.tg\/#\/schema\/person\/image\/","url":"https:\/\/secure.gravatar.com\/avatar\/8aa135d4bbc794494cecaa8d483f6d6cc1023624868deaff686baed5e727a5a1?s=96&d=mm&r=g","contentUrl":"https:\/\/secure.gravatar.com\/avatar\/8aa135d4bbc794494cecaa8d483f6d6cc1023624868deaff686baed5e727a5a1?s=96&d=mm&r=g","caption":"La voix de la nation"},"sameAs":["https:\/\/lavoixdelanation.tg"],"url":"https:\/\/lavoixdelanation.tg\/index.php\/author\/lavn\/"}]}},"_links":{"self":[{"href":"https:\/\/lavoixdelanation.tg\/index.php\/wp-json\/wp\/v2\/posts\/14371","targetHints":{"allow":["GET"]}}],"collection":[{"href":"https:\/\/lavoixdelanation.tg\/index.php\/wp-json\/wp\/v2\/posts"}],"about":[{"href":"https:\/\/lavoixdelanation.tg\/index.php\/wp-json\/wp\/v2\/types\/post"}],"author":[{"embeddable":true,"href":"https:\/\/lavoixdelanation.tg\/index.php\/wp-json\/wp\/v2\/users\/1"}],"replies":[{"embeddable":true,"href":"https:\/\/lavoixdelanation.tg\/index.php\/wp-json\/wp\/v2\/comments?post=14371"}],"version-history":[{"count":1,"href":"https:\/\/lavoixdelanation.tg\/index.php\/wp-json\/wp\/v2\/posts\/14371\/revisions"}],"predecessor-version":[{"id":14373,"href":"https:\/\/lavoixdelanation.tg\/index.php\/wp-json\/wp\/v2\/posts\/14371\/revisions\/14373"}],"wp:featuredmedia":[{"embeddable":true,"href":"https:\/\/lavoixdelanation.tg\/index.php\/wp-json\/wp\/v2\/media\/14372"}],"wp:attachment":[{"href":"https:\/\/lavoixdelanation.tg\/index.php\/wp-json\/wp\/v2\/media?parent=14371"}],"wp:term":[{"taxonomy":"category","embeddable":true,"href":"https:\/\/lavoixdelanation.tg\/index.php\/wp-json\/wp\/v2\/categories?post=14371"},{"taxonomy":"post_tag","embeddable":true,"href":"https:\/\/lavoixdelanation.tg\/index.php\/wp-json\/wp\/v2\/tags?post=14371"}],"curies":[{"name":"wp","href":"https:\/\/api.w.org\/{rel}","templated":true}]}}