{"id":14344,"date":"2025-10-02T15:26:05","date_gmt":"2025-10-02T13:26:05","guid":{"rendered":"https:\/\/lavoixdelanation.tg\/?p=14344"},"modified":"2025-10-02T15:26:06","modified_gmt":"2025-10-02T13:26:06","slug":"togo-la-6eme-edition-du-mois-du-consommer-local-annonce-ses-couleurs","status":"publish","type":"post","link":"https:\/\/lavoixdelanation.tg\/index.php\/2025\/10\/02\/togo-la-6eme-edition-du-mois-du-consommer-local-annonce-ses-couleurs\/","title":{"rendered":"Togo\u00a0: La 6\u00e8me \u00e9dition du \u00ab\u00a0Mois du Consommer Local\u00a0\u00bb annonce ses couleurs"},"content":{"rendered":"\n<p><strong>\u00ab&nbsp;Comp\u00e9tences et innovations au service de la comp\u00e9titivit\u00e9 des produits locaux&nbsp;\u00bb&nbsp;: c\u2019est le th\u00e8me au centre de la 6<sup>\u00e8me<\/sup> \u00e9dition du Mois du Consommer Local pr\u00e9vu du 1er au 31 octobre 2025<\/strong><strong>.<\/strong><strong><\/strong><\/p>\n\n\n\n<p>L\u2019\u00e9v\u00e8nement est organis\u00e9 par le Minist\u00e8re du Commerce, de l\u2019Artisanat et de la Consommation locale, sous le Haut Patronage du Pr\u00e9sident du Conseil Faure Gnassingb\u00e9.<\/p>\n\n\n\n<p>Cette \u00e9dition met l\u2019accent sur la valorisation du savoir-faire local et l\u2019encouragement des innovations qui renforcent la comp\u00e9titivit\u00e9 de nos productions nationales sur les march\u00e9s.<\/p>\n\n\n\n<p>\u00c0 travers des expositions-ventes, des conf\u00e9rences et des visites d\u2019entreprises, l\u2019excellence des acteurs de la cha\u00eene de valeur et les performances des entrepreneurs togolais seront mises en lumi\u00e8re au cours de ce mois.<\/p>\n\n\n\n<p>\u00ab&nbsp;Privil\u00e9gier les produits locaux, c\u2019est soutenir directement les PME-PMI, cr\u00e9er des emplois d\u00e9cents pour la jeunesse et les femmes, et renforcer la coh\u00e9sion \u00e9conomique et sociale de notre pays dans une approche de d\u00e9veloppement durable&nbsp;\u00bb, explique le Minist\u00e8re en charge de la Consommation locale.<\/p>\n","protected":false},"excerpt":{"rendered":"<p>\u00ab&nbsp;Comp\u00e9tences et innovations au service de la comp\u00e9titivit\u00e9 des produits locaux&nbsp;\u00bb&nbsp;: c\u2019est le th\u00e8me au centre de la 6\u00e8me \u00e9dition du Mois du Consommer Local pr\u00e9vu du 1er au 31&hellip; <\/p>\n","protected":false},"author":1,"featured_media":14345,"comment_status":"open","ping_status":"closed","sticky":false,"template":"","format":"standard","meta":{"footnotes":""},"categories":[8],"tags":[964,39],"class_list":["post-14344","post","type-post","status-publish","format-standard","has-post-thumbnail","hentry","category-economie","tag-mois-du-consommer-local","tag-togo"],"yoast_head":"<!-- This site is optimized with the Yoast SEO plugin v26.4 - https:\/\/yoast.com\/wordpress\/plugins\/seo\/ -->\n<title>Togo\u00a0: La 6\u00e8me \u00e9dition du \u00ab\u00a0Mois du Consommer Local\u00a0\u00bb annonce ses couleurs - La Voix de la Nation<\/title>\n<meta name=\"robots\" content=\"index, follow, max-snippet:-1, max-image-preview:large, max-video-preview:-1\" \/>\n<link rel=\"canonical\" href=\"https:\/\/lavoixdelanation.tg\/index.php\/2025\/10\/02\/togo-la-6eme-edition-du-mois-du-consommer-local-annonce-ses-couleurs\/\" \/>\n<meta property=\"og:locale\" content=\"fr_FR\" \/>\n<meta property=\"og:type\" content=\"article\" \/>\n<meta property=\"og:title\" content=\"Togo\u00a0: La 6\u00e8me \u00e9dition du \u00ab\u00a0Mois du Consommer Local\u00a0\u00bb annonce ses couleurs - La Voix de la Nation\" \/>\n<meta property=\"og:description\" content=\"\u00ab&nbsp;Comp\u00e9tences et innovations au service de la comp\u00e9titivit\u00e9 des produits locaux&nbsp;\u00bb&nbsp;: c\u2019est le th\u00e8me au centre de la 6\u00e8me \u00e9dition du Mois du Consommer Local pr\u00e9vu du 1er au 31&hellip;\" \/>\n<meta property=\"og:url\" content=\"https:\/\/lavoixdelanation.tg\/index.php\/2025\/10\/02\/togo-la-6eme-edition-du-mois-du-consommer-local-annonce-ses-couleurs\/\" \/>\n<meta property=\"og:site_name\" content=\"La Voix de la Nation\" \/>\n<meta property=\"article:publisher\" content=\"https:\/\/www.facebook.com\/lavoixdelanation\" \/>\n<meta property=\"article:published_time\" content=\"2025-10-02T13:26:05+00:00\" \/>\n<meta property=\"article:modified_time\" content=\"2025-10-02T13:26:06+00:00\" \/>\n<meta property=\"og:image\" content=\"https:\/\/lavoixdelanation.tg\/wp-content\/uploads\/2025\/10\/Mois-du-Consommer-Local-2025-au-Togo.jpg\" \/>\n\t<meta property=\"og:image:width\" content=\"1600\" \/>\n\t<meta property=\"og:image:height\" content=\"1155\" \/>\n\t<meta property=\"og:image:type\" content=\"image\/jpeg\" \/>\n<meta name=\"author\" content=\"La voix de la nation\" \/>\n<meta name=\"twitter:card\" content=\"summary_large_image\" \/>\n<meta name=\"twitter:label1\" content=\"\u00c9crit par\" \/>\n\t<meta name=\"twitter:data1\" content=\"La voix de la nation\" \/>\n\t<meta name=\"twitter:label2\" content=\"Dur\u00e9e de lecture estim\u00e9e\" \/>\n\t<meta name=\"twitter:data2\" content=\"1 minute\" \/>\n<script type=\"application\/ld+json\" class=\"yoast-schema-graph\">{\"@context\":\"https:\/\/schema.org\",\"@graph\":[{\"@type\":\"Article\",\"@id\":\"https:\/\/lavoixdelanation.tg\/index.php\/2025\/10\/02\/togo-la-6eme-edition-du-mois-du-consommer-local-annonce-ses-couleurs\/#article\",\"isPartOf\":{\"@id\":\"https:\/\/lavoixdelanation.tg\/index.php\/2025\/10\/02\/togo-la-6eme-edition-du-mois-du-consommer-local-annonce-ses-couleurs\/\"},\"author\":{\"name\":\"La voix de la nation\",\"@id\":\"https:\/\/lavoixdelanation.tg\/#\/schema\/person\/6c489293aa38053673a9e554acb6e224\"},\"headline\":\"Togo\u00a0: La 6\u00e8me \u00e9dition du \u00ab\u00a0Mois du Consommer Local\u00a0\u00bb annonce ses couleurs\",\"datePublished\":\"2025-10-02T13:26:05+00:00\",\"dateModified\":\"2025-10-02T13:26:06+00:00\",\"mainEntityOfPage\":{\"@id\":\"https:\/\/lavoixdelanation.tg\/index.php\/2025\/10\/02\/togo-la-6eme-edition-du-mois-du-consommer-local-annonce-ses-couleurs\/\"},\"wordCount\":199,\"commentCount\":0,\"publisher\":{\"@id\":\"https:\/\/lavoixdelanation.tg\/#organization\"},\"image\":{\"@id\":\"https:\/\/lavoixdelanation.tg\/index.php\/2025\/10\/02\/togo-la-6eme-edition-du-mois-du-consommer-local-annonce-ses-couleurs\/#primaryimage\"},\"thumbnailUrl\":\"https:\/\/lavoixdelanation.tg\/wp-content\/uploads\/2025\/10\/Mois-du-Consommer-Local-2025-au-Togo.jpg\",\"keywords\":[\"Mois du Consommer Local\",\"Togo\"],\"articleSection\":[\"Economie\"],\"inLanguage\":\"fr-FR\",\"potentialAction\":[{\"@type\":\"CommentAction\",\"name\":\"Comment\",\"target\":[\"https:\/\/lavoixdelanation.tg\/index.php\/2025\/10\/02\/togo-la-6eme-edition-du-mois-du-consommer-local-annonce-ses-couleurs\/#respond\"]}]},{\"@type\":\"WebPage\",\"@id\":\"https:\/\/lavoixdelanation.tg\/index.php\/2025\/10\/02\/togo-la-6eme-edition-du-mois-du-consommer-local-annonce-ses-couleurs\/\",\"url\":\"https:\/\/lavoixdelanation.tg\/index.php\/2025\/10\/02\/togo-la-6eme-edition-du-mois-du-consommer-local-annonce-ses-couleurs\/\",\"name\":\"Togo\u00a0: La 6\u00e8me \u00e9dition du \u00ab\u00a0Mois du Consommer Local\u00a0\u00bb annonce ses couleurs - La Voix de la Nation\",\"isPartOf\":{\"@id\":\"https:\/\/lavoixdelanation.tg\/#website\"},\"primaryImageOfPage\":{\"@id\":\"https:\/\/lavoixdelanation.tg\/index.php\/2025\/10\/02\/togo-la-6eme-edition-du-mois-du-consommer-local-annonce-ses-couleurs\/#primaryimage\"},\"image\":{\"@id\":\"https:\/\/lavoixdelanation.tg\/index.php\/2025\/10\/02\/togo-la-6eme-edition-du-mois-du-consommer-local-annonce-ses-couleurs\/#primaryimage\"},\"thumbnailUrl\":\"https:\/\/lavoixdelanation.tg\/wp-content\/uploads\/2025\/10\/Mois-du-Consommer-Local-2025-au-Togo.jpg\",\"datePublished\":\"2025-10-02T13:26:05+00:00\",\"dateModified\":\"2025-10-02T13:26:06+00:00\",\"breadcrumb\":{\"@id\":\"https:\/\/lavoixdelanation.tg\/index.php\/2025\/10\/02\/togo-la-6eme-edition-du-mois-du-consommer-local-annonce-ses-couleurs\/#breadcrumb\"},\"inLanguage\":\"fr-FR\",\"potentialAction\":[{\"@type\":\"ReadAction\",\"target\":[\"https:\/\/lavoixdelanation.tg\/index.php\/2025\/10\/02\/togo-la-6eme-edition-du-mois-du-consommer-local-annonce-ses-couleurs\/\"]}]},{\"@type\":\"ImageObject\",\"inLanguage\":\"fr-FR\",\"@id\":\"https:\/\/lavoixdelanation.tg\/index.php\/2025\/10\/02\/togo-la-6eme-edition-du-mois-du-consommer-local-annonce-ses-couleurs\/#primaryimage\",\"url\":\"https:\/\/lavoixdelanation.tg\/wp-content\/uploads\/2025\/10\/Mois-du-Consommer-Local-2025-au-Togo.jpg\",\"contentUrl\":\"https:\/\/lavoixdelanation.tg\/wp-content\/uploads\/2025\/10\/Mois-du-Consommer-Local-2025-au-Togo.jpg\",\"width\":1600,\"height\":1155},{\"@type\":\"BreadcrumbList\",\"@id\":\"https:\/\/lavoixdelanation.tg\/index.php\/2025\/10\/02\/togo-la-6eme-edition-du-mois-du-consommer-local-annonce-ses-couleurs\/#breadcrumb\",\"itemListElement\":[{\"@type\":\"ListItem\",\"position\":1,\"name\":\"Accueil\",\"item\":\"https:\/\/lavoixdelanation.tg\/\"},{\"@type\":\"ListItem\",\"position\":2,\"name\":\"Togo\u00a0: La 6\u00e8me \u00e9dition du \u00ab\u00a0Mois du Consommer Local\u00a0\u00bb annonce ses couleurs\"}]},{\"@type\":\"WebSite\",\"@id\":\"https:\/\/lavoixdelanation.tg\/#website\",\"url\":\"https:\/\/lavoixdelanation.tg\/\",\"name\":\"La Voix de la Nation\",\"description\":\"R\u00e9c\u00e9piss\u00e9 n\u00b00108\/HAAC\/01-2024\/pl\/P\",\"publisher\":{\"@id\":\"https:\/\/lavoixdelanation.tg\/#organization\"},\"alternateName\":\"VON\",\"potentialAction\":[{\"@type\":\"SearchAction\",\"target\":{\"@type\":\"EntryPoint\",\"urlTemplate\":\"https:\/\/lavoixdelanation.tg\/?s={search_term_string}\"},\"query-input\":{\"@type\":\"PropertyValueSpecification\",\"valueRequired\":true,\"valueName\":\"search_term_string\"}}],\"inLanguage\":\"fr-FR\"},{\"@type\":\"Organization\",\"@id\":\"https:\/\/lavoixdelanation.tg\/#organization\",\"name\":\"La Voix de la Nation\",\"url\":\"https:\/\/lavoixdelanation.tg\/\",\"logo\":{\"@type\":\"ImageObject\",\"inLanguage\":\"fr-FR\",\"@id\":\"https:\/\/lavoixdelanation.tg\/#\/schema\/logo\/image\/\",\"url\":\"https:\/\/lavoixdelanation.tg\/wp-content\/uploads\/2024\/12\/lavn-1.png\",\"contentUrl\":\"https:\/\/lavoixdelanation.tg\/wp-content\/uploads\/2024\/12\/lavn-1.png\",\"width\":1024,\"height\":464,\"caption\":\"La Voix de la Nation\"},\"image\":{\"@id\":\"https:\/\/lavoixdelanation.tg\/#\/schema\/logo\/image\/\"},\"sameAs\":[\"https:\/\/www.facebook.com\/lavoixdelanation\"]},{\"@type\":\"Person\",\"@id\":\"https:\/\/lavoixdelanation.tg\/#\/schema\/person\/6c489293aa38053673a9e554acb6e224\",\"name\":\"La voix de la nation\",\"image\":{\"@type\":\"ImageObject\",\"inLanguage\":\"fr-FR\",\"@id\":\"https:\/\/lavoixdelanation.tg\/#\/schema\/person\/image\/\",\"url\":\"https:\/\/secure.gravatar.com\/avatar\/8aa135d4bbc794494cecaa8d483f6d6cc1023624868deaff686baed5e727a5a1?s=96&d=mm&r=g\",\"contentUrl\":\"https:\/\/secure.gravatar.com\/avatar\/8aa135d4bbc794494cecaa8d483f6d6cc1023624868deaff686baed5e727a5a1?s=96&d=mm&r=g\",\"caption\":\"La voix de la nation\"},\"sameAs\":[\"https:\/\/lavoixdelanation.tg\"],\"url\":\"https:\/\/lavoixdelanation.tg\/index.php\/author\/lavn\/\"}]}<\/script>\n<!-- \/ Yoast SEO plugin. -->","yoast_head_json":{"title":"Togo\u00a0: La 6\u00e8me \u00e9dition du \u00ab\u00a0Mois du Consommer Local\u00a0\u00bb annonce ses couleurs - La Voix de la Nation","robots":{"index":"index","follow":"follow","max-snippet":"max-snippet:-1","max-image-preview":"max-image-preview:large","max-video-preview":"max-video-preview:-1"},"canonical":"https:\/\/lavoixdelanation.tg\/index.php\/2025\/10\/02\/togo-la-6eme-edition-du-mois-du-consommer-local-annonce-ses-couleurs\/","og_locale":"fr_FR","og_type":"article","og_title":"Togo\u00a0: La 6\u00e8me \u00e9dition du \u00ab\u00a0Mois du Consommer Local\u00a0\u00bb annonce ses couleurs - La Voix de la Nation","og_description":"\u00ab&nbsp;Comp\u00e9tences et innovations au service de la comp\u00e9titivit\u00e9 des produits locaux&nbsp;\u00bb&nbsp;: c\u2019est le th\u00e8me au centre de la 6\u00e8me \u00e9dition du Mois du Consommer Local pr\u00e9vu du 1er au 31&hellip;","og_url":"https:\/\/lavoixdelanation.tg\/index.php\/2025\/10\/02\/togo-la-6eme-edition-du-mois-du-consommer-local-annonce-ses-couleurs\/","og_site_name":"La Voix de la Nation","article_publisher":"https:\/\/www.facebook.com\/lavoixdelanation","article_published_time":"2025-10-02T13:26:05+00:00","article_modified_time":"2025-10-02T13:26:06+00:00","og_image":[{"width":1600,"height":1155,"url":"https:\/\/lavoixdelanation.tg\/wp-content\/uploads\/2025\/10\/Mois-du-Consommer-Local-2025-au-Togo.jpg","type":"image\/jpeg"}],"author":"La voix de la nation","twitter_card":"summary_large_image","twitter_misc":{"\u00c9crit par":"La voix de la nation","Dur\u00e9e de lecture estim\u00e9e":"1 minute"},"schema":{"@context":"https:\/\/schema.org","@graph":[{"@type":"Article","@id":"https:\/\/lavoixdelanation.tg\/index.php\/2025\/10\/02\/togo-la-6eme-edition-du-mois-du-consommer-local-annonce-ses-couleurs\/#article","isPartOf":{"@id":"https:\/\/lavoixdelanation.tg\/index.php\/2025\/10\/02\/togo-la-6eme-edition-du-mois-du-consommer-local-annonce-ses-couleurs\/"},"author":{"name":"La voix de la nation","@id":"https:\/\/lavoixdelanation.tg\/#\/schema\/person\/6c489293aa38053673a9e554acb6e224"},"headline":"Togo\u00a0: La 6\u00e8me \u00e9dition du \u00ab\u00a0Mois du Consommer Local\u00a0\u00bb annonce ses couleurs","datePublished":"2025-10-02T13:26:05+00:00","dateModified":"2025-10-02T13:26:06+00:00","mainEntityOfPage":{"@id":"https:\/\/lavoixdelanation.tg\/index.php\/2025\/10\/02\/togo-la-6eme-edition-du-mois-du-consommer-local-annonce-ses-couleurs\/"},"wordCount":199,"commentCount":0,"publisher":{"@id":"https:\/\/lavoixdelanation.tg\/#organization"},"image":{"@id":"https:\/\/lavoixdelanation.tg\/index.php\/2025\/10\/02\/togo-la-6eme-edition-du-mois-du-consommer-local-annonce-ses-couleurs\/#primaryimage"},"thumbnailUrl":"https:\/\/lavoixdelanation.tg\/wp-content\/uploads\/2025\/10\/Mois-du-Consommer-Local-2025-au-Togo.jpg","keywords":["Mois du Consommer Local","Togo"],"articleSection":["Economie"],"inLanguage":"fr-FR","potentialAction":[{"@type":"CommentAction","name":"Comment","target":["https:\/\/lavoixdelanation.tg\/index.php\/2025\/10\/02\/togo-la-6eme-edition-du-mois-du-consommer-local-annonce-ses-couleurs\/#respond"]}]},{"@type":"WebPage","@id":"https:\/\/lavoixdelanation.tg\/index.php\/2025\/10\/02\/togo-la-6eme-edition-du-mois-du-consommer-local-annonce-ses-couleurs\/","url":"https:\/\/lavoixdelanation.tg\/index.php\/2025\/10\/02\/togo-la-6eme-edition-du-mois-du-consommer-local-annonce-ses-couleurs\/","name":"Togo\u00a0: La 6\u00e8me \u00e9dition du \u00ab\u00a0Mois du Consommer Local\u00a0\u00bb annonce ses couleurs - La Voix de la Nation","isPartOf":{"@id":"https:\/\/lavoixdelanation.tg\/#website"},"primaryImageOfPage":{"@id":"https:\/\/lavoixdelanation.tg\/index.php\/2025\/10\/02\/togo-la-6eme-edition-du-mois-du-consommer-local-annonce-ses-couleurs\/#primaryimage"},"image":{"@id":"https:\/\/lavoixdelanation.tg\/index.php\/2025\/10\/02\/togo-la-6eme-edition-du-mois-du-consommer-local-annonce-ses-couleurs\/#primaryimage"},"thumbnailUrl":"https:\/\/lavoixdelanation.tg\/wp-content\/uploads\/2025\/10\/Mois-du-Consommer-Local-2025-au-Togo.jpg","datePublished":"2025-10-02T13:26:05+00:00","dateModified":"2025-10-02T13:26:06+00:00","breadcrumb":{"@id":"https:\/\/lavoixdelanation.tg\/index.php\/2025\/10\/02\/togo-la-6eme-edition-du-mois-du-consommer-local-annonce-ses-couleurs\/#breadcrumb"},"inLanguage":"fr-FR","potentialAction":[{"@type":"ReadAction","target":["https:\/\/lavoixdelanation.tg\/index.php\/2025\/10\/02\/togo-la-6eme-edition-du-mois-du-consommer-local-annonce-ses-couleurs\/"]}]},{"@type":"ImageObject","inLanguage":"fr-FR","@id":"https:\/\/lavoixdelanation.tg\/index.php\/2025\/10\/02\/togo-la-6eme-edition-du-mois-du-consommer-local-annonce-ses-couleurs\/#primaryimage","url":"https:\/\/lavoixdelanation.tg\/wp-content\/uploads\/2025\/10\/Mois-du-Consommer-Local-2025-au-Togo.jpg","contentUrl":"https:\/\/lavoixdelanation.tg\/wp-content\/uploads\/2025\/10\/Mois-du-Consommer-Local-2025-au-Togo.jpg","width":1600,"height":1155},{"@type":"BreadcrumbList","@id":"https:\/\/lavoixdelanation.tg\/index.php\/2025\/10\/02\/togo-la-6eme-edition-du-mois-du-consommer-local-annonce-ses-couleurs\/#breadcrumb","itemListElement":[{"@type":"ListItem","position":1,"name":"Accueil","item":"https:\/\/lavoixdelanation.tg\/"},{"@type":"ListItem","position":2,"name":"Togo\u00a0: La 6\u00e8me \u00e9dition du \u00ab\u00a0Mois du Consommer Local\u00a0\u00bb annonce ses couleurs"}]},{"@type":"WebSite","@id":"https:\/\/lavoixdelanation.tg\/#website","url":"https:\/\/lavoixdelanation.tg\/","name":"La Voix de la Nation","description":"R\u00e9c\u00e9piss\u00e9 n\u00b00108\/HAAC\/01-2024\/pl\/P","publisher":{"@id":"https:\/\/lavoixdelanation.tg\/#organization"},"alternateName":"VON","potentialAction":[{"@type":"SearchAction","target":{"@type":"EntryPoint","urlTemplate":"https:\/\/lavoixdelanation.tg\/?s={search_term_string}"},"query-input":{"@type":"PropertyValueSpecification","valueRequired":true,"valueName":"search_term_string"}}],"inLanguage":"fr-FR"},{"@type":"Organization","@id":"https:\/\/lavoixdelanation.tg\/#organization","name":"La Voix de la Nation","url":"https:\/\/lavoixdelanation.tg\/","logo":{"@type":"ImageObject","inLanguage":"fr-FR","@id":"https:\/\/lavoixdelanation.tg\/#\/schema\/logo\/image\/","url":"https:\/\/lavoixdelanation.tg\/wp-content\/uploads\/2024\/12\/lavn-1.png","contentUrl":"https:\/\/lavoixdelanation.tg\/wp-content\/uploads\/2024\/12\/lavn-1.png","width":1024,"height":464,"caption":"La Voix de la Nation"},"image":{"@id":"https:\/\/lavoixdelanation.tg\/#\/schema\/logo\/image\/"},"sameAs":["https:\/\/www.facebook.com\/lavoixdelanation"]},{"@type":"Person","@id":"https:\/\/lavoixdelanation.tg\/#\/schema\/person\/6c489293aa38053673a9e554acb6e224","name":"La voix de la nation","image":{"@type":"ImageObject","inLanguage":"fr-FR","@id":"https:\/\/lavoixdelanation.tg\/#\/schema\/person\/image\/","url":"https:\/\/secure.gravatar.com\/avatar\/8aa135d4bbc794494cecaa8d483f6d6cc1023624868deaff686baed5e727a5a1?s=96&d=mm&r=g","contentUrl":"https:\/\/secure.gravatar.com\/avatar\/8aa135d4bbc794494cecaa8d483f6d6cc1023624868deaff686baed5e727a5a1?s=96&d=mm&r=g","caption":"La voix de la nation"},"sameAs":["https:\/\/lavoixdelanation.tg"],"url":"https:\/\/lavoixdelanation.tg\/index.php\/author\/lavn\/"}]}},"_links":{"self":[{"href":"https:\/\/lavoixdelanation.tg\/index.php\/wp-json\/wp\/v2\/posts\/14344","targetHints":{"allow":["GET"]}}],"collection":[{"href":"https:\/\/lavoixdelanation.tg\/index.php\/wp-json\/wp\/v2\/posts"}],"about":[{"href":"https:\/\/lavoixdelanation.tg\/index.php\/wp-json\/wp\/v2\/types\/post"}],"author":[{"embeddable":true,"href":"https:\/\/lavoixdelanation.tg\/index.php\/wp-json\/wp\/v2\/users\/1"}],"replies":[{"embeddable":true,"href":"https:\/\/lavoixdelanation.tg\/index.php\/wp-json\/wp\/v2\/comments?post=14344"}],"version-history":[{"count":1,"href":"https:\/\/lavoixdelanation.tg\/index.php\/wp-json\/wp\/v2\/posts\/14344\/revisions"}],"predecessor-version":[{"id":14346,"href":"https:\/\/lavoixdelanation.tg\/index.php\/wp-json\/wp\/v2\/posts\/14344\/revisions\/14346"}],"wp:featuredmedia":[{"embeddable":true,"href":"https:\/\/lavoixdelanation.tg\/index.php\/wp-json\/wp\/v2\/media\/14345"}],"wp:attachment":[{"href":"https:\/\/lavoixdelanation.tg\/index.php\/wp-json\/wp\/v2\/media?parent=14344"}],"wp:term":[{"taxonomy":"category","embeddable":true,"href":"https:\/\/lavoixdelanation.tg\/index.php\/wp-json\/wp\/v2\/categories?post=14344"},{"taxonomy":"post_tag","embeddable":true,"href":"https:\/\/lavoixdelanation.tg\/index.php\/wp-json\/wp\/v2\/tags?post=14344"}],"curies":[{"name":"wp","href":"https:\/\/api.w.org\/{rel}","templated":true}]}}