{"id":14341,"date":"2025-09-28T15:58:54","date_gmt":"2025-09-28T13:58:54","guid":{"rendered":"https:\/\/lavoixdelanation.tg\/?p=14341"},"modified":"2025-10-01T15:59:30","modified_gmt":"2025-10-01T13:59:30","slug":"bad-32736-milliards-de-fcfa-dans-26-projets-de-developpement-au-togo","status":"publish","type":"post","link":"https:\/\/lavoixdelanation.tg\/index.php\/2025\/09\/28\/bad-32736-milliards-de-fcfa-dans-26-projets-de-developpement-au-togo\/","title":{"rendered":"BAD\u00a0: 327,36 milliards de FCFA dans 26 projets de d\u00e9veloppement au Togo"},"content":{"rendered":"\n<p><strong>Le portefeuille des projets financ\u00e9s par la Banque Africaine de D\u00e9veloppement (BAD) au Togo comprend 26 projets, dont 16 projets nationaux et 10 projets r\u00e9gionaux pour un montant global de 327,36 milliards de FCFA (soit 425,09 millions d\u2019Unit\u00e9s de Compte).<\/strong><\/p>\n\n\n\n<p>C\u2019est le bilan de la revue de la performance du portefeuille 2025 de la BAD au Togo entre l\u2019\u00e9tat togolais repr\u00e9sent\u00e9 par les secr\u00e9taires g\u00e9n\u00e9raux, coordonnateurs de projets, chefs de projets, diff\u00e9rents minist\u00e8res et des responsables de l\u2019institution financi\u00e8re.<\/p>\n\n\n\n<p>Les travaux de la revue restitu\u00e9s ce 26 septembre, indiquent que les projets couvrent divers secteurs cl\u00e9s tels que l\u2019agriculture, les transports, l\u2019\u00e9nergie, la formation professionnelle, l\u2019eau et l\u2019assainissement.<\/p>\n\n\n\n<p>La BAD a r\u00e9cemment approuv\u00e9 plusieurs initiatives pour le Togo, notamment : la Garantie partielle de cr\u00e9dit (GPC) d\u2019un montant de 200 millions d\u2019Euros (131,2 milliards de FCFA), le projet int\u00e9gr\u00e9 de transformation agroalimentaire de Kara Phase II, d\u2019un montant de 26,1 millions d\u2019USD (20,1 milliards de FCFA), le projet de centrale solaire \u00e0 Sokod\u00e9 pour la production de 42MWac, financ\u00e9 pour un montant global de 61 millions d\u2019Euros (40,0 milliards de FCFA).<\/p>\n\n\n\n<p>Des \u00e9changes du 26 septembre 2025, il ressort le constat selon lequel le temps est long entre les d\u00e9lais de signature de conventions et les premiers d\u00e9caissements d\u2019o\u00f9 l\u2019appel lanc\u00e9 de trouver des formules plus souples. Aussi un plaidoyer a \u00e9t\u00e9 fait pour la reprise des r\u00e9unions de suivi de tous les projets.<\/p>\n\n\n\n<p>Le repr\u00e9sentant du Ministre de l\u2019\u00c9conomie et des Finances, AKAYA St\u00e9phane a exprim\u00e9 sa gratitude \u00e0 la BAD pour son appui constant au Togo. Il a \u00e9galement au nom de son ministre r\u00e9it\u00e9r\u00e9 l\u2019engagement du Togo \u00e0 renforcer sa coop\u00e9ration avec la BAD pour le d\u00e9veloppement des secteurs cl\u00e9s de l\u2019\u00e9conomie togolaise.<\/p>\n\n\n\n<p>La revue de cette ann\u00e9e porte sur une enveloppe de 353,0 milliards de FCFA (603 millions d\u2019UC) avec 25 projets publics actifs, apr\u00e8s la cl\u00f4ture technique d\u2019un projet social.<\/p>\n\n\n\n<p>Les participants \u00e0 la revue ont exprim\u00e9 leur satisfaction quant aux r\u00e9sultats atteints et ont formul\u00e9 des recommandations pour am\u00e9liorer la performance des projets \u00e0 l\u2019avenir.<\/p>\n\n\n\n<p><strong>La R\u00e9daction<\/strong><\/p>\n","protected":false},"excerpt":{"rendered":"<p>Le portefeuille des projets financ\u00e9s par la Banque Africaine de D\u00e9veloppement (BAD) au Togo comprend 26 projets, dont 16 projets nationaux et 10 projets r\u00e9gionaux pour un montant global de&hellip; <\/p>\n","protected":false},"author":1,"featured_media":14342,"comment_status":"open","ping_status":"closed","sticky":false,"template":"","format":"standard","meta":{"footnotes":""},"categories":[8],"tags":[],"class_list":["post-14341","post","type-post","status-publish","format-standard","has-post-thumbnail","hentry","category-economie"],"yoast_head":"<!-- This site is optimized with the Yoast SEO plugin v26.4 - https:\/\/yoast.com\/wordpress\/plugins\/seo\/ -->\n<title>BAD\u00a0: 327,36 milliards de FCFA dans 26 projets de d\u00e9veloppement au Togo - La Voix de la Nation<\/title>\n<meta name=\"robots\" content=\"index, follow, max-snippet:-1, max-image-preview:large, max-video-preview:-1\" \/>\n<link rel=\"canonical\" href=\"https:\/\/lavoixdelanation.tg\/index.php\/2025\/09\/28\/bad-32736-milliards-de-fcfa-dans-26-projets-de-developpement-au-togo\/\" \/>\n<meta property=\"og:locale\" content=\"fr_FR\" \/>\n<meta property=\"og:type\" content=\"article\" \/>\n<meta property=\"og:title\" content=\"BAD\u00a0: 327,36 milliards de FCFA dans 26 projets de d\u00e9veloppement au Togo - La Voix de la Nation\" \/>\n<meta property=\"og:description\" content=\"Le portefeuille des projets financ\u00e9s par la Banque Africaine de D\u00e9veloppement (BAD) au Togo comprend 26 projets, dont 16 projets nationaux et 10 projets r\u00e9gionaux pour un montant global de&hellip;\" \/>\n<meta property=\"og:url\" content=\"https:\/\/lavoixdelanation.tg\/index.php\/2025\/09\/28\/bad-32736-milliards-de-fcfa-dans-26-projets-de-developpement-au-togo\/\" \/>\n<meta property=\"og:site_name\" content=\"La Voix de la Nation\" \/>\n<meta property=\"article:publisher\" content=\"https:\/\/www.facebook.com\/lavoixdelanation\" \/>\n<meta property=\"article:published_time\" content=\"2025-09-28T13:58:54+00:00\" \/>\n<meta property=\"article:modified_time\" content=\"2025-10-01T13:59:30+00:00\" \/>\n<meta property=\"og:image\" content=\"https:\/\/lavoixdelanation.tg\/wp-content\/uploads\/2025\/10\/Wilfrid-Abiola-Responsable-Pays-de-la-BAD-au-Togo.jpg\" \/>\n\t<meta property=\"og:image:width\" content=\"650\" \/>\n\t<meta property=\"og:image:height\" content=\"405\" \/>\n\t<meta property=\"og:image:type\" content=\"image\/jpeg\" \/>\n<meta name=\"author\" content=\"La voix de la nation\" \/>\n<meta name=\"twitter:card\" content=\"summary_large_image\" \/>\n<meta name=\"twitter:label1\" content=\"\u00c9crit par\" \/>\n\t<meta name=\"twitter:data1\" content=\"La voix de la nation\" \/>\n\t<meta name=\"twitter:label2\" content=\"Dur\u00e9e de lecture estim\u00e9e\" \/>\n\t<meta name=\"twitter:data2\" content=\"2 minutes\" \/>\n<script type=\"application\/ld+json\" class=\"yoast-schema-graph\">{\"@context\":\"https:\/\/schema.org\",\"@graph\":[{\"@type\":\"Article\",\"@id\":\"https:\/\/lavoixdelanation.tg\/index.php\/2025\/09\/28\/bad-32736-milliards-de-fcfa-dans-26-projets-de-developpement-au-togo\/#article\",\"isPartOf\":{\"@id\":\"https:\/\/lavoixdelanation.tg\/index.php\/2025\/09\/28\/bad-32736-milliards-de-fcfa-dans-26-projets-de-developpement-au-togo\/\"},\"author\":{\"name\":\"La voix de la nation\",\"@id\":\"https:\/\/lavoixdelanation.tg\/#\/schema\/person\/6c489293aa38053673a9e554acb6e224\"},\"headline\":\"BAD\u00a0: 327,36 milliards de FCFA dans 26 projets de d\u00e9veloppement au Togo\",\"datePublished\":\"2025-09-28T13:58:54+00:00\",\"dateModified\":\"2025-10-01T13:59:30+00:00\",\"mainEntityOfPage\":{\"@id\":\"https:\/\/lavoixdelanation.tg\/index.php\/2025\/09\/28\/bad-32736-milliards-de-fcfa-dans-26-projets-de-developpement-au-togo\/\"},\"wordCount\":383,\"commentCount\":0,\"publisher\":{\"@id\":\"https:\/\/lavoixdelanation.tg\/#organization\"},\"image\":{\"@id\":\"https:\/\/lavoixdelanation.tg\/index.php\/2025\/09\/28\/bad-32736-milliards-de-fcfa-dans-26-projets-de-developpement-au-togo\/#primaryimage\"},\"thumbnailUrl\":\"https:\/\/lavoixdelanation.tg\/wp-content\/uploads\/2025\/10\/Wilfrid-Abiola-Responsable-Pays-de-la-BAD-au-Togo.jpg\",\"articleSection\":[\"Economie\"],\"inLanguage\":\"fr-FR\",\"potentialAction\":[{\"@type\":\"CommentAction\",\"name\":\"Comment\",\"target\":[\"https:\/\/lavoixdelanation.tg\/index.php\/2025\/09\/28\/bad-32736-milliards-de-fcfa-dans-26-projets-de-developpement-au-togo\/#respond\"]}]},{\"@type\":\"WebPage\",\"@id\":\"https:\/\/lavoixdelanation.tg\/index.php\/2025\/09\/28\/bad-32736-milliards-de-fcfa-dans-26-projets-de-developpement-au-togo\/\",\"url\":\"https:\/\/lavoixdelanation.tg\/index.php\/2025\/09\/28\/bad-32736-milliards-de-fcfa-dans-26-projets-de-developpement-au-togo\/\",\"name\":\"BAD\u00a0: 327,36 milliards de FCFA dans 26 projets de d\u00e9veloppement au Togo - La Voix de la Nation\",\"isPartOf\":{\"@id\":\"https:\/\/lavoixdelanation.tg\/#website\"},\"primaryImageOfPage\":{\"@id\":\"https:\/\/lavoixdelanation.tg\/index.php\/2025\/09\/28\/bad-32736-milliards-de-fcfa-dans-26-projets-de-developpement-au-togo\/#primaryimage\"},\"image\":{\"@id\":\"https:\/\/lavoixdelanation.tg\/index.php\/2025\/09\/28\/bad-32736-milliards-de-fcfa-dans-26-projets-de-developpement-au-togo\/#primaryimage\"},\"thumbnailUrl\":\"https:\/\/lavoixdelanation.tg\/wp-content\/uploads\/2025\/10\/Wilfrid-Abiola-Responsable-Pays-de-la-BAD-au-Togo.jpg\",\"datePublished\":\"2025-09-28T13:58:54+00:00\",\"dateModified\":\"2025-10-01T13:59:30+00:00\",\"breadcrumb\":{\"@id\":\"https:\/\/lavoixdelanation.tg\/index.php\/2025\/09\/28\/bad-32736-milliards-de-fcfa-dans-26-projets-de-developpement-au-togo\/#breadcrumb\"},\"inLanguage\":\"fr-FR\",\"potentialAction\":[{\"@type\":\"ReadAction\",\"target\":[\"https:\/\/lavoixdelanation.tg\/index.php\/2025\/09\/28\/bad-32736-milliards-de-fcfa-dans-26-projets-de-developpement-au-togo\/\"]}]},{\"@type\":\"ImageObject\",\"inLanguage\":\"fr-FR\",\"@id\":\"https:\/\/lavoixdelanation.tg\/index.php\/2025\/09\/28\/bad-32736-milliards-de-fcfa-dans-26-projets-de-developpement-au-togo\/#primaryimage\",\"url\":\"https:\/\/lavoixdelanation.tg\/wp-content\/uploads\/2025\/10\/Wilfrid-Abiola-Responsable-Pays-de-la-BAD-au-Togo.jpg\",\"contentUrl\":\"https:\/\/lavoixdelanation.tg\/wp-content\/uploads\/2025\/10\/Wilfrid-Abiola-Responsable-Pays-de-la-BAD-au-Togo.jpg\",\"width\":650,\"height\":405,\"caption\":\"Wilfrid Abiola, Responsable Pays de la BAD au Togo\"},{\"@type\":\"BreadcrumbList\",\"@id\":\"https:\/\/lavoixdelanation.tg\/index.php\/2025\/09\/28\/bad-32736-milliards-de-fcfa-dans-26-projets-de-developpement-au-togo\/#breadcrumb\",\"itemListElement\":[{\"@type\":\"ListItem\",\"position\":1,\"name\":\"Accueil\",\"item\":\"https:\/\/lavoixdelanation.tg\/\"},{\"@type\":\"ListItem\",\"position\":2,\"name\":\"BAD\u00a0: 327,36 milliards de FCFA dans 26 projets de d\u00e9veloppement au Togo\"}]},{\"@type\":\"WebSite\",\"@id\":\"https:\/\/lavoixdelanation.tg\/#website\",\"url\":\"https:\/\/lavoixdelanation.tg\/\",\"name\":\"La Voix de la Nation\",\"description\":\"R\u00e9c\u00e9piss\u00e9 n\u00b00108\/HAAC\/01-2024\/pl\/P\",\"publisher\":{\"@id\":\"https:\/\/lavoixdelanation.tg\/#organization\"},\"alternateName\":\"VON\",\"potentialAction\":[{\"@type\":\"SearchAction\",\"target\":{\"@type\":\"EntryPoint\",\"urlTemplate\":\"https:\/\/lavoixdelanation.tg\/?s={search_term_string}\"},\"query-input\":{\"@type\":\"PropertyValueSpecification\",\"valueRequired\":true,\"valueName\":\"search_term_string\"}}],\"inLanguage\":\"fr-FR\"},{\"@type\":\"Organization\",\"@id\":\"https:\/\/lavoixdelanation.tg\/#organization\",\"name\":\"La Voix de la Nation\",\"url\":\"https:\/\/lavoixdelanation.tg\/\",\"logo\":{\"@type\":\"ImageObject\",\"inLanguage\":\"fr-FR\",\"@id\":\"https:\/\/lavoixdelanation.tg\/#\/schema\/logo\/image\/\",\"url\":\"https:\/\/lavoixdelanation.tg\/wp-content\/uploads\/2024\/12\/lavn-1.png\",\"contentUrl\":\"https:\/\/lavoixdelanation.tg\/wp-content\/uploads\/2024\/12\/lavn-1.png\",\"width\":1024,\"height\":464,\"caption\":\"La Voix de la Nation\"},\"image\":{\"@id\":\"https:\/\/lavoixdelanation.tg\/#\/schema\/logo\/image\/\"},\"sameAs\":[\"https:\/\/www.facebook.com\/lavoixdelanation\"]},{\"@type\":\"Person\",\"@id\":\"https:\/\/lavoixdelanation.tg\/#\/schema\/person\/6c489293aa38053673a9e554acb6e224\",\"name\":\"La voix de la nation\",\"image\":{\"@type\":\"ImageObject\",\"inLanguage\":\"fr-FR\",\"@id\":\"https:\/\/lavoixdelanation.tg\/#\/schema\/person\/image\/\",\"url\":\"https:\/\/secure.gravatar.com\/avatar\/8aa135d4bbc794494cecaa8d483f6d6cc1023624868deaff686baed5e727a5a1?s=96&d=mm&r=g\",\"contentUrl\":\"https:\/\/secure.gravatar.com\/avatar\/8aa135d4bbc794494cecaa8d483f6d6cc1023624868deaff686baed5e727a5a1?s=96&d=mm&r=g\",\"caption\":\"La voix de la nation\"},\"sameAs\":[\"https:\/\/lavoixdelanation.tg\"],\"url\":\"https:\/\/lavoixdelanation.tg\/index.php\/author\/lavn\/\"}]}<\/script>\n<!-- \/ Yoast SEO plugin. -->","yoast_head_json":{"title":"BAD\u00a0: 327,36 milliards de FCFA dans 26 projets de d\u00e9veloppement au Togo - La Voix de la Nation","robots":{"index":"index","follow":"follow","max-snippet":"max-snippet:-1","max-image-preview":"max-image-preview:large","max-video-preview":"max-video-preview:-1"},"canonical":"https:\/\/lavoixdelanation.tg\/index.php\/2025\/09\/28\/bad-32736-milliards-de-fcfa-dans-26-projets-de-developpement-au-togo\/","og_locale":"fr_FR","og_type":"article","og_title":"BAD\u00a0: 327,36 milliards de FCFA dans 26 projets de d\u00e9veloppement au Togo - La Voix de la Nation","og_description":"Le portefeuille des projets financ\u00e9s par la Banque Africaine de D\u00e9veloppement (BAD) au Togo comprend 26 projets, dont 16 projets nationaux et 10 projets r\u00e9gionaux pour un montant global de&hellip;","og_url":"https:\/\/lavoixdelanation.tg\/index.php\/2025\/09\/28\/bad-32736-milliards-de-fcfa-dans-26-projets-de-developpement-au-togo\/","og_site_name":"La Voix de la Nation","article_publisher":"https:\/\/www.facebook.com\/lavoixdelanation","article_published_time":"2025-09-28T13:58:54+00:00","article_modified_time":"2025-10-01T13:59:30+00:00","og_image":[{"width":650,"height":405,"url":"https:\/\/lavoixdelanation.tg\/wp-content\/uploads\/2025\/10\/Wilfrid-Abiola-Responsable-Pays-de-la-BAD-au-Togo.jpg","type":"image\/jpeg"}],"author":"La voix de la nation","twitter_card":"summary_large_image","twitter_misc":{"\u00c9crit par":"La voix de la nation","Dur\u00e9e de lecture estim\u00e9e":"2 minutes"},"schema":{"@context":"https:\/\/schema.org","@graph":[{"@type":"Article","@id":"https:\/\/lavoixdelanation.tg\/index.php\/2025\/09\/28\/bad-32736-milliards-de-fcfa-dans-26-projets-de-developpement-au-togo\/#article","isPartOf":{"@id":"https:\/\/lavoixdelanation.tg\/index.php\/2025\/09\/28\/bad-32736-milliards-de-fcfa-dans-26-projets-de-developpement-au-togo\/"},"author":{"name":"La voix de la nation","@id":"https:\/\/lavoixdelanation.tg\/#\/schema\/person\/6c489293aa38053673a9e554acb6e224"},"headline":"BAD\u00a0: 327,36 milliards de FCFA dans 26 projets de d\u00e9veloppement au Togo","datePublished":"2025-09-28T13:58:54+00:00","dateModified":"2025-10-01T13:59:30+00:00","mainEntityOfPage":{"@id":"https:\/\/lavoixdelanation.tg\/index.php\/2025\/09\/28\/bad-32736-milliards-de-fcfa-dans-26-projets-de-developpement-au-togo\/"},"wordCount":383,"commentCount":0,"publisher":{"@id":"https:\/\/lavoixdelanation.tg\/#organization"},"image":{"@id":"https:\/\/lavoixdelanation.tg\/index.php\/2025\/09\/28\/bad-32736-milliards-de-fcfa-dans-26-projets-de-developpement-au-togo\/#primaryimage"},"thumbnailUrl":"https:\/\/lavoixdelanation.tg\/wp-content\/uploads\/2025\/10\/Wilfrid-Abiola-Responsable-Pays-de-la-BAD-au-Togo.jpg","articleSection":["Economie"],"inLanguage":"fr-FR","potentialAction":[{"@type":"CommentAction","name":"Comment","target":["https:\/\/lavoixdelanation.tg\/index.php\/2025\/09\/28\/bad-32736-milliards-de-fcfa-dans-26-projets-de-developpement-au-togo\/#respond"]}]},{"@type":"WebPage","@id":"https:\/\/lavoixdelanation.tg\/index.php\/2025\/09\/28\/bad-32736-milliards-de-fcfa-dans-26-projets-de-developpement-au-togo\/","url":"https:\/\/lavoixdelanation.tg\/index.php\/2025\/09\/28\/bad-32736-milliards-de-fcfa-dans-26-projets-de-developpement-au-togo\/","name":"BAD\u00a0: 327,36 milliards de FCFA dans 26 projets de d\u00e9veloppement au Togo - La Voix de la Nation","isPartOf":{"@id":"https:\/\/lavoixdelanation.tg\/#website"},"primaryImageOfPage":{"@id":"https:\/\/lavoixdelanation.tg\/index.php\/2025\/09\/28\/bad-32736-milliards-de-fcfa-dans-26-projets-de-developpement-au-togo\/#primaryimage"},"image":{"@id":"https:\/\/lavoixdelanation.tg\/index.php\/2025\/09\/28\/bad-32736-milliards-de-fcfa-dans-26-projets-de-developpement-au-togo\/#primaryimage"},"thumbnailUrl":"https:\/\/lavoixdelanation.tg\/wp-content\/uploads\/2025\/10\/Wilfrid-Abiola-Responsable-Pays-de-la-BAD-au-Togo.jpg","datePublished":"2025-09-28T13:58:54+00:00","dateModified":"2025-10-01T13:59:30+00:00","breadcrumb":{"@id":"https:\/\/lavoixdelanation.tg\/index.php\/2025\/09\/28\/bad-32736-milliards-de-fcfa-dans-26-projets-de-developpement-au-togo\/#breadcrumb"},"inLanguage":"fr-FR","potentialAction":[{"@type":"ReadAction","target":["https:\/\/lavoixdelanation.tg\/index.php\/2025\/09\/28\/bad-32736-milliards-de-fcfa-dans-26-projets-de-developpement-au-togo\/"]}]},{"@type":"ImageObject","inLanguage":"fr-FR","@id":"https:\/\/lavoixdelanation.tg\/index.php\/2025\/09\/28\/bad-32736-milliards-de-fcfa-dans-26-projets-de-developpement-au-togo\/#primaryimage","url":"https:\/\/lavoixdelanation.tg\/wp-content\/uploads\/2025\/10\/Wilfrid-Abiola-Responsable-Pays-de-la-BAD-au-Togo.jpg","contentUrl":"https:\/\/lavoixdelanation.tg\/wp-content\/uploads\/2025\/10\/Wilfrid-Abiola-Responsable-Pays-de-la-BAD-au-Togo.jpg","width":650,"height":405,"caption":"Wilfrid Abiola, Responsable Pays de la BAD au Togo"},{"@type":"BreadcrumbList","@id":"https:\/\/lavoixdelanation.tg\/index.php\/2025\/09\/28\/bad-32736-milliards-de-fcfa-dans-26-projets-de-developpement-au-togo\/#breadcrumb","itemListElement":[{"@type":"ListItem","position":1,"name":"Accueil","item":"https:\/\/lavoixdelanation.tg\/"},{"@type":"ListItem","position":2,"name":"BAD\u00a0: 327,36 milliards de FCFA dans 26 projets de d\u00e9veloppement au Togo"}]},{"@type":"WebSite","@id":"https:\/\/lavoixdelanation.tg\/#website","url":"https:\/\/lavoixdelanation.tg\/","name":"La Voix de la Nation","description":"R\u00e9c\u00e9piss\u00e9 n\u00b00108\/HAAC\/01-2024\/pl\/P","publisher":{"@id":"https:\/\/lavoixdelanation.tg\/#organization"},"alternateName":"VON","potentialAction":[{"@type":"SearchAction","target":{"@type":"EntryPoint","urlTemplate":"https:\/\/lavoixdelanation.tg\/?s={search_term_string}"},"query-input":{"@type":"PropertyValueSpecification","valueRequired":true,"valueName":"search_term_string"}}],"inLanguage":"fr-FR"},{"@type":"Organization","@id":"https:\/\/lavoixdelanation.tg\/#organization","name":"La Voix de la Nation","url":"https:\/\/lavoixdelanation.tg\/","logo":{"@type":"ImageObject","inLanguage":"fr-FR","@id":"https:\/\/lavoixdelanation.tg\/#\/schema\/logo\/image\/","url":"https:\/\/lavoixdelanation.tg\/wp-content\/uploads\/2024\/12\/lavn-1.png","contentUrl":"https:\/\/lavoixdelanation.tg\/wp-content\/uploads\/2024\/12\/lavn-1.png","width":1024,"height":464,"caption":"La Voix de la Nation"},"image":{"@id":"https:\/\/lavoixdelanation.tg\/#\/schema\/logo\/image\/"},"sameAs":["https:\/\/www.facebook.com\/lavoixdelanation"]},{"@type":"Person","@id":"https:\/\/lavoixdelanation.tg\/#\/schema\/person\/6c489293aa38053673a9e554acb6e224","name":"La voix de la nation","image":{"@type":"ImageObject","inLanguage":"fr-FR","@id":"https:\/\/lavoixdelanation.tg\/#\/schema\/person\/image\/","url":"https:\/\/secure.gravatar.com\/avatar\/8aa135d4bbc794494cecaa8d483f6d6cc1023624868deaff686baed5e727a5a1?s=96&d=mm&r=g","contentUrl":"https:\/\/secure.gravatar.com\/avatar\/8aa135d4bbc794494cecaa8d483f6d6cc1023624868deaff686baed5e727a5a1?s=96&d=mm&r=g","caption":"La voix de la nation"},"sameAs":["https:\/\/lavoixdelanation.tg"],"url":"https:\/\/lavoixdelanation.tg\/index.php\/author\/lavn\/"}]}},"_links":{"self":[{"href":"https:\/\/lavoixdelanation.tg\/index.php\/wp-json\/wp\/v2\/posts\/14341","targetHints":{"allow":["GET"]}}],"collection":[{"href":"https:\/\/lavoixdelanation.tg\/index.php\/wp-json\/wp\/v2\/posts"}],"about":[{"href":"https:\/\/lavoixdelanation.tg\/index.php\/wp-json\/wp\/v2\/types\/post"}],"author":[{"embeddable":true,"href":"https:\/\/lavoixdelanation.tg\/index.php\/wp-json\/wp\/v2\/users\/1"}],"replies":[{"embeddable":true,"href":"https:\/\/lavoixdelanation.tg\/index.php\/wp-json\/wp\/v2\/comments?post=14341"}],"version-history":[{"count":1,"href":"https:\/\/lavoixdelanation.tg\/index.php\/wp-json\/wp\/v2\/posts\/14341\/revisions"}],"predecessor-version":[{"id":14343,"href":"https:\/\/lavoixdelanation.tg\/index.php\/wp-json\/wp\/v2\/posts\/14341\/revisions\/14343"}],"wp:featuredmedia":[{"embeddable":true,"href":"https:\/\/lavoixdelanation.tg\/index.php\/wp-json\/wp\/v2\/media\/14342"}],"wp:attachment":[{"href":"https:\/\/lavoixdelanation.tg\/index.php\/wp-json\/wp\/v2\/media?parent=14341"}],"wp:term":[{"taxonomy":"category","embeddable":true,"href":"https:\/\/lavoixdelanation.tg\/index.php\/wp-json\/wp\/v2\/categories?post=14341"},{"taxonomy":"post_tag","embeddable":true,"href":"https:\/\/lavoixdelanation.tg\/index.php\/wp-json\/wp\/v2\/tags?post=14341"}],"curies":[{"name":"wp","href":"https:\/\/api.w.org\/{rel}","templated":true}]}}