{"id":14338,"date":"2025-09-30T14:57:05","date_gmt":"2025-09-30T12:57:05","guid":{"rendered":"https:\/\/lavoixdelanation.tg\/?p=14338"},"modified":"2025-10-01T15:00:26","modified_gmt":"2025-10-01T13:00:26","slug":"togo-les-indicateurs-economiques-sont-encourageants-georges-barcola","status":"publish","type":"post","link":"https:\/\/lavoixdelanation.tg\/index.php\/2025\/09\/30\/togo-les-indicateurs-economiques-sont-encourageants-georges-barcola\/","title":{"rendered":"Togo\u00a0: Les indicateurs \u00e9conomiques sont encourageants (Georges BARCOLA)"},"content":{"rendered":"\n<p><strong>Les r\u00e9cents <\/strong><strong>indicateurs \u00e9conomiques du Togo ont \u00e9t\u00e9 abord\u00e9s au cours de la troisi\u00e8me session ordinaire au titre de l\u2019ann\u00e9e 2025 du Conseil national du cr\u00e9dit (CNC). Ces indicateurs sont encourageants, selon le ministre de l\u2019\u00e9conomie et des finances, Essow\u00e8 Georges Barcola.<\/strong><\/p>\n\n\n\n<p>Selon les donn\u00e9es officielles, le taux de croissance \u00e9conomique est en effet attendu autour de 6,3 % en 2025. Tous les secteurs contribueront \u00e0 cette croissance \u00e9conomique, en particulier le secteur tertiaire.<\/p>\n\n\n\n<p>Le secteur financier a par ailleurs maintenu son dynamisme, avec une progression de 22 % du volume des nouvelles mises en place de cr\u00e9dit bancaires. Pour sa part, la dette publique reste ma\u00eetris\u00e9e \u00e0 65 % du Produit Int\u00e9rieur Brut (PIB) \u00e0 fin juin 2025, contre 69 % du PIB \u00e0 fin d\u00e9cembre 2024.<\/p>\n\n\n\n<p>Malgr\u00e9 les risques qui p\u00e8sent sur la conjoncture \u00e9conomique mondiale, l\u2019\u00e9conomie togolaise demeure r\u00e9siliente gr\u00e2ce aux mesures de politiques \u00e9conomiques prises par le Gouvernement.<\/p>\n\n\n\n<p>Cependant, des d\u00e9fis restent \u00e0 relever. Il s\u2019agit entre autres, de l\u2019am\u00e9lioration de la qualit\u00e9 des produits et services \u00e0 la client\u00e8le, de la prise en charge diligente des r\u00e9clamations des clients, et de l\u2019inversion de la d\u00e9gradation continue des portefeuilles de cr\u00e9dit des institutions de microfinance.<\/p>\n\n\n\n<p>Au cours des travaux de la session, le Ministre de l\u2019\u00c9conomie et des Finances a soulign\u00e9 la contribution d\u00e9terminante du secteur financier dans l\u2019obtention de r\u00e9sultats satisfaisants, notamment.<\/p>\n\n\n\n<p>Il s\u2019agit notamment de l\u2019accroissement continu du volume de cr\u00e9dits octroy\u00e9 aux op\u00e9rateurs \u00e9conomiques, de la poursuite de l\u2019assainissement du portefeuille de cr\u00e9dit des banques, et de la baisse du co\u00fbt du cr\u00e9dit.<\/p>\n\n\n\n<p>Ces \u00e9volutions positives ont eu un impact favorable significatif sur le plan socio-\u00e9conomique, comme en t\u00e9moigne l\u2019am\u00e9lioration r\u00e9cente de l\u2019Indice de D\u00e9veloppement Humain (IDH) du Togo.<\/p>\n\n\n\n<p>\u00ab Le Togo a enregistr\u00e9 un bond satisfaisant de son IDH pour \u00eatre class\u00e9 2\u1d49 pays le plus performant dans l\u2019UEMOA et 4\u1d49 au niveau de la CEDEAO \u00bb, a soulign\u00e9 le ministre BARCOLA, f\u00e9licitant les acteurs du secteur financier tout en les exhortant \u00e0 relever les d\u00e9fis qui se posent aux secteurs bancaires et de la microfinance.<\/p>\n\n\n\n<p><strong>DKS<\/strong><\/p>\n","protected":false},"excerpt":{"rendered":"<p>Les r\u00e9cents indicateurs \u00e9conomiques du Togo ont \u00e9t\u00e9 abord\u00e9s au cours de la troisi\u00e8me session ordinaire au titre de l\u2019ann\u00e9e 2025 du Conseil national du cr\u00e9dit (CNC). Ces indicateurs sont&hellip; <\/p>\n","protected":false},"author":1,"featured_media":14339,"comment_status":"open","ping_status":"closed","sticky":false,"template":"","format":"standard","meta":{"footnotes":""},"categories":[8],"tags":[],"class_list":["post-14338","post","type-post","status-publish","format-standard","has-post-thumbnail","hentry","category-economie"],"yoast_head":"<!-- This site is optimized with the Yoast SEO plugin v26.4 - https:\/\/yoast.com\/wordpress\/plugins\/seo\/ -->\n<title>Togo\u00a0: Les indicateurs \u00e9conomiques sont encourageants (Georges BARCOLA) - La Voix de la Nation<\/title>\n<meta name=\"robots\" content=\"index, follow, max-snippet:-1, max-image-preview:large, max-video-preview:-1\" \/>\n<link rel=\"canonical\" href=\"https:\/\/lavoixdelanation.tg\/index.php\/2025\/09\/30\/togo-les-indicateurs-economiques-sont-encourageants-georges-barcola\/\" \/>\n<meta property=\"og:locale\" content=\"fr_FR\" \/>\n<meta property=\"og:type\" content=\"article\" \/>\n<meta property=\"og:title\" content=\"Togo\u00a0: Les indicateurs \u00e9conomiques sont encourageants (Georges BARCOLA) - La Voix de la Nation\" \/>\n<meta property=\"og:description\" content=\"Les r\u00e9cents indicateurs \u00e9conomiques du Togo ont \u00e9t\u00e9 abord\u00e9s au cours de la troisi\u00e8me session ordinaire au titre de l\u2019ann\u00e9e 2025 du Conseil national du cr\u00e9dit (CNC). Ces indicateurs sont&hellip;\" \/>\n<meta property=\"og:url\" content=\"https:\/\/lavoixdelanation.tg\/index.php\/2025\/09\/30\/togo-les-indicateurs-economiques-sont-encourageants-georges-barcola\/\" \/>\n<meta property=\"og:site_name\" content=\"La Voix de la Nation\" \/>\n<meta property=\"article:publisher\" content=\"https:\/\/www.facebook.com\/lavoixdelanation\" \/>\n<meta property=\"article:published_time\" content=\"2025-09-30T12:57:05+00:00\" \/>\n<meta property=\"article:modified_time\" content=\"2025-10-01T13:00:26+00:00\" \/>\n<meta property=\"og:image\" content=\"https:\/\/lavoixdelanation.tg\/wp-content\/uploads\/2025\/10\/Georges-BARCOLA-ministre-de-leconomie-et-des-finances.jpg\" \/>\n\t<meta property=\"og:image:width\" content=\"634\" \/>\n\t<meta property=\"og:image:height\" content=\"407\" \/>\n\t<meta property=\"og:image:type\" content=\"image\/jpeg\" \/>\n<meta name=\"author\" content=\"La voix de la nation\" \/>\n<meta name=\"twitter:card\" content=\"summary_large_image\" \/>\n<meta name=\"twitter:label1\" content=\"\u00c9crit par\" \/>\n\t<meta name=\"twitter:data1\" content=\"La voix de la nation\" \/>\n\t<meta name=\"twitter:label2\" content=\"Dur\u00e9e de lecture estim\u00e9e\" \/>\n\t<meta name=\"twitter:data2\" content=\"2 minutes\" \/>\n<script type=\"application\/ld+json\" class=\"yoast-schema-graph\">{\"@context\":\"https:\/\/schema.org\",\"@graph\":[{\"@type\":\"Article\",\"@id\":\"https:\/\/lavoixdelanation.tg\/index.php\/2025\/09\/30\/togo-les-indicateurs-economiques-sont-encourageants-georges-barcola\/#article\",\"isPartOf\":{\"@id\":\"https:\/\/lavoixdelanation.tg\/index.php\/2025\/09\/30\/togo-les-indicateurs-economiques-sont-encourageants-georges-barcola\/\"},\"author\":{\"name\":\"La voix de la nation\",\"@id\":\"https:\/\/lavoixdelanation.tg\/#\/schema\/person\/6c489293aa38053673a9e554acb6e224\"},\"headline\":\"Togo\u00a0: Les indicateurs \u00e9conomiques sont encourageants (Georges BARCOLA)\",\"datePublished\":\"2025-09-30T12:57:05+00:00\",\"dateModified\":\"2025-10-01T13:00:26+00:00\",\"mainEntityOfPage\":{\"@id\":\"https:\/\/lavoixdelanation.tg\/index.php\/2025\/09\/30\/togo-les-indicateurs-economiques-sont-encourageants-georges-barcola\/\"},\"wordCount\":378,\"commentCount\":0,\"publisher\":{\"@id\":\"https:\/\/lavoixdelanation.tg\/#organization\"},\"image\":{\"@id\":\"https:\/\/lavoixdelanation.tg\/index.php\/2025\/09\/30\/togo-les-indicateurs-economiques-sont-encourageants-georges-barcola\/#primaryimage\"},\"thumbnailUrl\":\"https:\/\/lavoixdelanation.tg\/wp-content\/uploads\/2025\/10\/Georges-BARCOLA-ministre-de-leconomie-et-des-finances.jpg\",\"articleSection\":[\"Economie\"],\"inLanguage\":\"fr-FR\",\"potentialAction\":[{\"@type\":\"CommentAction\",\"name\":\"Comment\",\"target\":[\"https:\/\/lavoixdelanation.tg\/index.php\/2025\/09\/30\/togo-les-indicateurs-economiques-sont-encourageants-georges-barcola\/#respond\"]}]},{\"@type\":\"WebPage\",\"@id\":\"https:\/\/lavoixdelanation.tg\/index.php\/2025\/09\/30\/togo-les-indicateurs-economiques-sont-encourageants-georges-barcola\/\",\"url\":\"https:\/\/lavoixdelanation.tg\/index.php\/2025\/09\/30\/togo-les-indicateurs-economiques-sont-encourageants-georges-barcola\/\",\"name\":\"Togo\u00a0: Les indicateurs \u00e9conomiques sont encourageants (Georges BARCOLA) - La Voix de la Nation\",\"isPartOf\":{\"@id\":\"https:\/\/lavoixdelanation.tg\/#website\"},\"primaryImageOfPage\":{\"@id\":\"https:\/\/lavoixdelanation.tg\/index.php\/2025\/09\/30\/togo-les-indicateurs-economiques-sont-encourageants-georges-barcola\/#primaryimage\"},\"image\":{\"@id\":\"https:\/\/lavoixdelanation.tg\/index.php\/2025\/09\/30\/togo-les-indicateurs-economiques-sont-encourageants-georges-barcola\/#primaryimage\"},\"thumbnailUrl\":\"https:\/\/lavoixdelanation.tg\/wp-content\/uploads\/2025\/10\/Georges-BARCOLA-ministre-de-leconomie-et-des-finances.jpg\",\"datePublished\":\"2025-09-30T12:57:05+00:00\",\"dateModified\":\"2025-10-01T13:00:26+00:00\",\"breadcrumb\":{\"@id\":\"https:\/\/lavoixdelanation.tg\/index.php\/2025\/09\/30\/togo-les-indicateurs-economiques-sont-encourageants-georges-barcola\/#breadcrumb\"},\"inLanguage\":\"fr-FR\",\"potentialAction\":[{\"@type\":\"ReadAction\",\"target\":[\"https:\/\/lavoixdelanation.tg\/index.php\/2025\/09\/30\/togo-les-indicateurs-economiques-sont-encourageants-georges-barcola\/\"]}]},{\"@type\":\"ImageObject\",\"inLanguage\":\"fr-FR\",\"@id\":\"https:\/\/lavoixdelanation.tg\/index.php\/2025\/09\/30\/togo-les-indicateurs-economiques-sont-encourageants-georges-barcola\/#primaryimage\",\"url\":\"https:\/\/lavoixdelanation.tg\/wp-content\/uploads\/2025\/10\/Georges-BARCOLA-ministre-de-leconomie-et-des-finances.jpg\",\"contentUrl\":\"https:\/\/lavoixdelanation.tg\/wp-content\/uploads\/2025\/10\/Georges-BARCOLA-ministre-de-leconomie-et-des-finances.jpg\",\"width\":634,\"height\":407,\"caption\":\"Georges BARCOLA, ministre de l\u2019\u00e9conomie et des finances\"},{\"@type\":\"BreadcrumbList\",\"@id\":\"https:\/\/lavoixdelanation.tg\/index.php\/2025\/09\/30\/togo-les-indicateurs-economiques-sont-encourageants-georges-barcola\/#breadcrumb\",\"itemListElement\":[{\"@type\":\"ListItem\",\"position\":1,\"name\":\"Accueil\",\"item\":\"https:\/\/lavoixdelanation.tg\/\"},{\"@type\":\"ListItem\",\"position\":2,\"name\":\"Togo\u00a0: Les indicateurs \u00e9conomiques sont encourageants (Georges BARCOLA)\"}]},{\"@type\":\"WebSite\",\"@id\":\"https:\/\/lavoixdelanation.tg\/#website\",\"url\":\"https:\/\/lavoixdelanation.tg\/\",\"name\":\"La Voix de la Nation\",\"description\":\"R\u00e9c\u00e9piss\u00e9 n\u00b00108\/HAAC\/01-2024\/pl\/P\",\"publisher\":{\"@id\":\"https:\/\/lavoixdelanation.tg\/#organization\"},\"alternateName\":\"VON\",\"potentialAction\":[{\"@type\":\"SearchAction\",\"target\":{\"@type\":\"EntryPoint\",\"urlTemplate\":\"https:\/\/lavoixdelanation.tg\/?s={search_term_string}\"},\"query-input\":{\"@type\":\"PropertyValueSpecification\",\"valueRequired\":true,\"valueName\":\"search_term_string\"}}],\"inLanguage\":\"fr-FR\"},{\"@type\":\"Organization\",\"@id\":\"https:\/\/lavoixdelanation.tg\/#organization\",\"name\":\"La Voix de la Nation\",\"url\":\"https:\/\/lavoixdelanation.tg\/\",\"logo\":{\"@type\":\"ImageObject\",\"inLanguage\":\"fr-FR\",\"@id\":\"https:\/\/lavoixdelanation.tg\/#\/schema\/logo\/image\/\",\"url\":\"https:\/\/lavoixdelanation.tg\/wp-content\/uploads\/2024\/12\/lavn-1.png\",\"contentUrl\":\"https:\/\/lavoixdelanation.tg\/wp-content\/uploads\/2024\/12\/lavn-1.png\",\"width\":1024,\"height\":464,\"caption\":\"La Voix de la Nation\"},\"image\":{\"@id\":\"https:\/\/lavoixdelanation.tg\/#\/schema\/logo\/image\/\"},\"sameAs\":[\"https:\/\/www.facebook.com\/lavoixdelanation\"]},{\"@type\":\"Person\",\"@id\":\"https:\/\/lavoixdelanation.tg\/#\/schema\/person\/6c489293aa38053673a9e554acb6e224\",\"name\":\"La voix de la nation\",\"image\":{\"@type\":\"ImageObject\",\"inLanguage\":\"fr-FR\",\"@id\":\"https:\/\/lavoixdelanation.tg\/#\/schema\/person\/image\/\",\"url\":\"https:\/\/secure.gravatar.com\/avatar\/8aa135d4bbc794494cecaa8d483f6d6cc1023624868deaff686baed5e727a5a1?s=96&d=mm&r=g\",\"contentUrl\":\"https:\/\/secure.gravatar.com\/avatar\/8aa135d4bbc794494cecaa8d483f6d6cc1023624868deaff686baed5e727a5a1?s=96&d=mm&r=g\",\"caption\":\"La voix de la nation\"},\"sameAs\":[\"https:\/\/lavoixdelanation.tg\"],\"url\":\"https:\/\/lavoixdelanation.tg\/index.php\/author\/lavn\/\"}]}<\/script>\n<!-- \/ Yoast SEO plugin. -->","yoast_head_json":{"title":"Togo\u00a0: Les indicateurs \u00e9conomiques sont encourageants (Georges BARCOLA) - La Voix de la Nation","robots":{"index":"index","follow":"follow","max-snippet":"max-snippet:-1","max-image-preview":"max-image-preview:large","max-video-preview":"max-video-preview:-1"},"canonical":"https:\/\/lavoixdelanation.tg\/index.php\/2025\/09\/30\/togo-les-indicateurs-economiques-sont-encourageants-georges-barcola\/","og_locale":"fr_FR","og_type":"article","og_title":"Togo\u00a0: Les indicateurs \u00e9conomiques sont encourageants (Georges BARCOLA) - La Voix de la Nation","og_description":"Les r\u00e9cents indicateurs \u00e9conomiques du Togo ont \u00e9t\u00e9 abord\u00e9s au cours de la troisi\u00e8me session ordinaire au titre de l\u2019ann\u00e9e 2025 du Conseil national du cr\u00e9dit (CNC). Ces indicateurs sont&hellip;","og_url":"https:\/\/lavoixdelanation.tg\/index.php\/2025\/09\/30\/togo-les-indicateurs-economiques-sont-encourageants-georges-barcola\/","og_site_name":"La Voix de la Nation","article_publisher":"https:\/\/www.facebook.com\/lavoixdelanation","article_published_time":"2025-09-30T12:57:05+00:00","article_modified_time":"2025-10-01T13:00:26+00:00","og_image":[{"width":634,"height":407,"url":"https:\/\/lavoixdelanation.tg\/wp-content\/uploads\/2025\/10\/Georges-BARCOLA-ministre-de-leconomie-et-des-finances.jpg","type":"image\/jpeg"}],"author":"La voix de la nation","twitter_card":"summary_large_image","twitter_misc":{"\u00c9crit par":"La voix de la nation","Dur\u00e9e de lecture estim\u00e9e":"2 minutes"},"schema":{"@context":"https:\/\/schema.org","@graph":[{"@type":"Article","@id":"https:\/\/lavoixdelanation.tg\/index.php\/2025\/09\/30\/togo-les-indicateurs-economiques-sont-encourageants-georges-barcola\/#article","isPartOf":{"@id":"https:\/\/lavoixdelanation.tg\/index.php\/2025\/09\/30\/togo-les-indicateurs-economiques-sont-encourageants-georges-barcola\/"},"author":{"name":"La voix de la nation","@id":"https:\/\/lavoixdelanation.tg\/#\/schema\/person\/6c489293aa38053673a9e554acb6e224"},"headline":"Togo\u00a0: Les indicateurs \u00e9conomiques sont encourageants (Georges BARCOLA)","datePublished":"2025-09-30T12:57:05+00:00","dateModified":"2025-10-01T13:00:26+00:00","mainEntityOfPage":{"@id":"https:\/\/lavoixdelanation.tg\/index.php\/2025\/09\/30\/togo-les-indicateurs-economiques-sont-encourageants-georges-barcola\/"},"wordCount":378,"commentCount":0,"publisher":{"@id":"https:\/\/lavoixdelanation.tg\/#organization"},"image":{"@id":"https:\/\/lavoixdelanation.tg\/index.php\/2025\/09\/30\/togo-les-indicateurs-economiques-sont-encourageants-georges-barcola\/#primaryimage"},"thumbnailUrl":"https:\/\/lavoixdelanation.tg\/wp-content\/uploads\/2025\/10\/Georges-BARCOLA-ministre-de-leconomie-et-des-finances.jpg","articleSection":["Economie"],"inLanguage":"fr-FR","potentialAction":[{"@type":"CommentAction","name":"Comment","target":["https:\/\/lavoixdelanation.tg\/index.php\/2025\/09\/30\/togo-les-indicateurs-economiques-sont-encourageants-georges-barcola\/#respond"]}]},{"@type":"WebPage","@id":"https:\/\/lavoixdelanation.tg\/index.php\/2025\/09\/30\/togo-les-indicateurs-economiques-sont-encourageants-georges-barcola\/","url":"https:\/\/lavoixdelanation.tg\/index.php\/2025\/09\/30\/togo-les-indicateurs-economiques-sont-encourageants-georges-barcola\/","name":"Togo\u00a0: Les indicateurs \u00e9conomiques sont encourageants (Georges BARCOLA) - La Voix de la Nation","isPartOf":{"@id":"https:\/\/lavoixdelanation.tg\/#website"},"primaryImageOfPage":{"@id":"https:\/\/lavoixdelanation.tg\/index.php\/2025\/09\/30\/togo-les-indicateurs-economiques-sont-encourageants-georges-barcola\/#primaryimage"},"image":{"@id":"https:\/\/lavoixdelanation.tg\/index.php\/2025\/09\/30\/togo-les-indicateurs-economiques-sont-encourageants-georges-barcola\/#primaryimage"},"thumbnailUrl":"https:\/\/lavoixdelanation.tg\/wp-content\/uploads\/2025\/10\/Georges-BARCOLA-ministre-de-leconomie-et-des-finances.jpg","datePublished":"2025-09-30T12:57:05+00:00","dateModified":"2025-10-01T13:00:26+00:00","breadcrumb":{"@id":"https:\/\/lavoixdelanation.tg\/index.php\/2025\/09\/30\/togo-les-indicateurs-economiques-sont-encourageants-georges-barcola\/#breadcrumb"},"inLanguage":"fr-FR","potentialAction":[{"@type":"ReadAction","target":["https:\/\/lavoixdelanation.tg\/index.php\/2025\/09\/30\/togo-les-indicateurs-economiques-sont-encourageants-georges-barcola\/"]}]},{"@type":"ImageObject","inLanguage":"fr-FR","@id":"https:\/\/lavoixdelanation.tg\/index.php\/2025\/09\/30\/togo-les-indicateurs-economiques-sont-encourageants-georges-barcola\/#primaryimage","url":"https:\/\/lavoixdelanation.tg\/wp-content\/uploads\/2025\/10\/Georges-BARCOLA-ministre-de-leconomie-et-des-finances.jpg","contentUrl":"https:\/\/lavoixdelanation.tg\/wp-content\/uploads\/2025\/10\/Georges-BARCOLA-ministre-de-leconomie-et-des-finances.jpg","width":634,"height":407,"caption":"Georges BARCOLA, ministre de l\u2019\u00e9conomie et des finances"},{"@type":"BreadcrumbList","@id":"https:\/\/lavoixdelanation.tg\/index.php\/2025\/09\/30\/togo-les-indicateurs-economiques-sont-encourageants-georges-barcola\/#breadcrumb","itemListElement":[{"@type":"ListItem","position":1,"name":"Accueil","item":"https:\/\/lavoixdelanation.tg\/"},{"@type":"ListItem","position":2,"name":"Togo\u00a0: Les indicateurs \u00e9conomiques sont encourageants (Georges BARCOLA)"}]},{"@type":"WebSite","@id":"https:\/\/lavoixdelanation.tg\/#website","url":"https:\/\/lavoixdelanation.tg\/","name":"La Voix de la Nation","description":"R\u00e9c\u00e9piss\u00e9 n\u00b00108\/HAAC\/01-2024\/pl\/P","publisher":{"@id":"https:\/\/lavoixdelanation.tg\/#organization"},"alternateName":"VON","potentialAction":[{"@type":"SearchAction","target":{"@type":"EntryPoint","urlTemplate":"https:\/\/lavoixdelanation.tg\/?s={search_term_string}"},"query-input":{"@type":"PropertyValueSpecification","valueRequired":true,"valueName":"search_term_string"}}],"inLanguage":"fr-FR"},{"@type":"Organization","@id":"https:\/\/lavoixdelanation.tg\/#organization","name":"La Voix de la Nation","url":"https:\/\/lavoixdelanation.tg\/","logo":{"@type":"ImageObject","inLanguage":"fr-FR","@id":"https:\/\/lavoixdelanation.tg\/#\/schema\/logo\/image\/","url":"https:\/\/lavoixdelanation.tg\/wp-content\/uploads\/2024\/12\/lavn-1.png","contentUrl":"https:\/\/lavoixdelanation.tg\/wp-content\/uploads\/2024\/12\/lavn-1.png","width":1024,"height":464,"caption":"La Voix de la Nation"},"image":{"@id":"https:\/\/lavoixdelanation.tg\/#\/schema\/logo\/image\/"},"sameAs":["https:\/\/www.facebook.com\/lavoixdelanation"]},{"@type":"Person","@id":"https:\/\/lavoixdelanation.tg\/#\/schema\/person\/6c489293aa38053673a9e554acb6e224","name":"La voix de la nation","image":{"@type":"ImageObject","inLanguage":"fr-FR","@id":"https:\/\/lavoixdelanation.tg\/#\/schema\/person\/image\/","url":"https:\/\/secure.gravatar.com\/avatar\/8aa135d4bbc794494cecaa8d483f6d6cc1023624868deaff686baed5e727a5a1?s=96&d=mm&r=g","contentUrl":"https:\/\/secure.gravatar.com\/avatar\/8aa135d4bbc794494cecaa8d483f6d6cc1023624868deaff686baed5e727a5a1?s=96&d=mm&r=g","caption":"La voix de la nation"},"sameAs":["https:\/\/lavoixdelanation.tg"],"url":"https:\/\/lavoixdelanation.tg\/index.php\/author\/lavn\/"}]}},"_links":{"self":[{"href":"https:\/\/lavoixdelanation.tg\/index.php\/wp-json\/wp\/v2\/posts\/14338","targetHints":{"allow":["GET"]}}],"collection":[{"href":"https:\/\/lavoixdelanation.tg\/index.php\/wp-json\/wp\/v2\/posts"}],"about":[{"href":"https:\/\/lavoixdelanation.tg\/index.php\/wp-json\/wp\/v2\/types\/post"}],"author":[{"embeddable":true,"href":"https:\/\/lavoixdelanation.tg\/index.php\/wp-json\/wp\/v2\/users\/1"}],"replies":[{"embeddable":true,"href":"https:\/\/lavoixdelanation.tg\/index.php\/wp-json\/wp\/v2\/comments?post=14338"}],"version-history":[{"count":1,"href":"https:\/\/lavoixdelanation.tg\/index.php\/wp-json\/wp\/v2\/posts\/14338\/revisions"}],"predecessor-version":[{"id":14340,"href":"https:\/\/lavoixdelanation.tg\/index.php\/wp-json\/wp\/v2\/posts\/14338\/revisions\/14340"}],"wp:featuredmedia":[{"embeddable":true,"href":"https:\/\/lavoixdelanation.tg\/index.php\/wp-json\/wp\/v2\/media\/14339"}],"wp:attachment":[{"href":"https:\/\/lavoixdelanation.tg\/index.php\/wp-json\/wp\/v2\/media?parent=14338"}],"wp:term":[{"taxonomy":"category","embeddable":true,"href":"https:\/\/lavoixdelanation.tg\/index.php\/wp-json\/wp\/v2\/categories?post=14338"},{"taxonomy":"post_tag","embeddable":true,"href":"https:\/\/lavoixdelanation.tg\/index.php\/wp-json\/wp\/v2\/tags?post=14338"}],"curies":[{"name":"wp","href":"https:\/\/api.w.org\/{rel}","templated":true}]}}