{"id":14336,"date":"2025-09-30T13:58:17","date_gmt":"2025-09-30T11:58:17","guid":{"rendered":"https:\/\/lavoixdelanation.tg\/?p=14336"},"modified":"2025-10-01T14:01:51","modified_gmt":"2025-10-01T12:01:51","slug":"le-togo-accueille-une-nouvelle-mission-du-fmi","status":"publish","type":"post","link":"https:\/\/lavoixdelanation.tg\/index.php\/2025\/09\/30\/le-togo-accueille-une-nouvelle-mission-du-fmi\/","title":{"rendered":"Le Togo accueille une nouvelle mission du FMI"},"content":{"rendered":"\n<p><strong>Le Togo accueille du <\/strong><strong>29 septembre au 10 octobre 2025, une nouvelle mission du Fonds Mon\u00e9taire International (FMI)<\/strong><strong> <\/strong><strong>dans le cadre de la troisi\u00e8me revue au titre de la Facilit\u00e9 \u00e9largie de cr\u00e9dit (FEC).<\/strong><\/p>\n\n\n\n<p>Conduite par Hans Weisfeld, la mission servira de cadre de discussion au sujet des d\u00e9veloppements \u00e9conomiques r\u00e9cents et des perspectives en mati\u00e8re de politique.<\/p>\n\n\n\n<p>Elle vise \u00e0 \u00e9valuer les r\u00e9cents d\u00e9veloppements dans le secteur r\u00e9el, notamment la croissance, l\u2019inflation et les indicateurs de d\u00e9veloppement. Les discussions porteront \u00e9galement sur la qualit\u00e9 des comptes nationaux, les derni\u00e8res donn\u00e9es sur les indicateurs sociaux, les perspectives en mati\u00e8re de politique et de financement, ainsi que la mise en \u0153uvre du m\u00e9canisme d\u2019ajustement des subventions \u00e0 l\u2019\u00e9nergie.<\/p>\n\n\n\n<p>Le Togo entretient de bonnes relations avec le FMI, et le 1<sup>er<\/sup>&nbsp;juillet 2025, le Conseil d\u2019administration du FMI a achev\u00e9 la deuxi\u00e8me revue de l\u2019accord au titre de la Facilit\u00e9 \u00e9largie de cr\u00e9dit (FEC) en faveur du Togo. Cette d\u00e9cision a autoris\u00e9 le d\u00e9caissement imm\u00e9diat d\u2019environ 60,5 millions de dollars pour l\u2019appui budg\u00e9taire.<\/p>\n\n\n\n<p>Selon le minist\u00e8re de l\u2019\u00e9conomie et des finances, l\u2019accord FEC pr\u00e9voit un financement global de 403,4 millions de dollars \u00e0 des conditions favorables pour aider les autorit\u00e9s \u00e0 faire face aux cons\u00e9quences des chocs subis depuis 2020.<\/p>\n\n\n\n<p>Le programme gouvernemental soutenu par le FMI vise \u00e0 rendre la croissance plus inclusive tout en renfor\u00e7ant la viabilit\u00e9 de la dette et \u00e0 mettre en \u0153uvre des r\u00e9formes structurelles pour soutenir la croissance et limiter les risques budg\u00e9taires et financiers.<\/p>\n","protected":false},"excerpt":{"rendered":"<p>Le Togo accueille du 29 septembre au 10 octobre 2025, une nouvelle mission du Fonds Mon\u00e9taire International (FMI) dans le cadre de la troisi\u00e8me revue au titre de la Facilit\u00e9&hellip; <\/p>\n","protected":false},"author":1,"featured_media":1362,"comment_status":"open","ping_status":"closed","sticky":false,"template":"","format":"standard","meta":{"footnotes":""},"categories":[8],"tags":[963,117,39],"class_list":["post-14336","post","type-post","status-publish","format-standard","has-post-thumbnail","hentry","category-economie","tag-facilite-elargie-de-credit-2","tag-fonds-monetaire-international","tag-togo"],"yoast_head":"<!-- This site is optimized with the Yoast SEO plugin v26.4 - https:\/\/yoast.com\/wordpress\/plugins\/seo\/ -->\n<title>Le Togo accueille une nouvelle mission du FMI - La Voix de la Nation<\/title>\n<meta name=\"robots\" content=\"index, follow, max-snippet:-1, max-image-preview:large, max-video-preview:-1\" \/>\n<link rel=\"canonical\" href=\"https:\/\/lavoixdelanation.tg\/index.php\/2025\/09\/30\/le-togo-accueille-une-nouvelle-mission-du-fmi\/\" \/>\n<meta property=\"og:locale\" content=\"fr_FR\" \/>\n<meta property=\"og:type\" content=\"article\" \/>\n<meta property=\"og:title\" content=\"Le Togo accueille une nouvelle mission du FMI - La Voix de la Nation\" \/>\n<meta property=\"og:description\" content=\"Le Togo accueille du 29 septembre au 10 octobre 2025, une nouvelle mission du Fonds Mon\u00e9taire International (FMI) dans le cadre de la troisi\u00e8me revue au titre de la Facilit\u00e9&hellip;\" \/>\n<meta property=\"og:url\" content=\"https:\/\/lavoixdelanation.tg\/index.php\/2025\/09\/30\/le-togo-accueille-une-nouvelle-mission-du-fmi\/\" \/>\n<meta property=\"og:site_name\" content=\"La Voix de la Nation\" \/>\n<meta property=\"article:publisher\" content=\"https:\/\/www.facebook.com\/lavoixdelanation\" \/>\n<meta property=\"article:published_time\" content=\"2025-09-30T11:58:17+00:00\" \/>\n<meta property=\"article:modified_time\" content=\"2025-10-01T12:01:51+00:00\" \/>\n<meta property=\"og:image\" content=\"https:\/\/lavoixdelanation.tg\/wp-content\/uploads\/2024\/12\/CASEF-1.png\" \/>\n\t<meta property=\"og:image:width\" content=\"480\" \/>\n\t<meta property=\"og:image:height\" content=\"360\" \/>\n\t<meta property=\"og:image:type\" content=\"image\/png\" \/>\n<meta name=\"author\" content=\"La voix de la nation\" \/>\n<meta name=\"twitter:card\" content=\"summary_large_image\" \/>\n<meta name=\"twitter:label1\" content=\"\u00c9crit par\" \/>\n\t<meta name=\"twitter:data1\" content=\"La voix de la nation\" \/>\n\t<meta name=\"twitter:label2\" content=\"Dur\u00e9e de lecture estim\u00e9e\" \/>\n\t<meta name=\"twitter:data2\" content=\"1 minute\" \/>\n<script type=\"application\/ld+json\" class=\"yoast-schema-graph\">{\"@context\":\"https:\/\/schema.org\",\"@graph\":[{\"@type\":\"Article\",\"@id\":\"https:\/\/lavoixdelanation.tg\/index.php\/2025\/09\/30\/le-togo-accueille-une-nouvelle-mission-du-fmi\/#article\",\"isPartOf\":{\"@id\":\"https:\/\/lavoixdelanation.tg\/index.php\/2025\/09\/30\/le-togo-accueille-une-nouvelle-mission-du-fmi\/\"},\"author\":{\"name\":\"La voix de la nation\",\"@id\":\"https:\/\/lavoixdelanation.tg\/#\/schema\/person\/6c489293aa38053673a9e554acb6e224\"},\"headline\":\"Le Togo accueille une nouvelle mission du FMI\",\"datePublished\":\"2025-09-30T11:58:17+00:00\",\"dateModified\":\"2025-10-01T12:01:51+00:00\",\"mainEntityOfPage\":{\"@id\":\"https:\/\/lavoixdelanation.tg\/index.php\/2025\/09\/30\/le-togo-accueille-une-nouvelle-mission-du-fmi\/\"},\"wordCount\":281,\"commentCount\":0,\"publisher\":{\"@id\":\"https:\/\/lavoixdelanation.tg\/#organization\"},\"image\":{\"@id\":\"https:\/\/lavoixdelanation.tg\/index.php\/2025\/09\/30\/le-togo-accueille-une-nouvelle-mission-du-fmi\/#primaryimage\"},\"thumbnailUrl\":\"https:\/\/lavoixdelanation.tg\/wp-content\/uploads\/2024\/12\/CASEF-1.png\",\"keywords\":[\"Facilit\u00e9 \u00e9largie de cr\u00e9dit\",\"Fonds Mon\u00e9taire International\",\"Togo\"],\"articleSection\":[\"Economie\"],\"inLanguage\":\"fr-FR\",\"potentialAction\":[{\"@type\":\"CommentAction\",\"name\":\"Comment\",\"target\":[\"https:\/\/lavoixdelanation.tg\/index.php\/2025\/09\/30\/le-togo-accueille-une-nouvelle-mission-du-fmi\/#respond\"]}]},{\"@type\":\"WebPage\",\"@id\":\"https:\/\/lavoixdelanation.tg\/index.php\/2025\/09\/30\/le-togo-accueille-une-nouvelle-mission-du-fmi\/\",\"url\":\"https:\/\/lavoixdelanation.tg\/index.php\/2025\/09\/30\/le-togo-accueille-une-nouvelle-mission-du-fmi\/\",\"name\":\"Le Togo accueille une nouvelle mission du FMI - La Voix de la Nation\",\"isPartOf\":{\"@id\":\"https:\/\/lavoixdelanation.tg\/#website\"},\"primaryImageOfPage\":{\"@id\":\"https:\/\/lavoixdelanation.tg\/index.php\/2025\/09\/30\/le-togo-accueille-une-nouvelle-mission-du-fmi\/#primaryimage\"},\"image\":{\"@id\":\"https:\/\/lavoixdelanation.tg\/index.php\/2025\/09\/30\/le-togo-accueille-une-nouvelle-mission-du-fmi\/#primaryimage\"},\"thumbnailUrl\":\"https:\/\/lavoixdelanation.tg\/wp-content\/uploads\/2024\/12\/CASEF-1.png\",\"datePublished\":\"2025-09-30T11:58:17+00:00\",\"dateModified\":\"2025-10-01T12:01:51+00:00\",\"breadcrumb\":{\"@id\":\"https:\/\/lavoixdelanation.tg\/index.php\/2025\/09\/30\/le-togo-accueille-une-nouvelle-mission-du-fmi\/#breadcrumb\"},\"inLanguage\":\"fr-FR\",\"potentialAction\":[{\"@type\":\"ReadAction\",\"target\":[\"https:\/\/lavoixdelanation.tg\/index.php\/2025\/09\/30\/le-togo-accueille-une-nouvelle-mission-du-fmi\/\"]}]},{\"@type\":\"ImageObject\",\"inLanguage\":\"fr-FR\",\"@id\":\"https:\/\/lavoixdelanation.tg\/index.php\/2025\/09\/30\/le-togo-accueille-une-nouvelle-mission-du-fmi\/#primaryimage\",\"url\":\"https:\/\/lavoixdelanation.tg\/wp-content\/uploads\/2024\/12\/CASEF-1.png\",\"contentUrl\":\"https:\/\/lavoixdelanation.tg\/wp-content\/uploads\/2024\/12\/CASEF-1.png\",\"width\":480,\"height\":360},{\"@type\":\"BreadcrumbList\",\"@id\":\"https:\/\/lavoixdelanation.tg\/index.php\/2025\/09\/30\/le-togo-accueille-une-nouvelle-mission-du-fmi\/#breadcrumb\",\"itemListElement\":[{\"@type\":\"ListItem\",\"position\":1,\"name\":\"Accueil\",\"item\":\"https:\/\/lavoixdelanation.tg\/\"},{\"@type\":\"ListItem\",\"position\":2,\"name\":\"Le Togo accueille une nouvelle mission du FMI\"}]},{\"@type\":\"WebSite\",\"@id\":\"https:\/\/lavoixdelanation.tg\/#website\",\"url\":\"https:\/\/lavoixdelanation.tg\/\",\"name\":\"La Voix de la Nation\",\"description\":\"R\u00e9c\u00e9piss\u00e9 n\u00b00108\/HAAC\/01-2024\/pl\/P\",\"publisher\":{\"@id\":\"https:\/\/lavoixdelanation.tg\/#organization\"},\"alternateName\":\"VON\",\"potentialAction\":[{\"@type\":\"SearchAction\",\"target\":{\"@type\":\"EntryPoint\",\"urlTemplate\":\"https:\/\/lavoixdelanation.tg\/?s={search_term_string}\"},\"query-input\":{\"@type\":\"PropertyValueSpecification\",\"valueRequired\":true,\"valueName\":\"search_term_string\"}}],\"inLanguage\":\"fr-FR\"},{\"@type\":\"Organization\",\"@id\":\"https:\/\/lavoixdelanation.tg\/#organization\",\"name\":\"La Voix de la Nation\",\"url\":\"https:\/\/lavoixdelanation.tg\/\",\"logo\":{\"@type\":\"ImageObject\",\"inLanguage\":\"fr-FR\",\"@id\":\"https:\/\/lavoixdelanation.tg\/#\/schema\/logo\/image\/\",\"url\":\"https:\/\/lavoixdelanation.tg\/wp-content\/uploads\/2024\/12\/lavn-1.png\",\"contentUrl\":\"https:\/\/lavoixdelanation.tg\/wp-content\/uploads\/2024\/12\/lavn-1.png\",\"width\":1024,\"height\":464,\"caption\":\"La Voix de la Nation\"},\"image\":{\"@id\":\"https:\/\/lavoixdelanation.tg\/#\/schema\/logo\/image\/\"},\"sameAs\":[\"https:\/\/www.facebook.com\/lavoixdelanation\"]},{\"@type\":\"Person\",\"@id\":\"https:\/\/lavoixdelanation.tg\/#\/schema\/person\/6c489293aa38053673a9e554acb6e224\",\"name\":\"La voix de la nation\",\"image\":{\"@type\":\"ImageObject\",\"inLanguage\":\"fr-FR\",\"@id\":\"https:\/\/lavoixdelanation.tg\/#\/schema\/person\/image\/\",\"url\":\"https:\/\/secure.gravatar.com\/avatar\/8aa135d4bbc794494cecaa8d483f6d6cc1023624868deaff686baed5e727a5a1?s=96&d=mm&r=g\",\"contentUrl\":\"https:\/\/secure.gravatar.com\/avatar\/8aa135d4bbc794494cecaa8d483f6d6cc1023624868deaff686baed5e727a5a1?s=96&d=mm&r=g\",\"caption\":\"La voix de la nation\"},\"sameAs\":[\"https:\/\/lavoixdelanation.tg\"],\"url\":\"https:\/\/lavoixdelanation.tg\/index.php\/author\/lavn\/\"}]}<\/script>\n<!-- \/ Yoast SEO plugin. -->","yoast_head_json":{"title":"Le Togo accueille une nouvelle mission du FMI - La Voix de la Nation","robots":{"index":"index","follow":"follow","max-snippet":"max-snippet:-1","max-image-preview":"max-image-preview:large","max-video-preview":"max-video-preview:-1"},"canonical":"https:\/\/lavoixdelanation.tg\/index.php\/2025\/09\/30\/le-togo-accueille-une-nouvelle-mission-du-fmi\/","og_locale":"fr_FR","og_type":"article","og_title":"Le Togo accueille une nouvelle mission du FMI - La Voix de la Nation","og_description":"Le Togo accueille du 29 septembre au 10 octobre 2025, une nouvelle mission du Fonds Mon\u00e9taire International (FMI) dans le cadre de la troisi\u00e8me revue au titre de la Facilit\u00e9&hellip;","og_url":"https:\/\/lavoixdelanation.tg\/index.php\/2025\/09\/30\/le-togo-accueille-une-nouvelle-mission-du-fmi\/","og_site_name":"La Voix de la Nation","article_publisher":"https:\/\/www.facebook.com\/lavoixdelanation","article_published_time":"2025-09-30T11:58:17+00:00","article_modified_time":"2025-10-01T12:01:51+00:00","og_image":[{"width":480,"height":360,"url":"https:\/\/lavoixdelanation.tg\/wp-content\/uploads\/2024\/12\/CASEF-1.png","type":"image\/png"}],"author":"La voix de la nation","twitter_card":"summary_large_image","twitter_misc":{"\u00c9crit par":"La voix de la nation","Dur\u00e9e de lecture estim\u00e9e":"1 minute"},"schema":{"@context":"https:\/\/schema.org","@graph":[{"@type":"Article","@id":"https:\/\/lavoixdelanation.tg\/index.php\/2025\/09\/30\/le-togo-accueille-une-nouvelle-mission-du-fmi\/#article","isPartOf":{"@id":"https:\/\/lavoixdelanation.tg\/index.php\/2025\/09\/30\/le-togo-accueille-une-nouvelle-mission-du-fmi\/"},"author":{"name":"La voix de la nation","@id":"https:\/\/lavoixdelanation.tg\/#\/schema\/person\/6c489293aa38053673a9e554acb6e224"},"headline":"Le Togo accueille une nouvelle mission du FMI","datePublished":"2025-09-30T11:58:17+00:00","dateModified":"2025-10-01T12:01:51+00:00","mainEntityOfPage":{"@id":"https:\/\/lavoixdelanation.tg\/index.php\/2025\/09\/30\/le-togo-accueille-une-nouvelle-mission-du-fmi\/"},"wordCount":281,"commentCount":0,"publisher":{"@id":"https:\/\/lavoixdelanation.tg\/#organization"},"image":{"@id":"https:\/\/lavoixdelanation.tg\/index.php\/2025\/09\/30\/le-togo-accueille-une-nouvelle-mission-du-fmi\/#primaryimage"},"thumbnailUrl":"https:\/\/lavoixdelanation.tg\/wp-content\/uploads\/2024\/12\/CASEF-1.png","keywords":["Facilit\u00e9 \u00e9largie de cr\u00e9dit","Fonds Mon\u00e9taire International","Togo"],"articleSection":["Economie"],"inLanguage":"fr-FR","potentialAction":[{"@type":"CommentAction","name":"Comment","target":["https:\/\/lavoixdelanation.tg\/index.php\/2025\/09\/30\/le-togo-accueille-une-nouvelle-mission-du-fmi\/#respond"]}]},{"@type":"WebPage","@id":"https:\/\/lavoixdelanation.tg\/index.php\/2025\/09\/30\/le-togo-accueille-une-nouvelle-mission-du-fmi\/","url":"https:\/\/lavoixdelanation.tg\/index.php\/2025\/09\/30\/le-togo-accueille-une-nouvelle-mission-du-fmi\/","name":"Le Togo accueille une nouvelle mission du FMI - La Voix de la Nation","isPartOf":{"@id":"https:\/\/lavoixdelanation.tg\/#website"},"primaryImageOfPage":{"@id":"https:\/\/lavoixdelanation.tg\/index.php\/2025\/09\/30\/le-togo-accueille-une-nouvelle-mission-du-fmi\/#primaryimage"},"image":{"@id":"https:\/\/lavoixdelanation.tg\/index.php\/2025\/09\/30\/le-togo-accueille-une-nouvelle-mission-du-fmi\/#primaryimage"},"thumbnailUrl":"https:\/\/lavoixdelanation.tg\/wp-content\/uploads\/2024\/12\/CASEF-1.png","datePublished":"2025-09-30T11:58:17+00:00","dateModified":"2025-10-01T12:01:51+00:00","breadcrumb":{"@id":"https:\/\/lavoixdelanation.tg\/index.php\/2025\/09\/30\/le-togo-accueille-une-nouvelle-mission-du-fmi\/#breadcrumb"},"inLanguage":"fr-FR","potentialAction":[{"@type":"ReadAction","target":["https:\/\/lavoixdelanation.tg\/index.php\/2025\/09\/30\/le-togo-accueille-une-nouvelle-mission-du-fmi\/"]}]},{"@type":"ImageObject","inLanguage":"fr-FR","@id":"https:\/\/lavoixdelanation.tg\/index.php\/2025\/09\/30\/le-togo-accueille-une-nouvelle-mission-du-fmi\/#primaryimage","url":"https:\/\/lavoixdelanation.tg\/wp-content\/uploads\/2024\/12\/CASEF-1.png","contentUrl":"https:\/\/lavoixdelanation.tg\/wp-content\/uploads\/2024\/12\/CASEF-1.png","width":480,"height":360},{"@type":"BreadcrumbList","@id":"https:\/\/lavoixdelanation.tg\/index.php\/2025\/09\/30\/le-togo-accueille-une-nouvelle-mission-du-fmi\/#breadcrumb","itemListElement":[{"@type":"ListItem","position":1,"name":"Accueil","item":"https:\/\/lavoixdelanation.tg\/"},{"@type":"ListItem","position":2,"name":"Le Togo accueille une nouvelle mission du FMI"}]},{"@type":"WebSite","@id":"https:\/\/lavoixdelanation.tg\/#website","url":"https:\/\/lavoixdelanation.tg\/","name":"La Voix de la Nation","description":"R\u00e9c\u00e9piss\u00e9 n\u00b00108\/HAAC\/01-2024\/pl\/P","publisher":{"@id":"https:\/\/lavoixdelanation.tg\/#organization"},"alternateName":"VON","potentialAction":[{"@type":"SearchAction","target":{"@type":"EntryPoint","urlTemplate":"https:\/\/lavoixdelanation.tg\/?s={search_term_string}"},"query-input":{"@type":"PropertyValueSpecification","valueRequired":true,"valueName":"search_term_string"}}],"inLanguage":"fr-FR"},{"@type":"Organization","@id":"https:\/\/lavoixdelanation.tg\/#organization","name":"La Voix de la Nation","url":"https:\/\/lavoixdelanation.tg\/","logo":{"@type":"ImageObject","inLanguage":"fr-FR","@id":"https:\/\/lavoixdelanation.tg\/#\/schema\/logo\/image\/","url":"https:\/\/lavoixdelanation.tg\/wp-content\/uploads\/2024\/12\/lavn-1.png","contentUrl":"https:\/\/lavoixdelanation.tg\/wp-content\/uploads\/2024\/12\/lavn-1.png","width":1024,"height":464,"caption":"La Voix de la Nation"},"image":{"@id":"https:\/\/lavoixdelanation.tg\/#\/schema\/logo\/image\/"},"sameAs":["https:\/\/www.facebook.com\/lavoixdelanation"]},{"@type":"Person","@id":"https:\/\/lavoixdelanation.tg\/#\/schema\/person\/6c489293aa38053673a9e554acb6e224","name":"La voix de la nation","image":{"@type":"ImageObject","inLanguage":"fr-FR","@id":"https:\/\/lavoixdelanation.tg\/#\/schema\/person\/image\/","url":"https:\/\/secure.gravatar.com\/avatar\/8aa135d4bbc794494cecaa8d483f6d6cc1023624868deaff686baed5e727a5a1?s=96&d=mm&r=g","contentUrl":"https:\/\/secure.gravatar.com\/avatar\/8aa135d4bbc794494cecaa8d483f6d6cc1023624868deaff686baed5e727a5a1?s=96&d=mm&r=g","caption":"La voix de la nation"},"sameAs":["https:\/\/lavoixdelanation.tg"],"url":"https:\/\/lavoixdelanation.tg\/index.php\/author\/lavn\/"}]}},"_links":{"self":[{"href":"https:\/\/lavoixdelanation.tg\/index.php\/wp-json\/wp\/v2\/posts\/14336","targetHints":{"allow":["GET"]}}],"collection":[{"href":"https:\/\/lavoixdelanation.tg\/index.php\/wp-json\/wp\/v2\/posts"}],"about":[{"href":"https:\/\/lavoixdelanation.tg\/index.php\/wp-json\/wp\/v2\/types\/post"}],"author":[{"embeddable":true,"href":"https:\/\/lavoixdelanation.tg\/index.php\/wp-json\/wp\/v2\/users\/1"}],"replies":[{"embeddable":true,"href":"https:\/\/lavoixdelanation.tg\/index.php\/wp-json\/wp\/v2\/comments?post=14336"}],"version-history":[{"count":1,"href":"https:\/\/lavoixdelanation.tg\/index.php\/wp-json\/wp\/v2\/posts\/14336\/revisions"}],"predecessor-version":[{"id":14337,"href":"https:\/\/lavoixdelanation.tg\/index.php\/wp-json\/wp\/v2\/posts\/14336\/revisions\/14337"}],"wp:featuredmedia":[{"embeddable":true,"href":"https:\/\/lavoixdelanation.tg\/index.php\/wp-json\/wp\/v2\/media\/1362"}],"wp:attachment":[{"href":"https:\/\/lavoixdelanation.tg\/index.php\/wp-json\/wp\/v2\/media?parent=14336"}],"wp:term":[{"taxonomy":"category","embeddable":true,"href":"https:\/\/lavoixdelanation.tg\/index.php\/wp-json\/wp\/v2\/categories?post=14336"},{"taxonomy":"post_tag","embeddable":true,"href":"https:\/\/lavoixdelanation.tg\/index.php\/wp-json\/wp\/v2\/tags?post=14336"}],"curies":[{"name":"wp","href":"https:\/\/api.w.org\/{rel}","templated":true}]}}