{"id":14327,"date":"2025-09-30T13:14:36","date_gmt":"2025-09-30T11:14:36","guid":{"rendered":"https:\/\/lavoixdelanation.tg\/?p=14327"},"modified":"2025-10-01T13:29:41","modified_gmt":"2025-10-01T11:29:41","slug":"des-outils-adaptes-pour-stimuler-linsertion-professionnelle-au-togo","status":"publish","type":"post","link":"https:\/\/lavoixdelanation.tg\/index.php\/2025\/09\/30\/des-outils-adaptes-pour-stimuler-linsertion-professionnelle-au-togo\/","title":{"rendered":"Des outils adapt\u00e9s pour stimuler l&rsquo;insertion professionnelle au Togo"},"content":{"rendered":"\n<p><strong>Pour stimuler l&rsquo;insertion professionnelle, encourager l&rsquo;entrepreneuriat et lib\u00e9rer le potentiel cr\u00e9atif des jeunes, des outils adapt\u00e9s sont d\u00e9ploy\u00e9s par le minist\u00e8re du D\u00e9veloppement \u00e0 la base, de l&rsquo;Inclusion financi\u00e8re, de la Jeunesse et de l&rsquo;Emploi des jeunes.<\/strong><\/p>\n\n\n\n<p>L&rsquo;approche adopt\u00e9e par le minist\u00e8re repose sur une combinaison de programmes compl\u00e9mentaires, con\u00e7us pour r\u00e9pondre \u00e0 la diversit\u00e9 des profils et des attentes des jeunes.<\/p>\n\n\n\n<p>Parmi les plus embl\u00e9matiques outils, figure le Fonds d&rsquo;appui aux initiatives \u00e9conomiques des jeunes (FAIEJ), qui accompagne financi\u00e8rement et techniquement les porteurs de projets.<\/p>\n\n\n\n<p>Gr\u00e2ce \u00e0 cet outil, des centaines de micro et petites entreprises voient le jour chaque ann\u00e9e dans des secteurs porteurs tels que l&rsquo;agro-industrie, le num\u00e9rique ou les services, etc.<\/p>\n\n\n\n<p>Depuis son op\u00e9rationnalisation en 2012, il encourage l&rsquo;esprit d&rsquo;initiative chez les jeunes \u00e2g\u00e9s de 18 \u00e0 40 ans. Au 31 d\u00e9cembre 2024,&nbsp;le FAIEJ estimait \u00e0 27 284 le nombre total d&#8217;emplois durables cr\u00e9\u00e9s depuis la cr\u00e9ation du Fonds.<\/p>\n\n\n\n<p>Quant au volontariat, de 32 000 volontaires nationaux compt\u00e9s en 2024, le nombre est all\u00e9 \u00e0 34 000, selon un bilan r\u00e9alis\u00e9 par le minist\u00e8re en ao\u00fbt 2025. Les volontaires d&rsquo;engagement citoyens (VEC) sont pass\u00e9s de 41 000 en 2024 \u00e0 45 000 \u00e0 la date du bilan.<\/p>\n\n\n\n<p>Une collaboration avec le minist\u00e8re de l&rsquo;Agriculture a permis de lancer le projet de volontariat agricole. Il entend amener les jeunes \u00e0 s&rsquo;int\u00e9resser davantage \u00e0 l&rsquo;entrepreneuriat agricole. L&rsquo;Agence calcule d\u00e9j\u00e0 plus de 110 jeunes d\u00e9ploy\u00e9s dans les agropoles et les Zones d&rsquo;am\u00e9nagement agricole planifi\u00e9es (ZAAP), autre projet vaste mis en \u0153uvre par l&rsquo;\u00c9tat.<\/p>\n\n\n\n<p>L&rsquo;autre grand outil est le Fonds national de la finance inclusive (FNFI), qui cumule de 2014 \u00e0 ao\u00fbt 2025 plus de 116 milliards de francs CFA de cr\u00e9dits accord\u00e9s \u00e0 1,9 million de b\u00e9n\u00e9ficiaires (jeunes, femmes, agriculteurs, pauvres, entrepreneurs, et personnes vuln\u00e9rables entre autres.<\/p>\n\n\n\n<p>Pour encourager l&rsquo;esprit d&rsquo;initiative, le minist\u00e8re en charge de l\u2019emploi des jeunes multiplie les concours de plans d&rsquo;affaires, les incubateurs et les programmes de mentorat. Ces outils visent \u00e0 transformer les id\u00e9es innovantes en projets viables, capables de cr\u00e9er de la richesse et des emplois. Les jeunes laur\u00e9ats b\u00e9n\u00e9ficient non seulement d&rsquo;un financement de d\u00e9marrage, mais aussi d&rsquo;un accompagnement personnalis\u00e9 pour structurer leur activit\u00e9, acc\u00e9der aux march\u00e9s et d\u00e9velopper leur r\u00e9seau.<\/p>\n\n\n\n<p><strong>Cris DADA<\/strong><\/p>\n","protected":false},"excerpt":{"rendered":"<p>Pour stimuler l&rsquo;insertion professionnelle, encourager l&rsquo;entrepreneuriat et lib\u00e9rer le potentiel cr\u00e9atif des jeunes, des outils adapt\u00e9s sont d\u00e9ploy\u00e9s par le minist\u00e8re du D\u00e9veloppement \u00e0 la base, de l&rsquo;Inclusion financi\u00e8re, de&hellip; <\/p>\n","protected":false},"author":1,"featured_media":14328,"comment_status":"open","ping_status":"closed","sticky":false,"template":"","format":"standard","meta":{"footnotes":""},"categories":[8],"tags":[962],"class_list":["post-14327","post","type-post","status-publish","format-standard","has-post-thumbnail","hentry","category-economie","tag-insertion-professionnelle-au-togo"],"yoast_head":"<!-- This site is optimized with the Yoast SEO plugin v26.4 - https:\/\/yoast.com\/wordpress\/plugins\/seo\/ -->\n<title>Des outils adapt\u00e9s pour stimuler l&#039;insertion professionnelle au Togo - La Voix de la Nation<\/title>\n<meta name=\"robots\" content=\"index, follow, max-snippet:-1, max-image-preview:large, max-video-preview:-1\" \/>\n<link rel=\"canonical\" href=\"https:\/\/lavoixdelanation.tg\/index.php\/2025\/09\/30\/des-outils-adaptes-pour-stimuler-linsertion-professionnelle-au-togo\/\" \/>\n<meta property=\"og:locale\" content=\"fr_FR\" \/>\n<meta property=\"og:type\" content=\"article\" \/>\n<meta property=\"og:title\" content=\"Des outils adapt\u00e9s pour stimuler l&#039;insertion professionnelle au Togo - La Voix de la Nation\" \/>\n<meta property=\"og:description\" content=\"Pour stimuler l&rsquo;insertion professionnelle, encourager l&rsquo;entrepreneuriat et lib\u00e9rer le potentiel cr\u00e9atif des jeunes, des outils adapt\u00e9s sont d\u00e9ploy\u00e9s par le minist\u00e8re du D\u00e9veloppement \u00e0 la base, de l&rsquo;Inclusion financi\u00e8re, de&hellip;\" \/>\n<meta property=\"og:url\" content=\"https:\/\/lavoixdelanation.tg\/index.php\/2025\/09\/30\/des-outils-adaptes-pour-stimuler-linsertion-professionnelle-au-togo\/\" \/>\n<meta property=\"og:site_name\" content=\"La Voix de la Nation\" \/>\n<meta property=\"article:publisher\" content=\"https:\/\/www.facebook.com\/lavoixdelanation\" \/>\n<meta property=\"article:published_time\" content=\"2025-09-30T11:14:36+00:00\" \/>\n<meta property=\"article:modified_time\" content=\"2025-10-01T11:29:41+00:00\" \/>\n<meta property=\"og:image\" content=\"https:\/\/lavoixdelanation.tg\/wp-content\/uploads\/2025\/10\/Des-outils-adaptes-pour-stimuler-linsertion-professionnelle-au-Togo.jpg\" \/>\n\t<meta property=\"og:image:width\" content=\"650\" \/>\n\t<meta property=\"og:image:height\" content=\"347\" \/>\n\t<meta property=\"og:image:type\" content=\"image\/jpeg\" \/>\n<meta name=\"author\" content=\"La voix de la nation\" \/>\n<meta name=\"twitter:card\" content=\"summary_large_image\" \/>\n<meta name=\"twitter:label1\" content=\"\u00c9crit par\" \/>\n\t<meta name=\"twitter:data1\" content=\"La voix de la nation\" \/>\n\t<meta name=\"twitter:label2\" content=\"Dur\u00e9e de lecture estim\u00e9e\" \/>\n\t<meta name=\"twitter:data2\" content=\"2 minutes\" \/>\n<script type=\"application\/ld+json\" class=\"yoast-schema-graph\">{\"@context\":\"https:\/\/schema.org\",\"@graph\":[{\"@type\":\"Article\",\"@id\":\"https:\/\/lavoixdelanation.tg\/index.php\/2025\/09\/30\/des-outils-adaptes-pour-stimuler-linsertion-professionnelle-au-togo\/#article\",\"isPartOf\":{\"@id\":\"https:\/\/lavoixdelanation.tg\/index.php\/2025\/09\/30\/des-outils-adaptes-pour-stimuler-linsertion-professionnelle-au-togo\/\"},\"author\":{\"name\":\"La voix de la nation\",\"@id\":\"https:\/\/lavoixdelanation.tg\/#\/schema\/person\/6c489293aa38053673a9e554acb6e224\"},\"headline\":\"Des outils adapt\u00e9s pour stimuler l&rsquo;insertion professionnelle au Togo\",\"datePublished\":\"2025-09-30T11:14:36+00:00\",\"dateModified\":\"2025-10-01T11:29:41+00:00\",\"mainEntityOfPage\":{\"@id\":\"https:\/\/lavoixdelanation.tg\/index.php\/2025\/09\/30\/des-outils-adaptes-pour-stimuler-linsertion-professionnelle-au-togo\/\"},\"wordCount\":424,\"commentCount\":0,\"publisher\":{\"@id\":\"https:\/\/lavoixdelanation.tg\/#organization\"},\"image\":{\"@id\":\"https:\/\/lavoixdelanation.tg\/index.php\/2025\/09\/30\/des-outils-adaptes-pour-stimuler-linsertion-professionnelle-au-togo\/#primaryimage\"},\"thumbnailUrl\":\"https:\/\/lavoixdelanation.tg\/wp-content\/uploads\/2025\/10\/Des-outils-adaptes-pour-stimuler-linsertion-professionnelle-au-Togo.jpg\",\"keywords\":[\"insertion professionnelle au Togo\"],\"articleSection\":[\"Economie\"],\"inLanguage\":\"fr-FR\",\"potentialAction\":[{\"@type\":\"CommentAction\",\"name\":\"Comment\",\"target\":[\"https:\/\/lavoixdelanation.tg\/index.php\/2025\/09\/30\/des-outils-adaptes-pour-stimuler-linsertion-professionnelle-au-togo\/#respond\"]}]},{\"@type\":\"WebPage\",\"@id\":\"https:\/\/lavoixdelanation.tg\/index.php\/2025\/09\/30\/des-outils-adaptes-pour-stimuler-linsertion-professionnelle-au-togo\/\",\"url\":\"https:\/\/lavoixdelanation.tg\/index.php\/2025\/09\/30\/des-outils-adaptes-pour-stimuler-linsertion-professionnelle-au-togo\/\",\"name\":\"Des outils adapt\u00e9s pour stimuler l'insertion professionnelle au Togo - La Voix de la Nation\",\"isPartOf\":{\"@id\":\"https:\/\/lavoixdelanation.tg\/#website\"},\"primaryImageOfPage\":{\"@id\":\"https:\/\/lavoixdelanation.tg\/index.php\/2025\/09\/30\/des-outils-adaptes-pour-stimuler-linsertion-professionnelle-au-togo\/#primaryimage\"},\"image\":{\"@id\":\"https:\/\/lavoixdelanation.tg\/index.php\/2025\/09\/30\/des-outils-adaptes-pour-stimuler-linsertion-professionnelle-au-togo\/#primaryimage\"},\"thumbnailUrl\":\"https:\/\/lavoixdelanation.tg\/wp-content\/uploads\/2025\/10\/Des-outils-adaptes-pour-stimuler-linsertion-professionnelle-au-Togo.jpg\",\"datePublished\":\"2025-09-30T11:14:36+00:00\",\"dateModified\":\"2025-10-01T11:29:41+00:00\",\"breadcrumb\":{\"@id\":\"https:\/\/lavoixdelanation.tg\/index.php\/2025\/09\/30\/des-outils-adaptes-pour-stimuler-linsertion-professionnelle-au-togo\/#breadcrumb\"},\"inLanguage\":\"fr-FR\",\"potentialAction\":[{\"@type\":\"ReadAction\",\"target\":[\"https:\/\/lavoixdelanation.tg\/index.php\/2025\/09\/30\/des-outils-adaptes-pour-stimuler-linsertion-professionnelle-au-togo\/\"]}]},{\"@type\":\"ImageObject\",\"inLanguage\":\"fr-FR\",\"@id\":\"https:\/\/lavoixdelanation.tg\/index.php\/2025\/09\/30\/des-outils-adaptes-pour-stimuler-linsertion-professionnelle-au-togo\/#primaryimage\",\"url\":\"https:\/\/lavoixdelanation.tg\/wp-content\/uploads\/2025\/10\/Des-outils-adaptes-pour-stimuler-linsertion-professionnelle-au-Togo.jpg\",\"contentUrl\":\"https:\/\/lavoixdelanation.tg\/wp-content\/uploads\/2025\/10\/Des-outils-adaptes-pour-stimuler-linsertion-professionnelle-au-Togo.jpg\",\"width\":650,\"height\":347},{\"@type\":\"BreadcrumbList\",\"@id\":\"https:\/\/lavoixdelanation.tg\/index.php\/2025\/09\/30\/des-outils-adaptes-pour-stimuler-linsertion-professionnelle-au-togo\/#breadcrumb\",\"itemListElement\":[{\"@type\":\"ListItem\",\"position\":1,\"name\":\"Accueil\",\"item\":\"https:\/\/lavoixdelanation.tg\/\"},{\"@type\":\"ListItem\",\"position\":2,\"name\":\"Des outils adapt\u00e9s pour stimuler l&rsquo;insertion professionnelle au Togo\"}]},{\"@type\":\"WebSite\",\"@id\":\"https:\/\/lavoixdelanation.tg\/#website\",\"url\":\"https:\/\/lavoixdelanation.tg\/\",\"name\":\"La Voix de la Nation\",\"description\":\"R\u00e9c\u00e9piss\u00e9 n\u00b00108\/HAAC\/01-2024\/pl\/P\",\"publisher\":{\"@id\":\"https:\/\/lavoixdelanation.tg\/#organization\"},\"alternateName\":\"VON\",\"potentialAction\":[{\"@type\":\"SearchAction\",\"target\":{\"@type\":\"EntryPoint\",\"urlTemplate\":\"https:\/\/lavoixdelanation.tg\/?s={search_term_string}\"},\"query-input\":{\"@type\":\"PropertyValueSpecification\",\"valueRequired\":true,\"valueName\":\"search_term_string\"}}],\"inLanguage\":\"fr-FR\"},{\"@type\":\"Organization\",\"@id\":\"https:\/\/lavoixdelanation.tg\/#organization\",\"name\":\"La Voix de la Nation\",\"url\":\"https:\/\/lavoixdelanation.tg\/\",\"logo\":{\"@type\":\"ImageObject\",\"inLanguage\":\"fr-FR\",\"@id\":\"https:\/\/lavoixdelanation.tg\/#\/schema\/logo\/image\/\",\"url\":\"https:\/\/lavoixdelanation.tg\/wp-content\/uploads\/2024\/12\/lavn-1.png\",\"contentUrl\":\"https:\/\/lavoixdelanation.tg\/wp-content\/uploads\/2024\/12\/lavn-1.png\",\"width\":1024,\"height\":464,\"caption\":\"La Voix de la Nation\"},\"image\":{\"@id\":\"https:\/\/lavoixdelanation.tg\/#\/schema\/logo\/image\/\"},\"sameAs\":[\"https:\/\/www.facebook.com\/lavoixdelanation\"]},{\"@type\":\"Person\",\"@id\":\"https:\/\/lavoixdelanation.tg\/#\/schema\/person\/6c489293aa38053673a9e554acb6e224\",\"name\":\"La voix de la nation\",\"image\":{\"@type\":\"ImageObject\",\"inLanguage\":\"fr-FR\",\"@id\":\"https:\/\/lavoixdelanation.tg\/#\/schema\/person\/image\/\",\"url\":\"https:\/\/secure.gravatar.com\/avatar\/8aa135d4bbc794494cecaa8d483f6d6cc1023624868deaff686baed5e727a5a1?s=96&d=mm&r=g\",\"contentUrl\":\"https:\/\/secure.gravatar.com\/avatar\/8aa135d4bbc794494cecaa8d483f6d6cc1023624868deaff686baed5e727a5a1?s=96&d=mm&r=g\",\"caption\":\"La voix de la nation\"},\"sameAs\":[\"https:\/\/lavoixdelanation.tg\"],\"url\":\"https:\/\/lavoixdelanation.tg\/index.php\/author\/lavn\/\"}]}<\/script>\n<!-- \/ Yoast SEO plugin. -->","yoast_head_json":{"title":"Des outils adapt\u00e9s pour stimuler l'insertion professionnelle au Togo - La Voix de la Nation","robots":{"index":"index","follow":"follow","max-snippet":"max-snippet:-1","max-image-preview":"max-image-preview:large","max-video-preview":"max-video-preview:-1"},"canonical":"https:\/\/lavoixdelanation.tg\/index.php\/2025\/09\/30\/des-outils-adaptes-pour-stimuler-linsertion-professionnelle-au-togo\/","og_locale":"fr_FR","og_type":"article","og_title":"Des outils adapt\u00e9s pour stimuler l'insertion professionnelle au Togo - La Voix de la Nation","og_description":"Pour stimuler l&rsquo;insertion professionnelle, encourager l&rsquo;entrepreneuriat et lib\u00e9rer le potentiel cr\u00e9atif des jeunes, des outils adapt\u00e9s sont d\u00e9ploy\u00e9s par le minist\u00e8re du D\u00e9veloppement \u00e0 la base, de l&rsquo;Inclusion financi\u00e8re, de&hellip;","og_url":"https:\/\/lavoixdelanation.tg\/index.php\/2025\/09\/30\/des-outils-adaptes-pour-stimuler-linsertion-professionnelle-au-togo\/","og_site_name":"La Voix de la Nation","article_publisher":"https:\/\/www.facebook.com\/lavoixdelanation","article_published_time":"2025-09-30T11:14:36+00:00","article_modified_time":"2025-10-01T11:29:41+00:00","og_image":[{"width":650,"height":347,"url":"https:\/\/lavoixdelanation.tg\/wp-content\/uploads\/2025\/10\/Des-outils-adaptes-pour-stimuler-linsertion-professionnelle-au-Togo.jpg","type":"image\/jpeg"}],"author":"La voix de la nation","twitter_card":"summary_large_image","twitter_misc":{"\u00c9crit par":"La voix de la nation","Dur\u00e9e de lecture estim\u00e9e":"2 minutes"},"schema":{"@context":"https:\/\/schema.org","@graph":[{"@type":"Article","@id":"https:\/\/lavoixdelanation.tg\/index.php\/2025\/09\/30\/des-outils-adaptes-pour-stimuler-linsertion-professionnelle-au-togo\/#article","isPartOf":{"@id":"https:\/\/lavoixdelanation.tg\/index.php\/2025\/09\/30\/des-outils-adaptes-pour-stimuler-linsertion-professionnelle-au-togo\/"},"author":{"name":"La voix de la nation","@id":"https:\/\/lavoixdelanation.tg\/#\/schema\/person\/6c489293aa38053673a9e554acb6e224"},"headline":"Des outils adapt\u00e9s pour stimuler l&rsquo;insertion professionnelle au Togo","datePublished":"2025-09-30T11:14:36+00:00","dateModified":"2025-10-01T11:29:41+00:00","mainEntityOfPage":{"@id":"https:\/\/lavoixdelanation.tg\/index.php\/2025\/09\/30\/des-outils-adaptes-pour-stimuler-linsertion-professionnelle-au-togo\/"},"wordCount":424,"commentCount":0,"publisher":{"@id":"https:\/\/lavoixdelanation.tg\/#organization"},"image":{"@id":"https:\/\/lavoixdelanation.tg\/index.php\/2025\/09\/30\/des-outils-adaptes-pour-stimuler-linsertion-professionnelle-au-togo\/#primaryimage"},"thumbnailUrl":"https:\/\/lavoixdelanation.tg\/wp-content\/uploads\/2025\/10\/Des-outils-adaptes-pour-stimuler-linsertion-professionnelle-au-Togo.jpg","keywords":["insertion professionnelle au Togo"],"articleSection":["Economie"],"inLanguage":"fr-FR","potentialAction":[{"@type":"CommentAction","name":"Comment","target":["https:\/\/lavoixdelanation.tg\/index.php\/2025\/09\/30\/des-outils-adaptes-pour-stimuler-linsertion-professionnelle-au-togo\/#respond"]}]},{"@type":"WebPage","@id":"https:\/\/lavoixdelanation.tg\/index.php\/2025\/09\/30\/des-outils-adaptes-pour-stimuler-linsertion-professionnelle-au-togo\/","url":"https:\/\/lavoixdelanation.tg\/index.php\/2025\/09\/30\/des-outils-adaptes-pour-stimuler-linsertion-professionnelle-au-togo\/","name":"Des outils adapt\u00e9s pour stimuler l'insertion professionnelle au Togo - La Voix de la Nation","isPartOf":{"@id":"https:\/\/lavoixdelanation.tg\/#website"},"primaryImageOfPage":{"@id":"https:\/\/lavoixdelanation.tg\/index.php\/2025\/09\/30\/des-outils-adaptes-pour-stimuler-linsertion-professionnelle-au-togo\/#primaryimage"},"image":{"@id":"https:\/\/lavoixdelanation.tg\/index.php\/2025\/09\/30\/des-outils-adaptes-pour-stimuler-linsertion-professionnelle-au-togo\/#primaryimage"},"thumbnailUrl":"https:\/\/lavoixdelanation.tg\/wp-content\/uploads\/2025\/10\/Des-outils-adaptes-pour-stimuler-linsertion-professionnelle-au-Togo.jpg","datePublished":"2025-09-30T11:14:36+00:00","dateModified":"2025-10-01T11:29:41+00:00","breadcrumb":{"@id":"https:\/\/lavoixdelanation.tg\/index.php\/2025\/09\/30\/des-outils-adaptes-pour-stimuler-linsertion-professionnelle-au-togo\/#breadcrumb"},"inLanguage":"fr-FR","potentialAction":[{"@type":"ReadAction","target":["https:\/\/lavoixdelanation.tg\/index.php\/2025\/09\/30\/des-outils-adaptes-pour-stimuler-linsertion-professionnelle-au-togo\/"]}]},{"@type":"ImageObject","inLanguage":"fr-FR","@id":"https:\/\/lavoixdelanation.tg\/index.php\/2025\/09\/30\/des-outils-adaptes-pour-stimuler-linsertion-professionnelle-au-togo\/#primaryimage","url":"https:\/\/lavoixdelanation.tg\/wp-content\/uploads\/2025\/10\/Des-outils-adaptes-pour-stimuler-linsertion-professionnelle-au-Togo.jpg","contentUrl":"https:\/\/lavoixdelanation.tg\/wp-content\/uploads\/2025\/10\/Des-outils-adaptes-pour-stimuler-linsertion-professionnelle-au-Togo.jpg","width":650,"height":347},{"@type":"BreadcrumbList","@id":"https:\/\/lavoixdelanation.tg\/index.php\/2025\/09\/30\/des-outils-adaptes-pour-stimuler-linsertion-professionnelle-au-togo\/#breadcrumb","itemListElement":[{"@type":"ListItem","position":1,"name":"Accueil","item":"https:\/\/lavoixdelanation.tg\/"},{"@type":"ListItem","position":2,"name":"Des outils adapt\u00e9s pour stimuler l&rsquo;insertion professionnelle au Togo"}]},{"@type":"WebSite","@id":"https:\/\/lavoixdelanation.tg\/#website","url":"https:\/\/lavoixdelanation.tg\/","name":"La Voix de la Nation","description":"R\u00e9c\u00e9piss\u00e9 n\u00b00108\/HAAC\/01-2024\/pl\/P","publisher":{"@id":"https:\/\/lavoixdelanation.tg\/#organization"},"alternateName":"VON","potentialAction":[{"@type":"SearchAction","target":{"@type":"EntryPoint","urlTemplate":"https:\/\/lavoixdelanation.tg\/?s={search_term_string}"},"query-input":{"@type":"PropertyValueSpecification","valueRequired":true,"valueName":"search_term_string"}}],"inLanguage":"fr-FR"},{"@type":"Organization","@id":"https:\/\/lavoixdelanation.tg\/#organization","name":"La Voix de la Nation","url":"https:\/\/lavoixdelanation.tg\/","logo":{"@type":"ImageObject","inLanguage":"fr-FR","@id":"https:\/\/lavoixdelanation.tg\/#\/schema\/logo\/image\/","url":"https:\/\/lavoixdelanation.tg\/wp-content\/uploads\/2024\/12\/lavn-1.png","contentUrl":"https:\/\/lavoixdelanation.tg\/wp-content\/uploads\/2024\/12\/lavn-1.png","width":1024,"height":464,"caption":"La Voix de la Nation"},"image":{"@id":"https:\/\/lavoixdelanation.tg\/#\/schema\/logo\/image\/"},"sameAs":["https:\/\/www.facebook.com\/lavoixdelanation"]},{"@type":"Person","@id":"https:\/\/lavoixdelanation.tg\/#\/schema\/person\/6c489293aa38053673a9e554acb6e224","name":"La voix de la nation","image":{"@type":"ImageObject","inLanguage":"fr-FR","@id":"https:\/\/lavoixdelanation.tg\/#\/schema\/person\/image\/","url":"https:\/\/secure.gravatar.com\/avatar\/8aa135d4bbc794494cecaa8d483f6d6cc1023624868deaff686baed5e727a5a1?s=96&d=mm&r=g","contentUrl":"https:\/\/secure.gravatar.com\/avatar\/8aa135d4bbc794494cecaa8d483f6d6cc1023624868deaff686baed5e727a5a1?s=96&d=mm&r=g","caption":"La voix de la nation"},"sameAs":["https:\/\/lavoixdelanation.tg"],"url":"https:\/\/lavoixdelanation.tg\/index.php\/author\/lavn\/"}]}},"_links":{"self":[{"href":"https:\/\/lavoixdelanation.tg\/index.php\/wp-json\/wp\/v2\/posts\/14327","targetHints":{"allow":["GET"]}}],"collection":[{"href":"https:\/\/lavoixdelanation.tg\/index.php\/wp-json\/wp\/v2\/posts"}],"about":[{"href":"https:\/\/lavoixdelanation.tg\/index.php\/wp-json\/wp\/v2\/types\/post"}],"author":[{"embeddable":true,"href":"https:\/\/lavoixdelanation.tg\/index.php\/wp-json\/wp\/v2\/users\/1"}],"replies":[{"embeddable":true,"href":"https:\/\/lavoixdelanation.tg\/index.php\/wp-json\/wp\/v2\/comments?post=14327"}],"version-history":[{"count":1,"href":"https:\/\/lavoixdelanation.tg\/index.php\/wp-json\/wp\/v2\/posts\/14327\/revisions"}],"predecessor-version":[{"id":14329,"href":"https:\/\/lavoixdelanation.tg\/index.php\/wp-json\/wp\/v2\/posts\/14327\/revisions\/14329"}],"wp:featuredmedia":[{"embeddable":true,"href":"https:\/\/lavoixdelanation.tg\/index.php\/wp-json\/wp\/v2\/media\/14328"}],"wp:attachment":[{"href":"https:\/\/lavoixdelanation.tg\/index.php\/wp-json\/wp\/v2\/media?parent=14327"}],"wp:term":[{"taxonomy":"category","embeddable":true,"href":"https:\/\/lavoixdelanation.tg\/index.php\/wp-json\/wp\/v2\/categories?post=14327"},{"taxonomy":"post_tag","embeddable":true,"href":"https:\/\/lavoixdelanation.tg\/index.php\/wp-json\/wp\/v2\/tags?post=14327"}],"curies":[{"name":"wp","href":"https:\/\/api.w.org\/{rel}","templated":true}]}}