{"id":14321,"date":"2025-09-28T12:43:13","date_gmt":"2025-09-28T10:43:13","guid":{"rendered":"https:\/\/lavoixdelanation.tg\/?p=14321"},"modified":"2025-10-01T12:47:26","modified_gmt":"2025-10-01T10:47:26","slug":"nations-unies-robert-dussey-delivre-un-message-de-confiance-et-de-realisme-sur-levolution-socio-economique-du-togo","status":"publish","type":"post","link":"https:\/\/lavoixdelanation.tg\/index.php\/2025\/09\/28\/nations-unies-robert-dussey-delivre-un-message-de-confiance-et-de-realisme-sur-levolution-socio-economique-du-togo\/","title":{"rendered":"Nations Unies : Robert Dussey d\u00e9livre un message de confiance et de r\u00e9alisme sur l\u2019\u00e9volution socio-\u00e9conomique du Togo"},"content":{"rendered":"\n<p><strong>Le <\/strong><strong>ministre togolais des Affaires \u00e9trang\u00e8res, Prof. Robert Dussey a livr\u00e9 \u00e0 la tribune de la 80\u1d49 Assembl\u00e9e g\u00e9n\u00e9rale des Nations Unies, un message de confiance et de r\u00e9alisme sur l\u2019\u00e9volution socio-\u00e9conomique de son pays le Togo.<\/strong><\/p>\n\n\n\n<p>\u00ab\u00a0Soyez rassur\u00e9s, le Togo va bien, le Togo va m\u00eame mieux. Au b\u00e9n\u00e9fice de nos populations, mon pays le Togo a enregistr\u00e9 ces derni\u00e8res ann\u00e9es, des avanc\u00e9es significatives, largement reconnues dans la mise en \u0153uvre des objectifs de d\u00e9veloppement durable. Le gouvernement a fait de l\u2019Agenda 2030 non pas un simple cadre de r\u00e9f\u00e9rence, mais la v\u00e9ritable boussole des politiques publiques\u00a0\u00bb, a en effet indiqu\u00e9 le patron de la diplomatie togolaise.<\/p>\n\n\n\n<p>Les progr\u00e8s enregistr\u00e9s ces derni\u00e8res ann\u00e9es traduisent selon lui, la ferme volont\u00e9 du gouvernement de faire de l\u2019Agenda 2030 des Objectifs de D\u00e9veloppement Durable (ODD) une v\u00e9ritable boussole des politiques publiques.<\/p>\n\n\n\n<p>\u00ab&nbsp;Plus de 70 % de ces objectifs sont d\u00e9sormais int\u00e9gr\u00e9s dans les strat\u00e9gies nationales, en particulier \u00e0 travers la feuille de route gouvernementale 2020-2025, articul\u00e9e autour de quatre piliers : le social, l\u2019\u00e9conomie, l\u2019environnement et la gouvernance&nbsp;\u00bb, a fait savoir le ministre Robert Dussey.<\/p>\n\n\n\n<p>Au rang des r\u00e9formes cit\u00e9es par le ministre, figurent notamment la digitalisation et la simplification des proc\u00e9dures fiscales et douani\u00e8res, ayant accru la mobilisation des recettes publiques ; l\u2019op\u00e9rationnalisation du guichet unique de d\u00e9p\u00f4t des \u00e9tats financiers ; le renforcement du cadre juridique des march\u00e9s publics et du partenariat public-priv\u00e9 (PPP) depuis 2021 ; ainsi que la possibilit\u00e9 d\u2019organiser des audiences en ligne, r\u00e9duisant les d\u00e9lais de proc\u00e9dures judiciaires.<\/p>\n\n\n\n<p>\u00ab Ces actions illustrent la volont\u00e9 du Togo d\u2019am\u00e9liorer la transparence, la gouvernance et la comp\u00e9titivit\u00e9 de son \u00e9conomie \u00bb, a-t-il insist\u00e9.<\/p>\n\n\n\n<p>Robert Dussey est par ailleurs soulign\u00e9 plusieurs acquis concrets : 90,7 % d\u2019accessibilit\u00e9 g\u00e9ographique aux soins de sant\u00e9 en 2023 (+19,3 % par rapport \u00e0 2020) ; le lancement de l\u2019assurance maladie universelle, couvrant d\u00e9j\u00e0 plus de 3 millions de personnes, dont les \u00e9l\u00e8ves via le School AMU ; 86 % d\u2019acc\u00e8s \u00e0 l\u2019eau potable en 2024 (+26 % depuis 2020) ; 74,5 % d\u2019acc\u00e8s \u00e0 l\u2019\u00e9lectricit\u00e9 avec une r\u00e9duction de la d\u00e9pendance \u00e9nerg\u00e9tique ext\u00e9rieure (64 % en 2020 contre moins de 50 % en 2025).<\/p>\n\n\n\n<p>Quant \u00e0 la lutte contre la pauvret\u00e9, le taux de population vivant en dessous du seuil est pass\u00e9 de 51,1 % en 2020 \u00e0 24,8 % en 2025. Dans le secteur agricole, les rendements ont progress\u00e9 entre 11 % et 17, 32 % selon les fili\u00e8res (ma\u00efs, riz, manioc, soja). Par ailleurs, 4 472 km de pistes rurales ont \u00e9t\u00e9 am\u00e9nag\u00e9es et 485 km de routes bitum\u00e9es construites ou r\u00e9habilit\u00e9es d\u2019ici d\u00e9cembre 2024.<\/p>\n\n\n\n<p>Il a \u00e9galement mis en avant l\u2019action climatique du Togo : 60 % des populations c\u00f4ti\u00e8res sont d\u00e9sormais prot\u00e9g\u00e9es contre l\u2019\u00e9rosion, et 40 millions de plants ont \u00e9t\u00e9 mis en terre sur 48 000 hectares.<\/p>\n\n\n\n<p>\u00ab Ces diff\u00e9rentes r\u00e9alisations, dans le cadre de la feuille de route 2020-2025, ont permis d\u2019acc\u00e9l\u00e9rer la croissance \u00e9conomique \u00bb, a conclu le ministre, r\u00e9affirmant que le Togo poursuit sa marche vers le d\u00e9veloppement durable.<\/p>\n\n\n\n<p>Aux Nations Unies, le Togo pr\u00e9sente ainsi l\u2019image d\u2019un \u00c9tat engag\u00e9, o\u00f9 les r\u00e9formes structurelles et les investissements sociaux se conjuguent pour am\u00e9liorer le bien-\u00eatre des populations.<\/p>\n","protected":false},"excerpt":{"rendered":"<p>Le ministre togolais des Affaires \u00e9trang\u00e8res, Prof. Robert Dussey a livr\u00e9 \u00e0 la tribune de la 80\u1d49 Assembl\u00e9e g\u00e9n\u00e9rale des Nations Unies, un message de confiance et de r\u00e9alisme sur&hellip; <\/p>\n","protected":false},"author":1,"featured_media":14322,"comment_status":"open","ping_status":"closed","sticky":false,"template":"","format":"standard","meta":{"footnotes":""},"categories":[12],"tags":[99,135],"class_list":["post-14321","post","type-post","status-publish","format-standard","has-post-thumbnail","hentry","category-diplomatie","tag-nations-unies","tag-robert-dussey"],"yoast_head":"<!-- This site is optimized with the Yoast SEO plugin v26.4 - https:\/\/yoast.com\/wordpress\/plugins\/seo\/ -->\n<title>Nations Unies : Robert Dussey d\u00e9livre un message de confiance et de r\u00e9alisme sur l\u2019\u00e9volution socio-\u00e9conomique du Togo - La Voix de la Nation<\/title>\n<meta name=\"robots\" content=\"index, follow, max-snippet:-1, max-image-preview:large, max-video-preview:-1\" \/>\n<link rel=\"canonical\" href=\"https:\/\/lavoixdelanation.tg\/index.php\/2025\/09\/28\/nations-unies-robert-dussey-delivre-un-message-de-confiance-et-de-realisme-sur-levolution-socio-economique-du-togo\/\" \/>\n<meta property=\"og:locale\" content=\"fr_FR\" \/>\n<meta property=\"og:type\" content=\"article\" \/>\n<meta property=\"og:title\" content=\"Nations Unies : Robert Dussey d\u00e9livre un message de confiance et de r\u00e9alisme sur l\u2019\u00e9volution socio-\u00e9conomique du Togo - La Voix de la Nation\" \/>\n<meta property=\"og:description\" content=\"Le ministre togolais des Affaires \u00e9trang\u00e8res, Prof. Robert Dussey a livr\u00e9 \u00e0 la tribune de la 80\u1d49 Assembl\u00e9e g\u00e9n\u00e9rale des Nations Unies, un message de confiance et de r\u00e9alisme sur&hellip;\" \/>\n<meta property=\"og:url\" content=\"https:\/\/lavoixdelanation.tg\/index.php\/2025\/09\/28\/nations-unies-robert-dussey-delivre-un-message-de-confiance-et-de-realisme-sur-levolution-socio-economique-du-togo\/\" \/>\n<meta property=\"og:site_name\" content=\"La Voix de la Nation\" \/>\n<meta property=\"article:publisher\" content=\"https:\/\/www.facebook.com\/lavoixdelanation\" \/>\n<meta property=\"article:published_time\" content=\"2025-09-28T10:43:13+00:00\" \/>\n<meta property=\"article:modified_time\" content=\"2025-10-01T10:47:26+00:00\" \/>\n<meta property=\"og:image\" content=\"https:\/\/lavoixdelanation.tg\/wp-content\/uploads\/2025\/10\/DUSSEY-ONU.jpg\" \/>\n\t<meta property=\"og:image:width\" content=\"1280\" \/>\n\t<meta property=\"og:image:height\" content=\"720\" \/>\n\t<meta property=\"og:image:type\" content=\"image\/jpeg\" \/>\n<meta name=\"author\" content=\"La voix de la nation\" \/>\n<meta name=\"twitter:card\" content=\"summary_large_image\" \/>\n<meta name=\"twitter:label1\" content=\"\u00c9crit par\" \/>\n\t<meta name=\"twitter:data1\" content=\"La voix de la nation\" \/>\n\t<meta name=\"twitter:label2\" content=\"Dur\u00e9e de lecture estim\u00e9e\" \/>\n\t<meta name=\"twitter:data2\" content=\"3 minutes\" \/>\n<script type=\"application\/ld+json\" class=\"yoast-schema-graph\">{\"@context\":\"https:\/\/schema.org\",\"@graph\":[{\"@type\":\"Article\",\"@id\":\"https:\/\/lavoixdelanation.tg\/index.php\/2025\/09\/28\/nations-unies-robert-dussey-delivre-un-message-de-confiance-et-de-realisme-sur-levolution-socio-economique-du-togo\/#article\",\"isPartOf\":{\"@id\":\"https:\/\/lavoixdelanation.tg\/index.php\/2025\/09\/28\/nations-unies-robert-dussey-delivre-un-message-de-confiance-et-de-realisme-sur-levolution-socio-economique-du-togo\/\"},\"author\":{\"name\":\"La voix de la nation\",\"@id\":\"https:\/\/lavoixdelanation.tg\/#\/schema\/person\/6c489293aa38053673a9e554acb6e224\"},\"headline\":\"Nations Unies : Robert Dussey d\u00e9livre un message de confiance et de r\u00e9alisme sur l\u2019\u00e9volution socio-\u00e9conomique du Togo\",\"datePublished\":\"2025-09-28T10:43:13+00:00\",\"dateModified\":\"2025-10-01T10:47:26+00:00\",\"mainEntityOfPage\":{\"@id\":\"https:\/\/lavoixdelanation.tg\/index.php\/2025\/09\/28\/nations-unies-robert-dussey-delivre-un-message-de-confiance-et-de-realisme-sur-levolution-socio-economique-du-togo\/\"},\"wordCount\":579,\"commentCount\":0,\"publisher\":{\"@id\":\"https:\/\/lavoixdelanation.tg\/#organization\"},\"image\":{\"@id\":\"https:\/\/lavoixdelanation.tg\/index.php\/2025\/09\/28\/nations-unies-robert-dussey-delivre-un-message-de-confiance-et-de-realisme-sur-levolution-socio-economique-du-togo\/#primaryimage\"},\"thumbnailUrl\":\"https:\/\/lavoixdelanation.tg\/wp-content\/uploads\/2025\/10\/DUSSEY-ONU.jpg\",\"keywords\":[\"Nations unies\",\"Robert Dussey\"],\"articleSection\":[\"Diplomatie\"],\"inLanguage\":\"fr-FR\",\"potentialAction\":[{\"@type\":\"CommentAction\",\"name\":\"Comment\",\"target\":[\"https:\/\/lavoixdelanation.tg\/index.php\/2025\/09\/28\/nations-unies-robert-dussey-delivre-un-message-de-confiance-et-de-realisme-sur-levolution-socio-economique-du-togo\/#respond\"]}]},{\"@type\":\"WebPage\",\"@id\":\"https:\/\/lavoixdelanation.tg\/index.php\/2025\/09\/28\/nations-unies-robert-dussey-delivre-un-message-de-confiance-et-de-realisme-sur-levolution-socio-economique-du-togo\/\",\"url\":\"https:\/\/lavoixdelanation.tg\/index.php\/2025\/09\/28\/nations-unies-robert-dussey-delivre-un-message-de-confiance-et-de-realisme-sur-levolution-socio-economique-du-togo\/\",\"name\":\"Nations Unies : Robert Dussey d\u00e9livre un message de confiance et de r\u00e9alisme sur l\u2019\u00e9volution socio-\u00e9conomique du Togo - La Voix de la Nation\",\"isPartOf\":{\"@id\":\"https:\/\/lavoixdelanation.tg\/#website\"},\"primaryImageOfPage\":{\"@id\":\"https:\/\/lavoixdelanation.tg\/index.php\/2025\/09\/28\/nations-unies-robert-dussey-delivre-un-message-de-confiance-et-de-realisme-sur-levolution-socio-economique-du-togo\/#primaryimage\"},\"image\":{\"@id\":\"https:\/\/lavoixdelanation.tg\/index.php\/2025\/09\/28\/nations-unies-robert-dussey-delivre-un-message-de-confiance-et-de-realisme-sur-levolution-socio-economique-du-togo\/#primaryimage\"},\"thumbnailUrl\":\"https:\/\/lavoixdelanation.tg\/wp-content\/uploads\/2025\/10\/DUSSEY-ONU.jpg\",\"datePublished\":\"2025-09-28T10:43:13+00:00\",\"dateModified\":\"2025-10-01T10:47:26+00:00\",\"breadcrumb\":{\"@id\":\"https:\/\/lavoixdelanation.tg\/index.php\/2025\/09\/28\/nations-unies-robert-dussey-delivre-un-message-de-confiance-et-de-realisme-sur-levolution-socio-economique-du-togo\/#breadcrumb\"},\"inLanguage\":\"fr-FR\",\"potentialAction\":[{\"@type\":\"ReadAction\",\"target\":[\"https:\/\/lavoixdelanation.tg\/index.php\/2025\/09\/28\/nations-unies-robert-dussey-delivre-un-message-de-confiance-et-de-realisme-sur-levolution-socio-economique-du-togo\/\"]}]},{\"@type\":\"ImageObject\",\"inLanguage\":\"fr-FR\",\"@id\":\"https:\/\/lavoixdelanation.tg\/index.php\/2025\/09\/28\/nations-unies-robert-dussey-delivre-un-message-de-confiance-et-de-realisme-sur-levolution-socio-economique-du-togo\/#primaryimage\",\"url\":\"https:\/\/lavoixdelanation.tg\/wp-content\/uploads\/2025\/10\/DUSSEY-ONU.jpg\",\"contentUrl\":\"https:\/\/lavoixdelanation.tg\/wp-content\/uploads\/2025\/10\/DUSSEY-ONU.jpg\",\"width\":1280,\"height\":720},{\"@type\":\"BreadcrumbList\",\"@id\":\"https:\/\/lavoixdelanation.tg\/index.php\/2025\/09\/28\/nations-unies-robert-dussey-delivre-un-message-de-confiance-et-de-realisme-sur-levolution-socio-economique-du-togo\/#breadcrumb\",\"itemListElement\":[{\"@type\":\"ListItem\",\"position\":1,\"name\":\"Accueil\",\"item\":\"https:\/\/lavoixdelanation.tg\/\"},{\"@type\":\"ListItem\",\"position\":2,\"name\":\"Nations Unies : Robert Dussey d\u00e9livre un message de confiance et de r\u00e9alisme sur l\u2019\u00e9volution socio-\u00e9conomique du Togo\"}]},{\"@type\":\"WebSite\",\"@id\":\"https:\/\/lavoixdelanation.tg\/#website\",\"url\":\"https:\/\/lavoixdelanation.tg\/\",\"name\":\"La Voix de la Nation\",\"description\":\"R\u00e9c\u00e9piss\u00e9 n\u00b00108\/HAAC\/01-2024\/pl\/P\",\"publisher\":{\"@id\":\"https:\/\/lavoixdelanation.tg\/#organization\"},\"alternateName\":\"VON\",\"potentialAction\":[{\"@type\":\"SearchAction\",\"target\":{\"@type\":\"EntryPoint\",\"urlTemplate\":\"https:\/\/lavoixdelanation.tg\/?s={search_term_string}\"},\"query-input\":{\"@type\":\"PropertyValueSpecification\",\"valueRequired\":true,\"valueName\":\"search_term_string\"}}],\"inLanguage\":\"fr-FR\"},{\"@type\":\"Organization\",\"@id\":\"https:\/\/lavoixdelanation.tg\/#organization\",\"name\":\"La Voix de la Nation\",\"url\":\"https:\/\/lavoixdelanation.tg\/\",\"logo\":{\"@type\":\"ImageObject\",\"inLanguage\":\"fr-FR\",\"@id\":\"https:\/\/lavoixdelanation.tg\/#\/schema\/logo\/image\/\",\"url\":\"https:\/\/lavoixdelanation.tg\/wp-content\/uploads\/2024\/12\/lavn-1.png\",\"contentUrl\":\"https:\/\/lavoixdelanation.tg\/wp-content\/uploads\/2024\/12\/lavn-1.png\",\"width\":1024,\"height\":464,\"caption\":\"La Voix de la Nation\"},\"image\":{\"@id\":\"https:\/\/lavoixdelanation.tg\/#\/schema\/logo\/image\/\"},\"sameAs\":[\"https:\/\/www.facebook.com\/lavoixdelanation\"]},{\"@type\":\"Person\",\"@id\":\"https:\/\/lavoixdelanation.tg\/#\/schema\/person\/6c489293aa38053673a9e554acb6e224\",\"name\":\"La voix de la nation\",\"image\":{\"@type\":\"ImageObject\",\"inLanguage\":\"fr-FR\",\"@id\":\"https:\/\/lavoixdelanation.tg\/#\/schema\/person\/image\/\",\"url\":\"https:\/\/secure.gravatar.com\/avatar\/8aa135d4bbc794494cecaa8d483f6d6cc1023624868deaff686baed5e727a5a1?s=96&d=mm&r=g\",\"contentUrl\":\"https:\/\/secure.gravatar.com\/avatar\/8aa135d4bbc794494cecaa8d483f6d6cc1023624868deaff686baed5e727a5a1?s=96&d=mm&r=g\",\"caption\":\"La voix de la nation\"},\"sameAs\":[\"https:\/\/lavoixdelanation.tg\"],\"url\":\"https:\/\/lavoixdelanation.tg\/index.php\/author\/lavn\/\"}]}<\/script>\n<!-- \/ Yoast SEO plugin. -->","yoast_head_json":{"title":"Nations Unies : Robert Dussey d\u00e9livre un message de confiance et de r\u00e9alisme sur l\u2019\u00e9volution socio-\u00e9conomique du Togo - La Voix de la Nation","robots":{"index":"index","follow":"follow","max-snippet":"max-snippet:-1","max-image-preview":"max-image-preview:large","max-video-preview":"max-video-preview:-1"},"canonical":"https:\/\/lavoixdelanation.tg\/index.php\/2025\/09\/28\/nations-unies-robert-dussey-delivre-un-message-de-confiance-et-de-realisme-sur-levolution-socio-economique-du-togo\/","og_locale":"fr_FR","og_type":"article","og_title":"Nations Unies : Robert Dussey d\u00e9livre un message de confiance et de r\u00e9alisme sur l\u2019\u00e9volution socio-\u00e9conomique du Togo - La Voix de la Nation","og_description":"Le ministre togolais des Affaires \u00e9trang\u00e8res, Prof. Robert Dussey a livr\u00e9 \u00e0 la tribune de la 80\u1d49 Assembl\u00e9e g\u00e9n\u00e9rale des Nations Unies, un message de confiance et de r\u00e9alisme sur&hellip;","og_url":"https:\/\/lavoixdelanation.tg\/index.php\/2025\/09\/28\/nations-unies-robert-dussey-delivre-un-message-de-confiance-et-de-realisme-sur-levolution-socio-economique-du-togo\/","og_site_name":"La Voix de la Nation","article_publisher":"https:\/\/www.facebook.com\/lavoixdelanation","article_published_time":"2025-09-28T10:43:13+00:00","article_modified_time":"2025-10-01T10:47:26+00:00","og_image":[{"width":1280,"height":720,"url":"https:\/\/lavoixdelanation.tg\/wp-content\/uploads\/2025\/10\/DUSSEY-ONU.jpg","type":"image\/jpeg"}],"author":"La voix de la nation","twitter_card":"summary_large_image","twitter_misc":{"\u00c9crit par":"La voix de la nation","Dur\u00e9e de lecture estim\u00e9e":"3 minutes"},"schema":{"@context":"https:\/\/schema.org","@graph":[{"@type":"Article","@id":"https:\/\/lavoixdelanation.tg\/index.php\/2025\/09\/28\/nations-unies-robert-dussey-delivre-un-message-de-confiance-et-de-realisme-sur-levolution-socio-economique-du-togo\/#article","isPartOf":{"@id":"https:\/\/lavoixdelanation.tg\/index.php\/2025\/09\/28\/nations-unies-robert-dussey-delivre-un-message-de-confiance-et-de-realisme-sur-levolution-socio-economique-du-togo\/"},"author":{"name":"La voix de la nation","@id":"https:\/\/lavoixdelanation.tg\/#\/schema\/person\/6c489293aa38053673a9e554acb6e224"},"headline":"Nations Unies : Robert Dussey d\u00e9livre un message de confiance et de r\u00e9alisme sur l\u2019\u00e9volution socio-\u00e9conomique du Togo","datePublished":"2025-09-28T10:43:13+00:00","dateModified":"2025-10-01T10:47:26+00:00","mainEntityOfPage":{"@id":"https:\/\/lavoixdelanation.tg\/index.php\/2025\/09\/28\/nations-unies-robert-dussey-delivre-un-message-de-confiance-et-de-realisme-sur-levolution-socio-economique-du-togo\/"},"wordCount":579,"commentCount":0,"publisher":{"@id":"https:\/\/lavoixdelanation.tg\/#organization"},"image":{"@id":"https:\/\/lavoixdelanation.tg\/index.php\/2025\/09\/28\/nations-unies-robert-dussey-delivre-un-message-de-confiance-et-de-realisme-sur-levolution-socio-economique-du-togo\/#primaryimage"},"thumbnailUrl":"https:\/\/lavoixdelanation.tg\/wp-content\/uploads\/2025\/10\/DUSSEY-ONU.jpg","keywords":["Nations unies","Robert Dussey"],"articleSection":["Diplomatie"],"inLanguage":"fr-FR","potentialAction":[{"@type":"CommentAction","name":"Comment","target":["https:\/\/lavoixdelanation.tg\/index.php\/2025\/09\/28\/nations-unies-robert-dussey-delivre-un-message-de-confiance-et-de-realisme-sur-levolution-socio-economique-du-togo\/#respond"]}]},{"@type":"WebPage","@id":"https:\/\/lavoixdelanation.tg\/index.php\/2025\/09\/28\/nations-unies-robert-dussey-delivre-un-message-de-confiance-et-de-realisme-sur-levolution-socio-economique-du-togo\/","url":"https:\/\/lavoixdelanation.tg\/index.php\/2025\/09\/28\/nations-unies-robert-dussey-delivre-un-message-de-confiance-et-de-realisme-sur-levolution-socio-economique-du-togo\/","name":"Nations Unies : Robert Dussey d\u00e9livre un message de confiance et de r\u00e9alisme sur l\u2019\u00e9volution socio-\u00e9conomique du Togo - La Voix de la Nation","isPartOf":{"@id":"https:\/\/lavoixdelanation.tg\/#website"},"primaryImageOfPage":{"@id":"https:\/\/lavoixdelanation.tg\/index.php\/2025\/09\/28\/nations-unies-robert-dussey-delivre-un-message-de-confiance-et-de-realisme-sur-levolution-socio-economique-du-togo\/#primaryimage"},"image":{"@id":"https:\/\/lavoixdelanation.tg\/index.php\/2025\/09\/28\/nations-unies-robert-dussey-delivre-un-message-de-confiance-et-de-realisme-sur-levolution-socio-economique-du-togo\/#primaryimage"},"thumbnailUrl":"https:\/\/lavoixdelanation.tg\/wp-content\/uploads\/2025\/10\/DUSSEY-ONU.jpg","datePublished":"2025-09-28T10:43:13+00:00","dateModified":"2025-10-01T10:47:26+00:00","breadcrumb":{"@id":"https:\/\/lavoixdelanation.tg\/index.php\/2025\/09\/28\/nations-unies-robert-dussey-delivre-un-message-de-confiance-et-de-realisme-sur-levolution-socio-economique-du-togo\/#breadcrumb"},"inLanguage":"fr-FR","potentialAction":[{"@type":"ReadAction","target":["https:\/\/lavoixdelanation.tg\/index.php\/2025\/09\/28\/nations-unies-robert-dussey-delivre-un-message-de-confiance-et-de-realisme-sur-levolution-socio-economique-du-togo\/"]}]},{"@type":"ImageObject","inLanguage":"fr-FR","@id":"https:\/\/lavoixdelanation.tg\/index.php\/2025\/09\/28\/nations-unies-robert-dussey-delivre-un-message-de-confiance-et-de-realisme-sur-levolution-socio-economique-du-togo\/#primaryimage","url":"https:\/\/lavoixdelanation.tg\/wp-content\/uploads\/2025\/10\/DUSSEY-ONU.jpg","contentUrl":"https:\/\/lavoixdelanation.tg\/wp-content\/uploads\/2025\/10\/DUSSEY-ONU.jpg","width":1280,"height":720},{"@type":"BreadcrumbList","@id":"https:\/\/lavoixdelanation.tg\/index.php\/2025\/09\/28\/nations-unies-robert-dussey-delivre-un-message-de-confiance-et-de-realisme-sur-levolution-socio-economique-du-togo\/#breadcrumb","itemListElement":[{"@type":"ListItem","position":1,"name":"Accueil","item":"https:\/\/lavoixdelanation.tg\/"},{"@type":"ListItem","position":2,"name":"Nations Unies : Robert Dussey d\u00e9livre un message de confiance et de r\u00e9alisme sur l\u2019\u00e9volution socio-\u00e9conomique du Togo"}]},{"@type":"WebSite","@id":"https:\/\/lavoixdelanation.tg\/#website","url":"https:\/\/lavoixdelanation.tg\/","name":"La Voix de la Nation","description":"R\u00e9c\u00e9piss\u00e9 n\u00b00108\/HAAC\/01-2024\/pl\/P","publisher":{"@id":"https:\/\/lavoixdelanation.tg\/#organization"},"alternateName":"VON","potentialAction":[{"@type":"SearchAction","target":{"@type":"EntryPoint","urlTemplate":"https:\/\/lavoixdelanation.tg\/?s={search_term_string}"},"query-input":{"@type":"PropertyValueSpecification","valueRequired":true,"valueName":"search_term_string"}}],"inLanguage":"fr-FR"},{"@type":"Organization","@id":"https:\/\/lavoixdelanation.tg\/#organization","name":"La Voix de la Nation","url":"https:\/\/lavoixdelanation.tg\/","logo":{"@type":"ImageObject","inLanguage":"fr-FR","@id":"https:\/\/lavoixdelanation.tg\/#\/schema\/logo\/image\/","url":"https:\/\/lavoixdelanation.tg\/wp-content\/uploads\/2024\/12\/lavn-1.png","contentUrl":"https:\/\/lavoixdelanation.tg\/wp-content\/uploads\/2024\/12\/lavn-1.png","width":1024,"height":464,"caption":"La Voix de la Nation"},"image":{"@id":"https:\/\/lavoixdelanation.tg\/#\/schema\/logo\/image\/"},"sameAs":["https:\/\/www.facebook.com\/lavoixdelanation"]},{"@type":"Person","@id":"https:\/\/lavoixdelanation.tg\/#\/schema\/person\/6c489293aa38053673a9e554acb6e224","name":"La voix de la nation","image":{"@type":"ImageObject","inLanguage":"fr-FR","@id":"https:\/\/lavoixdelanation.tg\/#\/schema\/person\/image\/","url":"https:\/\/secure.gravatar.com\/avatar\/8aa135d4bbc794494cecaa8d483f6d6cc1023624868deaff686baed5e727a5a1?s=96&d=mm&r=g","contentUrl":"https:\/\/secure.gravatar.com\/avatar\/8aa135d4bbc794494cecaa8d483f6d6cc1023624868deaff686baed5e727a5a1?s=96&d=mm&r=g","caption":"La voix de la nation"},"sameAs":["https:\/\/lavoixdelanation.tg"],"url":"https:\/\/lavoixdelanation.tg\/index.php\/author\/lavn\/"}]}},"_links":{"self":[{"href":"https:\/\/lavoixdelanation.tg\/index.php\/wp-json\/wp\/v2\/posts\/14321","targetHints":{"allow":["GET"]}}],"collection":[{"href":"https:\/\/lavoixdelanation.tg\/index.php\/wp-json\/wp\/v2\/posts"}],"about":[{"href":"https:\/\/lavoixdelanation.tg\/index.php\/wp-json\/wp\/v2\/types\/post"}],"author":[{"embeddable":true,"href":"https:\/\/lavoixdelanation.tg\/index.php\/wp-json\/wp\/v2\/users\/1"}],"replies":[{"embeddable":true,"href":"https:\/\/lavoixdelanation.tg\/index.php\/wp-json\/wp\/v2\/comments?post=14321"}],"version-history":[{"count":1,"href":"https:\/\/lavoixdelanation.tg\/index.php\/wp-json\/wp\/v2\/posts\/14321\/revisions"}],"predecessor-version":[{"id":14323,"href":"https:\/\/lavoixdelanation.tg\/index.php\/wp-json\/wp\/v2\/posts\/14321\/revisions\/14323"}],"wp:featuredmedia":[{"embeddable":true,"href":"https:\/\/lavoixdelanation.tg\/index.php\/wp-json\/wp\/v2\/media\/14322"}],"wp:attachment":[{"href":"https:\/\/lavoixdelanation.tg\/index.php\/wp-json\/wp\/v2\/media?parent=14321"}],"wp:term":[{"taxonomy":"category","embeddable":true,"href":"https:\/\/lavoixdelanation.tg\/index.php\/wp-json\/wp\/v2\/categories?post=14321"},{"taxonomy":"post_tag","embeddable":true,"href":"https:\/\/lavoixdelanation.tg\/index.php\/wp-json\/wp\/v2\/tags?post=14321"}],"curies":[{"name":"wp","href":"https:\/\/api.w.org\/{rel}","templated":true}]}}