{"id":1430,"date":"2024-11-16T12:00:00","date_gmt":"2024-11-16T11:00:00","guid":{"rendered":"https:\/\/lavoixdelanation.tg\/?p=1430"},"modified":"2024-12-15T12:03:54","modified_gmt":"2024-12-15T11:03:54","slug":"lutte-contre-le-cancer-un-centre-ultra-moderne-de-traitement-en-construction-a-lome","status":"publish","type":"post","link":"https:\/\/lavoixdelanation.tg\/index.php\/2024\/11\/16\/lutte-contre-le-cancer-un-centre-ultra-moderne-de-traitement-en-construction-a-lome\/","title":{"rendered":"Lutte contre le cancer\u00a0: Un centre ultra moderne de traitement en construction \u00e0 Lom\u00e9"},"content":{"rendered":"\n<p><strong>Le Togo va bient\u00f4t se doter d\u2019un centre de traitement de cancer bas\u00e9 sur la radioth\u00e9rapie et la m\u00e9decine nucl\u00e9aire. Le pose de la premi\u00e8re pierre pour la construction de l\u2019infrastructure a \u00e9t\u00e9 effectu\u00e9e ce vendredi 15 novembre 2024 par le Premier ministre Mme Victoire Tom\u00e9gah-Dogb\u00e9 en en pr\u00e9sence du Pr\u00e9sident de l&rsquo;Assembl\u00e9e nationale, Kodjo Ad\u00e9dz\u00e9.<\/strong><\/p>\n\n\n\n<p>Implant\u00e9 dans l&rsquo;enceinte du Camp du 1er BIR (ex Camp FIR) dans la commune Ago\u00e8-Nyiv\u00e9 1, le centre sera dot\u00e9 d\u2019un plateau technique de pointe avec des \u00e9quipements de derni\u00e8re g\u00e9n\u00e9ration, et des technologies bas\u00e9es sur la radioth\u00e9rapie et la m\u00e9decine nucl\u00e9aire.<\/p>\n\n\n\n<p>Moderne et ouvert au public, il permettra selon le gouvernement, de renforcer la capacit\u00e9 du r\u00e9seau d\u2019\u00e9tablissements de sant\u00e9 pour l\u2019am\u00e9lioration du traitement des patients atteints de cancer, d&rsquo;am\u00e9liorer les infrastructures sanitaires pour la pr\u00e9vention, le diagnostic, le traitement et la r\u00e9adaptation des patients.<\/p>\n\n\n\n<p>Le centre qui sera construit avec l&rsquo;appui du partenaire autrichien AME International, permettra \u00e9galement de rendre disponible et accessible les services de sant\u00e9 ainsi que les traitements de qualit\u00e9 aux personnes atteintes de maladies canc\u00e9reuses; et de r\u00e9duire le taux de mortalit\u00e9 li\u00e9e au cancer au Togo.<\/p>\n\n\n\n<p>Le ministre de la sant\u00e9 et de l&rsquo;hygi\u00e8ne publique a estim\u00e9 que la gestion du cancer prendra, au travers de ce centre, une nouvelle dimension au Togo.<\/p>\n\n\n\n<p>\u00ab&nbsp;L\u2019\u00e9v\u00e9nement qui nous r\u00e9unit ce jour augure d\u2019un avenir o\u00f9 le cancer ne sera plus synonyme de fatalit\u00e9. Ce centre restera un pr\u00e9sent pour aujourd\u2019hui qui d\u00e9terminera \u00e0 jamais l\u2019espoir de demain. Nous sommes convaincus que nous construirons, un Togo plus fort, plus r\u00e9silient et pr\u00eat \u00e0 relever les d\u00e9fis de demain en mati\u00e8re de lutte contre le cancer&nbsp;\u00bb, a indiqu\u00e9 Prof Tchin Darr\u00e9.<\/p>\n\n\n\n<p>Il faut souligner qu\u2019au Togo, les \u00e9tudes r\u00e9centes font \u00e9tat de ce que les cancers les plus fr\u00e9quents chez la femme sont celui du sein (21,2 %) et du col de l\u2019ut\u00e9rus (16,2 %). Chez l\u2019homme, ce sont la prostate (18,5 %), le lymphome non hodgkinien (13,2 %) et le cancer de l\u2019estomac (10,7 %) qui sont les plus enregistr\u00e9s.<\/p>\n\n\n\n<p><strong>David S.<\/strong><\/p>\n","protected":false},"excerpt":{"rendered":"<p>Le Togo va bient\u00f4t se doter d\u2019un centre de traitement de cancer bas\u00e9 sur la radioth\u00e9rapie et la m\u00e9decine nucl\u00e9aire. Le pose de la premi\u00e8re pierre pour la construction de&hellip; <\/p>\n","protected":false},"author":1,"featured_media":1431,"comment_status":"open","ping_status":"open","sticky":false,"template":"","format":"standard","meta":{"footnotes":""},"categories":[7,29],"tags":[],"class_list":["post-1430","post","type-post","status-publish","format-standard","has-post-thumbnail","hentry","category-sante","category-societe"],"yoast_head":"<!-- This site is optimized with the Yoast SEO plugin v26.4 - https:\/\/yoast.com\/wordpress\/plugins\/seo\/ -->\n<title>Lutte contre le cancer\u00a0: Un centre ultra moderne de traitement en construction \u00e0 Lom\u00e9 - La Voix de la Nation<\/title>\n<meta name=\"robots\" content=\"index, follow, max-snippet:-1, max-image-preview:large, max-video-preview:-1\" \/>\n<link rel=\"canonical\" href=\"https:\/\/lavoixdelanation.tg\/index.php\/2024\/11\/16\/lutte-contre-le-cancer-un-centre-ultra-moderne-de-traitement-en-construction-a-lome\/\" \/>\n<meta property=\"og:locale\" content=\"fr_FR\" \/>\n<meta property=\"og:type\" content=\"article\" \/>\n<meta property=\"og:title\" content=\"Lutte contre le cancer\u00a0: Un centre ultra moderne de traitement en construction \u00e0 Lom\u00e9 - La Voix de la Nation\" \/>\n<meta property=\"og:description\" content=\"Le Togo va bient\u00f4t se doter d\u2019un centre de traitement de cancer bas\u00e9 sur la radioth\u00e9rapie et la m\u00e9decine nucl\u00e9aire. Le pose de la premi\u00e8re pierre pour la construction de&hellip;\" \/>\n<meta property=\"og:url\" content=\"https:\/\/lavoixdelanation.tg\/index.php\/2024\/11\/16\/lutte-contre-le-cancer-un-centre-ultra-moderne-de-traitement-en-construction-a-lome\/\" \/>\n<meta property=\"og:site_name\" content=\"La Voix de la Nation\" \/>\n<meta property=\"article:publisher\" content=\"https:\/\/www.facebook.com\/lavoixdelanation\" \/>\n<meta property=\"article:published_time\" content=\"2024-11-16T11:00:00+00:00\" \/>\n<meta property=\"article:modified_time\" content=\"2024-12-15T11:03:54+00:00\" \/>\n<meta property=\"og:image\" content=\"https:\/\/lavoixdelanation.tg\/wp-content\/uploads\/2024\/12\/Bientot-un-centre-ultra-moderne-de-lutte-contre-le-cancer-a-Lome.jpg\" \/>\n\t<meta property=\"og:image:width\" content=\"622\" \/>\n\t<meta property=\"og:image:height\" content=\"406\" \/>\n\t<meta property=\"og:image:type\" content=\"image\/jpeg\" \/>\n<meta name=\"author\" content=\"La voix de la nation\" \/>\n<meta name=\"twitter:card\" content=\"summary_large_image\" \/>\n<meta name=\"twitter:label1\" content=\"\u00c9crit par\" \/>\n\t<meta name=\"twitter:data1\" content=\"La voix de la nation\" \/>\n\t<meta name=\"twitter:label2\" content=\"Dur\u00e9e de lecture estim\u00e9e\" \/>\n\t<meta name=\"twitter:data2\" content=\"2 minutes\" \/>\n<script type=\"application\/ld+json\" class=\"yoast-schema-graph\">{\"@context\":\"https:\/\/schema.org\",\"@graph\":[{\"@type\":\"Article\",\"@id\":\"https:\/\/lavoixdelanation.tg\/index.php\/2024\/11\/16\/lutte-contre-le-cancer-un-centre-ultra-moderne-de-traitement-en-construction-a-lome\/#article\",\"isPartOf\":{\"@id\":\"https:\/\/lavoixdelanation.tg\/index.php\/2024\/11\/16\/lutte-contre-le-cancer-un-centre-ultra-moderne-de-traitement-en-construction-a-lome\/\"},\"author\":{\"name\":\"La voix de la nation\",\"@id\":\"https:\/\/lavoixdelanation.tg\/#\/schema\/person\/6c489293aa38053673a9e554acb6e224\"},\"headline\":\"Lutte contre le cancer\u00a0: Un centre ultra moderne de traitement en construction \u00e0 Lom\u00e9\",\"datePublished\":\"2024-11-16T11:00:00+00:00\",\"dateModified\":\"2024-12-15T11:03:54+00:00\",\"mainEntityOfPage\":{\"@id\":\"https:\/\/lavoixdelanation.tg\/index.php\/2024\/11\/16\/lutte-contre-le-cancer-un-centre-ultra-moderne-de-traitement-en-construction-a-lome\/\"},\"wordCount\":400,\"commentCount\":0,\"publisher\":{\"@id\":\"https:\/\/lavoixdelanation.tg\/#organization\"},\"image\":{\"@id\":\"https:\/\/lavoixdelanation.tg\/index.php\/2024\/11\/16\/lutte-contre-le-cancer-un-centre-ultra-moderne-de-traitement-en-construction-a-lome\/#primaryimage\"},\"thumbnailUrl\":\"https:\/\/lavoixdelanation.tg\/wp-content\/uploads\/2024\/12\/Bientot-un-centre-ultra-moderne-de-lutte-contre-le-cancer-a-Lome.jpg\",\"articleSection\":[\"Sant\u00e9\",\"Soci\u00e9t\u00e9\"],\"inLanguage\":\"fr-FR\",\"potentialAction\":[{\"@type\":\"CommentAction\",\"name\":\"Comment\",\"target\":[\"https:\/\/lavoixdelanation.tg\/index.php\/2024\/11\/16\/lutte-contre-le-cancer-un-centre-ultra-moderne-de-traitement-en-construction-a-lome\/#respond\"]}]},{\"@type\":\"WebPage\",\"@id\":\"https:\/\/lavoixdelanation.tg\/index.php\/2024\/11\/16\/lutte-contre-le-cancer-un-centre-ultra-moderne-de-traitement-en-construction-a-lome\/\",\"url\":\"https:\/\/lavoixdelanation.tg\/index.php\/2024\/11\/16\/lutte-contre-le-cancer-un-centre-ultra-moderne-de-traitement-en-construction-a-lome\/\",\"name\":\"Lutte contre le cancer\u00a0: Un centre ultra moderne de traitement en construction \u00e0 Lom\u00e9 - La Voix de la Nation\",\"isPartOf\":{\"@id\":\"https:\/\/lavoixdelanation.tg\/#website\"},\"primaryImageOfPage\":{\"@id\":\"https:\/\/lavoixdelanation.tg\/index.php\/2024\/11\/16\/lutte-contre-le-cancer-un-centre-ultra-moderne-de-traitement-en-construction-a-lome\/#primaryimage\"},\"image\":{\"@id\":\"https:\/\/lavoixdelanation.tg\/index.php\/2024\/11\/16\/lutte-contre-le-cancer-un-centre-ultra-moderne-de-traitement-en-construction-a-lome\/#primaryimage\"},\"thumbnailUrl\":\"https:\/\/lavoixdelanation.tg\/wp-content\/uploads\/2024\/12\/Bientot-un-centre-ultra-moderne-de-lutte-contre-le-cancer-a-Lome.jpg\",\"datePublished\":\"2024-11-16T11:00:00+00:00\",\"dateModified\":\"2024-12-15T11:03:54+00:00\",\"breadcrumb\":{\"@id\":\"https:\/\/lavoixdelanation.tg\/index.php\/2024\/11\/16\/lutte-contre-le-cancer-un-centre-ultra-moderne-de-traitement-en-construction-a-lome\/#breadcrumb\"},\"inLanguage\":\"fr-FR\",\"potentialAction\":[{\"@type\":\"ReadAction\",\"target\":[\"https:\/\/lavoixdelanation.tg\/index.php\/2024\/11\/16\/lutte-contre-le-cancer-un-centre-ultra-moderne-de-traitement-en-construction-a-lome\/\"]}]},{\"@type\":\"ImageObject\",\"inLanguage\":\"fr-FR\",\"@id\":\"https:\/\/lavoixdelanation.tg\/index.php\/2024\/11\/16\/lutte-contre-le-cancer-un-centre-ultra-moderne-de-traitement-en-construction-a-lome\/#primaryimage\",\"url\":\"https:\/\/lavoixdelanation.tg\/wp-content\/uploads\/2024\/12\/Bientot-un-centre-ultra-moderne-de-lutte-contre-le-cancer-a-Lome.jpg\",\"contentUrl\":\"https:\/\/lavoixdelanation.tg\/wp-content\/uploads\/2024\/12\/Bientot-un-centre-ultra-moderne-de-lutte-contre-le-cancer-a-Lome.jpg\",\"width\":622,\"height\":406,\"caption\":\"Bient\u00f4t un centre ultra moderne de lutte contre le cancer \u00e0 Lom\u00e9\"},{\"@type\":\"BreadcrumbList\",\"@id\":\"https:\/\/lavoixdelanation.tg\/index.php\/2024\/11\/16\/lutte-contre-le-cancer-un-centre-ultra-moderne-de-traitement-en-construction-a-lome\/#breadcrumb\",\"itemListElement\":[{\"@type\":\"ListItem\",\"position\":1,\"name\":\"Accueil\",\"item\":\"https:\/\/lavoixdelanation.tg\/\"},{\"@type\":\"ListItem\",\"position\":2,\"name\":\"Lutte contre le cancer\u00a0: Un centre ultra moderne de traitement en construction \u00e0 Lom\u00e9\"}]},{\"@type\":\"WebSite\",\"@id\":\"https:\/\/lavoixdelanation.tg\/#website\",\"url\":\"https:\/\/lavoixdelanation.tg\/\",\"name\":\"La Voix de la Nation\",\"description\":\"R\u00e9c\u00e9piss\u00e9 n\u00b00108\/HAAC\/01-2024\/pl\/P\",\"publisher\":{\"@id\":\"https:\/\/lavoixdelanation.tg\/#organization\"},\"alternateName\":\"VON\",\"potentialAction\":[{\"@type\":\"SearchAction\",\"target\":{\"@type\":\"EntryPoint\",\"urlTemplate\":\"https:\/\/lavoixdelanation.tg\/?s={search_term_string}\"},\"query-input\":{\"@type\":\"PropertyValueSpecification\",\"valueRequired\":true,\"valueName\":\"search_term_string\"}}],\"inLanguage\":\"fr-FR\"},{\"@type\":\"Organization\",\"@id\":\"https:\/\/lavoixdelanation.tg\/#organization\",\"name\":\"La Voix de la Nation\",\"url\":\"https:\/\/lavoixdelanation.tg\/\",\"logo\":{\"@type\":\"ImageObject\",\"inLanguage\":\"fr-FR\",\"@id\":\"https:\/\/lavoixdelanation.tg\/#\/schema\/logo\/image\/\",\"url\":\"https:\/\/lavoixdelanation.tg\/wp-content\/uploads\/2024\/12\/lavn-1.png\",\"contentUrl\":\"https:\/\/lavoixdelanation.tg\/wp-content\/uploads\/2024\/12\/lavn-1.png\",\"width\":1024,\"height\":464,\"caption\":\"La Voix de la Nation\"},\"image\":{\"@id\":\"https:\/\/lavoixdelanation.tg\/#\/schema\/logo\/image\/\"},\"sameAs\":[\"https:\/\/www.facebook.com\/lavoixdelanation\"]},{\"@type\":\"Person\",\"@id\":\"https:\/\/lavoixdelanation.tg\/#\/schema\/person\/6c489293aa38053673a9e554acb6e224\",\"name\":\"La voix de la nation\",\"image\":{\"@type\":\"ImageObject\",\"inLanguage\":\"fr-FR\",\"@id\":\"https:\/\/lavoixdelanation.tg\/#\/schema\/person\/image\/\",\"url\":\"https:\/\/secure.gravatar.com\/avatar\/8aa135d4bbc794494cecaa8d483f6d6cc1023624868deaff686baed5e727a5a1?s=96&d=mm&r=g\",\"contentUrl\":\"https:\/\/secure.gravatar.com\/avatar\/8aa135d4bbc794494cecaa8d483f6d6cc1023624868deaff686baed5e727a5a1?s=96&d=mm&r=g\",\"caption\":\"La voix de la nation\"},\"sameAs\":[\"https:\/\/lavoixdelanation.tg\"],\"url\":\"https:\/\/lavoixdelanation.tg\/index.php\/author\/lavn\/\"}]}<\/script>\n<!-- \/ Yoast SEO plugin. -->","yoast_head_json":{"title":"Lutte contre le cancer\u00a0: Un centre ultra moderne de traitement en construction \u00e0 Lom\u00e9 - La Voix de la Nation","robots":{"index":"index","follow":"follow","max-snippet":"max-snippet:-1","max-image-preview":"max-image-preview:large","max-video-preview":"max-video-preview:-1"},"canonical":"https:\/\/lavoixdelanation.tg\/index.php\/2024\/11\/16\/lutte-contre-le-cancer-un-centre-ultra-moderne-de-traitement-en-construction-a-lome\/","og_locale":"fr_FR","og_type":"article","og_title":"Lutte contre le cancer\u00a0: Un centre ultra moderne de traitement en construction \u00e0 Lom\u00e9 - La Voix de la Nation","og_description":"Le Togo va bient\u00f4t se doter d\u2019un centre de traitement de cancer bas\u00e9 sur la radioth\u00e9rapie et la m\u00e9decine nucl\u00e9aire. Le pose de la premi\u00e8re pierre pour la construction de&hellip;","og_url":"https:\/\/lavoixdelanation.tg\/index.php\/2024\/11\/16\/lutte-contre-le-cancer-un-centre-ultra-moderne-de-traitement-en-construction-a-lome\/","og_site_name":"La Voix de la Nation","article_publisher":"https:\/\/www.facebook.com\/lavoixdelanation","article_published_time":"2024-11-16T11:00:00+00:00","article_modified_time":"2024-12-15T11:03:54+00:00","og_image":[{"width":622,"height":406,"url":"https:\/\/lavoixdelanation.tg\/wp-content\/uploads\/2024\/12\/Bientot-un-centre-ultra-moderne-de-lutte-contre-le-cancer-a-Lome.jpg","type":"image\/jpeg"}],"author":"La voix de la nation","twitter_card":"summary_large_image","twitter_misc":{"\u00c9crit par":"La voix de la nation","Dur\u00e9e de lecture estim\u00e9e":"2 minutes"},"schema":{"@context":"https:\/\/schema.org","@graph":[{"@type":"Article","@id":"https:\/\/lavoixdelanation.tg\/index.php\/2024\/11\/16\/lutte-contre-le-cancer-un-centre-ultra-moderne-de-traitement-en-construction-a-lome\/#article","isPartOf":{"@id":"https:\/\/lavoixdelanation.tg\/index.php\/2024\/11\/16\/lutte-contre-le-cancer-un-centre-ultra-moderne-de-traitement-en-construction-a-lome\/"},"author":{"name":"La voix de la nation","@id":"https:\/\/lavoixdelanation.tg\/#\/schema\/person\/6c489293aa38053673a9e554acb6e224"},"headline":"Lutte contre le cancer\u00a0: Un centre ultra moderne de traitement en construction \u00e0 Lom\u00e9","datePublished":"2024-11-16T11:00:00+00:00","dateModified":"2024-12-15T11:03:54+00:00","mainEntityOfPage":{"@id":"https:\/\/lavoixdelanation.tg\/index.php\/2024\/11\/16\/lutte-contre-le-cancer-un-centre-ultra-moderne-de-traitement-en-construction-a-lome\/"},"wordCount":400,"commentCount":0,"publisher":{"@id":"https:\/\/lavoixdelanation.tg\/#organization"},"image":{"@id":"https:\/\/lavoixdelanation.tg\/index.php\/2024\/11\/16\/lutte-contre-le-cancer-un-centre-ultra-moderne-de-traitement-en-construction-a-lome\/#primaryimage"},"thumbnailUrl":"https:\/\/lavoixdelanation.tg\/wp-content\/uploads\/2024\/12\/Bientot-un-centre-ultra-moderne-de-lutte-contre-le-cancer-a-Lome.jpg","articleSection":["Sant\u00e9","Soci\u00e9t\u00e9"],"inLanguage":"fr-FR","potentialAction":[{"@type":"CommentAction","name":"Comment","target":["https:\/\/lavoixdelanation.tg\/index.php\/2024\/11\/16\/lutte-contre-le-cancer-un-centre-ultra-moderne-de-traitement-en-construction-a-lome\/#respond"]}]},{"@type":"WebPage","@id":"https:\/\/lavoixdelanation.tg\/index.php\/2024\/11\/16\/lutte-contre-le-cancer-un-centre-ultra-moderne-de-traitement-en-construction-a-lome\/","url":"https:\/\/lavoixdelanation.tg\/index.php\/2024\/11\/16\/lutte-contre-le-cancer-un-centre-ultra-moderne-de-traitement-en-construction-a-lome\/","name":"Lutte contre le cancer\u00a0: Un centre ultra moderne de traitement en construction \u00e0 Lom\u00e9 - La Voix de la Nation","isPartOf":{"@id":"https:\/\/lavoixdelanation.tg\/#website"},"primaryImageOfPage":{"@id":"https:\/\/lavoixdelanation.tg\/index.php\/2024\/11\/16\/lutte-contre-le-cancer-un-centre-ultra-moderne-de-traitement-en-construction-a-lome\/#primaryimage"},"image":{"@id":"https:\/\/lavoixdelanation.tg\/index.php\/2024\/11\/16\/lutte-contre-le-cancer-un-centre-ultra-moderne-de-traitement-en-construction-a-lome\/#primaryimage"},"thumbnailUrl":"https:\/\/lavoixdelanation.tg\/wp-content\/uploads\/2024\/12\/Bientot-un-centre-ultra-moderne-de-lutte-contre-le-cancer-a-Lome.jpg","datePublished":"2024-11-16T11:00:00+00:00","dateModified":"2024-12-15T11:03:54+00:00","breadcrumb":{"@id":"https:\/\/lavoixdelanation.tg\/index.php\/2024\/11\/16\/lutte-contre-le-cancer-un-centre-ultra-moderne-de-traitement-en-construction-a-lome\/#breadcrumb"},"inLanguage":"fr-FR","potentialAction":[{"@type":"ReadAction","target":["https:\/\/lavoixdelanation.tg\/index.php\/2024\/11\/16\/lutte-contre-le-cancer-un-centre-ultra-moderne-de-traitement-en-construction-a-lome\/"]}]},{"@type":"ImageObject","inLanguage":"fr-FR","@id":"https:\/\/lavoixdelanation.tg\/index.php\/2024\/11\/16\/lutte-contre-le-cancer-un-centre-ultra-moderne-de-traitement-en-construction-a-lome\/#primaryimage","url":"https:\/\/lavoixdelanation.tg\/wp-content\/uploads\/2024\/12\/Bientot-un-centre-ultra-moderne-de-lutte-contre-le-cancer-a-Lome.jpg","contentUrl":"https:\/\/lavoixdelanation.tg\/wp-content\/uploads\/2024\/12\/Bientot-un-centre-ultra-moderne-de-lutte-contre-le-cancer-a-Lome.jpg","width":622,"height":406,"caption":"Bient\u00f4t un centre ultra moderne de lutte contre le cancer \u00e0 Lom\u00e9"},{"@type":"BreadcrumbList","@id":"https:\/\/lavoixdelanation.tg\/index.php\/2024\/11\/16\/lutte-contre-le-cancer-un-centre-ultra-moderne-de-traitement-en-construction-a-lome\/#breadcrumb","itemListElement":[{"@type":"ListItem","position":1,"name":"Accueil","item":"https:\/\/lavoixdelanation.tg\/"},{"@type":"ListItem","position":2,"name":"Lutte contre le cancer\u00a0: Un centre ultra moderne de traitement en construction \u00e0 Lom\u00e9"}]},{"@type":"WebSite","@id":"https:\/\/lavoixdelanation.tg\/#website","url":"https:\/\/lavoixdelanation.tg\/","name":"La Voix de la Nation","description":"R\u00e9c\u00e9piss\u00e9 n\u00b00108\/HAAC\/01-2024\/pl\/P","publisher":{"@id":"https:\/\/lavoixdelanation.tg\/#organization"},"alternateName":"VON","potentialAction":[{"@type":"SearchAction","target":{"@type":"EntryPoint","urlTemplate":"https:\/\/lavoixdelanation.tg\/?s={search_term_string}"},"query-input":{"@type":"PropertyValueSpecification","valueRequired":true,"valueName":"search_term_string"}}],"inLanguage":"fr-FR"},{"@type":"Organization","@id":"https:\/\/lavoixdelanation.tg\/#organization","name":"La Voix de la Nation","url":"https:\/\/lavoixdelanation.tg\/","logo":{"@type":"ImageObject","inLanguage":"fr-FR","@id":"https:\/\/lavoixdelanation.tg\/#\/schema\/logo\/image\/","url":"https:\/\/lavoixdelanation.tg\/wp-content\/uploads\/2024\/12\/lavn-1.png","contentUrl":"https:\/\/lavoixdelanation.tg\/wp-content\/uploads\/2024\/12\/lavn-1.png","width":1024,"height":464,"caption":"La Voix de la Nation"},"image":{"@id":"https:\/\/lavoixdelanation.tg\/#\/schema\/logo\/image\/"},"sameAs":["https:\/\/www.facebook.com\/lavoixdelanation"]},{"@type":"Person","@id":"https:\/\/lavoixdelanation.tg\/#\/schema\/person\/6c489293aa38053673a9e554acb6e224","name":"La voix de la nation","image":{"@type":"ImageObject","inLanguage":"fr-FR","@id":"https:\/\/lavoixdelanation.tg\/#\/schema\/person\/image\/","url":"https:\/\/secure.gravatar.com\/avatar\/8aa135d4bbc794494cecaa8d483f6d6cc1023624868deaff686baed5e727a5a1?s=96&d=mm&r=g","contentUrl":"https:\/\/secure.gravatar.com\/avatar\/8aa135d4bbc794494cecaa8d483f6d6cc1023624868deaff686baed5e727a5a1?s=96&d=mm&r=g","caption":"La voix de la nation"},"sameAs":["https:\/\/lavoixdelanation.tg"],"url":"https:\/\/lavoixdelanation.tg\/index.php\/author\/lavn\/"}]}},"_links":{"self":[{"href":"https:\/\/lavoixdelanation.tg\/index.php\/wp-json\/wp\/v2\/posts\/1430","targetHints":{"allow":["GET"]}}],"collection":[{"href":"https:\/\/lavoixdelanation.tg\/index.php\/wp-json\/wp\/v2\/posts"}],"about":[{"href":"https:\/\/lavoixdelanation.tg\/index.php\/wp-json\/wp\/v2\/types\/post"}],"author":[{"embeddable":true,"href":"https:\/\/lavoixdelanation.tg\/index.php\/wp-json\/wp\/v2\/users\/1"}],"replies":[{"embeddable":true,"href":"https:\/\/lavoixdelanation.tg\/index.php\/wp-json\/wp\/v2\/comments?post=1430"}],"version-history":[{"count":1,"href":"https:\/\/lavoixdelanation.tg\/index.php\/wp-json\/wp\/v2\/posts\/1430\/revisions"}],"predecessor-version":[{"id":1432,"href":"https:\/\/lavoixdelanation.tg\/index.php\/wp-json\/wp\/v2\/posts\/1430\/revisions\/1432"}],"wp:featuredmedia":[{"embeddable":true,"href":"https:\/\/lavoixdelanation.tg\/index.php\/wp-json\/wp\/v2\/media\/1431"}],"wp:attachment":[{"href":"https:\/\/lavoixdelanation.tg\/index.php\/wp-json\/wp\/v2\/media?parent=1430"}],"wp:term":[{"taxonomy":"category","embeddable":true,"href":"https:\/\/lavoixdelanation.tg\/index.php\/wp-json\/wp\/v2\/categories?post=1430"},{"taxonomy":"post_tag","embeddable":true,"href":"https:\/\/lavoixdelanation.tg\/index.php\/wp-json\/wp\/v2\/tags?post=1430"}],"curies":[{"name":"wp","href":"https:\/\/api.w.org\/{rel}","templated":true}]}}